{"id":32937,"date":"2022-02-09T09:06:18","date_gmt":"2022-02-09T08:06:18","guid":{"rendered":"https:\/\/gabitel.net\/carla-y-elia\/"},"modified":"2022-02-09T09:06:18","modified_gmt":"2022-02-09T08:06:18","slug":"carla-y-elia","status":"publish","type":"post","link":"https:\/\/gabitel.net\/de\/carla-y-elia\/","title":{"rendered":"Carla y El\u00eda"},"content":{"rendered":"<p style=\"text-align: justify;\">La \u201cFamilia Gabitel\u201d sigue creciendo con la llegada nuestras peque\u00f1as Carla, hija de nuestro compa\u00f1ero Fernando Mar\u00edn y El\u00eda, hija de nuestra compa\u00f1era Alicia Benavides. Es una alegr\u00eda para todos nosotros poder compartir de alguna manera estos momentos tan especiales y \u00fanicos de vuestras vidas.<\/p>\n<h3><strong>Carla:<\/strong><\/h3>\n<p>&nbsp;<\/p>\n<p><img decoding=\"async\" src=\"https:\/\/gabitelingenieros.com\/wp-content\/uploads\/2022\/02\/IMG_6803-min-scaled.jpg\" alt=\"Carla y El\u00eda en Gabitel Ingenieros\" \/><\/p>\n<p style=\"text-align: justify;\">Fernando nos cuenta brevemente c\u00f3mo ha vivido su primera paternidad:<\/p>\n<p>&nbsp;<\/p>\n<p style=\"text-align: justify;\">\u201c<em>Pues podr\u00eda decir algunas palabras, pero me quedar\u00eda corto para expresar todo lo que uno llega a sentir de la noche a la ma\u00f1ana al ser pap\u00e1, se viven muchos miedos e incertidumbres, pero cuando esa carita te mira y te coge un dedito todo pasa a un segundo plano, o seg\u00fan creo se ponen en valor las cosas realmente importantes que tenemos en la vida.<\/em><\/p>\n<p style=\"text-align: justify;\"><em>\u00a0<\/em><\/p>\n<p style=\"text-align: justify;\"><em>Me gustar\u00eda agradecer al equipo de Gabitel por su apoyo y la grand\u00edsima calidad humana mostrada por mis compa\u00f1eros\u201d.<\/em><\/p>\n<p>&nbsp;<\/p>\n<h3><strong>El\u00eda:<\/strong><\/h3>\n<p>&nbsp;<\/p>\n<p><img decoding=\"async\" src=\"https:\/\/gabitelingenieros.com\/wp-content\/uploads\/2022\/02\/IMG-20220206-WA0023-min-1.jpg\" alt=\"Carla y El\u00eda en Gabitel Ingenieros\" \/><\/p>\n<p style=\"text-align: justify;\">Alicia, nos comenta su bonita aventura en se segunda maternidad.<\/p>\n<p style=\"text-align: justify;\">\n<p style=\"text-align: justify;\">\u201c<em>Os presento a Elia y a mi peque\u00f1a gran familia. Con ella estoy viviendo estas \u00faltimas semanas momentos especiales, de gran intensidad, y afrontando los nuevos retos que estoy descubriendo en esta doble maternidad reci\u00e9n estrenada, con la ilusi\u00f3n de ir haciendo realidad aquello que nos imaginamos cuando empezamos esta aventura\u201d.<\/em><\/p>\n","protected":false},"excerpt":{"rendered":"<p>La \u201cFamilia Gabitel\u201d sigue creciendo con la llegada nuestras peque\u00f1as Carla, hija de nuestro compa\u00f1ero Fernando Mar\u00edn y El\u00eda, hija de nuestra compa\u00f1era Alicia Benavides. Es una alegr\u00eda para todos nosotros poder compartir de alguna manera estos momentos tan especiales y \u00fanicos de vuestras vidas. Carla: &nbsp; Fernando nos cuenta brevemente c\u00f3mo ha vivido su [&hellip;]<\/p>\n","protected":false},"author":3,"featured_media":33826,"comment_status":"closed","ping_status":"closed","sticky":false,"template":"","format":"standard","meta":{"content-type":"","footnotes":""},"categories":[600],"tags":[],"class_list":["post-32937","post","type-post","status-publish","format-standard","has-post-thumbnail","hentry","category-off-topic-de"],"yoast_head":"<!-- This site is optimized with the Yoast SEO plugin v27.5 - https:\/\/yoast.com\/product\/yoast-seo-wordpress\/ -->\n<title>Carla y El\u00eda - Gabitel<\/title>\n<meta name=\"robots\" content=\"index, follow, max-snippet:-1, max-image-preview:large, max-video-preview:-1\" \/>\n<link rel=\"canonical\" href=\"https:\/\/gabitel.net\/de\/carla-y-elia\/\" \/>\n<meta property=\"og:locale\" content=\"de_DE\" \/>\n<meta property=\"og:type\" content=\"article\" \/>\n<meta property=\"og:title\" content=\"Carla y El\u00eda - Gabitel\" \/>\n<meta property=\"og:description\" content=\"La \u201cFamilia Gabitel\u201d sigue creciendo con la llegada nuestras peque\u00f1as Carla, hija de nuestro compa\u00f1ero Fernando Mar\u00edn y El\u00eda, hija de nuestra compa\u00f1era Alicia Benavides. Es una alegr\u00eda para todos nosotros poder compartir de alguna manera estos momentos tan especiales y \u00fanicos de vuestras vidas. Carla: &nbsp; Fernando nos cuenta brevemente c\u00f3mo ha vivido su [&hellip;]\" \/>\n<meta property=\"og:url\" content=\"https:\/\/gabitel.net\/de\/carla-y-elia\/\" \/>\n<meta property=\"og:site_name\" content=\"Gabitel\" \/>\n<meta property=\"article:publisher\" content=\"https:\/\/www.facebook.com\/gabitelingenieros\/\" \/>\n<meta property=\"article:published_time\" content=\"2022-02-09T08:06:18+00:00\" \/>\n<meta property=\"og:image\" content=\"https:\/\/gabitelingenieros.com\/wp-content\/uploads\/2022\/02\/IMG_6803-min-scaled.jpg\" \/>\n<meta name=\"author\" content=\"user.autor\" \/>\n<meta name=\"twitter:card\" content=\"summary_large_image\" \/>\n<meta name=\"twitter:label1\" content=\"Verfasst von\" \/>\n\t<meta name=\"twitter:data1\" content=\"user.autor\" \/>\n\t<meta name=\"twitter:label2\" content=\"Gesch\u00e4tzte Lesezeit\" \/>\n\t<meta name=\"twitter:data2\" content=\"1\u00a0Minute\" \/>\n<script type=\"application\/ld+json\" class=\"yoast-schema-graph\">{\"@context\":\"https:\\\/\\\/schema.org\",\"@graph\":[{\"@type\":[\"Article\",\"BlogPosting\"],\"@id\":\"https:\\\/\\\/gabitel.net\\\/de\\\/carla-y-elia\\\/#article\",\"isPartOf\":{\"@id\":\"https:\\\/\\\/gabitel.net\\\/de\\\/carla-y-elia\\\/\"},\"author\":{\"name\":\"user.autor\",\"@id\":\"https:\\\/\\\/gabitel.net\\\/de\\\/#\\\/schema\\\/person\\\/37ba53714c3fedb9c7d22f4bc781465c\"},\"headline\":\"Carla y El\u00eda\",\"datePublished\":\"2022-02-09T08:06:18+00:00\",\"mainEntityOfPage\":{\"@id\":\"https:\\\/\\\/gabitel.net\\\/de\\\/carla-y-elia\\\/\"},\"wordCount\":229,\"publisher\":{\"@id\":\"https:\\\/\\\/gabitel.net\\\/de\\\/#organization\"},\"image\":{\"@id\":\"https:\\\/\\\/gabitel.net\\\/de\\\/carla-y-elia\\\/#primaryimage\"},\"thumbnailUrl\":\"https:\\\/\\\/gabitel.net\\\/wp-content\\\/uploads\\\/2021\\\/04\\\/bebe.jpg\",\"articleSection\":[\"Off-topic\"],\"inLanguage\":\"de\"},{\"@type\":\"WebPage\",\"@id\":\"https:\\\/\\\/gabitel.net\\\/de\\\/carla-y-elia\\\/\",\"url\":\"https:\\\/\\\/gabitel.net\\\/de\\\/carla-y-elia\\\/\",\"name\":\"Carla y El\u00eda - Gabitel\",\"isPartOf\":{\"@id\":\"https:\\\/\\\/gabitel.net\\\/de\\\/#website\"},\"primaryImageOfPage\":{\"@id\":\"https:\\\/\\\/gabitel.net\\\/de\\\/carla-y-elia\\\/#primaryimage\"},\"image\":{\"@id\":\"https:\\\/\\\/gabitel.net\\\/de\\\/carla-y-elia\\\/#primaryimage\"},\"thumbnailUrl\":\"https:\\\/\\\/gabitel.net\\\/wp-content\\\/uploads\\\/2021\\\/04\\\/bebe.jpg\",\"datePublished\":\"2022-02-09T08:06:18+00:00\",\"breadcrumb\":{\"@id\":\"https:\\\/\\\/gabitel.net\\\/de\\\/carla-y-elia\\\/#breadcrumb\"},\"inLanguage\":\"de\",\"potentialAction\":[{\"@type\":\"ReadAction\",\"target\":[\"https:\\\/\\\/gabitel.net\\\/de\\\/carla-y-elia\\\/\"]}]},{\"@type\":\"ImageObject\",\"inLanguage\":\"de\",\"@id\":\"https:\\\/\\\/gabitel.net\\\/de\\\/carla-y-elia\\\/#primaryimage\",\"url\":\"https:\\\/\\\/gabitel.net\\\/wp-content\\\/uploads\\\/2021\\\/04\\\/bebe.jpg\",\"contentUrl\":\"https:\\\/\\\/gabitel.net\\\/wp-content\\\/uploads\\\/2021\\\/04\\\/bebe.jpg\",\"width\":2000,\"height\":2000,\"caption\":\"bebe\"},{\"@type\":\"BreadcrumbList\",\"@id\":\"https:\\\/\\\/gabitel.net\\\/de\\\/carla-y-elia\\\/#breadcrumb\",\"itemListElement\":[{\"@type\":\"ListItem\",\"position\":1,\"name\":\"Portada\",\"item\":\"https:\\\/\\\/gabitel.net\\\/de\\\/\"},{\"@type\":\"ListItem\",\"position\":2,\"name\":\"Carla y El\u00eda\"}]},{\"@type\":\"WebSite\",\"@id\":\"https:\\\/\\\/gabitel.net\\\/de\\\/#website\",\"url\":\"https:\\\/\\\/gabitel.net\\\/de\\\/\",\"name\":\"Gabitel\",\"description\":\"\",\"publisher\":{\"@id\":\"https:\\\/\\\/gabitel.net\\\/de\\\/#organization\"},\"potentialAction\":[{\"@type\":\"SearchAction\",\"target\":{\"@type\":\"EntryPoint\",\"urlTemplate\":\"https:\\\/\\\/gabitel.net\\\/de\\\/?s={search_term_string}\"},\"query-input\":{\"@type\":\"PropertyValueSpecification\",\"valueRequired\":true,\"valueName\":\"search_term_string\"}}],\"inLanguage\":\"de\"},{\"@type\":\"Organization\",\"@id\":\"https:\\\/\\\/gabitel.net\\\/de\\\/#organization\",\"name\":\"Gabitel\",\"url\":\"https:\\\/\\\/gabitel.net\\\/de\\\/\",\"logo\":{\"@type\":\"ImageObject\",\"inLanguage\":\"de\",\"@id\":\"https:\\\/\\\/gabitel.net\\\/de\\\/#\\\/schema\\\/logo\\\/image\\\/\",\"url\":\"https:\\\/\\\/gabitel.net\\\/wp-content\\\/uploads\\\/2025\\\/05\\\/logo_gabitel.jpg\",\"contentUrl\":\"https:\\\/\\\/gabitel.net\\\/wp-content\\\/uploads\\\/2025\\\/05\\\/logo_gabitel.jpg\",\"width\":2560,\"height\":1330,\"caption\":\"Gabitel\"},\"image\":{\"@id\":\"https:\\\/\\\/gabitel.net\\\/de\\\/#\\\/schema\\\/logo\\\/image\\\/\"},\"sameAs\":[\"https:\\\/\\\/www.facebook.com\\\/gabitelingenieros\\\/\",\"https:\\\/\\\/es.linkedin.com\\\/company\\\/gabitel-ingenieros\"]},{\"@type\":\"Person\",\"@id\":\"https:\\\/\\\/gabitel.net\\\/de\\\/#\\\/schema\\\/person\\\/37ba53714c3fedb9c7d22f4bc781465c\",\"name\":\"user.autor\",\"url\":\"https:\\\/\\\/gabitel.net\\\/de\\\/author\\\/user-autor\\\/\"}]}<\/script>\n<!-- \/ Yoast SEO plugin. -->","yoast_head_json":{"title":"Carla y El\u00eda - Gabitel","robots":{"index":"index","follow":"follow","max-snippet":"max-snippet:-1","max-image-preview":"max-image-preview:large","max-video-preview":"max-video-preview:-1"},"canonical":"https:\/\/gabitel.net\/de\/carla-y-elia\/","og_locale":"de_DE","og_type":"article","og_title":"Carla y El\u00eda - Gabitel","og_description":"La \u201cFamilia Gabitel\u201d sigue creciendo con la llegada nuestras peque\u00f1as Carla, hija de nuestro compa\u00f1ero Fernando Mar\u00edn y El\u00eda, hija de nuestra compa\u00f1era Alicia Benavides. Es una alegr\u00eda para todos nosotros poder compartir de alguna manera estos momentos tan especiales y \u00fanicos de vuestras vidas. Carla: &nbsp; Fernando nos cuenta brevemente c\u00f3mo ha vivido su [&hellip;]","og_url":"https:\/\/gabitel.net\/de\/carla-y-elia\/","og_site_name":"Gabitel","article_publisher":"https:\/\/www.facebook.com\/gabitelingenieros\/","article_published_time":"2022-02-09T08:06:18+00:00","og_image":[{"url":"https:\/\/gabitelingenieros.com\/wp-content\/uploads\/2022\/02\/IMG_6803-min-scaled.jpg","type":"","width":"","height":""}],"author":"user.autor","twitter_card":"summary_large_image","twitter_misc":{"Verfasst von":"user.autor","Gesch\u00e4tzte Lesezeit":"1\u00a0Minute"},"schema":{"@context":"https:\/\/schema.org","@graph":[{"@type":["Article","BlogPosting"],"@id":"https:\/\/gabitel.net\/de\/carla-y-elia\/#article","isPartOf":{"@id":"https:\/\/gabitel.net\/de\/carla-y-elia\/"},"author":{"name":"user.autor","@id":"https:\/\/gabitel.net\/de\/#\/schema\/person\/37ba53714c3fedb9c7d22f4bc781465c"},"headline":"Carla y El\u00eda","datePublished":"2022-02-09T08:06:18+00:00","mainEntityOfPage":{"@id":"https:\/\/gabitel.net\/de\/carla-y-elia\/"},"wordCount":229,"publisher":{"@id":"https:\/\/gabitel.net\/de\/#organization"},"image":{"@id":"https:\/\/gabitel.net\/de\/carla-y-elia\/#primaryimage"},"thumbnailUrl":"https:\/\/gabitel.net\/wp-content\/uploads\/2021\/04\/bebe.jpg","articleSection":["Off-topic"],"inLanguage":"de"},{"@type":"WebPage","@id":"https:\/\/gabitel.net\/de\/carla-y-elia\/","url":"https:\/\/gabitel.net\/de\/carla-y-elia\/","name":"Carla y El\u00eda - Gabitel","isPartOf":{"@id":"https:\/\/gabitel.net\/de\/#website"},"primaryImageOfPage":{"@id":"https:\/\/gabitel.net\/de\/carla-y-elia\/#primaryimage"},"image":{"@id":"https:\/\/gabitel.net\/de\/carla-y-elia\/#primaryimage"},"thumbnailUrl":"https:\/\/gabitel.net\/wp-content\/uploads\/2021\/04\/bebe.jpg","datePublished":"2022-02-09T08:06:18+00:00","breadcrumb":{"@id":"https:\/\/gabitel.net\/de\/carla-y-elia\/#breadcrumb"},"inLanguage":"de","potentialAction":[{"@type":"ReadAction","target":["https:\/\/gabitel.net\/de\/carla-y-elia\/"]}]},{"@type":"ImageObject","inLanguage":"de","@id":"https:\/\/gabitel.net\/de\/carla-y-elia\/#primaryimage","url":"https:\/\/gabitel.net\/wp-content\/uploads\/2021\/04\/bebe.jpg","contentUrl":"https:\/\/gabitel.net\/wp-content\/uploads\/2021\/04\/bebe.jpg","width":2000,"height":2000,"caption":"bebe"},{"@type":"BreadcrumbList","@id":"https:\/\/gabitel.net\/de\/carla-y-elia\/#breadcrumb","itemListElement":[{"@type":"ListItem","position":1,"name":"Portada","item":"https:\/\/gabitel.net\/de\/"},{"@type":"ListItem","position":2,"name":"Carla y El\u00eda"}]},{"@type":"WebSite","@id":"https:\/\/gabitel.net\/de\/#website","url":"https:\/\/gabitel.net\/de\/","name":"Gabitel","description":"","publisher":{"@id":"https:\/\/gabitel.net\/de\/#organization"},"potentialAction":[{"@type":"SearchAction","target":{"@type":"EntryPoint","urlTemplate":"https:\/\/gabitel.net\/de\/?s={search_term_string}"},"query-input":{"@type":"PropertyValueSpecification","valueRequired":true,"valueName":"search_term_string"}}],"inLanguage":"de"},{"@type":"Organization","@id":"https:\/\/gabitel.net\/de\/#organization","name":"Gabitel","url":"https:\/\/gabitel.net\/de\/","logo":{"@type":"ImageObject","inLanguage":"de","@id":"https:\/\/gabitel.net\/de\/#\/schema\/logo\/image\/","url":"https:\/\/gabitel.net\/wp-content\/uploads\/2025\/05\/logo_gabitel.jpg","contentUrl":"https:\/\/gabitel.net\/wp-content\/uploads\/2025\/05\/logo_gabitel.jpg","width":2560,"height":1330,"caption":"Gabitel"},"image":{"@id":"https:\/\/gabitel.net\/de\/#\/schema\/logo\/image\/"},"sameAs":["https:\/\/www.facebook.com\/gabitelingenieros\/","https:\/\/es.linkedin.com\/company\/gabitel-ingenieros"]},{"@type":"Person","@id":"https:\/\/gabitel.net\/de\/#\/schema\/person\/37ba53714c3fedb9c7d22f4bc781465c","name":"user.autor","url":"https:\/\/gabitel.net\/de\/author\/user-autor\/"}]}},"_links":{"self":[{"href":"https:\/\/gabitel.net\/de\/wp-json\/wp\/v2\/posts\/32937","targetHints":{"allow":["GET"]}}],"collection":[{"href":"https:\/\/gabitel.net\/de\/wp-json\/wp\/v2\/posts"}],"about":[{"href":"https:\/\/gabitel.net\/de\/wp-json\/wp\/v2\/types\/post"}],"author":[{"embeddable":true,"href":"https:\/\/gabitel.net\/de\/wp-json\/wp\/v2\/users\/3"}],"replies":[{"embeddable":true,"href":"https:\/\/gabitel.net\/de\/wp-json\/wp\/v2\/comments?post=32937"}],"version-history":[{"count":0,"href":"https:\/\/gabitel.net\/de\/wp-json\/wp\/v2\/posts\/32937\/revisions"}],"wp:featuredmedia":[{"embeddable":true,"href":"https:\/\/gabitel.net\/de\/wp-json\/wp\/v2\/media\/33826"}],"wp:attachment":[{"href":"https:\/\/gabitel.net\/de\/wp-json\/wp\/v2\/media?parent=32937"}],"wp:term":[{"taxonomy":"category","embeddable":true,"href":"https:\/\/gabitel.net\/de\/wp-json\/wp\/v2\/categories?post=32937"},{"taxonomy":"post_tag","embeddable":true,"href":"https:\/\/gabitel.net\/de\/wp-json\/wp\/v2\/tags?post=32937"}],"curies":[{"name":"wp","href":"https:\/\/api.w.org\/{rel}","templated":true}]}}