{"id":32945,"date":"2022-01-10T10:05:00","date_gmt":"2022-01-10T09:05:00","guid":{"rendered":"https:\/\/gabitel.net\/nuestro-equipo-entrevista-a-candela-nunez\/"},"modified":"2022-01-10T10:05:00","modified_gmt":"2022-01-10T09:05:00","slug":"nuestro-equipo-entrevista-a-candela-nunez","status":"publish","type":"post","link":"https:\/\/gabitel.net\/de\/nuestro-equipo-entrevista-a-candela-nunez\/","title":{"rendered":"Nuestro equipo. Entrevista a Candela N\u00fa\u00f1ez"},"content":{"rendered":"<ul>\n<li style=\"text-align: justify;\"><strong>\u00bfQu\u00e9 te motiv\u00f3 para hacer tus pr\u00e1cticas extracurriculares en Gabitel?<\/strong><\/li>\n<\/ul>\n<p style=\"text-align: justify;\">Antes de comenzar mis pr\u00e1cticas en Gabitel, realic\u00e9 otras en modalidad curriculares en una gestor\u00eda, por lo que mi intenci\u00f3n fue cambiar totalmente el \u00e1mbito para poder nutrirme de diferentes experiencias una vez acabada mi titulaci\u00f3n. En Gabitel vi la oportunidad de conocer un poco m\u00e1s un sector pr\u00e1cticamente desconocido para m\u00ed, como es la ingenier\u00eda, y todos los trabajos administrativos que conlleva el tener varias sedes y tantos trabajadores repartidos en ellas.<\/p>\n<p style=\"text-align: justify;\">\n<p style=\"text-align: justify;\">\n<ul style=\"text-align: justify;\">\n<li><strong>\u00bfQu\u00e9 fue lo que m\u00e1s llam\u00f3 tu atenci\u00f3n cuando conociste la empresa?<\/strong><\/li>\n<\/ul>\n<p style=\"text-align: justify;\">Me sorprendi\u00f3 mucho todo el crecimiento que ha tenido desde sus inicios hasta el punto de crear una filial en un pa\u00eds con tanto peso econ\u00f3mico como es Reino Unido y, sobre todo, las ganas constantes de seguir ampliando negocios y buscar expansi\u00f3n tanto a nivel nacional como internacional.<\/p>\n<p style=\"text-align: justify;\">Adem\u00e1s de esto, tambi\u00e9n llam\u00f3 mi atenci\u00f3n la gran cantidad de trabajadores con los que cuenta, en diferentes \u00e1reas de actividad dentro del sector de la ingenier\u00eda y, cuando pude comprobar las relaciones sociales tan cercanas que se establecen entre ellos, a\u00fan m\u00e1s. Considero que contar con un buen ambiente de trabajo es un factor fundamental.<\/p>\n<p style=\"text-align: justify;\"><strong>\u00a0<\/strong><\/p>\n<p style=\"text-align: justify;\">\n<ul style=\"text-align: justify;\">\n<li><strong>\u00bfCu\u00e1l es tu labor actual en el Departamento de Administraci\u00f3n?<\/strong><\/li>\n<\/ul>\n<p style=\"text-align: justify;\">Estoy en la zona de recepci\u00f3n, soy la primera cara visible cuando cualquier persona accede a la oficina de Huelva. Atiendo tambi\u00e9n llamadas telef\u00f3nicas tanto de trabajadores como de personas externas que necesiten alg\u00fan tipo de informaci\u00f3n, intentando derivarles a la persona que mejor pueda ayudarle en cada caso. Me encargo de vigilar que toda la documentaci\u00f3n del personal est\u00e9 correcta, concretando reconocimientos m\u00e9dicos y formaciones para las nuevas incorporaciones. Adem\u00e1s, gestiono el inventario de material de oficina intentando que todo trabajador disponga de lo que necesite. Aunque mi funci\u00f3n principal es esa, intento ayudar al resto de mis compa\u00f1eros de administraci\u00f3n en diversas tareas como el control de la plataforma corporativa, Gabiplan, o el seguimiento de facturas y operaciones bancarias de las diferentes tarjetas.<\/p>\n<p style=\"text-align: justify;\">\n<p>&nbsp;<\/p>\n<ul style=\"text-align: justify;\">\n<li><strong>Sabemos que durante la carrera pudiste disfrutar de una beca Erasmus, \u00bfnos podr\u00edas contar algo sobre esa experiencia que viviste?.<\/strong><\/li>\n<\/ul>\n<p style=\"text-align: justify;\">S\u00ed, realice mi Erasmus en la ciudad de Lublin (Polonia) durante 5 meses. Mi intenci\u00f3n primera siempre fue mejorar mi ingl\u00e9s, pero debido a la pandemia y a que mis compa\u00f1eros de clase y residencia eran espa\u00f1oles, no pude reforzar todo lo que hubiera querido, aunque las clases si eran en ingl\u00e9s, pero en modalidad online.<\/p>\n<p style=\"text-align: justify;\">Esta experiencia la guardare para toda mi vida con mucho cari\u00f1o, ha significado para m\u00ed un crecimiento personal muy grande, al salir de mi zona de confort, viajar por pa\u00edses con culturas y costumbres tan diferentes y enfrentarme a situaciones imprevistas, que, junto con mi grupo de amigas, ten\u00edamos que resolver de inmediato contando con muchos h\u00e1ndicaps, desde el idioma hasta las condiciones meteorol\u00f3gicas adversas, tan diferentes a las de Andaluc\u00eda.<\/p>\n<p style=\"text-align: justify;\">Me ha hecho mucho m\u00e1s independiente e incluso m\u00e1s valiente, aprendiendo que para todo hay una soluci\u00f3n.<\/p>\n<p style=\"text-align: justify;\">\n<p style=\"text-align: justify;\">\n<p>&nbsp;<\/p>\n<ul style=\"text-align: justify;\">\n<li><strong>\u00bfPodr\u00edas contarnos algunos de tus hobbies o aquello que m\u00e1s te gusta hacer en tu tiempo libre?<\/strong><\/li>\n<\/ul>\n<p style=\"text-align: justify;\">Desde hace 6 meses dedico al menos 5 horas semanales a ir al gimnasio, me despeja bastante. Antes de ir a dormir leo un poco de alguna novela que me enganche y si no, veo alguna serie. Me encanta salir a pasear, hacer senderismos por el campo y ver los atardeceres mientras se tiene una buena conversaci\u00f3n. Por supuesto, viajar y conocer nuevos lugares cuando se puede, no hace falta que sea muy lejos, cualquier rinc\u00f3n es bueno en buena compa\u00f1\u00eda. La moda tambi\u00e9n me gusta mucho, no hay un solo d\u00eda que no visite una p\u00e1gina o app de alguna tienda.<\/p>\n<p style=\"text-align: justify;\">\n<p style=\"text-align: justify;\">\n<ul style=\"text-align: justify;\">\n<li><strong>Esta fue la pregunta que nos dej\u00f3 para ti, nuestro compa\u00f1ero Marc, en el Bolet\u00edn del mes de Diciembre:\u00a0<\/strong>\u00bf<em>C\u00f3mo te lo pasaste en la comida de empresa de Gabitel? \u00bfAlguna an\u00e9cdota interesante?<\/em><\/li>\n<\/ul>\n<p style=\"text-align: justify;\">Desafortunadamente, por las circunstancias de pandemia que vivimos, tuvo que ser cancelada, pero siguiendo el hilo de la pregunta<em>, <strong>\u00bfNos podr\u00edas contar alguna an\u00e9cdota curiosa que te haya pasado durante este tiempo que llevas trabajando en Gabitel?<\/strong><\/em><\/p>\n<p style=\"text-align: justify;\">No llevo mucho tiempo en Gabitel pero sin duda las an\u00e9cdotas m\u00e1s graciosas pasan en los desayunos, lo mismo nos echamos unas risas que vuela alg\u00fan caf\u00e9 y seguro que va a parar a mis zapatos blancos, que a\u00fan sigo intentando quitar la mancha, \u00bfVerdad Alfonso? &#x1f609;&#x1f602;<\/p>\n<p style=\"text-align: justify;\">\n<p style=\"text-align: justify;\">\n<ul style=\"text-align: justify;\">\n<li><strong>\u200bEnv\u00edale una pregunta al compa\u00f1ero que ser\u00e1 entrevistado en el pr\u00f3ximo bolet\u00edn.<\/strong><\/li>\n<\/ul>\n<p style=\"text-align: justify;\">\u00bfCu\u00e1les son tus aspiraciones de crecimiento profesional en Gabitel?<\/p>\n<p style=\"text-align: justify;\">\n","protected":false},"excerpt":{"rendered":"<p>\u00bfQu\u00e9 te motiv\u00f3 para hacer tus pr\u00e1cticas extracurriculares en Gabitel? Antes de comenzar mis pr\u00e1cticas en Gabitel, realic\u00e9 otras en modalidad curriculares en una gestor\u00eda, por lo que mi intenci\u00f3n fue cambiar totalmente el \u00e1mbito para poder nutrirme de diferentes experiencias una vez acabada mi titulaci\u00f3n. En Gabitel vi la oportunidad de conocer un poco [&hellip;]<\/p>\n","protected":false},"author":3,"featured_media":34308,"comment_status":"closed","ping_status":"closed","sticky":false,"template":"","format":"standard","meta":{"content-type":"","footnotes":""},"categories":[600],"tags":[],"class_list":["post-32945","post","type-post","status-publish","format-standard","has-post-thumbnail","hentry","category-off-topic-de"],"yoast_head":"<!-- This site is optimized with the Yoast SEO plugin v27.5 - https:\/\/yoast.com\/product\/yoast-seo-wordpress\/ -->\n<title>Nuestro equipo. Entrevista a Candela N\u00fa\u00f1ez - Gabitel<\/title>\n<meta name=\"robots\" content=\"index, follow, max-snippet:-1, max-image-preview:large, max-video-preview:-1\" \/>\n<link rel=\"canonical\" href=\"https:\/\/gabitel.net\/de\/nuestro-equipo-entrevista-a-candela-nunez\/\" \/>\n<meta property=\"og:locale\" content=\"de_DE\" \/>\n<meta property=\"og:type\" content=\"article\" \/>\n<meta property=\"og:title\" content=\"Nuestro equipo. Entrevista a Candela N\u00fa\u00f1ez - Gabitel\" \/>\n<meta property=\"og:description\" content=\"\u00bfQu\u00e9 te motiv\u00f3 para hacer tus pr\u00e1cticas extracurriculares en Gabitel? Antes de comenzar mis pr\u00e1cticas en Gabitel, realic\u00e9 otras en modalidad curriculares en una gestor\u00eda, por lo que mi intenci\u00f3n fue cambiar totalmente el \u00e1mbito para poder nutrirme de diferentes experiencias una vez acabada mi titulaci\u00f3n. En Gabitel vi la oportunidad de conocer un poco [&hellip;]\" \/>\n<meta property=\"og:url\" content=\"https:\/\/gabitel.net\/de\/nuestro-equipo-entrevista-a-candela-nunez\/\" \/>\n<meta property=\"og:site_name\" content=\"Gabitel\" \/>\n<meta property=\"article:publisher\" content=\"https:\/\/www.facebook.com\/gabitelingenieros\/\" \/>\n<meta property=\"article:published_time\" content=\"2022-01-10T09:05:00+00:00\" \/>\n<meta name=\"author\" content=\"user.autor\" \/>\n<meta name=\"twitter:card\" content=\"summary_large_image\" \/>\n<meta name=\"twitter:label1\" content=\"Verfasst von\" \/>\n\t<meta name=\"twitter:data1\" content=\"user.autor\" \/>\n\t<meta name=\"twitter:label2\" content=\"Gesch\u00e4tzte Lesezeit\" \/>\n\t<meta name=\"twitter:data2\" content=\"4\u00a0Minuten\" \/>\n<script type=\"application\/ld+json\" class=\"yoast-schema-graph\">{\"@context\":\"https:\\\/\\\/schema.org\",\"@graph\":[{\"@type\":[\"Article\",\"BlogPosting\"],\"@id\":\"https:\\\/\\\/gabitel.net\\\/de\\\/nuestro-equipo-entrevista-a-candela-nunez\\\/#article\",\"isPartOf\":{\"@id\":\"https:\\\/\\\/gabitel.net\\\/de\\\/nuestro-equipo-entrevista-a-candela-nunez\\\/\"},\"author\":{\"name\":\"user.autor\",\"@id\":\"https:\\\/\\\/gabitel.net\\\/de\\\/#\\\/schema\\\/person\\\/37ba53714c3fedb9c7d22f4bc781465c\"},\"headline\":\"Nuestro equipo. Entrevista a Candela N\u00fa\u00f1ez\",\"datePublished\":\"2022-01-10T09:05:00+00:00\",\"mainEntityOfPage\":{\"@id\":\"https:\\\/\\\/gabitel.net\\\/de\\\/nuestro-equipo-entrevista-a-candela-nunez\\\/\"},\"wordCount\":835,\"publisher\":{\"@id\":\"https:\\\/\\\/gabitel.net\\\/de\\\/#organization\"},\"image\":{\"@id\":\"https:\\\/\\\/gabitel.net\\\/de\\\/nuestro-equipo-entrevista-a-candela-nunez\\\/#primaryimage\"},\"thumbnailUrl\":\"https:\\\/\\\/gabitel.net\\\/wp-content\\\/uploads\\\/2022\\\/01\\\/candela-nunez-min-scaled-1.jpg\",\"articleSection\":[\"Off-topic\"],\"inLanguage\":\"de\"},{\"@type\":\"WebPage\",\"@id\":\"https:\\\/\\\/gabitel.net\\\/de\\\/nuestro-equipo-entrevista-a-candela-nunez\\\/\",\"url\":\"https:\\\/\\\/gabitel.net\\\/de\\\/nuestro-equipo-entrevista-a-candela-nunez\\\/\",\"name\":\"Nuestro equipo. Entrevista a Candela N\u00fa\u00f1ez - Gabitel\",\"isPartOf\":{\"@id\":\"https:\\\/\\\/gabitel.net\\\/de\\\/#website\"},\"primaryImageOfPage\":{\"@id\":\"https:\\\/\\\/gabitel.net\\\/de\\\/nuestro-equipo-entrevista-a-candela-nunez\\\/#primaryimage\"},\"image\":{\"@id\":\"https:\\\/\\\/gabitel.net\\\/de\\\/nuestro-equipo-entrevista-a-candela-nunez\\\/#primaryimage\"},\"thumbnailUrl\":\"https:\\\/\\\/gabitel.net\\\/wp-content\\\/uploads\\\/2022\\\/01\\\/candela-nunez-min-scaled-1.jpg\",\"datePublished\":\"2022-01-10T09:05:00+00:00\",\"breadcrumb\":{\"@id\":\"https:\\\/\\\/gabitel.net\\\/de\\\/nuestro-equipo-entrevista-a-candela-nunez\\\/#breadcrumb\"},\"inLanguage\":\"de\",\"potentialAction\":[{\"@type\":\"ReadAction\",\"target\":[\"https:\\\/\\\/gabitel.net\\\/de\\\/nuestro-equipo-entrevista-a-candela-nunez\\\/\"]}]},{\"@type\":\"ImageObject\",\"inLanguage\":\"de\",\"@id\":\"https:\\\/\\\/gabitel.net\\\/de\\\/nuestro-equipo-entrevista-a-candela-nunez\\\/#primaryimage\",\"url\":\"https:\\\/\\\/gabitel.net\\\/wp-content\\\/uploads\\\/2022\\\/01\\\/candela-nunez-min-scaled-1.jpg\",\"contentUrl\":\"https:\\\/\\\/gabitel.net\\\/wp-content\\\/uploads\\\/2022\\\/01\\\/candela-nunez-min-scaled-1.jpg\",\"width\":2560,\"height\":1920,\"caption\":\"candela-nunez\"},{\"@type\":\"BreadcrumbList\",\"@id\":\"https:\\\/\\\/gabitel.net\\\/de\\\/nuestro-equipo-entrevista-a-candela-nunez\\\/#breadcrumb\",\"itemListElement\":[{\"@type\":\"ListItem\",\"position\":1,\"name\":\"Portada\",\"item\":\"https:\\\/\\\/gabitel.net\\\/de\\\/\"},{\"@type\":\"ListItem\",\"position\":2,\"name\":\"Nuestro equipo. Entrevista a Candela N\u00fa\u00f1ez\"}]},{\"@type\":\"WebSite\",\"@id\":\"https:\\\/\\\/gabitel.net\\\/de\\\/#website\",\"url\":\"https:\\\/\\\/gabitel.net\\\/de\\\/\",\"name\":\"Gabitel\",\"description\":\"\",\"publisher\":{\"@id\":\"https:\\\/\\\/gabitel.net\\\/de\\\/#organization\"},\"potentialAction\":[{\"@type\":\"SearchAction\",\"target\":{\"@type\":\"EntryPoint\",\"urlTemplate\":\"https:\\\/\\\/gabitel.net\\\/de\\\/?s={search_term_string}\"},\"query-input\":{\"@type\":\"PropertyValueSpecification\",\"valueRequired\":true,\"valueName\":\"search_term_string\"}}],\"inLanguage\":\"de\"},{\"@type\":\"Organization\",\"@id\":\"https:\\\/\\\/gabitel.net\\\/de\\\/#organization\",\"name\":\"Gabitel\",\"url\":\"https:\\\/\\\/gabitel.net\\\/de\\\/\",\"logo\":{\"@type\":\"ImageObject\",\"inLanguage\":\"de\",\"@id\":\"https:\\\/\\\/gabitel.net\\\/de\\\/#\\\/schema\\\/logo\\\/image\\\/\",\"url\":\"https:\\\/\\\/gabitel.net\\\/wp-content\\\/uploads\\\/2025\\\/05\\\/logo_gabitel.jpg\",\"contentUrl\":\"https:\\\/\\\/gabitel.net\\\/wp-content\\\/uploads\\\/2025\\\/05\\\/logo_gabitel.jpg\",\"width\":2560,\"height\":1330,\"caption\":\"Gabitel\"},\"image\":{\"@id\":\"https:\\\/\\\/gabitel.net\\\/de\\\/#\\\/schema\\\/logo\\\/image\\\/\"},\"sameAs\":[\"https:\\\/\\\/www.facebook.com\\\/gabitelingenieros\\\/\",\"https:\\\/\\\/es.linkedin.com\\\/company\\\/gabitel-ingenieros\"]},{\"@type\":\"Person\",\"@id\":\"https:\\\/\\\/gabitel.net\\\/de\\\/#\\\/schema\\\/person\\\/37ba53714c3fedb9c7d22f4bc781465c\",\"name\":\"user.autor\",\"url\":\"https:\\\/\\\/gabitel.net\\\/de\\\/author\\\/user-autor\\\/\"}]}<\/script>\n<!-- \/ Yoast SEO plugin. -->","yoast_head_json":{"title":"Nuestro equipo. Entrevista a Candela N\u00fa\u00f1ez - Gabitel","robots":{"index":"index","follow":"follow","max-snippet":"max-snippet:-1","max-image-preview":"max-image-preview:large","max-video-preview":"max-video-preview:-1"},"canonical":"https:\/\/gabitel.net\/de\/nuestro-equipo-entrevista-a-candela-nunez\/","og_locale":"de_DE","og_type":"article","og_title":"Nuestro equipo. Entrevista a Candela N\u00fa\u00f1ez - Gabitel","og_description":"\u00bfQu\u00e9 te motiv\u00f3 para hacer tus pr\u00e1cticas extracurriculares en Gabitel? Antes de comenzar mis pr\u00e1cticas en Gabitel, realic\u00e9 otras en modalidad curriculares en una gestor\u00eda, por lo que mi intenci\u00f3n fue cambiar totalmente el \u00e1mbito para poder nutrirme de diferentes experiencias una vez acabada mi titulaci\u00f3n. En Gabitel vi la oportunidad de conocer un poco [&hellip;]","og_url":"https:\/\/gabitel.net\/de\/nuestro-equipo-entrevista-a-candela-nunez\/","og_site_name":"Gabitel","article_publisher":"https:\/\/www.facebook.com\/gabitelingenieros\/","article_published_time":"2022-01-10T09:05:00+00:00","author":"user.autor","twitter_card":"summary_large_image","twitter_misc":{"Verfasst von":"user.autor","Gesch\u00e4tzte Lesezeit":"4\u00a0Minuten"},"schema":{"@context":"https:\/\/schema.org","@graph":[{"@type":["Article","BlogPosting"],"@id":"https:\/\/gabitel.net\/de\/nuestro-equipo-entrevista-a-candela-nunez\/#article","isPartOf":{"@id":"https:\/\/gabitel.net\/de\/nuestro-equipo-entrevista-a-candela-nunez\/"},"author":{"name":"user.autor","@id":"https:\/\/gabitel.net\/de\/#\/schema\/person\/37ba53714c3fedb9c7d22f4bc781465c"},"headline":"Nuestro equipo. Entrevista a Candela N\u00fa\u00f1ez","datePublished":"2022-01-10T09:05:00+00:00","mainEntityOfPage":{"@id":"https:\/\/gabitel.net\/de\/nuestro-equipo-entrevista-a-candela-nunez\/"},"wordCount":835,"publisher":{"@id":"https:\/\/gabitel.net\/de\/#organization"},"image":{"@id":"https:\/\/gabitel.net\/de\/nuestro-equipo-entrevista-a-candela-nunez\/#primaryimage"},"thumbnailUrl":"https:\/\/gabitel.net\/wp-content\/uploads\/2022\/01\/candela-nunez-min-scaled-1.jpg","articleSection":["Off-topic"],"inLanguage":"de"},{"@type":"WebPage","@id":"https:\/\/gabitel.net\/de\/nuestro-equipo-entrevista-a-candela-nunez\/","url":"https:\/\/gabitel.net\/de\/nuestro-equipo-entrevista-a-candela-nunez\/","name":"Nuestro equipo. Entrevista a Candela N\u00fa\u00f1ez - Gabitel","isPartOf":{"@id":"https:\/\/gabitel.net\/de\/#website"},"primaryImageOfPage":{"@id":"https:\/\/gabitel.net\/de\/nuestro-equipo-entrevista-a-candela-nunez\/#primaryimage"},"image":{"@id":"https:\/\/gabitel.net\/de\/nuestro-equipo-entrevista-a-candela-nunez\/#primaryimage"},"thumbnailUrl":"https:\/\/gabitel.net\/wp-content\/uploads\/2022\/01\/candela-nunez-min-scaled-1.jpg","datePublished":"2022-01-10T09:05:00+00:00","breadcrumb":{"@id":"https:\/\/gabitel.net\/de\/nuestro-equipo-entrevista-a-candela-nunez\/#breadcrumb"},"inLanguage":"de","potentialAction":[{"@type":"ReadAction","target":["https:\/\/gabitel.net\/de\/nuestro-equipo-entrevista-a-candela-nunez\/"]}]},{"@type":"ImageObject","inLanguage":"de","@id":"https:\/\/gabitel.net\/de\/nuestro-equipo-entrevista-a-candela-nunez\/#primaryimage","url":"https:\/\/gabitel.net\/wp-content\/uploads\/2022\/01\/candela-nunez-min-scaled-1.jpg","contentUrl":"https:\/\/gabitel.net\/wp-content\/uploads\/2022\/01\/candela-nunez-min-scaled-1.jpg","width":2560,"height":1920,"caption":"candela-nunez"},{"@type":"BreadcrumbList","@id":"https:\/\/gabitel.net\/de\/nuestro-equipo-entrevista-a-candela-nunez\/#breadcrumb","itemListElement":[{"@type":"ListItem","position":1,"name":"Portada","item":"https:\/\/gabitel.net\/de\/"},{"@type":"ListItem","position":2,"name":"Nuestro equipo. Entrevista a Candela N\u00fa\u00f1ez"}]},{"@type":"WebSite","@id":"https:\/\/gabitel.net\/de\/#website","url":"https:\/\/gabitel.net\/de\/","name":"Gabitel","description":"","publisher":{"@id":"https:\/\/gabitel.net\/de\/#organization"},"potentialAction":[{"@type":"SearchAction","target":{"@type":"EntryPoint","urlTemplate":"https:\/\/gabitel.net\/de\/?s={search_term_string}"},"query-input":{"@type":"PropertyValueSpecification","valueRequired":true,"valueName":"search_term_string"}}],"inLanguage":"de"},{"@type":"Organization","@id":"https:\/\/gabitel.net\/de\/#organization","name":"Gabitel","url":"https:\/\/gabitel.net\/de\/","logo":{"@type":"ImageObject","inLanguage":"de","@id":"https:\/\/gabitel.net\/de\/#\/schema\/logo\/image\/","url":"https:\/\/gabitel.net\/wp-content\/uploads\/2025\/05\/logo_gabitel.jpg","contentUrl":"https:\/\/gabitel.net\/wp-content\/uploads\/2025\/05\/logo_gabitel.jpg","width":2560,"height":1330,"caption":"Gabitel"},"image":{"@id":"https:\/\/gabitel.net\/de\/#\/schema\/logo\/image\/"},"sameAs":["https:\/\/www.facebook.com\/gabitelingenieros\/","https:\/\/es.linkedin.com\/company\/gabitel-ingenieros"]},{"@type":"Person","@id":"https:\/\/gabitel.net\/de\/#\/schema\/person\/37ba53714c3fedb9c7d22f4bc781465c","name":"user.autor","url":"https:\/\/gabitel.net\/de\/author\/user-autor\/"}]}},"_links":{"self":[{"href":"https:\/\/gabitel.net\/de\/wp-json\/wp\/v2\/posts\/32945","targetHints":{"allow":["GET"]}}],"collection":[{"href":"https:\/\/gabitel.net\/de\/wp-json\/wp\/v2\/posts"}],"about":[{"href":"https:\/\/gabitel.net\/de\/wp-json\/wp\/v2\/types\/post"}],"author":[{"embeddable":true,"href":"https:\/\/gabitel.net\/de\/wp-json\/wp\/v2\/users\/3"}],"replies":[{"embeddable":true,"href":"https:\/\/gabitel.net\/de\/wp-json\/wp\/v2\/comments?post=32945"}],"version-history":[{"count":0,"href":"https:\/\/gabitel.net\/de\/wp-json\/wp\/v2\/posts\/32945\/revisions"}],"wp:featuredmedia":[{"embeddable":true,"href":"https:\/\/gabitel.net\/de\/wp-json\/wp\/v2\/media\/34308"}],"wp:attachment":[{"href":"https:\/\/gabitel.net\/de\/wp-json\/wp\/v2\/media?parent=32945"}],"wp:term":[{"taxonomy":"category","embeddable":true,"href":"https:\/\/gabitel.net\/de\/wp-json\/wp\/v2\/categories?post=32945"},{"taxonomy":"post_tag","embeddable":true,"href":"https:\/\/gabitel.net\/de\/wp-json\/wp\/v2\/tags?post=32945"}],"curies":[{"name":"wp","href":"https:\/\/api.w.org\/{rel}","templated":true}]}}