{"id":32963,"date":"2021-11-05T08:57:44","date_gmt":"2021-11-05T07:57:44","guid":{"rendered":"https:\/\/gabitel.net\/transformacion-digital-capitulo-iii-ms-365\/"},"modified":"2021-11-05T08:57:44","modified_gmt":"2021-11-05T07:57:44","slug":"transformacion-digital-capitulo-iii-ms-365","status":"publish","type":"post","link":"https:\/\/gabitel.net\/de\/transformacion-digital-capitulo-iii-ms-365\/","title":{"rendered":"Transformaci\u00f3n Digital Cap\u00edtulo III. MS 365"},"content":{"rendered":"<p style=\"text-align: justify;\">Como bien sab\u00e9is, Gabitel ha apostado por Microsoft como proveedor de la suite MS365. Este importante paso para nosotros se enmarca en el proceso de evoluci\u00f3n tecnol\u00f3gica que quiere llevar a cabo Gabitel.<\/p>\n<p style=\"text-align: justify;\">La problem\u00e1tica que ten\u00edamos para compartir documentos con terceros, comunicarnos con ellos o incluso con nosotros mismos, la sincronizaci\u00f3n de nuestros buzones de correo y el acceso a \u00e9ste\u2026etc, desaparecer\u00e1 al hacer uso de las herramientas proporcionadas por Microsoft, tanto Cloud como On-Premise.<\/p>\n<p>&nbsp;<\/p>\n<p style=\"text-align: justify;\">Este proyecto, abordado por nuestro departamento de IT, ha conllevado varias fases:<\/p>\n<ul>\n<li style=\"text-align: justify;\">Fase de preparaci\u00f3n.<\/li>\n<li style=\"text-align: justify;\">Fase de proyecto piloto.<\/li>\n<li style=\"text-align: justify;\">Fase de desarrollo del proyecto.<\/li>\n<li style=\"text-align: justify;\">Fase de gesti\u00f3n del cambio.<\/li>\n<\/ul>\n<p>&nbsp;<\/p>\n<p style=\"text-align: justify;\">En estos momentos nos encontramos en la fase de desarrollo de proyecto, en la que se est\u00e1n llevando a cabo la migraci\u00f3n de las antiguas cuentas de correo y la actualizaci\u00f3n del paquete Office en cada equipo.<\/p>\n<p style=\"text-align: justify;\">Con este upgrade en nuestra metodolog\u00eda de trabajo se pretende fomentar la colaboraci\u00f3n, comunicaci\u00f3n, agilidad y flexibilidad en los diferentes proyectos y entre todos los empleados\/as de Gabitel.<\/p>\n<p>&nbsp;<\/p>\n<p style=\"text-align: justify;\">Para que este proceso de cambio os resulte m\u00e1s llevadero, se han acordado dos sesiones formativas en la pr\u00f3xima semana con el siguiente guion:<\/p>\n<ul>\n<li style=\"text-align: justify;\"><strong>Introducci\u00f3n a Office 365<\/strong><\/li>\n<\/ul>\n<p style=\"text-align: justify;\">Acceso al Portal.<\/p>\n<p style=\"text-align: justify;\">Configuraci\u00f3n de la interfaz de usuario.<\/p>\n<p>&nbsp;<\/p>\n<ul>\n<li style=\"text-align: justify;\"><strong>Uso del correo electr\u00f3nico de Office 365<\/strong><\/li>\n<\/ul>\n<p style=\"text-align: justify;\">Uso de Outlook Web App.<\/p>\n<p style=\"text-align: justify;\">Gesti\u00f3n de correos, calendario, contactos y tareas.<\/p>\n<p style=\"text-align: justify;\">Personalizaci\u00f3n del buz\u00f3n (reglas, firmas, avisos de fuera de oficina, etc.).<\/p>\n<p style=\"text-align: justify;\">Funcionalidad nueva: adjuntar archivos OneDrive y Menciones.<\/p>\n<p>&nbsp;<\/p>\n<ul>\n<li style=\"text-align: justify;\"><strong>Uso de documentos y archivos en Office 365<\/strong><\/li>\n<\/ul>\n<p style=\"text-align: justify;\">Almacenamiento en la nube con OneDrive para la Empresa.<\/p>\n<p style=\"text-align: justify;\">Editores online de Office (Word, Excel, PowerPoint, OneNote).<\/p>\n<p style=\"text-align: justify;\">Editores instalables de Office (PC, Mac, dispositivos m\u00f3viles).<\/p>\n<p>&nbsp;<\/p>\n<ul>\n<li style=\"text-align: justify;\"><strong>Uso de herramientas de trabajo colaborativo en Office 365<\/strong><\/li>\n<\/ul>\n<p style=\"text-align: justify;\">Reuniones virtuales y llamadas audio\/v\u00eddeo con Microsoft Teams.<\/p>\n<p style=\"text-align: justify;\">Grupos de Office 365.<\/p>\n<p>&nbsp;<\/p>\n<p style=\"text-align: justify;\">En estas sesiones, que tendr\u00e1n una duraci\u00f3n de 3 horas (divididas en dos partes de 1,5h), se os informar\u00e1 sobre los diferentes usos que podemos hacer de las aplicaciones que integran la suite de MS365.<\/p>\n<p style=\"text-align: justify;\">Con ello se pretende que el usuario final sea autosuficiente en sus tareas diarias y pueda manejar las aplicaciones con autonom\u00eda.<\/p>\n","protected":false},"excerpt":{"rendered":"<p>Como bien sab\u00e9is, Gabitel ha apostado por Microsoft como proveedor de la suite MS365. Este importante paso para nosotros se enmarca en el proceso de evoluci\u00f3n tecnol\u00f3gica que quiere llevar a cabo Gabitel. La problem\u00e1tica que ten\u00edamos para compartir documentos con terceros, comunicarnos con ellos o incluso con nosotros mismos, la sincronizaci\u00f3n de nuestros buzones [&hellip;]<\/p>\n","protected":false},"author":3,"featured_media":34140,"comment_status":"closed","ping_status":"closed","sticky":false,"template":"","format":"standard","meta":{"content-type":"","footnotes":""},"categories":[600],"tags":[],"class_list":["post-32963","post","type-post","status-publish","format-standard","has-post-thumbnail","hentry","category-off-topic-de"],"yoast_head":"<!-- This site is optimized with the Yoast SEO plugin v27.5 - https:\/\/yoast.com\/product\/yoast-seo-wordpress\/ -->\n<title>Transformaci\u00f3n Digital Cap\u00edtulo III. MS 365 - Gabitel<\/title>\n<meta name=\"robots\" content=\"index, follow, max-snippet:-1, max-image-preview:large, max-video-preview:-1\" \/>\n<link rel=\"canonical\" href=\"https:\/\/gabitel.net\/de\/transformacion-digital-capitulo-iii-ms-365\/\" \/>\n<meta property=\"og:locale\" content=\"de_DE\" \/>\n<meta property=\"og:type\" content=\"article\" \/>\n<meta property=\"og:title\" content=\"Transformaci\u00f3n Digital Cap\u00edtulo III. MS 365 - Gabitel\" \/>\n<meta property=\"og:description\" content=\"Como bien sab\u00e9is, Gabitel ha apostado por Microsoft como proveedor de la suite MS365. Este importante paso para nosotros se enmarca en el proceso de evoluci\u00f3n tecnol\u00f3gica que quiere llevar a cabo Gabitel. La problem\u00e1tica que ten\u00edamos para compartir documentos con terceros, comunicarnos con ellos o incluso con nosotros mismos, la sincronizaci\u00f3n de nuestros buzones [&hellip;]\" \/>\n<meta property=\"og:url\" content=\"https:\/\/gabitel.net\/de\/transformacion-digital-capitulo-iii-ms-365\/\" \/>\n<meta property=\"og:site_name\" content=\"Gabitel\" \/>\n<meta property=\"article:publisher\" content=\"https:\/\/www.facebook.com\/gabitelingenieros\/\" \/>\n<meta property=\"article:published_time\" content=\"2021-11-05T07:57:44+00:00\" \/>\n<meta name=\"author\" content=\"user.autor\" \/>\n<meta name=\"twitter:card\" content=\"summary_large_image\" \/>\n<meta name=\"twitter:label1\" content=\"Verfasst von\" \/>\n\t<meta name=\"twitter:data1\" content=\"user.autor\" \/>\n\t<meta name=\"twitter:label2\" content=\"Gesch\u00e4tzte Lesezeit\" \/>\n\t<meta name=\"twitter:data2\" content=\"2\u00a0Minuten\" \/>\n<script type=\"application\/ld+json\" class=\"yoast-schema-graph\">{\"@context\":\"https:\\\/\\\/schema.org\",\"@graph\":[{\"@type\":[\"Article\",\"BlogPosting\"],\"@id\":\"https:\\\/\\\/gabitel.net\\\/de\\\/transformacion-digital-capitulo-iii-ms-365\\\/#article\",\"isPartOf\":{\"@id\":\"https:\\\/\\\/gabitel.net\\\/de\\\/transformacion-digital-capitulo-iii-ms-365\\\/\"},\"author\":{\"name\":\"user.autor\",\"@id\":\"https:\\\/\\\/gabitel.net\\\/de\\\/#\\\/schema\\\/person\\\/37ba53714c3fedb9c7d22f4bc781465c\"},\"headline\":\"Transformaci\u00f3n Digital Cap\u00edtulo III. MS 365\",\"datePublished\":\"2021-11-05T07:57:44+00:00\",\"mainEntityOfPage\":{\"@id\":\"https:\\\/\\\/gabitel.net\\\/de\\\/transformacion-digital-capitulo-iii-ms-365\\\/\"},\"wordCount\":392,\"publisher\":{\"@id\":\"https:\\\/\\\/gabitel.net\\\/de\\\/#organization\"},\"image\":{\"@id\":\"https:\\\/\\\/gabitel.net\\\/de\\\/transformacion-digital-capitulo-iii-ms-365\\\/#primaryimage\"},\"thumbnailUrl\":\"https:\\\/\\\/gabitel.net\\\/wp-content\\\/uploads\\\/2021\\\/09\\\/suite1-min.png\",\"articleSection\":[\"Off-topic\"],\"inLanguage\":\"de\"},{\"@type\":\"WebPage\",\"@id\":\"https:\\\/\\\/gabitel.net\\\/de\\\/transformacion-digital-capitulo-iii-ms-365\\\/\",\"url\":\"https:\\\/\\\/gabitel.net\\\/de\\\/transformacion-digital-capitulo-iii-ms-365\\\/\",\"name\":\"Transformaci\u00f3n Digital Cap\u00edtulo III. MS 365 - Gabitel\",\"isPartOf\":{\"@id\":\"https:\\\/\\\/gabitel.net\\\/de\\\/#website\"},\"primaryImageOfPage\":{\"@id\":\"https:\\\/\\\/gabitel.net\\\/de\\\/transformacion-digital-capitulo-iii-ms-365\\\/#primaryimage\"},\"image\":{\"@id\":\"https:\\\/\\\/gabitel.net\\\/de\\\/transformacion-digital-capitulo-iii-ms-365\\\/#primaryimage\"},\"thumbnailUrl\":\"https:\\\/\\\/gabitel.net\\\/wp-content\\\/uploads\\\/2021\\\/09\\\/suite1-min.png\",\"datePublished\":\"2021-11-05T07:57:44+00:00\",\"breadcrumb\":{\"@id\":\"https:\\\/\\\/gabitel.net\\\/de\\\/transformacion-digital-capitulo-iii-ms-365\\\/#breadcrumb\"},\"inLanguage\":\"de\",\"potentialAction\":[{\"@type\":\"ReadAction\",\"target\":[\"https:\\\/\\\/gabitel.net\\\/de\\\/transformacion-digital-capitulo-iii-ms-365\\\/\"]}]},{\"@type\":\"ImageObject\",\"inLanguage\":\"de\",\"@id\":\"https:\\\/\\\/gabitel.net\\\/de\\\/transformacion-digital-capitulo-iii-ms-365\\\/#primaryimage\",\"url\":\"https:\\\/\\\/gabitel.net\\\/wp-content\\\/uploads\\\/2021\\\/09\\\/suite1-min.png\",\"contentUrl\":\"https:\\\/\\\/gabitel.net\\\/wp-content\\\/uploads\\\/2021\\\/09\\\/suite1-min.png\",\"width\":535,\"height\":394,\"caption\":\"365-GABITEL\"},{\"@type\":\"BreadcrumbList\",\"@id\":\"https:\\\/\\\/gabitel.net\\\/de\\\/transformacion-digital-capitulo-iii-ms-365\\\/#breadcrumb\",\"itemListElement\":[{\"@type\":\"ListItem\",\"position\":1,\"name\":\"Portada\",\"item\":\"https:\\\/\\\/gabitel.net\\\/de\\\/\"},{\"@type\":\"ListItem\",\"position\":2,\"name\":\"Transformaci\u00f3n Digital Cap\u00edtulo III. MS 365\"}]},{\"@type\":\"WebSite\",\"@id\":\"https:\\\/\\\/gabitel.net\\\/de\\\/#website\",\"url\":\"https:\\\/\\\/gabitel.net\\\/de\\\/\",\"name\":\"Gabitel\",\"description\":\"\",\"publisher\":{\"@id\":\"https:\\\/\\\/gabitel.net\\\/de\\\/#organization\"},\"potentialAction\":[{\"@type\":\"SearchAction\",\"target\":{\"@type\":\"EntryPoint\",\"urlTemplate\":\"https:\\\/\\\/gabitel.net\\\/de\\\/?s={search_term_string}\"},\"query-input\":{\"@type\":\"PropertyValueSpecification\",\"valueRequired\":true,\"valueName\":\"search_term_string\"}}],\"inLanguage\":\"de\"},{\"@type\":\"Organization\",\"@id\":\"https:\\\/\\\/gabitel.net\\\/de\\\/#organization\",\"name\":\"Gabitel\",\"url\":\"https:\\\/\\\/gabitel.net\\\/de\\\/\",\"logo\":{\"@type\":\"ImageObject\",\"inLanguage\":\"de\",\"@id\":\"https:\\\/\\\/gabitel.net\\\/de\\\/#\\\/schema\\\/logo\\\/image\\\/\",\"url\":\"https:\\\/\\\/gabitel.net\\\/wp-content\\\/uploads\\\/2025\\\/05\\\/logo_gabitel.jpg\",\"contentUrl\":\"https:\\\/\\\/gabitel.net\\\/wp-content\\\/uploads\\\/2025\\\/05\\\/logo_gabitel.jpg\",\"width\":2560,\"height\":1330,\"caption\":\"Gabitel\"},\"image\":{\"@id\":\"https:\\\/\\\/gabitel.net\\\/de\\\/#\\\/schema\\\/logo\\\/image\\\/\"},\"sameAs\":[\"https:\\\/\\\/www.facebook.com\\\/gabitelingenieros\\\/\",\"https:\\\/\\\/es.linkedin.com\\\/company\\\/gabitel-ingenieros\"]},{\"@type\":\"Person\",\"@id\":\"https:\\\/\\\/gabitel.net\\\/de\\\/#\\\/schema\\\/person\\\/37ba53714c3fedb9c7d22f4bc781465c\",\"name\":\"user.autor\",\"url\":\"https:\\\/\\\/gabitel.net\\\/de\\\/author\\\/user-autor\\\/\"}]}<\/script>\n<!-- \/ Yoast SEO plugin. -->","yoast_head_json":{"title":"Transformaci\u00f3n Digital Cap\u00edtulo III. MS 365 - Gabitel","robots":{"index":"index","follow":"follow","max-snippet":"max-snippet:-1","max-image-preview":"max-image-preview:large","max-video-preview":"max-video-preview:-1"},"canonical":"https:\/\/gabitel.net\/de\/transformacion-digital-capitulo-iii-ms-365\/","og_locale":"de_DE","og_type":"article","og_title":"Transformaci\u00f3n Digital Cap\u00edtulo III. MS 365 - Gabitel","og_description":"Como bien sab\u00e9is, Gabitel ha apostado por Microsoft como proveedor de la suite MS365. Este importante paso para nosotros se enmarca en el proceso de evoluci\u00f3n tecnol\u00f3gica que quiere llevar a cabo Gabitel. La problem\u00e1tica que ten\u00edamos para compartir documentos con terceros, comunicarnos con ellos o incluso con nosotros mismos, la sincronizaci\u00f3n de nuestros buzones [&hellip;]","og_url":"https:\/\/gabitel.net\/de\/transformacion-digital-capitulo-iii-ms-365\/","og_site_name":"Gabitel","article_publisher":"https:\/\/www.facebook.com\/gabitelingenieros\/","article_published_time":"2021-11-05T07:57:44+00:00","author":"user.autor","twitter_card":"summary_large_image","twitter_misc":{"Verfasst von":"user.autor","Gesch\u00e4tzte Lesezeit":"2\u00a0Minuten"},"schema":{"@context":"https:\/\/schema.org","@graph":[{"@type":["Article","BlogPosting"],"@id":"https:\/\/gabitel.net\/de\/transformacion-digital-capitulo-iii-ms-365\/#article","isPartOf":{"@id":"https:\/\/gabitel.net\/de\/transformacion-digital-capitulo-iii-ms-365\/"},"author":{"name":"user.autor","@id":"https:\/\/gabitel.net\/de\/#\/schema\/person\/37ba53714c3fedb9c7d22f4bc781465c"},"headline":"Transformaci\u00f3n Digital Cap\u00edtulo III. MS 365","datePublished":"2021-11-05T07:57:44+00:00","mainEntityOfPage":{"@id":"https:\/\/gabitel.net\/de\/transformacion-digital-capitulo-iii-ms-365\/"},"wordCount":392,"publisher":{"@id":"https:\/\/gabitel.net\/de\/#organization"},"image":{"@id":"https:\/\/gabitel.net\/de\/transformacion-digital-capitulo-iii-ms-365\/#primaryimage"},"thumbnailUrl":"https:\/\/gabitel.net\/wp-content\/uploads\/2021\/09\/suite1-min.png","articleSection":["Off-topic"],"inLanguage":"de"},{"@type":"WebPage","@id":"https:\/\/gabitel.net\/de\/transformacion-digital-capitulo-iii-ms-365\/","url":"https:\/\/gabitel.net\/de\/transformacion-digital-capitulo-iii-ms-365\/","name":"Transformaci\u00f3n Digital Cap\u00edtulo III. MS 365 - Gabitel","isPartOf":{"@id":"https:\/\/gabitel.net\/de\/#website"},"primaryImageOfPage":{"@id":"https:\/\/gabitel.net\/de\/transformacion-digital-capitulo-iii-ms-365\/#primaryimage"},"image":{"@id":"https:\/\/gabitel.net\/de\/transformacion-digital-capitulo-iii-ms-365\/#primaryimage"},"thumbnailUrl":"https:\/\/gabitel.net\/wp-content\/uploads\/2021\/09\/suite1-min.png","datePublished":"2021-11-05T07:57:44+00:00","breadcrumb":{"@id":"https:\/\/gabitel.net\/de\/transformacion-digital-capitulo-iii-ms-365\/#breadcrumb"},"inLanguage":"de","potentialAction":[{"@type":"ReadAction","target":["https:\/\/gabitel.net\/de\/transformacion-digital-capitulo-iii-ms-365\/"]}]},{"@type":"ImageObject","inLanguage":"de","@id":"https:\/\/gabitel.net\/de\/transformacion-digital-capitulo-iii-ms-365\/#primaryimage","url":"https:\/\/gabitel.net\/wp-content\/uploads\/2021\/09\/suite1-min.png","contentUrl":"https:\/\/gabitel.net\/wp-content\/uploads\/2021\/09\/suite1-min.png","width":535,"height":394,"caption":"365-GABITEL"},{"@type":"BreadcrumbList","@id":"https:\/\/gabitel.net\/de\/transformacion-digital-capitulo-iii-ms-365\/#breadcrumb","itemListElement":[{"@type":"ListItem","position":1,"name":"Portada","item":"https:\/\/gabitel.net\/de\/"},{"@type":"ListItem","position":2,"name":"Transformaci\u00f3n Digital Cap\u00edtulo III. MS 365"}]},{"@type":"WebSite","@id":"https:\/\/gabitel.net\/de\/#website","url":"https:\/\/gabitel.net\/de\/","name":"Gabitel","description":"","publisher":{"@id":"https:\/\/gabitel.net\/de\/#organization"},"potentialAction":[{"@type":"SearchAction","target":{"@type":"EntryPoint","urlTemplate":"https:\/\/gabitel.net\/de\/?s={search_term_string}"},"query-input":{"@type":"PropertyValueSpecification","valueRequired":true,"valueName":"search_term_string"}}],"inLanguage":"de"},{"@type":"Organization","@id":"https:\/\/gabitel.net\/de\/#organization","name":"Gabitel","url":"https:\/\/gabitel.net\/de\/","logo":{"@type":"ImageObject","inLanguage":"de","@id":"https:\/\/gabitel.net\/de\/#\/schema\/logo\/image\/","url":"https:\/\/gabitel.net\/wp-content\/uploads\/2025\/05\/logo_gabitel.jpg","contentUrl":"https:\/\/gabitel.net\/wp-content\/uploads\/2025\/05\/logo_gabitel.jpg","width":2560,"height":1330,"caption":"Gabitel"},"image":{"@id":"https:\/\/gabitel.net\/de\/#\/schema\/logo\/image\/"},"sameAs":["https:\/\/www.facebook.com\/gabitelingenieros\/","https:\/\/es.linkedin.com\/company\/gabitel-ingenieros"]},{"@type":"Person","@id":"https:\/\/gabitel.net\/de\/#\/schema\/person\/37ba53714c3fedb9c7d22f4bc781465c","name":"user.autor","url":"https:\/\/gabitel.net\/de\/author\/user-autor\/"}]}},"_links":{"self":[{"href":"https:\/\/gabitel.net\/de\/wp-json\/wp\/v2\/posts\/32963","targetHints":{"allow":["GET"]}}],"collection":[{"href":"https:\/\/gabitel.net\/de\/wp-json\/wp\/v2\/posts"}],"about":[{"href":"https:\/\/gabitel.net\/de\/wp-json\/wp\/v2\/types\/post"}],"author":[{"embeddable":true,"href":"https:\/\/gabitel.net\/de\/wp-json\/wp\/v2\/users\/3"}],"replies":[{"embeddable":true,"href":"https:\/\/gabitel.net\/de\/wp-json\/wp\/v2\/comments?post=32963"}],"version-history":[{"count":0,"href":"https:\/\/gabitel.net\/de\/wp-json\/wp\/v2\/posts\/32963\/revisions"}],"wp:featuredmedia":[{"embeddable":true,"href":"https:\/\/gabitel.net\/de\/wp-json\/wp\/v2\/media\/34140"}],"wp:attachment":[{"href":"https:\/\/gabitel.net\/de\/wp-json\/wp\/v2\/media?parent=32963"}],"wp:term":[{"taxonomy":"category","embeddable":true,"href":"https:\/\/gabitel.net\/de\/wp-json\/wp\/v2\/categories?post=32963"},{"taxonomy":"post_tag","embeddable":true,"href":"https:\/\/gabitel.net\/de\/wp-json\/wp\/v2\/tags?post=32963"}],"curies":[{"name":"wp","href":"https:\/\/api.w.org\/{rel}","templated":true}]}}