{"id":32967,"date":"2021-11-04T10:05:34","date_gmt":"2021-11-04T09:05:34","guid":{"rendered":"https:\/\/gabitel.net\/nuestro-equipo-entrevista-angel-delgado\/"},"modified":"2021-11-04T10:05:34","modified_gmt":"2021-11-04T09:05:34","slug":"nuestro-equipo-entrevista-angel-delgado","status":"publish","type":"post","link":"https:\/\/gabitel.net\/de\/nuestro-equipo-entrevista-angel-delgado\/","title":{"rendered":"Nuestro equipo. Entrevista a \u00c1ngel Delgado"},"content":{"rendered":"<p style=\"text-align: justify;\"><strong>\u2022 \u00bfC\u00f3mo comenz\u00f3 tu carrera profesional en Gabitel?<\/strong><\/p>\n<p style=\"text-align: justify;\">Pues mi carrera profesional en Gabitel la comenc\u00e9 en mayo de 2017. Reci\u00e9n terminado el m\u00e1ster envi\u00e9 el curriculum ya que era la empresa que m\u00e1s se adaptaba a lo que buscaba profesionalmente y a los pocos meses tuve la suerte de recibir la llamada de Rosa para hacer la entrevista. La vacante era para el Departamento de Telecomunicaciones, concretamente para el dise\u00f1o de fibra \u00f3ptica, acept\u00e9 sin dudarlo y estuve en este proyecto durante m\u00e1s de 2 a\u00f1os hasta que surgi\u00f3 la posibilidad de cambiarme al Departamento de Fotovoltaica el cual ten\u00eda poco tiempo de vida y es en el que actualmente trabajo.<\/p>\n<p>&nbsp;<\/p>\n<p>&nbsp;<\/p>\n<p style=\"text-align: justify;\"><strong>\u2022 Actualmente, \u00bfEn qu\u00e9 tipo de proyectos estas trabajando y cu\u00e1l es la parte que tu desarrollas?<\/strong><\/p>\n<p style=\"text-align: justify;\">Actualmente estoy en el Departamento de Fotovoltaica, pero no solo realizamos proyectos de fotovoltaica, tambi\u00e9n hacemos otros relacionados con la rama de industrial, como pueden ser redes en baja tensi\u00f3n y media, centros de transformaci\u00f3n y proyectos tan pioneros como el dise\u00f1o de una planta de hidrogeno verde, la cual particip\u00e9 junto con los compa\u00f1eros del departamento.<br \/>Pero mi labor se centra sobretodo en lo relacionado con la ingenier\u00eda el\u00e9ctrica, desde la realizaci\u00f3n de proyectos de alta tensi\u00f3n como l\u00edneas el\u00e9ctricas y subestaciones, hasta proyectos de puntos de recarga de veh\u00edculos el\u00e9ctricos. Respecto a esto \u00faltimo, estoy llevando tambi\u00e9n la direcci\u00f3n de obra del punto de recarga en C\u00f3rdoba.<\/p>\n<p>&nbsp;<\/p>\n<p style=\"text-align: justify;\"><strong>\u2022 Recientemente, tras tu colegiaci\u00f3n, vas a tener la oportunidad de firmar tus propios proyectos realizados, \u00bfQu\u00e9 ha supuesto este hecho para ti a nivel profesional?<\/strong><\/p>\n<p style=\"text-align: justify;\">Creo que la mejor frase que puede resumir esta oportunidad es &#8222;el sue\u00f1o de todo ingeniero&#8220;. Cuando un ingeniero o un arquitecto estudia la carrera, todos queremos en un futuro poder firmar nuestros propios proyectos y verlos hechos realidad.<br \/>Tras realizar proyectos de todo tipo durante este tiempo me vi con la confianza suficiente de seguir creciendo y avanzando profesionalmente dentro de Gabitel, as\u00ed que le propuse a mi responsable y jefe de proyectos si cabr\u00eda la posibilidad de firmar mis proyectos. No solo obtuve la afirmaci\u00f3n por parte de ellos sino tambi\u00e9n recib\u00ed el apoyo de todos mis compa\u00f1eros del departamento. Desde entonces firmo los proyectos y recientemente di un peque\u00f1o paso m\u00e1s, asumiendo la responsabilidad de direcci\u00f3n obra.<\/p>\n<p>&nbsp;<\/p>\n<p style=\"text-align: justify;\"><strong>\u2022 Si mir\u00e1semos a medio largo plazo, \u00bfQu\u00e9 otros nuevos retos te gustar\u00eda asumir como parte del equipo de Gabitel?<\/strong><\/p>\n<p style=\"text-align: justify;\">Me gustar\u00eda participar en la transici\u00f3n de Departamento de Fotovoltaica a Departamento de Hidrogeno, ya que esta nueva tecnolog\u00eda ser\u00e1 el futuro de aqu\u00ed a unos a\u00f1os y los proyectos que hagamos ser\u00e1n de este tipo. Otro reto que me gustar\u00eda asumir pero m\u00e1s a nivel personal, es ganar responsabilidad a trav\u00e9s de la direcci\u00f3n de un equipo en alg\u00fan proyecto ilusionante.<\/p>\n<p>&nbsp;<\/p>\n<p style=\"text-align: justify;\"><strong>\u2022 Por ser curiosos y saber m\u00e1s de ti, \u00bfQu\u00e9 es lo que te puede caracterizar m\u00e1s a nivel personal?<\/strong><\/p>\n<p style=\"text-align: justify;\">Quiz\u00e1s es el compa\u00f1erismo. Siempre estoy disponible para echarle una mano a mis compa\u00f1eros o para intentar resolver cualquier duda que pudiera surgir en alguno de sus proyectos.<\/p>\n<p>&nbsp;<\/p>\n<p style=\"text-align: justify;\"><strong>\u2022 Aqu\u00ed va la pregunta que Adri\u00e1n te dejo en el bolet\u00edn del mes pasado: cuando sales de viaje, \u00bferes una persona que prefiere llevarlo todo al detalle, o prefieres perderte y salir a la aventura?<\/strong><\/p>\n<p style=\"text-align: justify;\">Soy de los que le gusta llevarlo todo al detalle. Normalmente planifico mis viajes viendo que lugares son los m\u00e1s interesantes de ver, aunque he de reconocer que la mejor forma de conocer un lugar es perderse por sus calles, as\u00ed es como realmente se conoce una ciudad.<\/p>\n<p>&nbsp;<\/p>\n<p style=\"text-align: justify;\"><strong>\u2022 Env\u00eda una pregunta al pr\u00f3ximo compa\u00f1ero que entrevistaremos en el bolet\u00edn siguiente<\/strong><\/p>\n<p style=\"text-align: justify;\">Parece que ya vamos viendo el final de la pandemia y que volvemos a la normalidad, por eso me surge la siguiente pregunta: \u00bfHay alguna costumbre o h\u00e1bito que hayas adquirido durante la pandemia y que ya no seas capaz de volver a lo anterior?<\/p>\n<p>&nbsp;<\/p>\n<p>&nbsp;<\/p>\n","protected":false},"excerpt":{"rendered":"<p>\u2022 \u00bfC\u00f3mo comenz\u00f3 tu carrera profesional en Gabitel? Pues mi carrera profesional en Gabitel la comenc\u00e9 en mayo de 2017. Reci\u00e9n terminado el m\u00e1ster envi\u00e9 el curriculum ya que era la empresa que m\u00e1s se adaptaba a lo que buscaba profesionalmente y a los pocos meses tuve la suerte de recibir la llamada de Rosa [&hellip;]<\/p>\n","protected":false},"author":3,"featured_media":34236,"comment_status":"closed","ping_status":"closed","sticky":false,"template":"","format":"standard","meta":{"content-type":"","footnotes":""},"categories":[600],"tags":[],"class_list":["post-32967","post","type-post","status-publish","format-standard","has-post-thumbnail","hentry","category-off-topic-de"],"yoast_head":"<!-- This site is optimized with the Yoast SEO plugin v27.5 - https:\/\/yoast.com\/product\/yoast-seo-wordpress\/ -->\n<title>Nuestro equipo. Entrevista a \u00c1ngel Delgado - Gabitel<\/title>\n<meta name=\"robots\" content=\"index, follow, max-snippet:-1, max-image-preview:large, max-video-preview:-1\" \/>\n<link rel=\"canonical\" href=\"https:\/\/gabitel.net\/de\/nuestro-equipo-entrevista-angel-delgado\/\" \/>\n<meta property=\"og:locale\" content=\"de_DE\" \/>\n<meta property=\"og:type\" content=\"article\" \/>\n<meta property=\"og:title\" content=\"Nuestro equipo. Entrevista a \u00c1ngel Delgado - Gabitel\" \/>\n<meta property=\"og:description\" content=\"\u2022 \u00bfC\u00f3mo comenz\u00f3 tu carrera profesional en Gabitel? Pues mi carrera profesional en Gabitel la comenc\u00e9 en mayo de 2017. Reci\u00e9n terminado el m\u00e1ster envi\u00e9 el curriculum ya que era la empresa que m\u00e1s se adaptaba a lo que buscaba profesionalmente y a los pocos meses tuve la suerte de recibir la llamada de Rosa [&hellip;]\" \/>\n<meta property=\"og:url\" content=\"https:\/\/gabitel.net\/de\/nuestro-equipo-entrevista-angel-delgado\/\" \/>\n<meta property=\"og:site_name\" content=\"Gabitel\" \/>\n<meta property=\"article:publisher\" content=\"https:\/\/www.facebook.com\/gabitelingenieros\/\" \/>\n<meta property=\"article:published_time\" content=\"2021-11-04T09:05:34+00:00\" \/>\n<meta name=\"author\" content=\"user.autor\" \/>\n<meta name=\"twitter:card\" content=\"summary_large_image\" \/>\n<meta name=\"twitter:label1\" content=\"Verfasst von\" \/>\n\t<meta name=\"twitter:data1\" content=\"user.autor\" \/>\n\t<meta name=\"twitter:label2\" content=\"Gesch\u00e4tzte Lesezeit\" \/>\n\t<meta name=\"twitter:data2\" content=\"4\u00a0Minuten\" \/>\n<script type=\"application\/ld+json\" class=\"yoast-schema-graph\">{\"@context\":\"https:\\\/\\\/schema.org\",\"@graph\":[{\"@type\":[\"Article\",\"BlogPosting\"],\"@id\":\"https:\\\/\\\/gabitel.net\\\/de\\\/nuestro-equipo-entrevista-angel-delgado\\\/#article\",\"isPartOf\":{\"@id\":\"https:\\\/\\\/gabitel.net\\\/de\\\/nuestro-equipo-entrevista-angel-delgado\\\/\"},\"author\":{\"name\":\"user.autor\",\"@id\":\"https:\\\/\\\/gabitel.net\\\/de\\\/#\\\/schema\\\/person\\\/37ba53714c3fedb9c7d22f4bc781465c\"},\"headline\":\"Nuestro equipo. Entrevista a \u00c1ngel Delgado\",\"datePublished\":\"2021-11-04T09:05:34+00:00\",\"mainEntityOfPage\":{\"@id\":\"https:\\\/\\\/gabitel.net\\\/de\\\/nuestro-equipo-entrevista-angel-delgado\\\/\"},\"wordCount\":721,\"publisher\":{\"@id\":\"https:\\\/\\\/gabitel.net\\\/de\\\/#organization\"},\"image\":{\"@id\":\"https:\\\/\\\/gabitel.net\\\/de\\\/nuestro-equipo-entrevista-angel-delgado\\\/#primaryimage\"},\"thumbnailUrl\":\"https:\\\/\\\/gabitel.net\\\/wp-content\\\/uploads\\\/2021\\\/11\\\/IMG_20211006_133540_Bokeh-min-scaled-1.jpg\",\"articleSection\":[\"Off-topic\"],\"inLanguage\":\"de\"},{\"@type\":\"WebPage\",\"@id\":\"https:\\\/\\\/gabitel.net\\\/de\\\/nuestro-equipo-entrevista-angel-delgado\\\/\",\"url\":\"https:\\\/\\\/gabitel.net\\\/de\\\/nuestro-equipo-entrevista-angel-delgado\\\/\",\"name\":\"Nuestro equipo. Entrevista a \u00c1ngel Delgado - Gabitel\",\"isPartOf\":{\"@id\":\"https:\\\/\\\/gabitel.net\\\/de\\\/#website\"},\"primaryImageOfPage\":{\"@id\":\"https:\\\/\\\/gabitel.net\\\/de\\\/nuestro-equipo-entrevista-angel-delgado\\\/#primaryimage\"},\"image\":{\"@id\":\"https:\\\/\\\/gabitel.net\\\/de\\\/nuestro-equipo-entrevista-angel-delgado\\\/#primaryimage\"},\"thumbnailUrl\":\"https:\\\/\\\/gabitel.net\\\/wp-content\\\/uploads\\\/2021\\\/11\\\/IMG_20211006_133540_Bokeh-min-scaled-1.jpg\",\"datePublished\":\"2021-11-04T09:05:34+00:00\",\"breadcrumb\":{\"@id\":\"https:\\\/\\\/gabitel.net\\\/de\\\/nuestro-equipo-entrevista-angel-delgado\\\/#breadcrumb\"},\"inLanguage\":\"de\",\"potentialAction\":[{\"@type\":\"ReadAction\",\"target\":[\"https:\\\/\\\/gabitel.net\\\/de\\\/nuestro-equipo-entrevista-angel-delgado\\\/\"]}]},{\"@type\":\"ImageObject\",\"inLanguage\":\"de\",\"@id\":\"https:\\\/\\\/gabitel.net\\\/de\\\/nuestro-equipo-entrevista-angel-delgado\\\/#primaryimage\",\"url\":\"https:\\\/\\\/gabitel.net\\\/wp-content\\\/uploads\\\/2021\\\/11\\\/IMG_20211006_133540_Bokeh-min-scaled-1.jpg\",\"contentUrl\":\"https:\\\/\\\/gabitel.net\\\/wp-content\\\/uploads\\\/2021\\\/11\\\/IMG_20211006_133540_Bokeh-min-scaled-1.jpg\",\"width\":1920,\"height\":2560,\"caption\":\"angel-delgado\"},{\"@type\":\"BreadcrumbList\",\"@id\":\"https:\\\/\\\/gabitel.net\\\/de\\\/nuestro-equipo-entrevista-angel-delgado\\\/#breadcrumb\",\"itemListElement\":[{\"@type\":\"ListItem\",\"position\":1,\"name\":\"Portada\",\"item\":\"https:\\\/\\\/gabitel.net\\\/de\\\/\"},{\"@type\":\"ListItem\",\"position\":2,\"name\":\"Nuestro equipo. Entrevista a \u00c1ngel Delgado\"}]},{\"@type\":\"WebSite\",\"@id\":\"https:\\\/\\\/gabitel.net\\\/de\\\/#website\",\"url\":\"https:\\\/\\\/gabitel.net\\\/de\\\/\",\"name\":\"Gabitel\",\"description\":\"\",\"publisher\":{\"@id\":\"https:\\\/\\\/gabitel.net\\\/de\\\/#organization\"},\"potentialAction\":[{\"@type\":\"SearchAction\",\"target\":{\"@type\":\"EntryPoint\",\"urlTemplate\":\"https:\\\/\\\/gabitel.net\\\/de\\\/?s={search_term_string}\"},\"query-input\":{\"@type\":\"PropertyValueSpecification\",\"valueRequired\":true,\"valueName\":\"search_term_string\"}}],\"inLanguage\":\"de\"},{\"@type\":\"Organization\",\"@id\":\"https:\\\/\\\/gabitel.net\\\/de\\\/#organization\",\"name\":\"Gabitel\",\"url\":\"https:\\\/\\\/gabitel.net\\\/de\\\/\",\"logo\":{\"@type\":\"ImageObject\",\"inLanguage\":\"de\",\"@id\":\"https:\\\/\\\/gabitel.net\\\/de\\\/#\\\/schema\\\/logo\\\/image\\\/\",\"url\":\"https:\\\/\\\/gabitel.net\\\/wp-content\\\/uploads\\\/2025\\\/05\\\/logo_gabitel.jpg\",\"contentUrl\":\"https:\\\/\\\/gabitel.net\\\/wp-content\\\/uploads\\\/2025\\\/05\\\/logo_gabitel.jpg\",\"width\":2560,\"height\":1330,\"caption\":\"Gabitel\"},\"image\":{\"@id\":\"https:\\\/\\\/gabitel.net\\\/de\\\/#\\\/schema\\\/logo\\\/image\\\/\"},\"sameAs\":[\"https:\\\/\\\/www.facebook.com\\\/gabitelingenieros\\\/\",\"https:\\\/\\\/es.linkedin.com\\\/company\\\/gabitel-ingenieros\"]},{\"@type\":\"Person\",\"@id\":\"https:\\\/\\\/gabitel.net\\\/de\\\/#\\\/schema\\\/person\\\/37ba53714c3fedb9c7d22f4bc781465c\",\"name\":\"user.autor\",\"url\":\"https:\\\/\\\/gabitel.net\\\/de\\\/author\\\/user-autor\\\/\"}]}<\/script>\n<!-- \/ Yoast SEO plugin. -->","yoast_head_json":{"title":"Nuestro equipo. Entrevista a \u00c1ngel Delgado - Gabitel","robots":{"index":"index","follow":"follow","max-snippet":"max-snippet:-1","max-image-preview":"max-image-preview:large","max-video-preview":"max-video-preview:-1"},"canonical":"https:\/\/gabitel.net\/de\/nuestro-equipo-entrevista-angel-delgado\/","og_locale":"de_DE","og_type":"article","og_title":"Nuestro equipo. Entrevista a \u00c1ngel Delgado - Gabitel","og_description":"\u2022 \u00bfC\u00f3mo comenz\u00f3 tu carrera profesional en Gabitel? Pues mi carrera profesional en Gabitel la comenc\u00e9 en mayo de 2017. Reci\u00e9n terminado el m\u00e1ster envi\u00e9 el curriculum ya que era la empresa que m\u00e1s se adaptaba a lo que buscaba profesionalmente y a los pocos meses tuve la suerte de recibir la llamada de Rosa [&hellip;]","og_url":"https:\/\/gabitel.net\/de\/nuestro-equipo-entrevista-angel-delgado\/","og_site_name":"Gabitel","article_publisher":"https:\/\/www.facebook.com\/gabitelingenieros\/","article_published_time":"2021-11-04T09:05:34+00:00","author":"user.autor","twitter_card":"summary_large_image","twitter_misc":{"Verfasst von":"user.autor","Gesch\u00e4tzte Lesezeit":"4\u00a0Minuten"},"schema":{"@context":"https:\/\/schema.org","@graph":[{"@type":["Article","BlogPosting"],"@id":"https:\/\/gabitel.net\/de\/nuestro-equipo-entrevista-angel-delgado\/#article","isPartOf":{"@id":"https:\/\/gabitel.net\/de\/nuestro-equipo-entrevista-angel-delgado\/"},"author":{"name":"user.autor","@id":"https:\/\/gabitel.net\/de\/#\/schema\/person\/37ba53714c3fedb9c7d22f4bc781465c"},"headline":"Nuestro equipo. Entrevista a \u00c1ngel Delgado","datePublished":"2021-11-04T09:05:34+00:00","mainEntityOfPage":{"@id":"https:\/\/gabitel.net\/de\/nuestro-equipo-entrevista-angel-delgado\/"},"wordCount":721,"publisher":{"@id":"https:\/\/gabitel.net\/de\/#organization"},"image":{"@id":"https:\/\/gabitel.net\/de\/nuestro-equipo-entrevista-angel-delgado\/#primaryimage"},"thumbnailUrl":"https:\/\/gabitel.net\/wp-content\/uploads\/2021\/11\/IMG_20211006_133540_Bokeh-min-scaled-1.jpg","articleSection":["Off-topic"],"inLanguage":"de"},{"@type":"WebPage","@id":"https:\/\/gabitel.net\/de\/nuestro-equipo-entrevista-angel-delgado\/","url":"https:\/\/gabitel.net\/de\/nuestro-equipo-entrevista-angel-delgado\/","name":"Nuestro equipo. Entrevista a \u00c1ngel Delgado - Gabitel","isPartOf":{"@id":"https:\/\/gabitel.net\/de\/#website"},"primaryImageOfPage":{"@id":"https:\/\/gabitel.net\/de\/nuestro-equipo-entrevista-angel-delgado\/#primaryimage"},"image":{"@id":"https:\/\/gabitel.net\/de\/nuestro-equipo-entrevista-angel-delgado\/#primaryimage"},"thumbnailUrl":"https:\/\/gabitel.net\/wp-content\/uploads\/2021\/11\/IMG_20211006_133540_Bokeh-min-scaled-1.jpg","datePublished":"2021-11-04T09:05:34+00:00","breadcrumb":{"@id":"https:\/\/gabitel.net\/de\/nuestro-equipo-entrevista-angel-delgado\/#breadcrumb"},"inLanguage":"de","potentialAction":[{"@type":"ReadAction","target":["https:\/\/gabitel.net\/de\/nuestro-equipo-entrevista-angel-delgado\/"]}]},{"@type":"ImageObject","inLanguage":"de","@id":"https:\/\/gabitel.net\/de\/nuestro-equipo-entrevista-angel-delgado\/#primaryimage","url":"https:\/\/gabitel.net\/wp-content\/uploads\/2021\/11\/IMG_20211006_133540_Bokeh-min-scaled-1.jpg","contentUrl":"https:\/\/gabitel.net\/wp-content\/uploads\/2021\/11\/IMG_20211006_133540_Bokeh-min-scaled-1.jpg","width":1920,"height":2560,"caption":"angel-delgado"},{"@type":"BreadcrumbList","@id":"https:\/\/gabitel.net\/de\/nuestro-equipo-entrevista-angel-delgado\/#breadcrumb","itemListElement":[{"@type":"ListItem","position":1,"name":"Portada","item":"https:\/\/gabitel.net\/de\/"},{"@type":"ListItem","position":2,"name":"Nuestro equipo. Entrevista a \u00c1ngel Delgado"}]},{"@type":"WebSite","@id":"https:\/\/gabitel.net\/de\/#website","url":"https:\/\/gabitel.net\/de\/","name":"Gabitel","description":"","publisher":{"@id":"https:\/\/gabitel.net\/de\/#organization"},"potentialAction":[{"@type":"SearchAction","target":{"@type":"EntryPoint","urlTemplate":"https:\/\/gabitel.net\/de\/?s={search_term_string}"},"query-input":{"@type":"PropertyValueSpecification","valueRequired":true,"valueName":"search_term_string"}}],"inLanguage":"de"},{"@type":"Organization","@id":"https:\/\/gabitel.net\/de\/#organization","name":"Gabitel","url":"https:\/\/gabitel.net\/de\/","logo":{"@type":"ImageObject","inLanguage":"de","@id":"https:\/\/gabitel.net\/de\/#\/schema\/logo\/image\/","url":"https:\/\/gabitel.net\/wp-content\/uploads\/2025\/05\/logo_gabitel.jpg","contentUrl":"https:\/\/gabitel.net\/wp-content\/uploads\/2025\/05\/logo_gabitel.jpg","width":2560,"height":1330,"caption":"Gabitel"},"image":{"@id":"https:\/\/gabitel.net\/de\/#\/schema\/logo\/image\/"},"sameAs":["https:\/\/www.facebook.com\/gabitelingenieros\/","https:\/\/es.linkedin.com\/company\/gabitel-ingenieros"]},{"@type":"Person","@id":"https:\/\/gabitel.net\/de\/#\/schema\/person\/37ba53714c3fedb9c7d22f4bc781465c","name":"user.autor","url":"https:\/\/gabitel.net\/de\/author\/user-autor\/"}]}},"_links":{"self":[{"href":"https:\/\/gabitel.net\/de\/wp-json\/wp\/v2\/posts\/32967","targetHints":{"allow":["GET"]}}],"collection":[{"href":"https:\/\/gabitel.net\/de\/wp-json\/wp\/v2\/posts"}],"about":[{"href":"https:\/\/gabitel.net\/de\/wp-json\/wp\/v2\/types\/post"}],"author":[{"embeddable":true,"href":"https:\/\/gabitel.net\/de\/wp-json\/wp\/v2\/users\/3"}],"replies":[{"embeddable":true,"href":"https:\/\/gabitel.net\/de\/wp-json\/wp\/v2\/comments?post=32967"}],"version-history":[{"count":0,"href":"https:\/\/gabitel.net\/de\/wp-json\/wp\/v2\/posts\/32967\/revisions"}],"wp:featuredmedia":[{"embeddable":true,"href":"https:\/\/gabitel.net\/de\/wp-json\/wp\/v2\/media\/34236"}],"wp:attachment":[{"href":"https:\/\/gabitel.net\/de\/wp-json\/wp\/v2\/media?parent=32967"}],"wp:term":[{"taxonomy":"category","embeddable":true,"href":"https:\/\/gabitel.net\/de\/wp-json\/wp\/v2\/categories?post=32967"},{"taxonomy":"post_tag","embeddable":true,"href":"https:\/\/gabitel.net\/de\/wp-json\/wp\/v2\/tags?post=32967"}],"curies":[{"name":"wp","href":"https:\/\/api.w.org\/{rel}","templated":true}]}}