{"id":32969,"date":"2021-11-04T09:36:18","date_gmt":"2021-11-04T08:36:18","guid":{"rendered":"https:\/\/gabitel.net\/bienvenidos-companers\/"},"modified":"2021-11-04T09:36:18","modified_gmt":"2021-11-04T08:36:18","slug":"bienvenidos-companers","status":"publish","type":"post","link":"https:\/\/gabitel.net\/de\/bienvenidos-companers\/","title":{"rendered":"\u00a1Bienvenidos compa\u00f1er@s!"},"content":{"rendered":"<p style=\"text-align: justify;\">En estos \u00faltimos meses se han sucedido cambios y acontecimientos que han hecho necesario que nuestro equipo crezca, apostando tanto por nuestro personal que comenzaron en la \u201ccantera\u201d iniciando su actividad laboral a trav\u00e9s de pr\u00e1cticas de empresa, confiando, tambi\u00e9n, en aquellos compa\u00f1eros que nos aportan conocimientos y experiencia laboral previa a Gabitel, y siguiendo nuestra pol\u00edtica,\u00a0 captando nuevos talentos que conf\u00edan en nuestra empresa para desarrollar su potencial.<\/p>\n<p style=\"text-align: justify;\">Es por ello, que queremos presentaros de primera mano, a todo el nuevo personal que este tiempo atr\u00e1s se ha ido uniendo a esta gran familia. <em>\u00a1Bienvenidos a casa!<\/em><\/p>\n<p><strong><em>DEPARTAMENTO DE TELECOMUNICACIONES<\/em><\/strong><\/p>\n<p style=\"text-align: justify;\"><strong>Jes\u00fas Caballero <\/strong>\u2013 <em>Oficina de Sevilla.<\/em> Graduado en Ingenier\u00eda Tecnol\u00f3gicas Industriales, \u00a0\u00a0\u00a0 desde el pasado mes de Octubre se uni\u00f3 al proyecto de SWISH \u2013 Aberla.<\/p>\n<p style=\"text-align: justify;\"><strong>Marta C\u00e1ceres<\/strong> &#8211; <em>Oficina de Sevilla. Graduado en Ingenier\u00eda de la Edificaci\u00f3n, <\/em>se uni\u00f3 al equipo el pasado mes de Octubre en el proyecto SWISH \u2013 Aberla.<\/p>\n<p><strong>Gema Valle <\/strong>&#8211; <em>Oficina de Sevilla. <\/em>Ingeniera T\u00e9cnica Naval, en Octubre comenz\u00f3 a formar parte del equipo del proyecto de SWISH \u2013 Aberla.<\/p>\n<p style=\"text-align: justify;\"><strong>Juan Francisco Fuentes<\/strong> &#8211; <em>Oficina de Sevilla<\/em>. T\u00e9cnico en Sistemas de las Telecomunicaciones, en Octubre comenz\u00f3 a formar parte del equipo del proyecto SWISH \u2013 Aberla.<\/p>\n<p style=\"text-align: justify;\"><strong>Federico Forero <\/strong>&#8211; <em>Oficina de Huelva<\/em>. Comenz\u00f3 su andadura en Gabitel el pasado mes de Julio como becario, gradudado en Ingenieria de Organizaci\u00f3n Industrial, y ya desde el pasado mes de Octubre oficialmente en plantilla vincualdo al proyecto de COMFICA EUSKALTEL.<\/p>\n<p style=\"text-align: justify;\"><strong>Santiago Gonz\u00e1lez<\/strong> &#8211; <em>Oficina de Huelva<\/em>. En julio de ete a\u00f1o comenz\u00f3 como becario para el proyecto CITYFIBRE, graduado en Ingenier\u00eda de las Telecomunicaciones y ya desde el pasado mes de Octubre se procedi\u00f3 a su contrataci\u00f3n.<\/p>\n<p style=\"text-align: justify;\"><strong>David Lora<\/strong> &#8211; <em>Oficina de Sevilla<\/em>. El pasado mes de Marzo inci\u00f3 sus pr\u00e1cticas del Ciclco Formativo de grado Superior de T\u00e9cnico en Sistemas de la Telecomunicaciones y en el pasado mes de septiembre se uni\u00f3 al equipo de SWISH \u2013 Aberla.<\/p>\n<p style=\"text-align: justify;\"><strong>Francisco Pomares <\/strong>&#8211; <em>Oficina de Huelva<\/em>. Graduado en Ingenier\u00eda Mec\u00e1nica se uni\u00f3 el pasado mes de Octubre al equipo del proyecto de VALORACIONES SUCS<\/p>\n<p style=\"text-align: justify;\"><strong>Roberto Gallo<\/strong> &#8211; <em>Oficina de Sevilla<\/em>. Graduado en Ingenier\u00eda Electr\u00f3nica comenz\u00f3 en el proyecto NOKIA POLONIA como becario, transcurridos estos seis meses de pr\u00e1cticas, se procedi\u00f3 a su contrataci\u00f3n vinculado al mismo proyecto.<\/p>\n<\/p>\n<p><img decoding=\"async\" src=\"https:\/\/gabitelingenieros.com\/wp-content\/uploads\/2021\/11\/marta-caceres-min.jpg\" alt=\"\u00a1Bienvenidos compa\u00f1er@s! | Gabitel Ingenieros\" \/><\/p>\n<p><img decoding=\"async\" src=\"https:\/\/gabitelingenieros.com\/wp-content\/uploads\/2021\/11\/Gema-valle-min.jpg\" alt=\"\u00a1Bienvenidos compa\u00f1er@s! | Gabitel Ingenieros\" \/><\/p>\n<p><img decoding=\"async\" src=\"https:\/\/gabitelingenieros.com\/wp-content\/uploads\/2021\/11\/juan-francisco-fuentes-min.jpg\" alt=\"\u00a1Bienvenidos compa\u00f1er@s! | Gabitel Ingenieros\" \/><\/p>\n<p><img decoding=\"async\" src=\"https:\/\/gabitelingenieros.com\/wp-content\/uploads\/2021\/11\/federico-forero-min.jpg\" alt=\"\u00a1Bienvenidos compa\u00f1er@s! | Gabitel Ingenieros\" \/><\/p>\n<p><img decoding=\"async\" src=\"https:\/\/gabitelingenieros.com\/wp-content\/uploads\/2021\/11\/santiago-gonzalez-min.jpg\" alt=\"\u00a1Bienvenidos compa\u00f1er@s! | Gabitel Ingenieros\" \/><\/p>\n<p><img decoding=\"async\" src=\"https:\/\/gabitelingenieros.com\/wp-content\/uploads\/2021\/11\/david-lora-min.jpg\" alt=\"\u00a1Bienvenidos compa\u00f1er@s! | Gabitel Ingenieros\" \/><\/p>\n<p><img decoding=\"async\" src=\"https:\/\/gabitelingenieros.com\/wp-content\/uploads\/2021\/11\/francisco-pomares-min.jpg\" alt=\"\u00a1Bienvenidos compa\u00f1er@s! | Gabitel Ingenieros\" \/><\/p>\n<p><img decoding=\"async\" src=\"https:\/\/gabitelingenieros.com\/wp-content\/uploads\/2021\/11\/roberto-gallo-min.jpg\" alt=\"\u00a1Bienvenidos compa\u00f1er@s! | Gabitel Ingenieros\" \/><\/p>\n<p><strong><em>DEPARTAMENTO DE INDUSTRIA Y ENERGIAS RENOVABLES.<\/em><\/strong><\/p>\n<p style=\"text-align: justify;\"><strong>Alfonso Delgado<\/strong> &#8211; <em>Oficina de Sevilla<\/em>. Graduado en Ingenier\u00eda de la Tecnolog\u00eda actualmente est\u00e1 colaborando como becario en varios proyectos del departamento.\u00a0<\/p>\n<p style=\"text-align: justify;\"><strong>David Morian<\/strong> &#8211; <em>Oficina de Huelva. El pasado mes de abril, se incorpor\u00f3 como becario colaborando en los distintos proyectos vinculados al departamento, \u00e9l es graduado en Ingenier\u00eda el\u00e9ctrica, \u00a0y desde este pasado mes de Octubre tras finalizar su periodo de pr\u00e1cticas fue contratado.<\/em><\/p>\n<p style=\"text-align: justify;\"><strong>Alejandro Monge<\/strong> &#8211; <em>Oficina de Huelva<\/em>. Graduado en Ingenier\u00eda El\u00e9ctrica, en el mes de abril inici\u00f3 sus pr\u00e1cticas en el departamento colaborando en diversos proyectos y este mes de Octubre pas\u00f3 a ser contratado.<\/p>\n<p style=\"text-align: justify;\"><strong>Teresa V\u00e1zquez<\/strong> &#8211; <em>Oficina de Huelva<\/em>. Se ha incorporado recientemente como becaria al departamento colaborado en la gesti\u00f3n de Prevenci\u00f3n de Riesgos Laborales de la empresa.<\/p>\n<p><img decoding=\"async\" src=\"https:\/\/gabitelingenieros.com\/wp-content\/uploads\/2021\/11\/alfonso-delgado-min.jpg\" alt=\"\u00a1Bienvenidos compa\u00f1er@s! | Gabitel Ingenieros\" \/><\/p>\n<p><img decoding=\"async\" src=\"https:\/\/gabitelingenieros.com\/wp-content\/uploads\/2021\/08\/david-moiran-min.png\" alt=\"\u00a1Bienvenidos compa\u00f1er@s! | Gabitel Ingenieros\" \/><\/p>\n<p><img decoding=\"async\" src=\"https:\/\/gabitelingenieros.com\/wp-content\/uploads\/2021\/11\/alejandro-monge-min.jpg\" alt=\"\u00a1Bienvenidos compa\u00f1er@s! | Gabitel Ingenieros\" \/><\/p>\n<p><strong><em>DEPARTAMENTO DE INDUSTRIA AGROALIMENTARIA.<\/em><\/strong><\/p>\n<p style=\"text-align: justify;\"><strong>Cristina Urbano &#8211; <\/strong><em>Oficina de Huelva<\/em>. Como graduada en Ciencias Ambientales, inici\u00f3 sus pr\u00e1cticas extracurriculares el pasado mes de abril colaborando con varios proyectos del departamento. Tras finalizar su periodo como becaria ha pasado a ser contratada.<\/p>\n<p><img decoding=\"async\" src=\"https:\/\/gabitelingenieros.com\/wp-content\/uploads\/2021\/11\/cristina-urbano-min.jpg\" alt=\"\u00a1Bienvenidos compa\u00f1er@s! | Gabitel Ingenieros\" \/><\/p>\n<p><strong><em>DEPARTAMENTO DE ADMINISTRACION Y CONTABILIDAD.<\/em><\/strong><\/p>\n<p style=\"text-align: justify;\"><strong>Candela N\u00fa\u00f1ez <em>&#8211; <\/em><\/strong><em>Oficina de Huelva<\/em>. En su ultima etapa del Doble Grado de ADE y FICO, inici\u00f3 sus pr\u00e1cticas extracurriculares en julio en el Departamento de Administraci\u00f3n. A final de este mes de octubre pas\u00f3 a ser contratada llevando el \u00e1rea de la recepci\u00f3n y continuando colaborando en la parte de administraci\u00f3n.<\/p>\n<p><strong><em>DEPARTAMENTO DE ENERGIA.<\/em><\/strong><\/p>\n<p style=\"text-align: justify;\"><strong>Marc Ortega &#8211; <\/strong><em>Oficina de Tarragona<\/em>. Graduado en Ingenier\u00eda El\u00e9ctrica comienza como parte del equipo en el nuevo proyecto de Endesa en Tarragona en el \u00e1rea de Nuevos Suministros.<\/p>\n<p style=\"text-align: justify;\"><strong>Lucia Tamayo<\/strong> <strong>&#8211; <\/strong><em>Oficina de Tarragona<\/em>. Graduada en Ingenier\u00eda Energ\u00e9tica, inici\u00f3 sus pr\u00e1cticas extracurriculares en 2018 en el mismo Departamento en nuestras oficinas de Huelva. Casualidades del destino, en septiembre de este a\u00f1o se uni\u00f3 al proyecto de Endesa en Catalu\u00f1a.<\/p>\n<p style=\"text-align: justify;\"><strong>Mar\u00eda Les i Fuguet<\/strong> &#8211; <em>Oficina de Tarragona<\/em>. Graduada en Ingenier\u00eda Mec\u00e1nica se uni\u00f3 al equipo de Catalu\u00f1a en octubre a la parte de Nuevos Suministros del nuevo contrato de Endesa.<\/p>\n<p style=\"text-align: justify;\"><strong>Alberto Fern\u00e1ndez<\/strong> &#8211; <em>Oficina de Lleida<\/em>. Ingeniero T\u00e9cnico en Obras P\u00fablicas, se une recientemente al nuevo equipo de Lleida, realizando trabajo de campo como top\u00f3grafo para el nuevo proyecto de Endesa.<\/p>\n<p style=\"text-align: justify;\"><strong>Fina Alfocea<\/strong> &#8211; <em>Oficina de Lleida<\/em>. En este mes de noviembre se une al equipo de Catalu\u00f1a en el \u00e1rea de Tramitaciones del nuevo proyecto de Endesa, aportando una amplia experiencia en este contrato.<\/p>\n<p style=\"text-align: justify;\"><strong>Judit Bonachi<\/strong> &#8211; <em>Oficina de Tarragona<\/em>. En el mes de octubre, teniendo el grado en Ingenier\u00eda Electr\u00f3nica, se une al proyecto de Endesa en Catalu\u00f1a dentro de del \u00e1rea de Tramitaciones.<\/p>\n<p style=\"text-align: justify;\"><strong>Jairo Ruiz<\/strong> &#8211; <em>Oficina de Tarragona<\/em>. Se incorpora en octubre al equipo de Tarragona al nuevo contrato de Catalu\u00f1a, es T\u00e9cnico en Electricidad, y lleva el trabajo de campo del \u00e1rea de Nuevos Suministros.<\/p>\n<p style=\"text-align: justify;\"><strong>Jes\u00fas Villanueva<\/strong> &#8211; <em>Oficina de Tarragona<\/em>. T\u00e9cnico en electricidad, en el pasado mes de Octubre se une al nuevo contrato de Endesa Catalu\u00f1a, llevando el trabajo de campo del \u00e1rea de Tramitaciones.<\/p>\n<p style=\"text-align: justify;\"><strong>Laura Mintegui<\/strong> &#8211; <em>Oficina de Tarragona<\/em>. Se une al equipo del nuevo proyecto de Endesa en Catalu\u00f1a en el \u00e1rea de Tramitaciones aportando una amplia experiencia en este proyecto.<\/p>\n<p><img decoding=\"async\" src=\"https:\/\/gabitelingenieros.com\/wp-content\/uploads\/2021\/08\/marc-ortega-min.jpg\" alt=\"\u00a1Bienvenidos compa\u00f1er@s! | Gabitel Ingenieros\" \/><\/p>\n<\/p>\n<p><img decoding=\"async\" src=\"https:\/\/gabitelingenieros.com\/wp-content\/uploads\/2021\/11\/maria-fuget-min.jpg\" alt=\"\u00a1Bienvenidos compa\u00f1er@s! | Gabitel Ingenieros\" \/><\/p>\n<p><img decoding=\"async\" src=\"https:\/\/gabitelingenieros.com\/wp-content\/uploads\/2021\/08\/alberto-fernandez-min.jpg\" alt=\"\u00a1Bienvenidos compa\u00f1er@s! | Gabitel Ingenieros\" \/><\/p>\n<p><img decoding=\"async\" src=\"https:\/\/gabitelingenieros.com\/wp-content\/uploads\/2021\/11\/fina-alfocea-min.jpg\" alt=\"\u00a1Bienvenidos compa\u00f1er@s! | Gabitel Ingenieros\" \/><\/p>\n<p style=\"text-align: justify;\">El equipo continua creciendo, no nos quedamos aqu\u00ed, a lo largo de estas pr\u00f3ximas semanas nuevos compa\u00f1eros continuar\u00e1n uni\u00e9ndose a Gabitel y podremos conocerlos.<\/p>\n","protected":false},"excerpt":{"rendered":"<p>En estos \u00faltimos meses se han sucedido cambios y acontecimientos que han hecho necesario que nuestro equipo crezca, apostando tanto por nuestro personal que comenzaron en la \u201ccantera\u201d iniciando su actividad laboral a trav\u00e9s de pr\u00e1cticas de empresa, confiando, tambi\u00e9n, en aquellos compa\u00f1eros que nos aportan conocimientos y experiencia laboral previa a Gabitel, y siguiendo [&hellip;]<\/p>\n","protected":false},"author":3,"featured_media":34234,"comment_status":"closed","ping_status":"closed","sticky":false,"template":"","format":"standard","meta":{"content-type":"","footnotes":""},"categories":[600],"tags":[],"class_list":["post-32969","post","type-post","status-publish","format-standard","has-post-thumbnail","hentry","category-off-topic-de"],"yoast_head":"<!-- This site is optimized with the Yoast SEO plugin v27.5 - https:\/\/yoast.com\/product\/yoast-seo-wordpress\/ -->\n<title>\u00a1Bienvenidos compa\u00f1er@s! - Gabitel<\/title>\n<meta name=\"robots\" content=\"index, follow, max-snippet:-1, max-image-preview:large, max-video-preview:-1\" \/>\n<link rel=\"canonical\" href=\"https:\/\/gabitel.net\/de\/bienvenidos-companers\/\" \/>\n<meta property=\"og:locale\" content=\"de_DE\" \/>\n<meta property=\"og:type\" content=\"article\" \/>\n<meta property=\"og:title\" content=\"\u00a1Bienvenidos compa\u00f1er@s! - Gabitel\" \/>\n<meta property=\"og:description\" content=\"En estos \u00faltimos meses se han sucedido cambios y acontecimientos que han hecho necesario que nuestro equipo crezca, apostando tanto por nuestro personal que comenzaron en la \u201ccantera\u201d iniciando su actividad laboral a trav\u00e9s de pr\u00e1cticas de empresa, confiando, tambi\u00e9n, en aquellos compa\u00f1eros que nos aportan conocimientos y experiencia laboral previa a Gabitel, y siguiendo [&hellip;]\" \/>\n<meta property=\"og:url\" content=\"https:\/\/gabitel.net\/de\/bienvenidos-companers\/\" \/>\n<meta property=\"og:site_name\" content=\"Gabitel\" \/>\n<meta property=\"article:publisher\" content=\"https:\/\/www.facebook.com\/gabitelingenieros\/\" \/>\n<meta property=\"article:published_time\" content=\"2021-11-04T08:36:18+00:00\" \/>\n<meta property=\"og:image\" content=\"https:\/\/gabitelingenieros.com\/wp-content\/uploads\/2021\/11\/marta-caceres-min.jpg\" \/>\n<meta name=\"author\" content=\"user.autor\" \/>\n<meta name=\"twitter:card\" content=\"summary_large_image\" \/>\n<meta name=\"twitter:label1\" content=\"Verfasst von\" \/>\n\t<meta name=\"twitter:data1\" content=\"user.autor\" \/>\n\t<meta name=\"twitter:label2\" content=\"Gesch\u00e4tzte Lesezeit\" \/>\n\t<meta name=\"twitter:data2\" content=\"5\u00a0Minuten\" \/>\n<script type=\"application\/ld+json\" class=\"yoast-schema-graph\">{\"@context\":\"https:\\\/\\\/schema.org\",\"@graph\":[{\"@type\":[\"Article\",\"BlogPosting\"],\"@id\":\"https:\\\/\\\/gabitel.net\\\/de\\\/bienvenidos-companers\\\/#article\",\"isPartOf\":{\"@id\":\"https:\\\/\\\/gabitel.net\\\/de\\\/bienvenidos-companers\\\/\"},\"author\":{\"name\":\"user.autor\",\"@id\":\"https:\\\/\\\/gabitel.net\\\/de\\\/#\\\/schema\\\/person\\\/37ba53714c3fedb9c7d22f4bc781465c\"},\"headline\":\"\u00a1Bienvenidos compa\u00f1er@s!\",\"datePublished\":\"2021-11-04T08:36:18+00:00\",\"mainEntityOfPage\":{\"@id\":\"https:\\\/\\\/gabitel.net\\\/de\\\/bienvenidos-companers\\\/\"},\"wordCount\":1000,\"publisher\":{\"@id\":\"https:\\\/\\\/gabitel.net\\\/de\\\/#organization\"},\"image\":{\"@id\":\"https:\\\/\\\/gabitel.net\\\/de\\\/bienvenidos-companers\\\/#primaryimage\"},\"thumbnailUrl\":\"https:\\\/\\\/gabitel.net\\\/wp-content\\\/uploads\\\/2021\\\/11\\\/bienvenidos-min-scaled-1.jpg\",\"articleSection\":[\"Off-topic\"],\"inLanguage\":\"de\"},{\"@type\":\"WebPage\",\"@id\":\"https:\\\/\\\/gabitel.net\\\/de\\\/bienvenidos-companers\\\/\",\"url\":\"https:\\\/\\\/gabitel.net\\\/de\\\/bienvenidos-companers\\\/\",\"name\":\"\u00a1Bienvenidos compa\u00f1er@s! - Gabitel\",\"isPartOf\":{\"@id\":\"https:\\\/\\\/gabitel.net\\\/de\\\/#website\"},\"primaryImageOfPage\":{\"@id\":\"https:\\\/\\\/gabitel.net\\\/de\\\/bienvenidos-companers\\\/#primaryimage\"},\"image\":{\"@id\":\"https:\\\/\\\/gabitel.net\\\/de\\\/bienvenidos-companers\\\/#primaryimage\"},\"thumbnailUrl\":\"https:\\\/\\\/gabitel.net\\\/wp-content\\\/uploads\\\/2021\\\/11\\\/bienvenidos-min-scaled-1.jpg\",\"datePublished\":\"2021-11-04T08:36:18+00:00\",\"breadcrumb\":{\"@id\":\"https:\\\/\\\/gabitel.net\\\/de\\\/bienvenidos-companers\\\/#breadcrumb\"},\"inLanguage\":\"de\",\"potentialAction\":[{\"@type\":\"ReadAction\",\"target\":[\"https:\\\/\\\/gabitel.net\\\/de\\\/bienvenidos-companers\\\/\"]}]},{\"@type\":\"ImageObject\",\"inLanguage\":\"de\",\"@id\":\"https:\\\/\\\/gabitel.net\\\/de\\\/bienvenidos-companers\\\/#primaryimage\",\"url\":\"https:\\\/\\\/gabitel.net\\\/wp-content\\\/uploads\\\/2021\\\/11\\\/bienvenidos-min-scaled-1.jpg\",\"contentUrl\":\"https:\\\/\\\/gabitel.net\\\/wp-content\\\/uploads\\\/2021\\\/11\\\/bienvenidos-min-scaled-1.jpg\",\"width\":2560,\"height\":1829,\"caption\":\"bienvenidos-Gabitel\"},{\"@type\":\"BreadcrumbList\",\"@id\":\"https:\\\/\\\/gabitel.net\\\/de\\\/bienvenidos-companers\\\/#breadcrumb\",\"itemListElement\":[{\"@type\":\"ListItem\",\"position\":1,\"name\":\"Portada\",\"item\":\"https:\\\/\\\/gabitel.net\\\/de\\\/\"},{\"@type\":\"ListItem\",\"position\":2,\"name\":\"\u00a1Bienvenidos compa\u00f1er@s!\"}]},{\"@type\":\"WebSite\",\"@id\":\"https:\\\/\\\/gabitel.net\\\/de\\\/#website\",\"url\":\"https:\\\/\\\/gabitel.net\\\/de\\\/\",\"name\":\"Gabitel\",\"description\":\"\",\"publisher\":{\"@id\":\"https:\\\/\\\/gabitel.net\\\/de\\\/#organization\"},\"potentialAction\":[{\"@type\":\"SearchAction\",\"target\":{\"@type\":\"EntryPoint\",\"urlTemplate\":\"https:\\\/\\\/gabitel.net\\\/de\\\/?s={search_term_string}\"},\"query-input\":{\"@type\":\"PropertyValueSpecification\",\"valueRequired\":true,\"valueName\":\"search_term_string\"}}],\"inLanguage\":\"de\"},{\"@type\":\"Organization\",\"@id\":\"https:\\\/\\\/gabitel.net\\\/de\\\/#organization\",\"name\":\"Gabitel\",\"url\":\"https:\\\/\\\/gabitel.net\\\/de\\\/\",\"logo\":{\"@type\":\"ImageObject\",\"inLanguage\":\"de\",\"@id\":\"https:\\\/\\\/gabitel.net\\\/de\\\/#\\\/schema\\\/logo\\\/image\\\/\",\"url\":\"https:\\\/\\\/gabitel.net\\\/wp-content\\\/uploads\\\/2025\\\/05\\\/logo_gabitel.jpg\",\"contentUrl\":\"https:\\\/\\\/gabitel.net\\\/wp-content\\\/uploads\\\/2025\\\/05\\\/logo_gabitel.jpg\",\"width\":2560,\"height\":1330,\"caption\":\"Gabitel\"},\"image\":{\"@id\":\"https:\\\/\\\/gabitel.net\\\/de\\\/#\\\/schema\\\/logo\\\/image\\\/\"},\"sameAs\":[\"https:\\\/\\\/www.facebook.com\\\/gabitelingenieros\\\/\",\"https:\\\/\\\/es.linkedin.com\\\/company\\\/gabitel-ingenieros\"]},{\"@type\":\"Person\",\"@id\":\"https:\\\/\\\/gabitel.net\\\/de\\\/#\\\/schema\\\/person\\\/37ba53714c3fedb9c7d22f4bc781465c\",\"name\":\"user.autor\",\"url\":\"https:\\\/\\\/gabitel.net\\\/de\\\/author\\\/user-autor\\\/\"}]}<\/script>\n<!-- \/ Yoast SEO plugin. -->","yoast_head_json":{"title":"\u00a1Bienvenidos compa\u00f1er@s! - Gabitel","robots":{"index":"index","follow":"follow","max-snippet":"max-snippet:-1","max-image-preview":"max-image-preview:large","max-video-preview":"max-video-preview:-1"},"canonical":"https:\/\/gabitel.net\/de\/bienvenidos-companers\/","og_locale":"de_DE","og_type":"article","og_title":"\u00a1Bienvenidos compa\u00f1er@s! - Gabitel","og_description":"En estos \u00faltimos meses se han sucedido cambios y acontecimientos que han hecho necesario que nuestro equipo crezca, apostando tanto por nuestro personal que comenzaron en la \u201ccantera\u201d iniciando su actividad laboral a trav\u00e9s de pr\u00e1cticas de empresa, confiando, tambi\u00e9n, en aquellos compa\u00f1eros que nos aportan conocimientos y experiencia laboral previa a Gabitel, y siguiendo [&hellip;]","og_url":"https:\/\/gabitel.net\/de\/bienvenidos-companers\/","og_site_name":"Gabitel","article_publisher":"https:\/\/www.facebook.com\/gabitelingenieros\/","article_published_time":"2021-11-04T08:36:18+00:00","og_image":[{"url":"https:\/\/gabitelingenieros.com\/wp-content\/uploads\/2021\/11\/marta-caceres-min.jpg","type":"","width":"","height":""}],"author":"user.autor","twitter_card":"summary_large_image","twitter_misc":{"Verfasst von":"user.autor","Gesch\u00e4tzte Lesezeit":"5\u00a0Minuten"},"schema":{"@context":"https:\/\/schema.org","@graph":[{"@type":["Article","BlogPosting"],"@id":"https:\/\/gabitel.net\/de\/bienvenidos-companers\/#article","isPartOf":{"@id":"https:\/\/gabitel.net\/de\/bienvenidos-companers\/"},"author":{"name":"user.autor","@id":"https:\/\/gabitel.net\/de\/#\/schema\/person\/37ba53714c3fedb9c7d22f4bc781465c"},"headline":"\u00a1Bienvenidos compa\u00f1er@s!","datePublished":"2021-11-04T08:36:18+00:00","mainEntityOfPage":{"@id":"https:\/\/gabitel.net\/de\/bienvenidos-companers\/"},"wordCount":1000,"publisher":{"@id":"https:\/\/gabitel.net\/de\/#organization"},"image":{"@id":"https:\/\/gabitel.net\/de\/bienvenidos-companers\/#primaryimage"},"thumbnailUrl":"https:\/\/gabitel.net\/wp-content\/uploads\/2021\/11\/bienvenidos-min-scaled-1.jpg","articleSection":["Off-topic"],"inLanguage":"de"},{"@type":"WebPage","@id":"https:\/\/gabitel.net\/de\/bienvenidos-companers\/","url":"https:\/\/gabitel.net\/de\/bienvenidos-companers\/","name":"\u00a1Bienvenidos compa\u00f1er@s! - Gabitel","isPartOf":{"@id":"https:\/\/gabitel.net\/de\/#website"},"primaryImageOfPage":{"@id":"https:\/\/gabitel.net\/de\/bienvenidos-companers\/#primaryimage"},"image":{"@id":"https:\/\/gabitel.net\/de\/bienvenidos-companers\/#primaryimage"},"thumbnailUrl":"https:\/\/gabitel.net\/wp-content\/uploads\/2021\/11\/bienvenidos-min-scaled-1.jpg","datePublished":"2021-11-04T08:36:18+00:00","breadcrumb":{"@id":"https:\/\/gabitel.net\/de\/bienvenidos-companers\/#breadcrumb"},"inLanguage":"de","potentialAction":[{"@type":"ReadAction","target":["https:\/\/gabitel.net\/de\/bienvenidos-companers\/"]}]},{"@type":"ImageObject","inLanguage":"de","@id":"https:\/\/gabitel.net\/de\/bienvenidos-companers\/#primaryimage","url":"https:\/\/gabitel.net\/wp-content\/uploads\/2021\/11\/bienvenidos-min-scaled-1.jpg","contentUrl":"https:\/\/gabitel.net\/wp-content\/uploads\/2021\/11\/bienvenidos-min-scaled-1.jpg","width":2560,"height":1829,"caption":"bienvenidos-Gabitel"},{"@type":"BreadcrumbList","@id":"https:\/\/gabitel.net\/de\/bienvenidos-companers\/#breadcrumb","itemListElement":[{"@type":"ListItem","position":1,"name":"Portada","item":"https:\/\/gabitel.net\/de\/"},{"@type":"ListItem","position":2,"name":"\u00a1Bienvenidos compa\u00f1er@s!"}]},{"@type":"WebSite","@id":"https:\/\/gabitel.net\/de\/#website","url":"https:\/\/gabitel.net\/de\/","name":"Gabitel","description":"","publisher":{"@id":"https:\/\/gabitel.net\/de\/#organization"},"potentialAction":[{"@type":"SearchAction","target":{"@type":"EntryPoint","urlTemplate":"https:\/\/gabitel.net\/de\/?s={search_term_string}"},"query-input":{"@type":"PropertyValueSpecification","valueRequired":true,"valueName":"search_term_string"}}],"inLanguage":"de"},{"@type":"Organization","@id":"https:\/\/gabitel.net\/de\/#organization","name":"Gabitel","url":"https:\/\/gabitel.net\/de\/","logo":{"@type":"ImageObject","inLanguage":"de","@id":"https:\/\/gabitel.net\/de\/#\/schema\/logo\/image\/","url":"https:\/\/gabitel.net\/wp-content\/uploads\/2025\/05\/logo_gabitel.jpg","contentUrl":"https:\/\/gabitel.net\/wp-content\/uploads\/2025\/05\/logo_gabitel.jpg","width":2560,"height":1330,"caption":"Gabitel"},"image":{"@id":"https:\/\/gabitel.net\/de\/#\/schema\/logo\/image\/"},"sameAs":["https:\/\/www.facebook.com\/gabitelingenieros\/","https:\/\/es.linkedin.com\/company\/gabitel-ingenieros"]},{"@type":"Person","@id":"https:\/\/gabitel.net\/de\/#\/schema\/person\/37ba53714c3fedb9c7d22f4bc781465c","name":"user.autor","url":"https:\/\/gabitel.net\/de\/author\/user-autor\/"}]}},"_links":{"self":[{"href":"https:\/\/gabitel.net\/de\/wp-json\/wp\/v2\/posts\/32969","targetHints":{"allow":["GET"]}}],"collection":[{"href":"https:\/\/gabitel.net\/de\/wp-json\/wp\/v2\/posts"}],"about":[{"href":"https:\/\/gabitel.net\/de\/wp-json\/wp\/v2\/types\/post"}],"author":[{"embeddable":true,"href":"https:\/\/gabitel.net\/de\/wp-json\/wp\/v2\/users\/3"}],"replies":[{"embeddable":true,"href":"https:\/\/gabitel.net\/de\/wp-json\/wp\/v2\/comments?post=32969"}],"version-history":[{"count":0,"href":"https:\/\/gabitel.net\/de\/wp-json\/wp\/v2\/posts\/32969\/revisions"}],"wp:featuredmedia":[{"embeddable":true,"href":"https:\/\/gabitel.net\/de\/wp-json\/wp\/v2\/media\/34234"}],"wp:attachment":[{"href":"https:\/\/gabitel.net\/de\/wp-json\/wp\/v2\/media?parent=32969"}],"wp:term":[{"taxonomy":"category","embeddable":true,"href":"https:\/\/gabitel.net\/de\/wp-json\/wp\/v2\/categories?post=32969"},{"taxonomy":"post_tag","embeddable":true,"href":"https:\/\/gabitel.net\/de\/wp-json\/wp\/v2\/tags?post=32969"}],"curies":[{"name":"wp","href":"https:\/\/api.w.org\/{rel}","templated":true}]}}