{"id":32979,"date":"2021-09-03T12:36:48","date_gmt":"2021-09-03T10:36:48","guid":{"rendered":"https:\/\/gabitel.net\/transformacion-digital-capitulo-ii-ms-365\/"},"modified":"2021-09-03T12:36:48","modified_gmt":"2021-09-03T10:36:48","slug":"transformacion-digital-capitulo-ii-ms-365","status":"publish","type":"post","link":"https:\/\/gabitel.net\/de\/transformacion-digital-capitulo-ii-ms-365\/","title":{"rendered":"Transformaci\u00f3n Digital Cap\u00edtulo II. MS 365"},"content":{"rendered":"<p style=\"text-align: justify;\">Como ya se comunic\u00f3 en Mayo, Gabitel, como parte de su plan de digitalizaci\u00f3n y automatizaci\u00f3n de servicios contar\u00e1 a partir de septiembre con la Suite de Microsoft 365.<\/p>\n<p style=\"text-align: justify;\">\n<p style=\"text-align: justify;\">Durante los meses de Juilio y Agosto nuestro de departamento de sistemas ha estado trabajando en un proyecto piloto para poder as\u00ed poder lanzar este servicio a finales de este mes.<\/p>\n<p style=\"text-align: justify;\">Han sido semanas de intenso trabajo que finalmente han acabado con la creaci\u00f3n de una infraestructura propia dentro del entorno de Microsoft.<\/p>\n<p style=\"text-align: justify;\">Gabitel, as\u00ed como sus empleados, contar\u00e1n con esta herramienta de colaboraci\u00f3n que nos permitir\u00e1:<\/p>\n<ul>\n<li>La capacidad de trabajar en cualquier momento y desde cualquier lugar<\/li>\n<li>Comunicarse por videoconferencia con cualquier persona<\/li>\n<li>Compartir su trabajo en tiempo real y con total seguridad<\/li>\n<li>Utilizar el correo electr\u00f3nico, el calendario y la informaci\u00f3n de los contactos desde pr\u00e1cticamente todo tipo de dispositivos<\/li>\n<li>Disponer de una intranet de colaboraci\u00f3n para todos los empleados<\/li>\n<li>Controlar toda la informaci\u00f3n de la empresa con robustos controles de seguridad y privacidad.<\/li>\n<\/ul>\n<p style=\"text-align: justify;\">Son muchos los beneficios de migrar a Microsoft 365, una plataforma de productividad, comunicaci\u00f3n y colaboraci\u00f3n alojada en la nube que agrupa las principales herramientas de mayor valor y en su versi\u00f3n m\u00e1s reciente.<\/p>\n<p style=\"text-align: justify;\"><strong>Principales beneficios migrar a Microsoft 365<\/strong><\/p>\n<p style=\"text-align: justify;\">La mejor herramienta de comunicaci\u00f3n: Organiza reuniones online, realiza llamadas, chatea, comparte archivos y colabora en tiempo real con Microsoft Teams. Todo ello, sum\u00e1ndole la capacidad de ser un Hub de aplicaciones integradas, creando automatizaciones en los flujos de trabajo y agentes virtuales.<\/p>\n<p style=\"text-align: justify;\">Almacenamiento en la nube. Hasta 1TB en OneDrive para administrar tus archivos desde cualquier parte y dispositivo, con toda la seguridad que necesitas.<\/p>\n<p style=\"text-align: justify;\">\n<p style=\"text-align: justify;\">L\u00edmite de 50GB de almacenamiento del buz\u00f3n por usuario, adem\u00e1s de Exchange para gestionar tu calendario. Disfruta de hasta 150 MB en correos adjuntos.<\/p>\n<p style=\"text-align: justify;\">Y como siempre, sigue contando con archivos de Word, Excel y PowerPoint, pero esta vez con la ventaja de compartirlos y colaborar con ellos y tu equipo a trav\u00e9s de Microsoft Teams.<\/p>\n<p style=\"text-align: justify;\">\n<p style=\"text-align: justify;\">Todo ello ha supuesto un gran esfuerzo tanto t\u00e9cnico como econ\u00f3mico que estamos seguros ser\u00e1 de gran ayuda a los proyectos vigentes y a los que est\u00e1n por venir. Nos impulsar\u00e1 en nuestro proceso de internacionalizaci\u00f3n y nos permitir\u00e1 tener unas comunicaciones m\u00e1s directas con nuestros clientes.<\/p>\n<p style=\"text-align: justify;\">En Gabitel seguimos creyendo que innovar e invertir en tecnolog\u00eda es la mejor v\u00eda para un futuro prometedor.<\/p>\n","protected":false},"excerpt":{"rendered":"<p>Como ya se comunic\u00f3 en Mayo, Gabitel, como parte de su plan de digitalizaci\u00f3n y automatizaci\u00f3n de servicios contar\u00e1 a partir de septiembre con la Suite de Microsoft 365. Durante los meses de Juilio y Agosto nuestro de departamento de sistemas ha estado trabajando en un proyecto piloto para poder as\u00ed poder lanzar este servicio [&hellip;]<\/p>\n","protected":false},"author":3,"featured_media":34140,"comment_status":"closed","ping_status":"closed","sticky":false,"template":"","format":"standard","meta":{"content-type":"","footnotes":""},"categories":[600],"tags":[],"class_list":["post-32979","post","type-post","status-publish","format-standard","has-post-thumbnail","hentry","category-off-topic-de"],"yoast_head":"<!-- This site is optimized with the Yoast SEO plugin v27.5 - https:\/\/yoast.com\/product\/yoast-seo-wordpress\/ -->\n<title>Transformaci\u00f3n Digital Cap\u00edtulo II. MS 365 - Gabitel<\/title>\n<meta name=\"robots\" content=\"index, follow, max-snippet:-1, max-image-preview:large, max-video-preview:-1\" \/>\n<link rel=\"canonical\" href=\"https:\/\/gabitel.net\/de\/transformacion-digital-capitulo-ii-ms-365\/\" \/>\n<meta property=\"og:locale\" content=\"de_DE\" \/>\n<meta property=\"og:type\" content=\"article\" \/>\n<meta property=\"og:title\" content=\"Transformaci\u00f3n Digital Cap\u00edtulo II. MS 365 - Gabitel\" \/>\n<meta property=\"og:description\" content=\"Como ya se comunic\u00f3 en Mayo, Gabitel, como parte de su plan de digitalizaci\u00f3n y automatizaci\u00f3n de servicios contar\u00e1 a partir de septiembre con la Suite de Microsoft 365. Durante los meses de Juilio y Agosto nuestro de departamento de sistemas ha estado trabajando en un proyecto piloto para poder as\u00ed poder lanzar este servicio [&hellip;]\" \/>\n<meta property=\"og:url\" content=\"https:\/\/gabitel.net\/de\/transformacion-digital-capitulo-ii-ms-365\/\" \/>\n<meta property=\"og:site_name\" content=\"Gabitel\" \/>\n<meta property=\"article:publisher\" content=\"https:\/\/www.facebook.com\/gabitelingenieros\/\" \/>\n<meta property=\"article:published_time\" content=\"2021-09-03T10:36:48+00:00\" \/>\n<meta name=\"author\" content=\"user.autor\" \/>\n<meta name=\"twitter:card\" content=\"summary_large_image\" \/>\n<meta name=\"twitter:label1\" content=\"Verfasst von\" \/>\n\t<meta name=\"twitter:data1\" content=\"user.autor\" \/>\n\t<meta name=\"twitter:label2\" content=\"Gesch\u00e4tzte Lesezeit\" \/>\n\t<meta name=\"twitter:data2\" content=\"2\u00a0Minuten\" \/>\n<script type=\"application\/ld+json\" class=\"yoast-schema-graph\">{\"@context\":\"https:\\\/\\\/schema.org\",\"@graph\":[{\"@type\":[\"Article\",\"BlogPosting\"],\"@id\":\"https:\\\/\\\/gabitel.net\\\/de\\\/transformacion-digital-capitulo-ii-ms-365\\\/#article\",\"isPartOf\":{\"@id\":\"https:\\\/\\\/gabitel.net\\\/de\\\/transformacion-digital-capitulo-ii-ms-365\\\/\"},\"author\":{\"name\":\"user.autor\",\"@id\":\"https:\\\/\\\/gabitel.net\\\/de\\\/#\\\/schema\\\/person\\\/37ba53714c3fedb9c7d22f4bc781465c\"},\"headline\":\"Transformaci\u00f3n Digital Cap\u00edtulo II. MS 365\",\"datePublished\":\"2021-09-03T10:36:48+00:00\",\"mainEntityOfPage\":{\"@id\":\"https:\\\/\\\/gabitel.net\\\/de\\\/transformacion-digital-capitulo-ii-ms-365\\\/\"},\"wordCount\":422,\"publisher\":{\"@id\":\"https:\\\/\\\/gabitel.net\\\/de\\\/#organization\"},\"image\":{\"@id\":\"https:\\\/\\\/gabitel.net\\\/de\\\/transformacion-digital-capitulo-ii-ms-365\\\/#primaryimage\"},\"thumbnailUrl\":\"https:\\\/\\\/gabitel.net\\\/wp-content\\\/uploads\\\/2021\\\/09\\\/suite1-min.png\",\"articleSection\":[\"Off-topic\"],\"inLanguage\":\"de\"},{\"@type\":\"WebPage\",\"@id\":\"https:\\\/\\\/gabitel.net\\\/de\\\/transformacion-digital-capitulo-ii-ms-365\\\/\",\"url\":\"https:\\\/\\\/gabitel.net\\\/de\\\/transformacion-digital-capitulo-ii-ms-365\\\/\",\"name\":\"Transformaci\u00f3n Digital Cap\u00edtulo II. MS 365 - Gabitel\",\"isPartOf\":{\"@id\":\"https:\\\/\\\/gabitel.net\\\/de\\\/#website\"},\"primaryImageOfPage\":{\"@id\":\"https:\\\/\\\/gabitel.net\\\/de\\\/transformacion-digital-capitulo-ii-ms-365\\\/#primaryimage\"},\"image\":{\"@id\":\"https:\\\/\\\/gabitel.net\\\/de\\\/transformacion-digital-capitulo-ii-ms-365\\\/#primaryimage\"},\"thumbnailUrl\":\"https:\\\/\\\/gabitel.net\\\/wp-content\\\/uploads\\\/2021\\\/09\\\/suite1-min.png\",\"datePublished\":\"2021-09-03T10:36:48+00:00\",\"breadcrumb\":{\"@id\":\"https:\\\/\\\/gabitel.net\\\/de\\\/transformacion-digital-capitulo-ii-ms-365\\\/#breadcrumb\"},\"inLanguage\":\"de\",\"potentialAction\":[{\"@type\":\"ReadAction\",\"target\":[\"https:\\\/\\\/gabitel.net\\\/de\\\/transformacion-digital-capitulo-ii-ms-365\\\/\"]}]},{\"@type\":\"ImageObject\",\"inLanguage\":\"de\",\"@id\":\"https:\\\/\\\/gabitel.net\\\/de\\\/transformacion-digital-capitulo-ii-ms-365\\\/#primaryimage\",\"url\":\"https:\\\/\\\/gabitel.net\\\/wp-content\\\/uploads\\\/2021\\\/09\\\/suite1-min.png\",\"contentUrl\":\"https:\\\/\\\/gabitel.net\\\/wp-content\\\/uploads\\\/2021\\\/09\\\/suite1-min.png\",\"width\":535,\"height\":394,\"caption\":\"365-GABITEL\"},{\"@type\":\"BreadcrumbList\",\"@id\":\"https:\\\/\\\/gabitel.net\\\/de\\\/transformacion-digital-capitulo-ii-ms-365\\\/#breadcrumb\",\"itemListElement\":[{\"@type\":\"ListItem\",\"position\":1,\"name\":\"Portada\",\"item\":\"https:\\\/\\\/gabitel.net\\\/de\\\/\"},{\"@type\":\"ListItem\",\"position\":2,\"name\":\"Transformaci\u00f3n Digital Cap\u00edtulo II. MS 365\"}]},{\"@type\":\"WebSite\",\"@id\":\"https:\\\/\\\/gabitel.net\\\/de\\\/#website\",\"url\":\"https:\\\/\\\/gabitel.net\\\/de\\\/\",\"name\":\"Gabitel\",\"description\":\"\",\"publisher\":{\"@id\":\"https:\\\/\\\/gabitel.net\\\/de\\\/#organization\"},\"potentialAction\":[{\"@type\":\"SearchAction\",\"target\":{\"@type\":\"EntryPoint\",\"urlTemplate\":\"https:\\\/\\\/gabitel.net\\\/de\\\/?s={search_term_string}\"},\"query-input\":{\"@type\":\"PropertyValueSpecification\",\"valueRequired\":true,\"valueName\":\"search_term_string\"}}],\"inLanguage\":\"de\"},{\"@type\":\"Organization\",\"@id\":\"https:\\\/\\\/gabitel.net\\\/de\\\/#organization\",\"name\":\"Gabitel\",\"url\":\"https:\\\/\\\/gabitel.net\\\/de\\\/\",\"logo\":{\"@type\":\"ImageObject\",\"inLanguage\":\"de\",\"@id\":\"https:\\\/\\\/gabitel.net\\\/de\\\/#\\\/schema\\\/logo\\\/image\\\/\",\"url\":\"https:\\\/\\\/gabitel.net\\\/wp-content\\\/uploads\\\/2025\\\/05\\\/logo_gabitel.jpg\",\"contentUrl\":\"https:\\\/\\\/gabitel.net\\\/wp-content\\\/uploads\\\/2025\\\/05\\\/logo_gabitel.jpg\",\"width\":2560,\"height\":1330,\"caption\":\"Gabitel\"},\"image\":{\"@id\":\"https:\\\/\\\/gabitel.net\\\/de\\\/#\\\/schema\\\/logo\\\/image\\\/\"},\"sameAs\":[\"https:\\\/\\\/www.facebook.com\\\/gabitelingenieros\\\/\",\"https:\\\/\\\/es.linkedin.com\\\/company\\\/gabitel-ingenieros\"]},{\"@type\":\"Person\",\"@id\":\"https:\\\/\\\/gabitel.net\\\/de\\\/#\\\/schema\\\/person\\\/37ba53714c3fedb9c7d22f4bc781465c\",\"name\":\"user.autor\",\"url\":\"https:\\\/\\\/gabitel.net\\\/de\\\/author\\\/user-autor\\\/\"}]}<\/script>\n<!-- \/ Yoast SEO plugin. -->","yoast_head_json":{"title":"Transformaci\u00f3n Digital Cap\u00edtulo II. MS 365 - Gabitel","robots":{"index":"index","follow":"follow","max-snippet":"max-snippet:-1","max-image-preview":"max-image-preview:large","max-video-preview":"max-video-preview:-1"},"canonical":"https:\/\/gabitel.net\/de\/transformacion-digital-capitulo-ii-ms-365\/","og_locale":"de_DE","og_type":"article","og_title":"Transformaci\u00f3n Digital Cap\u00edtulo II. MS 365 - Gabitel","og_description":"Como ya se comunic\u00f3 en Mayo, Gabitel, como parte de su plan de digitalizaci\u00f3n y automatizaci\u00f3n de servicios contar\u00e1 a partir de septiembre con la Suite de Microsoft 365. Durante los meses de Juilio y Agosto nuestro de departamento de sistemas ha estado trabajando en un proyecto piloto para poder as\u00ed poder lanzar este servicio [&hellip;]","og_url":"https:\/\/gabitel.net\/de\/transformacion-digital-capitulo-ii-ms-365\/","og_site_name":"Gabitel","article_publisher":"https:\/\/www.facebook.com\/gabitelingenieros\/","article_published_time":"2021-09-03T10:36:48+00:00","author":"user.autor","twitter_card":"summary_large_image","twitter_misc":{"Verfasst von":"user.autor","Gesch\u00e4tzte Lesezeit":"2\u00a0Minuten"},"schema":{"@context":"https:\/\/schema.org","@graph":[{"@type":["Article","BlogPosting"],"@id":"https:\/\/gabitel.net\/de\/transformacion-digital-capitulo-ii-ms-365\/#article","isPartOf":{"@id":"https:\/\/gabitel.net\/de\/transformacion-digital-capitulo-ii-ms-365\/"},"author":{"name":"user.autor","@id":"https:\/\/gabitel.net\/de\/#\/schema\/person\/37ba53714c3fedb9c7d22f4bc781465c"},"headline":"Transformaci\u00f3n Digital Cap\u00edtulo II. MS 365","datePublished":"2021-09-03T10:36:48+00:00","mainEntityOfPage":{"@id":"https:\/\/gabitel.net\/de\/transformacion-digital-capitulo-ii-ms-365\/"},"wordCount":422,"publisher":{"@id":"https:\/\/gabitel.net\/de\/#organization"},"image":{"@id":"https:\/\/gabitel.net\/de\/transformacion-digital-capitulo-ii-ms-365\/#primaryimage"},"thumbnailUrl":"https:\/\/gabitel.net\/wp-content\/uploads\/2021\/09\/suite1-min.png","articleSection":["Off-topic"],"inLanguage":"de"},{"@type":"WebPage","@id":"https:\/\/gabitel.net\/de\/transformacion-digital-capitulo-ii-ms-365\/","url":"https:\/\/gabitel.net\/de\/transformacion-digital-capitulo-ii-ms-365\/","name":"Transformaci\u00f3n Digital Cap\u00edtulo II. MS 365 - Gabitel","isPartOf":{"@id":"https:\/\/gabitel.net\/de\/#website"},"primaryImageOfPage":{"@id":"https:\/\/gabitel.net\/de\/transformacion-digital-capitulo-ii-ms-365\/#primaryimage"},"image":{"@id":"https:\/\/gabitel.net\/de\/transformacion-digital-capitulo-ii-ms-365\/#primaryimage"},"thumbnailUrl":"https:\/\/gabitel.net\/wp-content\/uploads\/2021\/09\/suite1-min.png","datePublished":"2021-09-03T10:36:48+00:00","breadcrumb":{"@id":"https:\/\/gabitel.net\/de\/transformacion-digital-capitulo-ii-ms-365\/#breadcrumb"},"inLanguage":"de","potentialAction":[{"@type":"ReadAction","target":["https:\/\/gabitel.net\/de\/transformacion-digital-capitulo-ii-ms-365\/"]}]},{"@type":"ImageObject","inLanguage":"de","@id":"https:\/\/gabitel.net\/de\/transformacion-digital-capitulo-ii-ms-365\/#primaryimage","url":"https:\/\/gabitel.net\/wp-content\/uploads\/2021\/09\/suite1-min.png","contentUrl":"https:\/\/gabitel.net\/wp-content\/uploads\/2021\/09\/suite1-min.png","width":535,"height":394,"caption":"365-GABITEL"},{"@type":"BreadcrumbList","@id":"https:\/\/gabitel.net\/de\/transformacion-digital-capitulo-ii-ms-365\/#breadcrumb","itemListElement":[{"@type":"ListItem","position":1,"name":"Portada","item":"https:\/\/gabitel.net\/de\/"},{"@type":"ListItem","position":2,"name":"Transformaci\u00f3n Digital Cap\u00edtulo II. MS 365"}]},{"@type":"WebSite","@id":"https:\/\/gabitel.net\/de\/#website","url":"https:\/\/gabitel.net\/de\/","name":"Gabitel","description":"","publisher":{"@id":"https:\/\/gabitel.net\/de\/#organization"},"potentialAction":[{"@type":"SearchAction","target":{"@type":"EntryPoint","urlTemplate":"https:\/\/gabitel.net\/de\/?s={search_term_string}"},"query-input":{"@type":"PropertyValueSpecification","valueRequired":true,"valueName":"search_term_string"}}],"inLanguage":"de"},{"@type":"Organization","@id":"https:\/\/gabitel.net\/de\/#organization","name":"Gabitel","url":"https:\/\/gabitel.net\/de\/","logo":{"@type":"ImageObject","inLanguage":"de","@id":"https:\/\/gabitel.net\/de\/#\/schema\/logo\/image\/","url":"https:\/\/gabitel.net\/wp-content\/uploads\/2025\/05\/logo_gabitel.jpg","contentUrl":"https:\/\/gabitel.net\/wp-content\/uploads\/2025\/05\/logo_gabitel.jpg","width":2560,"height":1330,"caption":"Gabitel"},"image":{"@id":"https:\/\/gabitel.net\/de\/#\/schema\/logo\/image\/"},"sameAs":["https:\/\/www.facebook.com\/gabitelingenieros\/","https:\/\/es.linkedin.com\/company\/gabitel-ingenieros"]},{"@type":"Person","@id":"https:\/\/gabitel.net\/de\/#\/schema\/person\/37ba53714c3fedb9c7d22f4bc781465c","name":"user.autor","url":"https:\/\/gabitel.net\/de\/author\/user-autor\/"}]}},"_links":{"self":[{"href":"https:\/\/gabitel.net\/de\/wp-json\/wp\/v2\/posts\/32979","targetHints":{"allow":["GET"]}}],"collection":[{"href":"https:\/\/gabitel.net\/de\/wp-json\/wp\/v2\/posts"}],"about":[{"href":"https:\/\/gabitel.net\/de\/wp-json\/wp\/v2\/types\/post"}],"author":[{"embeddable":true,"href":"https:\/\/gabitel.net\/de\/wp-json\/wp\/v2\/users\/3"}],"replies":[{"embeddable":true,"href":"https:\/\/gabitel.net\/de\/wp-json\/wp\/v2\/comments?post=32979"}],"version-history":[{"count":0,"href":"https:\/\/gabitel.net\/de\/wp-json\/wp\/v2\/posts\/32979\/revisions"}],"wp:featuredmedia":[{"embeddable":true,"href":"https:\/\/gabitel.net\/de\/wp-json\/wp\/v2\/media\/34140"}],"wp:attachment":[{"href":"https:\/\/gabitel.net\/de\/wp-json\/wp\/v2\/media?parent=32979"}],"wp:term":[{"taxonomy":"category","embeddable":true,"href":"https:\/\/gabitel.net\/de\/wp-json\/wp\/v2\/categories?post=32979"},{"taxonomy":"post_tag","embeddable":true,"href":"https:\/\/gabitel.net\/de\/wp-json\/wp\/v2\/tags?post=32979"}],"curies":[{"name":"wp","href":"https:\/\/api.w.org\/{rel}","templated":true}]}}