{"id":32981,"date":"2021-08-31T13:29:05","date_gmt":"2021-08-31T11:29:05","guid":{"rendered":"https:\/\/gabitel.net\/nuestro-equipo-entrevista-a-marta-alcantara\/"},"modified":"2021-08-31T13:29:05","modified_gmt":"2021-08-31T11:29:05","slug":"nuestro-equipo-entrevista-a-marta-alcantara","status":"publish","type":"post","link":"https:\/\/gabitel.net\/de\/nuestro-equipo-entrevista-a-marta-alcantara\/","title":{"rendered":"Nuestro equipo. Entrevista a Marta Alcantara"},"content":{"rendered":"<ul>\n<li style=\"text-align: justify;\"><strong>Teniendo en cuenta tu trayectoria profesional, \u00bfC\u00f3mo recuerdas tus inicios en Gabitel?<\/strong><\/li>\n<\/ul>\n<p style=\"text-align: justify;\">Comenc\u00e9 hace ya 5 a\u00f1os y lo recuerdo con bastante cari\u00f1o. Empec\u00e9 trabajando en el departamento de fibra haciendo Rutas Previas. Es verdad que todo me result\u00f3 nuevo los primeros d\u00edas y me sonaba a chino, pero encontr\u00e9 un grupo de compa\u00f1eros fant\u00e1stico que estaban siempre dispuestos a ayudar.<\/p>\n<p>&nbsp;<\/p>\n<ul style=\"text-align: justify;\">\n<li><strong>Actualmente, \u00bfEn qu\u00e9 proyecto est\u00e1s participando y qu\u00e9 funciones desempe\u00f1as?<\/strong><\/li>\n<\/ul>\n<p style=\"text-align: justify;\">Actualmente estoy trabajando en el proyecto de Cityfibre, coordinando los replanteos que se realizan all\u00ed y las revisiones de los mismos.<\/p>\n<p>&nbsp;<\/p>\n<ul style=\"text-align: justify;\">\n<li><strong>\u00bfC\u00f3mo est\u00e1 siendo la experiencia de trabajar para un proyecto en otro pa\u00eds y otro idioma?<\/strong><\/li>\n<\/ul>\n<p style=\"text-align: justify;\">Para m\u00ed est\u00e1 siendo un reto, te encuentras con muchos obst\u00e1culos simplemente por el hecho de que el proyecto se desarrolle en otro pa\u00eds, pero tambi\u00e9n est\u00e1 siendo una ocasi\u00f3n estupenda para practicar mi ingl\u00e9s y tratar de mejorarlo.<\/p>\n<p>&nbsp;<\/p>\n<ul style=\"text-align: justify;\">\n<li><strong>\u00bfCu\u00e1les son tus principales aficiones o hobbies?<\/strong><\/li>\n<\/ul>\n<p style=\"text-align: justify;\">No es que tenga una afici\u00f3n muy marcada, pero me gustan los trabajos creativos, me entretengo mucho haciendo ganchillo, lettering o cosas de dise\u00f1o gr\u00e1fico.<\/p>\n<p>&nbsp;<\/p>\n<ul style=\"text-align: justify;\">\n<li><strong>Por conocerte mejor a nivel personal, \u00bfQu\u00e9 es lo m\u00e1s caracter\u00edstico de ti o lo m\u00e1s significativo de tu forma de ser?<\/strong><\/li>\n<\/ul>\n<p style=\"text-align: justify;\">Es dif\u00edcil responder sobre uno mismo, pero creo que lo que m\u00e1s me caracteriza, por lo menos a los ojos de los dem\u00e1s, es que soy una persona tranquila y que suelo ser bastante optimista.<\/p>\n<p>&nbsp;<\/p>\n<ul style=\"text-align: justify;\">\n<li><strong>Aqu\u00ed va la pregunta de Silvia, compa\u00f1era que hizo la entrevista el mes anterior. \u00bfQu\u00e9 labor que a\u00fan no has desempe\u00f1ado, te gustar\u00eda realizar en Gabitel?<\/strong><\/li>\n<\/ul>\n<p style=\"text-align: justify;\">Es que yo en Gabitel he colaborado en muchas cosas, no s\u00e9 si eso es bueno o malo, pero es la verdad. He trabajado en el departamento de fibra siempre, pero he llevado redes sociales, los contenidos de la web, proyectos de innovaci\u00f3n e incluso he ayudado en la gesti\u00f3n de los cursos de formaci\u00f3n interna. Ahora mismo me gustar\u00eda permanecer un tiempo en la actividad en la que estoy ahora mismo, pero estoy dispuesta a seguir aceptando nuevos retos y proyectos.<\/p>\n<p>&nbsp;<\/p>\n<ul style=\"text-align: justify;\">\n<li><strong>Env\u00eda una pregunta al pr\u00f3ximo compa\u00f1ero que entrevistaremos en el bolet\u00edn siguiente<\/strong><\/li>\n<\/ul>\n<p style=\"text-align: justify;\">Mi pregunta para el pr\u00f3ximo compa\u00f1ero es: \u00bfqu\u00e9 viaje que hayas hecho o que tengas planeado hacer nos recomendar\u00edas?<\/p>\n<p>&nbsp;<\/p>\n","protected":false},"excerpt":{"rendered":"<p>Teniendo en cuenta tu trayectoria profesional, \u00bfC\u00f3mo recuerdas tus inicios en Gabitel? Comenc\u00e9 hace ya 5 a\u00f1os y lo recuerdo con bastante cari\u00f1o. Empec\u00e9 trabajando en el departamento de fibra haciendo Rutas Previas. Es verdad que todo me result\u00f3 nuevo los primeros d\u00edas y me sonaba a chino, pero encontr\u00e9 un grupo de compa\u00f1eros fant\u00e1stico [&hellip;]<\/p>\n","protected":false},"author":3,"featured_media":34098,"comment_status":"closed","ping_status":"closed","sticky":false,"template":"","format":"standard","meta":{"content-type":"","footnotes":""},"categories":[600],"tags":[],"class_list":["post-32981","post","type-post","status-publish","format-standard","has-post-thumbnail","hentry","category-off-topic-de"],"yoast_head":"<!-- This site is optimized with the Yoast SEO plugin v27.5 - https:\/\/yoast.com\/product\/yoast-seo-wordpress\/ -->\n<title>Nuestro equipo. Entrevista a Marta Alcantara - Gabitel<\/title>\n<meta name=\"robots\" content=\"index, follow, max-snippet:-1, max-image-preview:large, max-video-preview:-1\" \/>\n<link rel=\"canonical\" href=\"https:\/\/gabitel.net\/de\/nuestro-equipo-entrevista-a-marta-alcantara\/\" \/>\n<meta property=\"og:locale\" content=\"de_DE\" \/>\n<meta property=\"og:type\" content=\"article\" \/>\n<meta property=\"og:title\" content=\"Nuestro equipo. Entrevista a Marta Alcantara - Gabitel\" \/>\n<meta property=\"og:description\" content=\"Teniendo en cuenta tu trayectoria profesional, \u00bfC\u00f3mo recuerdas tus inicios en Gabitel? Comenc\u00e9 hace ya 5 a\u00f1os y lo recuerdo con bastante cari\u00f1o. Empec\u00e9 trabajando en el departamento de fibra haciendo Rutas Previas. Es verdad que todo me result\u00f3 nuevo los primeros d\u00edas y me sonaba a chino, pero encontr\u00e9 un grupo de compa\u00f1eros fant\u00e1stico [&hellip;]\" \/>\n<meta property=\"og:url\" content=\"https:\/\/gabitel.net\/de\/nuestro-equipo-entrevista-a-marta-alcantara\/\" \/>\n<meta property=\"og:site_name\" content=\"Gabitel\" \/>\n<meta property=\"article:publisher\" content=\"https:\/\/www.facebook.com\/gabitelingenieros\/\" \/>\n<meta property=\"article:published_time\" content=\"2021-08-31T11:29:05+00:00\" \/>\n<meta name=\"author\" content=\"user.autor\" \/>\n<meta name=\"twitter:card\" content=\"summary_large_image\" \/>\n<meta name=\"twitter:label1\" content=\"Verfasst von\" \/>\n\t<meta name=\"twitter:data1\" content=\"user.autor\" \/>\n\t<meta name=\"twitter:label2\" content=\"Gesch\u00e4tzte Lesezeit\" \/>\n\t<meta name=\"twitter:data2\" content=\"2\u00a0Minuten\" \/>\n<script type=\"application\/ld+json\" class=\"yoast-schema-graph\">{\"@context\":\"https:\\\/\\\/schema.org\",\"@graph\":[{\"@type\":[\"Article\",\"BlogPosting\"],\"@id\":\"https:\\\/\\\/gabitel.net\\\/de\\\/nuestro-equipo-entrevista-a-marta-alcantara\\\/#article\",\"isPartOf\":{\"@id\":\"https:\\\/\\\/gabitel.net\\\/de\\\/nuestro-equipo-entrevista-a-marta-alcantara\\\/\"},\"author\":{\"name\":\"user.autor\",\"@id\":\"https:\\\/\\\/gabitel.net\\\/de\\\/#\\\/schema\\\/person\\\/37ba53714c3fedb9c7d22f4bc781465c\"},\"headline\":\"Nuestro equipo. Entrevista a Marta Alcantara\",\"datePublished\":\"2021-08-31T11:29:05+00:00\",\"mainEntityOfPage\":{\"@id\":\"https:\\\/\\\/gabitel.net\\\/de\\\/nuestro-equipo-entrevista-a-marta-alcantara\\\/\"},\"wordCount\":427,\"publisher\":{\"@id\":\"https:\\\/\\\/gabitel.net\\\/de\\\/#organization\"},\"image\":{\"@id\":\"https:\\\/\\\/gabitel.net\\\/de\\\/nuestro-equipo-entrevista-a-marta-alcantara\\\/#primaryimage\"},\"thumbnailUrl\":\"https:\\\/\\\/gabitel.net\\\/wp-content\\\/uploads\\\/2021\\\/08\\\/marta-alcantara-min.jpg\",\"articleSection\":[\"Off-topic\"],\"inLanguage\":\"de\"},{\"@type\":\"WebPage\",\"@id\":\"https:\\\/\\\/gabitel.net\\\/de\\\/nuestro-equipo-entrevista-a-marta-alcantara\\\/\",\"url\":\"https:\\\/\\\/gabitel.net\\\/de\\\/nuestro-equipo-entrevista-a-marta-alcantara\\\/\",\"name\":\"Nuestro equipo. Entrevista a Marta Alcantara - Gabitel\",\"isPartOf\":{\"@id\":\"https:\\\/\\\/gabitel.net\\\/de\\\/#website\"},\"primaryImageOfPage\":{\"@id\":\"https:\\\/\\\/gabitel.net\\\/de\\\/nuestro-equipo-entrevista-a-marta-alcantara\\\/#primaryimage\"},\"image\":{\"@id\":\"https:\\\/\\\/gabitel.net\\\/de\\\/nuestro-equipo-entrevista-a-marta-alcantara\\\/#primaryimage\"},\"thumbnailUrl\":\"https:\\\/\\\/gabitel.net\\\/wp-content\\\/uploads\\\/2021\\\/08\\\/marta-alcantara-min.jpg\",\"datePublished\":\"2021-08-31T11:29:05+00:00\",\"breadcrumb\":{\"@id\":\"https:\\\/\\\/gabitel.net\\\/de\\\/nuestro-equipo-entrevista-a-marta-alcantara\\\/#breadcrumb\"},\"inLanguage\":\"de\",\"potentialAction\":[{\"@type\":\"ReadAction\",\"target\":[\"https:\\\/\\\/gabitel.net\\\/de\\\/nuestro-equipo-entrevista-a-marta-alcantara\\\/\"]}]},{\"@type\":\"ImageObject\",\"inLanguage\":\"de\",\"@id\":\"https:\\\/\\\/gabitel.net\\\/de\\\/nuestro-equipo-entrevista-a-marta-alcantara\\\/#primaryimage\",\"url\":\"https:\\\/\\\/gabitel.net\\\/wp-content\\\/uploads\\\/2021\\\/08\\\/marta-alcantara-min.jpg\",\"contentUrl\":\"https:\\\/\\\/gabitel.net\\\/wp-content\\\/uploads\\\/2021\\\/08\\\/marta-alcantara-min.jpg\",\"width\":592,\"height\":589,\"caption\":\"marta-alcantara\"},{\"@type\":\"BreadcrumbList\",\"@id\":\"https:\\\/\\\/gabitel.net\\\/de\\\/nuestro-equipo-entrevista-a-marta-alcantara\\\/#breadcrumb\",\"itemListElement\":[{\"@type\":\"ListItem\",\"position\":1,\"name\":\"Portada\",\"item\":\"https:\\\/\\\/gabitel.net\\\/de\\\/\"},{\"@type\":\"ListItem\",\"position\":2,\"name\":\"Nuestro equipo. Entrevista a Marta Alcantara\"}]},{\"@type\":\"WebSite\",\"@id\":\"https:\\\/\\\/gabitel.net\\\/de\\\/#website\",\"url\":\"https:\\\/\\\/gabitel.net\\\/de\\\/\",\"name\":\"Gabitel\",\"description\":\"\",\"publisher\":{\"@id\":\"https:\\\/\\\/gabitel.net\\\/de\\\/#organization\"},\"potentialAction\":[{\"@type\":\"SearchAction\",\"target\":{\"@type\":\"EntryPoint\",\"urlTemplate\":\"https:\\\/\\\/gabitel.net\\\/de\\\/?s={search_term_string}\"},\"query-input\":{\"@type\":\"PropertyValueSpecification\",\"valueRequired\":true,\"valueName\":\"search_term_string\"}}],\"inLanguage\":\"de\"},{\"@type\":\"Organization\",\"@id\":\"https:\\\/\\\/gabitel.net\\\/de\\\/#organization\",\"name\":\"Gabitel\",\"url\":\"https:\\\/\\\/gabitel.net\\\/de\\\/\",\"logo\":{\"@type\":\"ImageObject\",\"inLanguage\":\"de\",\"@id\":\"https:\\\/\\\/gabitel.net\\\/de\\\/#\\\/schema\\\/logo\\\/image\\\/\",\"url\":\"https:\\\/\\\/gabitel.net\\\/wp-content\\\/uploads\\\/2025\\\/05\\\/logo_gabitel.jpg\",\"contentUrl\":\"https:\\\/\\\/gabitel.net\\\/wp-content\\\/uploads\\\/2025\\\/05\\\/logo_gabitel.jpg\",\"width\":2560,\"height\":1330,\"caption\":\"Gabitel\"},\"image\":{\"@id\":\"https:\\\/\\\/gabitel.net\\\/de\\\/#\\\/schema\\\/logo\\\/image\\\/\"},\"sameAs\":[\"https:\\\/\\\/www.facebook.com\\\/gabitelingenieros\\\/\",\"https:\\\/\\\/es.linkedin.com\\\/company\\\/gabitel-ingenieros\"]},{\"@type\":\"Person\",\"@id\":\"https:\\\/\\\/gabitel.net\\\/de\\\/#\\\/schema\\\/person\\\/37ba53714c3fedb9c7d22f4bc781465c\",\"name\":\"user.autor\",\"url\":\"https:\\\/\\\/gabitel.net\\\/de\\\/author\\\/user-autor\\\/\"}]}<\/script>\n<!-- \/ Yoast SEO plugin. -->","yoast_head_json":{"title":"Nuestro equipo. Entrevista a Marta Alcantara - Gabitel","robots":{"index":"index","follow":"follow","max-snippet":"max-snippet:-1","max-image-preview":"max-image-preview:large","max-video-preview":"max-video-preview:-1"},"canonical":"https:\/\/gabitel.net\/de\/nuestro-equipo-entrevista-a-marta-alcantara\/","og_locale":"de_DE","og_type":"article","og_title":"Nuestro equipo. Entrevista a Marta Alcantara - Gabitel","og_description":"Teniendo en cuenta tu trayectoria profesional, \u00bfC\u00f3mo recuerdas tus inicios en Gabitel? Comenc\u00e9 hace ya 5 a\u00f1os y lo recuerdo con bastante cari\u00f1o. Empec\u00e9 trabajando en el departamento de fibra haciendo Rutas Previas. Es verdad que todo me result\u00f3 nuevo los primeros d\u00edas y me sonaba a chino, pero encontr\u00e9 un grupo de compa\u00f1eros fant\u00e1stico [&hellip;]","og_url":"https:\/\/gabitel.net\/de\/nuestro-equipo-entrevista-a-marta-alcantara\/","og_site_name":"Gabitel","article_publisher":"https:\/\/www.facebook.com\/gabitelingenieros\/","article_published_time":"2021-08-31T11:29:05+00:00","author":"user.autor","twitter_card":"summary_large_image","twitter_misc":{"Verfasst von":"user.autor","Gesch\u00e4tzte Lesezeit":"2\u00a0Minuten"},"schema":{"@context":"https:\/\/schema.org","@graph":[{"@type":["Article","BlogPosting"],"@id":"https:\/\/gabitel.net\/de\/nuestro-equipo-entrevista-a-marta-alcantara\/#article","isPartOf":{"@id":"https:\/\/gabitel.net\/de\/nuestro-equipo-entrevista-a-marta-alcantara\/"},"author":{"name":"user.autor","@id":"https:\/\/gabitel.net\/de\/#\/schema\/person\/37ba53714c3fedb9c7d22f4bc781465c"},"headline":"Nuestro equipo. Entrevista a Marta Alcantara","datePublished":"2021-08-31T11:29:05+00:00","mainEntityOfPage":{"@id":"https:\/\/gabitel.net\/de\/nuestro-equipo-entrevista-a-marta-alcantara\/"},"wordCount":427,"publisher":{"@id":"https:\/\/gabitel.net\/de\/#organization"},"image":{"@id":"https:\/\/gabitel.net\/de\/nuestro-equipo-entrevista-a-marta-alcantara\/#primaryimage"},"thumbnailUrl":"https:\/\/gabitel.net\/wp-content\/uploads\/2021\/08\/marta-alcantara-min.jpg","articleSection":["Off-topic"],"inLanguage":"de"},{"@type":"WebPage","@id":"https:\/\/gabitel.net\/de\/nuestro-equipo-entrevista-a-marta-alcantara\/","url":"https:\/\/gabitel.net\/de\/nuestro-equipo-entrevista-a-marta-alcantara\/","name":"Nuestro equipo. Entrevista a Marta Alcantara - Gabitel","isPartOf":{"@id":"https:\/\/gabitel.net\/de\/#website"},"primaryImageOfPage":{"@id":"https:\/\/gabitel.net\/de\/nuestro-equipo-entrevista-a-marta-alcantara\/#primaryimage"},"image":{"@id":"https:\/\/gabitel.net\/de\/nuestro-equipo-entrevista-a-marta-alcantara\/#primaryimage"},"thumbnailUrl":"https:\/\/gabitel.net\/wp-content\/uploads\/2021\/08\/marta-alcantara-min.jpg","datePublished":"2021-08-31T11:29:05+00:00","breadcrumb":{"@id":"https:\/\/gabitel.net\/de\/nuestro-equipo-entrevista-a-marta-alcantara\/#breadcrumb"},"inLanguage":"de","potentialAction":[{"@type":"ReadAction","target":["https:\/\/gabitel.net\/de\/nuestro-equipo-entrevista-a-marta-alcantara\/"]}]},{"@type":"ImageObject","inLanguage":"de","@id":"https:\/\/gabitel.net\/de\/nuestro-equipo-entrevista-a-marta-alcantara\/#primaryimage","url":"https:\/\/gabitel.net\/wp-content\/uploads\/2021\/08\/marta-alcantara-min.jpg","contentUrl":"https:\/\/gabitel.net\/wp-content\/uploads\/2021\/08\/marta-alcantara-min.jpg","width":592,"height":589,"caption":"marta-alcantara"},{"@type":"BreadcrumbList","@id":"https:\/\/gabitel.net\/de\/nuestro-equipo-entrevista-a-marta-alcantara\/#breadcrumb","itemListElement":[{"@type":"ListItem","position":1,"name":"Portada","item":"https:\/\/gabitel.net\/de\/"},{"@type":"ListItem","position":2,"name":"Nuestro equipo. Entrevista a Marta Alcantara"}]},{"@type":"WebSite","@id":"https:\/\/gabitel.net\/de\/#website","url":"https:\/\/gabitel.net\/de\/","name":"Gabitel","description":"","publisher":{"@id":"https:\/\/gabitel.net\/de\/#organization"},"potentialAction":[{"@type":"SearchAction","target":{"@type":"EntryPoint","urlTemplate":"https:\/\/gabitel.net\/de\/?s={search_term_string}"},"query-input":{"@type":"PropertyValueSpecification","valueRequired":true,"valueName":"search_term_string"}}],"inLanguage":"de"},{"@type":"Organization","@id":"https:\/\/gabitel.net\/de\/#organization","name":"Gabitel","url":"https:\/\/gabitel.net\/de\/","logo":{"@type":"ImageObject","inLanguage":"de","@id":"https:\/\/gabitel.net\/de\/#\/schema\/logo\/image\/","url":"https:\/\/gabitel.net\/wp-content\/uploads\/2025\/05\/logo_gabitel.jpg","contentUrl":"https:\/\/gabitel.net\/wp-content\/uploads\/2025\/05\/logo_gabitel.jpg","width":2560,"height":1330,"caption":"Gabitel"},"image":{"@id":"https:\/\/gabitel.net\/de\/#\/schema\/logo\/image\/"},"sameAs":["https:\/\/www.facebook.com\/gabitelingenieros\/","https:\/\/es.linkedin.com\/company\/gabitel-ingenieros"]},{"@type":"Person","@id":"https:\/\/gabitel.net\/de\/#\/schema\/person\/37ba53714c3fedb9c7d22f4bc781465c","name":"user.autor","url":"https:\/\/gabitel.net\/de\/author\/user-autor\/"}]}},"_links":{"self":[{"href":"https:\/\/gabitel.net\/de\/wp-json\/wp\/v2\/posts\/32981","targetHints":{"allow":["GET"]}}],"collection":[{"href":"https:\/\/gabitel.net\/de\/wp-json\/wp\/v2\/posts"}],"about":[{"href":"https:\/\/gabitel.net\/de\/wp-json\/wp\/v2\/types\/post"}],"author":[{"embeddable":true,"href":"https:\/\/gabitel.net\/de\/wp-json\/wp\/v2\/users\/3"}],"replies":[{"embeddable":true,"href":"https:\/\/gabitel.net\/de\/wp-json\/wp\/v2\/comments?post=32981"}],"version-history":[{"count":0,"href":"https:\/\/gabitel.net\/de\/wp-json\/wp\/v2\/posts\/32981\/revisions"}],"wp:featuredmedia":[{"embeddable":true,"href":"https:\/\/gabitel.net\/de\/wp-json\/wp\/v2\/media\/34098"}],"wp:attachment":[{"href":"https:\/\/gabitel.net\/de\/wp-json\/wp\/v2\/media?parent=32981"}],"wp:term":[{"taxonomy":"category","embeddable":true,"href":"https:\/\/gabitel.net\/de\/wp-json\/wp\/v2\/categories?post=32981"},{"taxonomy":"post_tag","embeddable":true,"href":"https:\/\/gabitel.net\/de\/wp-json\/wp\/v2\/tags?post=32981"}],"curies":[{"name":"wp","href":"https:\/\/api.w.org\/{rel}","templated":true}]}}