{"id":32983,"date":"2021-08-13T08:46:43","date_gmt":"2021-08-13T07:46:43","guid":{"rendered":"https:\/\/gabitel.net\/reto-2-el-secreto-de-florencia\/"},"modified":"2021-08-13T08:46:43","modified_gmt":"2021-08-13T07:46:43","slug":"reto-2-el-secreto-de-florencia","status":"publish","type":"post","link":"https:\/\/gabitel.net\/de\/reto-2-el-secreto-de-florencia\/","title":{"rendered":"Reto 2: El secreto de Florencia"},"content":{"rendered":"<p><strong>SOLUCI\u00d3N PARTE 1<\/strong><\/p>\n<p style=\"text-align: justify;\">El primer enigma consiste en averiguar la contrase\u00f1a del ordenador de Florencia. Para ello es necesaria la pista \u201cHoja de diario\u201d.<\/p>\n<p style=\"text-align: justify;\">Para descifrar la palabra clave basta con leer al rev\u00e9s las frases que parecen no tener sentido.<\/p>\n<p style=\"text-align: justify;\"><strong>Soluci\u00f3n:<\/strong> gabitel (al leer la \u00faltima frase al rev\u00e9s \u201cevalc al se letibag\u201d = gabitel es la clave).<\/p>\n<p><strong>PARTE 2<\/strong><\/p>\n<p style=\"text-align: justify;\">Perfecto! Se ha podido desbloquear el ordenador.<\/p>\n<p style=\"text-align: justify;\">\n<p style=\"text-align: justify;\">Al mismo tiempo que el ordenador de Florencia se inicia, se observa que bajo la mesa hay una cajonera la cual su apertura est\u00e1 protegida con una cerradura electr\u00f3nica manipulable mediante un panel digital, cuyo requerimiento es el dibujo de un patr\u00f3n y un c\u00f3digo de 2 d\u00edgitos.<\/p>\n<p style=\"text-align: justify;\">Atendiendo de nuevo al ordenador, el escritorio muestra\u00a0 una \u00fanica carpeta llamada \u201cMis Documentos\u201d. Al acceder a ella aparecen varios archivos.<\/p>\n<p><img decoding=\"async\" src=\"https:\/\/gabitelingenieros.com\/wp-content\/uploads\/2021\/08\/Mis-documentos-reto-min.png\" alt=\"Reto 2: El | Gabitel Ingenieros\" \/><\/p>\n<p><img decoding=\"async\" src=\"https:\/\/gabitelingenieros.com\/wp-content\/uploads\/2021\/08\/parte-2-min.jpg\" alt=\"Reto 2: El | Gabitel Ingenieros\" \/><\/p>\n<p><strong>1.Direcci\u00f3n antigua oficina.<\/strong><\/p>\n<p><iframe src=\"https:\/\/www.google.com\/maps\/embed?pb=!3m2!1ses!2ses!4v1628754384634!5m2!1ses!2ses!6m8!1m7!1shAPvjebcBEj9Jpl2K3SXmg!2m2!1d37.25843630376085!2d-6.951914883374006!3f354.70030744204547!4f2.585078328782629!5f0.7820865974627469\" width=\"800\" height=\"450\" style=\"border:0; display: flex;<!--  -->  justify-content: center; margin: auto;&#8220; allowfullscreen=&#8220;&#8220; loading=&#8220;lazy&#8220;><\/iframe><\/p>\n<ol start=\"2\">\n<li><strong> El Cuento de los Gigantes.<\/strong><\/li>\n<\/ol>\n<p style=\"text-align: center;\"><strong>El cuento de los gigantes.<\/strong><\/p>\n<p style=\"text-align: justify;\">\u00c9rase una vez cuatro gigantes. Cuatro gigantes amigos, los cuales cada uno se apodaban entre ellos de una forma diferente.<\/p>\n<p style=\"text-align: justify;\">El primero de ellos era viejo y alto. Al ser el mayor, los dem\u00e1s gigantes le llamaban Pap\u00e1 gigante. \u00c9ste tambi\u00e9n ten\u00eda una hija, a la cu\u00e1l la llamaban con cari\u00f1o la giganta.<\/p>\n<p style=\"text-align: justify;\">Otros dos de ellos ten\u00edan la peculiaridad de que eran gemelos y para diferenciarlos, el resto de gigantes les llamaban Norte y Sur.<\/p>\n<p style=\"text-align: justify;\">Y el cuarto, el cuarto gigante sab\u00eda que su nombre era un n\u00famero. Pero era tan olvidadizo que hasta su nombre olvid\u00f3. Papa gigante y los gemelos gigantes le llamaban pues \u201cEl Olvidado\u201d.<\/p>\n<p style=\"text-align: justify;\">\n<p>\u00a0\u00a0\u00a0\u00a0\u00a0\u00a0\u00a0\u00a0\u00a0\u00a0\u00a0\u00a0\u00a0\u00a0\u00a0\u00a0\u00a0\u00a0\u00a0\u00a0\u00a0\u00a0\u00a0\u00a0\u00a0\u00a0\u00a0\u00a0\u00a0\u00a0\u00a0\u00a0\u00a0\u00a0\u00a0\u00a0\u00a0\u00a0\u00a0\u00a0\u00a0\u00a0\u00a0\u00a0\u00a0\u00a0\u00a0\u00a0\u00a0\u00a0\u00a0\u00a0\u00a0\u00a0\u00a0\u00a0\u00a0\u00a0\u00a0\u00a0\u00a0\u00a0\u00a0\u00a0\u00a0\u00a0\u00a0\u00a0\u00a0\u00a0\u00a0\u00a0\u00a0\u00a0\u00a0\u00a0\u00a0\u00a0\u00a0\u00a0\u00a0\u00a0\u00a0\u00a0\u00a0\u00a0\u00a0\u00a0\u00a0\u00a0\u00a0\u00a0\u00a0\u00a0\u00a0\u00a0\u00a0\u00a0\u00a0\u00a0\u00a0\u00a0\u00a0\u00a0\u00a0\u00a0\u00a0\u00a0\u00a0\u00a0\u00a0\u00a0\u00a0\u00a0\u00a0\u00a0\u00a0\u00a0\u00a0\u00a0\u00a0\u00a0\u00a0\u00a0\u00a0\u00a0\u00a0\u00a0\u00a0\u00a0\u00a0\u00a0\u00a0\u00a0\u00a0\u00a0\u00a0\u00a0\u00a0\u00a0\u00a0\u00a0\u00a0\u00a0\u00a0\u00a0\u00a0 -An\u00f3nimo-<\/p>\n<ol start=\"3\">\n<li><strong>La cuidad desde mi nueva oficina de Sevilla.<\/strong><\/li>\n<\/ol>\n<p><img decoding=\"async\" src=\"https:\/\/gabitelingenieros.com\/wp-content\/uploads\/2021\/08\/ofi-secilla-reto-min.jpg\" alt=\"Reto 2: El | Gabitel Ingenieros\" \/><\/p>\n<ol start=\"4\">\n<li style=\"text-align: justify;\"><strong> Mi adivinanza. <\/strong><\/li>\n<\/ol>\n<p style=\"text-align: justify;\">Huele a mar e indica el final pero de cerca no la ver\u00e1s.<\/p>\n<p style=\"text-align: justify;\">Vuela alto y orienta al este e invertida la encontrar\u00e1s.<\/p>\n<p><strong>Cerradura electr\u00f3nica cajonera.<\/strong><\/p>\n<p><img decoding=\"async\" src=\"https:\/\/gabitelingenieros.com\/wp-content\/uploads\/2021\/08\/reto-patron-min.png\" alt=\"Reto 2: El | Gabitel Ingenieros\" \/><\/p>\n<p><img decoding=\"async\" src=\"https:\/\/gabitelingenieros.com\/wp-content\/uploads\/2021\/08\/codigo-reto-min.png\" alt=\"Reto 2: El | Gabitel Ingenieros\" \/><\/p>\n[qsm quiz=4]\n","protected":false},"excerpt":{"rendered":"<p>SOLUCI\u00d3N PARTE 1 El primer enigma consiste en averiguar la contrase\u00f1a del ordenador de Florencia. Para ello es necesaria la pista \u201cHoja de diario\u201d. Para descifrar la palabra clave basta con leer al rev\u00e9s las frases que parecen no tener sentido. Soluci\u00f3n: gabitel (al leer la \u00faltima frase al rev\u00e9s \u201cevalc al se letibag\u201d = [&hellip;]<\/p>\n","protected":false},"author":3,"featured_media":34078,"comment_status":"closed","ping_status":"closed","sticky":false,"template":"","format":"standard","meta":{"content-type":"","footnotes":""},"categories":[600],"tags":[],"class_list":["post-32983","post","type-post","status-publish","format-standard","has-post-thumbnail","hentry","category-off-topic-de"],"yoast_head":"<!-- This site is optimized with the Yoast SEO plugin v27.5 - https:\/\/yoast.com\/product\/yoast-seo-wordpress\/ -->\n<title>Reto 2: El secreto de Florencia - Gabitel<\/title>\n<meta name=\"robots\" content=\"index, follow, max-snippet:-1, max-image-preview:large, max-video-preview:-1\" \/>\n<link rel=\"canonical\" href=\"https:\/\/gabitel.net\/de\/reto-2-el-secreto-de-florencia\/\" \/>\n<meta property=\"og:locale\" content=\"de_DE\" \/>\n<meta property=\"og:type\" content=\"article\" \/>\n<meta property=\"og:title\" content=\"Reto 2: El secreto de Florencia - Gabitel\" \/>\n<meta property=\"og:description\" content=\"SOLUCI\u00d3N PARTE 1 El primer enigma consiste en averiguar la contrase\u00f1a del ordenador de Florencia. Para ello es necesaria la pista \u201cHoja de diario\u201d. Para descifrar la palabra clave basta con leer al rev\u00e9s las frases que parecen no tener sentido. Soluci\u00f3n: gabitel (al leer la \u00faltima frase al rev\u00e9s \u201cevalc al se letibag\u201d = [&hellip;]\" \/>\n<meta property=\"og:url\" content=\"https:\/\/gabitel.net\/de\/reto-2-el-secreto-de-florencia\/\" \/>\n<meta property=\"og:site_name\" content=\"Gabitel\" \/>\n<meta property=\"article:publisher\" content=\"https:\/\/www.facebook.com\/gabitelingenieros\/\" \/>\n<meta property=\"article:published_time\" content=\"2021-08-13T07:46:43+00:00\" \/>\n<meta property=\"og:image\" content=\"https:\/\/gabitelingenieros.com\/wp-content\/uploads\/2021\/08\/Mis-documentos-reto-min.png\" \/>\n<meta name=\"author\" content=\"user.autor\" \/>\n<meta name=\"twitter:card\" content=\"summary_large_image\" \/>\n<meta name=\"twitter:label1\" content=\"Verfasst von\" \/>\n\t<meta name=\"twitter:data1\" content=\"user.autor\" \/>\n\t<meta name=\"twitter:label2\" content=\"Gesch\u00e4tzte Lesezeit\" \/>\n\t<meta name=\"twitter:data2\" content=\"1\u00a0Minute\" \/>\n<script type=\"application\/ld+json\" class=\"yoast-schema-graph\">{\"@context\":\"https:\\\/\\\/schema.org\",\"@graph\":[{\"@type\":[\"Article\",\"BlogPosting\"],\"@id\":\"https:\\\/\\\/gabitel.net\\\/de\\\/reto-2-el-secreto-de-florencia\\\/#article\",\"isPartOf\":{\"@id\":\"https:\\\/\\\/gabitel.net\\\/de\\\/reto-2-el-secreto-de-florencia\\\/\"},\"author\":{\"name\":\"user.autor\",\"@id\":\"https:\\\/\\\/gabitel.net\\\/de\\\/#\\\/schema\\\/person\\\/37ba53714c3fedb9c7d22f4bc781465c\"},\"headline\":\"Reto 2: El secreto de Florencia\",\"datePublished\":\"2021-08-13T07:46:43+00:00\",\"mainEntityOfPage\":{\"@id\":\"https:\\\/\\\/gabitel.net\\\/de\\\/reto-2-el-secreto-de-florencia\\\/\"},\"wordCount\":151,\"publisher\":{\"@id\":\"https:\\\/\\\/gabitel.net\\\/de\\\/#organization\"},\"image\":{\"@id\":\"https:\\\/\\\/gabitel.net\\\/de\\\/reto-2-el-secreto-de-florencia\\\/#primaryimage\"},\"thumbnailUrl\":\"https:\\\/\\\/gabitel.net\\\/wp-content\\\/uploads\\\/2021\\\/08\\\/RETO-PARTE-2jpg-min.jpg\",\"articleSection\":[\"Off-topic\"],\"inLanguage\":\"de\"},{\"@type\":\"WebPage\",\"@id\":\"https:\\\/\\\/gabitel.net\\\/de\\\/reto-2-el-secreto-de-florencia\\\/\",\"url\":\"https:\\\/\\\/gabitel.net\\\/de\\\/reto-2-el-secreto-de-florencia\\\/\",\"name\":\"Reto 2: El secreto de Florencia - Gabitel\",\"isPartOf\":{\"@id\":\"https:\\\/\\\/gabitel.net\\\/de\\\/#website\"},\"primaryImageOfPage\":{\"@id\":\"https:\\\/\\\/gabitel.net\\\/de\\\/reto-2-el-secreto-de-florencia\\\/#primaryimage\"},\"image\":{\"@id\":\"https:\\\/\\\/gabitel.net\\\/de\\\/reto-2-el-secreto-de-florencia\\\/#primaryimage\"},\"thumbnailUrl\":\"https:\\\/\\\/gabitel.net\\\/wp-content\\\/uploads\\\/2021\\\/08\\\/RETO-PARTE-2jpg-min.jpg\",\"datePublished\":\"2021-08-13T07:46:43+00:00\",\"breadcrumb\":{\"@id\":\"https:\\\/\\\/gabitel.net\\\/de\\\/reto-2-el-secreto-de-florencia\\\/#breadcrumb\"},\"inLanguage\":\"de\",\"potentialAction\":[{\"@type\":\"ReadAction\",\"target\":[\"https:\\\/\\\/gabitel.net\\\/de\\\/reto-2-el-secreto-de-florencia\\\/\"]}]},{\"@type\":\"ImageObject\",\"inLanguage\":\"de\",\"@id\":\"https:\\\/\\\/gabitel.net\\\/de\\\/reto-2-el-secreto-de-florencia\\\/#primaryimage\",\"url\":\"https:\\\/\\\/gabitel.net\\\/wp-content\\\/uploads\\\/2021\\\/08\\\/RETO-PARTE-2jpg-min.jpg\",\"contentUrl\":\"https:\\\/\\\/gabitel.net\\\/wp-content\\\/uploads\\\/2021\\\/08\\\/RETO-PARTE-2jpg-min.jpg\",\"width\":1841,\"height\":1765,\"caption\":\"RETO-PARTE2-GABITEL\"},{\"@type\":\"BreadcrumbList\",\"@id\":\"https:\\\/\\\/gabitel.net\\\/de\\\/reto-2-el-secreto-de-florencia\\\/#breadcrumb\",\"itemListElement\":[{\"@type\":\"ListItem\",\"position\":1,\"name\":\"Portada\",\"item\":\"https:\\\/\\\/gabitel.net\\\/de\\\/\"},{\"@type\":\"ListItem\",\"position\":2,\"name\":\"Reto 2: El secreto de Florencia\"}]},{\"@type\":\"WebSite\",\"@id\":\"https:\\\/\\\/gabitel.net\\\/de\\\/#website\",\"url\":\"https:\\\/\\\/gabitel.net\\\/de\\\/\",\"name\":\"Gabitel\",\"description\":\"\",\"publisher\":{\"@id\":\"https:\\\/\\\/gabitel.net\\\/de\\\/#organization\"},\"potentialAction\":[{\"@type\":\"SearchAction\",\"target\":{\"@type\":\"EntryPoint\",\"urlTemplate\":\"https:\\\/\\\/gabitel.net\\\/de\\\/?s={search_term_string}\"},\"query-input\":{\"@type\":\"PropertyValueSpecification\",\"valueRequired\":true,\"valueName\":\"search_term_string\"}}],\"inLanguage\":\"de\"},{\"@type\":\"Organization\",\"@id\":\"https:\\\/\\\/gabitel.net\\\/de\\\/#organization\",\"name\":\"Gabitel\",\"url\":\"https:\\\/\\\/gabitel.net\\\/de\\\/\",\"logo\":{\"@type\":\"ImageObject\",\"inLanguage\":\"de\",\"@id\":\"https:\\\/\\\/gabitel.net\\\/de\\\/#\\\/schema\\\/logo\\\/image\\\/\",\"url\":\"https:\\\/\\\/gabitel.net\\\/wp-content\\\/uploads\\\/2025\\\/05\\\/logo_gabitel.jpg\",\"contentUrl\":\"https:\\\/\\\/gabitel.net\\\/wp-content\\\/uploads\\\/2025\\\/05\\\/logo_gabitel.jpg\",\"width\":2560,\"height\":1330,\"caption\":\"Gabitel\"},\"image\":{\"@id\":\"https:\\\/\\\/gabitel.net\\\/de\\\/#\\\/schema\\\/logo\\\/image\\\/\"},\"sameAs\":[\"https:\\\/\\\/www.facebook.com\\\/gabitelingenieros\\\/\",\"https:\\\/\\\/es.linkedin.com\\\/company\\\/gabitel-ingenieros\"]},{\"@type\":\"Person\",\"@id\":\"https:\\\/\\\/gabitel.net\\\/de\\\/#\\\/schema\\\/person\\\/37ba53714c3fedb9c7d22f4bc781465c\",\"name\":\"user.autor\",\"url\":\"https:\\\/\\\/gabitel.net\\\/de\\\/author\\\/user-autor\\\/\"}]}<\/script>\n<!-- \/ Yoast SEO plugin. -->","yoast_head_json":{"title":"Reto 2: El secreto de Florencia - Gabitel","robots":{"index":"index","follow":"follow","max-snippet":"max-snippet:-1","max-image-preview":"max-image-preview:large","max-video-preview":"max-video-preview:-1"},"canonical":"https:\/\/gabitel.net\/de\/reto-2-el-secreto-de-florencia\/","og_locale":"de_DE","og_type":"article","og_title":"Reto 2: El secreto de Florencia - Gabitel","og_description":"SOLUCI\u00d3N PARTE 1 El primer enigma consiste en averiguar la contrase\u00f1a del ordenador de Florencia. Para ello es necesaria la pista \u201cHoja de diario\u201d. Para descifrar la palabra clave basta con leer al rev\u00e9s las frases que parecen no tener sentido. Soluci\u00f3n: gabitel (al leer la \u00faltima frase al rev\u00e9s \u201cevalc al se letibag\u201d = [&hellip;]","og_url":"https:\/\/gabitel.net\/de\/reto-2-el-secreto-de-florencia\/","og_site_name":"Gabitel","article_publisher":"https:\/\/www.facebook.com\/gabitelingenieros\/","article_published_time":"2021-08-13T07:46:43+00:00","og_image":[{"url":"https:\/\/gabitelingenieros.com\/wp-content\/uploads\/2021\/08\/Mis-documentos-reto-min.png","type":"","width":"","height":""}],"author":"user.autor","twitter_card":"summary_large_image","twitter_misc":{"Verfasst von":"user.autor","Gesch\u00e4tzte Lesezeit":"1\u00a0Minute"},"schema":{"@context":"https:\/\/schema.org","@graph":[{"@type":["Article","BlogPosting"],"@id":"https:\/\/gabitel.net\/de\/reto-2-el-secreto-de-florencia\/#article","isPartOf":{"@id":"https:\/\/gabitel.net\/de\/reto-2-el-secreto-de-florencia\/"},"author":{"name":"user.autor","@id":"https:\/\/gabitel.net\/de\/#\/schema\/person\/37ba53714c3fedb9c7d22f4bc781465c"},"headline":"Reto 2: El secreto de Florencia","datePublished":"2021-08-13T07:46:43+00:00","mainEntityOfPage":{"@id":"https:\/\/gabitel.net\/de\/reto-2-el-secreto-de-florencia\/"},"wordCount":151,"publisher":{"@id":"https:\/\/gabitel.net\/de\/#organization"},"image":{"@id":"https:\/\/gabitel.net\/de\/reto-2-el-secreto-de-florencia\/#primaryimage"},"thumbnailUrl":"https:\/\/gabitel.net\/wp-content\/uploads\/2021\/08\/RETO-PARTE-2jpg-min.jpg","articleSection":["Off-topic"],"inLanguage":"de"},{"@type":"WebPage","@id":"https:\/\/gabitel.net\/de\/reto-2-el-secreto-de-florencia\/","url":"https:\/\/gabitel.net\/de\/reto-2-el-secreto-de-florencia\/","name":"Reto 2: El secreto de Florencia - Gabitel","isPartOf":{"@id":"https:\/\/gabitel.net\/de\/#website"},"primaryImageOfPage":{"@id":"https:\/\/gabitel.net\/de\/reto-2-el-secreto-de-florencia\/#primaryimage"},"image":{"@id":"https:\/\/gabitel.net\/de\/reto-2-el-secreto-de-florencia\/#primaryimage"},"thumbnailUrl":"https:\/\/gabitel.net\/wp-content\/uploads\/2021\/08\/RETO-PARTE-2jpg-min.jpg","datePublished":"2021-08-13T07:46:43+00:00","breadcrumb":{"@id":"https:\/\/gabitel.net\/de\/reto-2-el-secreto-de-florencia\/#breadcrumb"},"inLanguage":"de","potentialAction":[{"@type":"ReadAction","target":["https:\/\/gabitel.net\/de\/reto-2-el-secreto-de-florencia\/"]}]},{"@type":"ImageObject","inLanguage":"de","@id":"https:\/\/gabitel.net\/de\/reto-2-el-secreto-de-florencia\/#primaryimage","url":"https:\/\/gabitel.net\/wp-content\/uploads\/2021\/08\/RETO-PARTE-2jpg-min.jpg","contentUrl":"https:\/\/gabitel.net\/wp-content\/uploads\/2021\/08\/RETO-PARTE-2jpg-min.jpg","width":1841,"height":1765,"caption":"RETO-PARTE2-GABITEL"},{"@type":"BreadcrumbList","@id":"https:\/\/gabitel.net\/de\/reto-2-el-secreto-de-florencia\/#breadcrumb","itemListElement":[{"@type":"ListItem","position":1,"name":"Portada","item":"https:\/\/gabitel.net\/de\/"},{"@type":"ListItem","position":2,"name":"Reto 2: El secreto de Florencia"}]},{"@type":"WebSite","@id":"https:\/\/gabitel.net\/de\/#website","url":"https:\/\/gabitel.net\/de\/","name":"Gabitel","description":"","publisher":{"@id":"https:\/\/gabitel.net\/de\/#organization"},"potentialAction":[{"@type":"SearchAction","target":{"@type":"EntryPoint","urlTemplate":"https:\/\/gabitel.net\/de\/?s={search_term_string}"},"query-input":{"@type":"PropertyValueSpecification","valueRequired":true,"valueName":"search_term_string"}}],"inLanguage":"de"},{"@type":"Organization","@id":"https:\/\/gabitel.net\/de\/#organization","name":"Gabitel","url":"https:\/\/gabitel.net\/de\/","logo":{"@type":"ImageObject","inLanguage":"de","@id":"https:\/\/gabitel.net\/de\/#\/schema\/logo\/image\/","url":"https:\/\/gabitel.net\/wp-content\/uploads\/2025\/05\/logo_gabitel.jpg","contentUrl":"https:\/\/gabitel.net\/wp-content\/uploads\/2025\/05\/logo_gabitel.jpg","width":2560,"height":1330,"caption":"Gabitel"},"image":{"@id":"https:\/\/gabitel.net\/de\/#\/schema\/logo\/image\/"},"sameAs":["https:\/\/www.facebook.com\/gabitelingenieros\/","https:\/\/es.linkedin.com\/company\/gabitel-ingenieros"]},{"@type":"Person","@id":"https:\/\/gabitel.net\/de\/#\/schema\/person\/37ba53714c3fedb9c7d22f4bc781465c","name":"user.autor","url":"https:\/\/gabitel.net\/de\/author\/user-autor\/"}]}},"_links":{"self":[{"href":"https:\/\/gabitel.net\/de\/wp-json\/wp\/v2\/posts\/32983","targetHints":{"allow":["GET"]}}],"collection":[{"href":"https:\/\/gabitel.net\/de\/wp-json\/wp\/v2\/posts"}],"about":[{"href":"https:\/\/gabitel.net\/de\/wp-json\/wp\/v2\/types\/post"}],"author":[{"embeddable":true,"href":"https:\/\/gabitel.net\/de\/wp-json\/wp\/v2\/users\/3"}],"replies":[{"embeddable":true,"href":"https:\/\/gabitel.net\/de\/wp-json\/wp\/v2\/comments?post=32983"}],"version-history":[{"count":0,"href":"https:\/\/gabitel.net\/de\/wp-json\/wp\/v2\/posts\/32983\/revisions"}],"wp:featuredmedia":[{"embeddable":true,"href":"https:\/\/gabitel.net\/de\/wp-json\/wp\/v2\/media\/34078"}],"wp:attachment":[{"href":"https:\/\/gabitel.net\/de\/wp-json\/wp\/v2\/media?parent=32983"}],"wp:term":[{"taxonomy":"category","embeddable":true,"href":"https:\/\/gabitel.net\/de\/wp-json\/wp\/v2\/categories?post=32983"},{"taxonomy":"post_tag","embeddable":true,"href":"https:\/\/gabitel.net\/de\/wp-json\/wp\/v2\/tags?post=32983"}],"curies":[{"name":"wp","href":"https:\/\/api.w.org\/{rel}","templated":true}]}}