{"id":32987,"date":"2021-08-02T12:05:52","date_gmt":"2021-08-02T11:05:52","guid":{"rendered":"https:\/\/gabitel.net\/nuestro-equipo-entrevista-a-silvia-marin\/"},"modified":"2021-08-02T12:05:52","modified_gmt":"2021-08-02T11:05:52","slug":"nuestro-equipo-entrevista-a-silvia-marin","status":"publish","type":"post","link":"https:\/\/gabitel.net\/de\/nuestro-equipo-entrevista-a-silvia-marin\/","title":{"rendered":"Nuestro equipo. Entrevista a Silvia Mar\u00edn"},"content":{"rendered":"<p style=\"text-align: justify;\"><strong>\u00bfQu\u00e9 te motiv\u00f3 a iniciar tus pr\u00e1cticas en Gabitel?<\/strong><\/p>\n<p style=\"text-align: justify;\">La motivaci\u00f3n principal fue que Gabitel se presentaba como una oportunidad para crecer y seguir desarroll\u00e1ndome tanto en el \u00e1mbito profesional, ya que me ofrec\u00eda trabajar en aquello en lo que me hab\u00eda formado y me apasionaba, como en lo personal, debido al buen ambiente de trabajo que se vive dentro del equipo.<\/p>\n<p style=\"text-align: justify;\">\n<p>&nbsp;<\/p>\n<p style=\"text-align: justify;\"><strong>\u00bfCu\u00e1les han sido las funciones que has ido desempe\u00f1ando en este tiempo en el Departamento?<\/strong><\/p>\n<p style=\"text-align: justify;\">Nada m\u00e1s entrar, tuve la suerte de trabajar junto con Antonia Rebollo y Javier Feria en el departamento de Fotovoltaica, ayudando en la elaboraci\u00f3n de documentos t\u00e9cnicos de Medio Ambiente como estudios de prefactibilidad, estudios de impactos, calificaciones ambientales y anexos de afecciones, entre otros. Actualmente me encuentro formando equipo con \u00d3scar Linares para la tramitaci\u00f3n DUP y expropiaci\u00f3n de l\u00edneas de alta tensi\u00f3n. Gracias a todo el departamento y especialmente a ellos, que me han ense\u00f1ado todo lo que saben, he desempe\u00f1ado muchas funciones y me considero una persona polivalente.<\/p>\n<p style=\"text-align: justify;\">\n<p>&nbsp;<\/p>\n<p style=\"text-align: justify;\"><strong>\u00bfQu\u00e9 supuso para ti conocer que tras finalizar tus pr\u00e1cticas ibas a ser contratada?<\/strong><\/p>\n<p style=\"text-align: justify;\">El d\u00eda que Genoveva y Jos\u00e9 Ra\u00fal me comunicaron que iba a ser contratada para seguir formando parte del equipo, sin duda fue una gran alegr\u00eda. Ten\u00eda mucha ilusi\u00f3n por seguir creciendo dentro de Gabitel y seguir aportando lo m\u00e1ximo de m\u00ed.<\/p>\n<p style=\"text-align: justify;\"><strong>\u00a0<\/strong><\/p>\n<p>&nbsp;<\/p>\n<p style=\"text-align: justify;\"><strong>\u00bfC\u00f3mo te gustar\u00eda que fuese tu trayectoria personal en Gabitel?<\/strong><\/p>\n<p style=\"text-align: justify;\">Me gustar\u00eda continuar mi trayectoria aprendiendo de la mano de mis compa\u00f1eros y poder ir adquiriendo m\u00e1s responsabilidades a medida que vaya adquiriendo una mayor experiencia. Mi objetivo es llegar a desarrollarme como profesional y alcanzar grandes \u00e9xitos y s\u00e9 que en Gabitel puedo conseguirlo.<\/p>\n<p style=\"text-align: justify;\">\n<p>&nbsp;<\/p>\n<p style=\"text-align: justify;\"><strong>Para conocer un poco m\u00e1s de ti, \u00bfQu\u00e9 destacar\u00edas de tu forma de ser?<\/strong><\/p>\n<p style=\"text-align: justify;\"><strong>\u00a0<\/strong>De mi forma de ser destacar\u00eda la empat\u00eda que muestro hacia los dem\u00e1s, as\u00ed como las incansables ganas de aprender, la dedicaci\u00f3n y el esfuerzo, la autocr\u00edtica y la mejora continua.<\/p>\n<p style=\"text-align: justify;\">\n<p>&nbsp;<\/p>\n<p style=\"text-align: justify;\"><strong>Aqu\u00ed va la pregunta de Gloria, compa\u00f1era que hizo la entrevista el mes anterior. En el \u00e1mbito laboral \u00bfC\u00f3mo puedes decir que te ha afectado la pandemia? \u00bfte ha hecho plantearte retos completamente distintos a lo que haces?<\/strong><\/p>\n<p style=\"text-align: justify;\">La pandemia sin duda fue un gran reto para todos por los cambios que supuso en nuestra rutina diaria. No obstante, no tuve problemas para adaptarme y sacarle la parte positiva, ya que, gracias al teletrabajo, pude compaginar mi trabajo en Gabitel con la finalizaci\u00f3n de los estudios universitarios y las labores de voluntariado que llevo realizando varios a\u00f1os<\/p>\n<p style=\"text-align: justify;\">\n<p>&nbsp;<\/p>\n<p style=\"text-align: justify;\"><strong>Env\u00eda una pregunta al pr\u00f3ximo compa\u00f1ero que entrevistaremos en el bolet\u00edn siguiente<\/strong>.<\/p>\n<p style=\"text-align: justify;\">\u00bfQu\u00e9 labor que a\u00fan no has desempe\u00f1ado, te gustar\u00eda realizar en Gabitel?<\/p>\n<p>&nbsp;<\/p>\n","protected":false},"excerpt":{"rendered":"<p>\u00bfQu\u00e9 te motiv\u00f3 a iniciar tus pr\u00e1cticas en Gabitel? La motivaci\u00f3n principal fue que Gabitel se presentaba como una oportunidad para crecer y seguir desarroll\u00e1ndome tanto en el \u00e1mbito profesional, ya que me ofrec\u00eda trabajar en aquello en lo que me hab\u00eda formado y me apasionaba, como en lo personal, debido al buen ambiente de [&hellip;]<\/p>\n","protected":false},"author":3,"featured_media":34050,"comment_status":"closed","ping_status":"closed","sticky":false,"template":"","format":"standard","meta":{"content-type":"","footnotes":""},"categories":[600],"tags":[],"class_list":["post-32987","post","type-post","status-publish","format-standard","has-post-thumbnail","hentry","category-off-topic-de"],"yoast_head":"<!-- This site is optimized with the Yoast SEO plugin v27.5 - https:\/\/yoast.com\/product\/yoast-seo-wordpress\/ -->\n<title>Nuestro equipo. Entrevista a Silvia Mar\u00edn - Gabitel<\/title>\n<meta name=\"robots\" content=\"index, follow, max-snippet:-1, max-image-preview:large, max-video-preview:-1\" \/>\n<link rel=\"canonical\" href=\"https:\/\/gabitel.net\/de\/nuestro-equipo-entrevista-a-silvia-marin\/\" \/>\n<meta property=\"og:locale\" content=\"de_DE\" \/>\n<meta property=\"og:type\" content=\"article\" \/>\n<meta property=\"og:title\" content=\"Nuestro equipo. Entrevista a Silvia Mar\u00edn - Gabitel\" \/>\n<meta property=\"og:description\" content=\"\u00bfQu\u00e9 te motiv\u00f3 a iniciar tus pr\u00e1cticas en Gabitel? La motivaci\u00f3n principal fue que Gabitel se presentaba como una oportunidad para crecer y seguir desarroll\u00e1ndome tanto en el \u00e1mbito profesional, ya que me ofrec\u00eda trabajar en aquello en lo que me hab\u00eda formado y me apasionaba, como en lo personal, debido al buen ambiente de [&hellip;]\" \/>\n<meta property=\"og:url\" content=\"https:\/\/gabitel.net\/de\/nuestro-equipo-entrevista-a-silvia-marin\/\" \/>\n<meta property=\"og:site_name\" content=\"Gabitel\" \/>\n<meta property=\"article:publisher\" content=\"https:\/\/www.facebook.com\/gabitelingenieros\/\" \/>\n<meta property=\"article:published_time\" content=\"2021-08-02T11:05:52+00:00\" \/>\n<meta name=\"author\" content=\"user.autor\" \/>\n<meta name=\"twitter:card\" content=\"summary_large_image\" \/>\n<meta name=\"twitter:label1\" content=\"Verfasst von\" \/>\n\t<meta name=\"twitter:data1\" content=\"user.autor\" \/>\n\t<meta name=\"twitter:label2\" content=\"Gesch\u00e4tzte Lesezeit\" \/>\n\t<meta name=\"twitter:data2\" content=\"2\u00a0Minuten\" \/>\n<script type=\"application\/ld+json\" class=\"yoast-schema-graph\">{\"@context\":\"https:\\\/\\\/schema.org\",\"@graph\":[{\"@type\":[\"Article\",\"BlogPosting\"],\"@id\":\"https:\\\/\\\/gabitel.net\\\/de\\\/nuestro-equipo-entrevista-a-silvia-marin\\\/#article\",\"isPartOf\":{\"@id\":\"https:\\\/\\\/gabitel.net\\\/de\\\/nuestro-equipo-entrevista-a-silvia-marin\\\/\"},\"author\":{\"name\":\"user.autor\",\"@id\":\"https:\\\/\\\/gabitel.net\\\/de\\\/#\\\/schema\\\/person\\\/37ba53714c3fedb9c7d22f4bc781465c\"},\"headline\":\"Nuestro equipo. Entrevista a Silvia Mar\u00edn\",\"datePublished\":\"2021-08-02T11:05:52+00:00\",\"mainEntityOfPage\":{\"@id\":\"https:\\\/\\\/gabitel.net\\\/de\\\/nuestro-equipo-entrevista-a-silvia-marin\\\/\"},\"wordCount\":505,\"publisher\":{\"@id\":\"https:\\\/\\\/gabitel.net\\\/de\\\/#organization\"},\"image\":{\"@id\":\"https:\\\/\\\/gabitel.net\\\/de\\\/nuestro-equipo-entrevista-a-silvia-marin\\\/#primaryimage\"},\"thumbnailUrl\":\"https:\\\/\\\/gabitel.net\\\/wp-content\\\/uploads\\\/2021\\\/08\\\/FOTO_ENTREVISTA_SILVIAjpg.jpg\",\"articleSection\":[\"Off-topic\"],\"inLanguage\":\"de\"},{\"@type\":\"WebPage\",\"@id\":\"https:\\\/\\\/gabitel.net\\\/de\\\/nuestro-equipo-entrevista-a-silvia-marin\\\/\",\"url\":\"https:\\\/\\\/gabitel.net\\\/de\\\/nuestro-equipo-entrevista-a-silvia-marin\\\/\",\"name\":\"Nuestro equipo. Entrevista a Silvia Mar\u00edn - Gabitel\",\"isPartOf\":{\"@id\":\"https:\\\/\\\/gabitel.net\\\/de\\\/#website\"},\"primaryImageOfPage\":{\"@id\":\"https:\\\/\\\/gabitel.net\\\/de\\\/nuestro-equipo-entrevista-a-silvia-marin\\\/#primaryimage\"},\"image\":{\"@id\":\"https:\\\/\\\/gabitel.net\\\/de\\\/nuestro-equipo-entrevista-a-silvia-marin\\\/#primaryimage\"},\"thumbnailUrl\":\"https:\\\/\\\/gabitel.net\\\/wp-content\\\/uploads\\\/2021\\\/08\\\/FOTO_ENTREVISTA_SILVIAjpg.jpg\",\"datePublished\":\"2021-08-02T11:05:52+00:00\",\"breadcrumb\":{\"@id\":\"https:\\\/\\\/gabitel.net\\\/de\\\/nuestro-equipo-entrevista-a-silvia-marin\\\/#breadcrumb\"},\"inLanguage\":\"de\",\"potentialAction\":[{\"@type\":\"ReadAction\",\"target\":[\"https:\\\/\\\/gabitel.net\\\/de\\\/nuestro-equipo-entrevista-a-silvia-marin\\\/\"]}]},{\"@type\":\"ImageObject\",\"inLanguage\":\"de\",\"@id\":\"https:\\\/\\\/gabitel.net\\\/de\\\/nuestro-equipo-entrevista-a-silvia-marin\\\/#primaryimage\",\"url\":\"https:\\\/\\\/gabitel.net\\\/wp-content\\\/uploads\\\/2021\\\/08\\\/FOTO_ENTREVISTA_SILVIAjpg.jpg\",\"contentUrl\":\"https:\\\/\\\/gabitel.net\\\/wp-content\\\/uploads\\\/2021\\\/08\\\/FOTO_ENTREVISTA_SILVIAjpg.jpg\",\"width\":2000,\"height\":1500},{\"@type\":\"BreadcrumbList\",\"@id\":\"https:\\\/\\\/gabitel.net\\\/de\\\/nuestro-equipo-entrevista-a-silvia-marin\\\/#breadcrumb\",\"itemListElement\":[{\"@type\":\"ListItem\",\"position\":1,\"name\":\"Portada\",\"item\":\"https:\\\/\\\/gabitel.net\\\/de\\\/\"},{\"@type\":\"ListItem\",\"position\":2,\"name\":\"Nuestro equipo. Entrevista a Silvia Mar\u00edn\"}]},{\"@type\":\"WebSite\",\"@id\":\"https:\\\/\\\/gabitel.net\\\/de\\\/#website\",\"url\":\"https:\\\/\\\/gabitel.net\\\/de\\\/\",\"name\":\"Gabitel\",\"description\":\"\",\"publisher\":{\"@id\":\"https:\\\/\\\/gabitel.net\\\/de\\\/#organization\"},\"potentialAction\":[{\"@type\":\"SearchAction\",\"target\":{\"@type\":\"EntryPoint\",\"urlTemplate\":\"https:\\\/\\\/gabitel.net\\\/de\\\/?s={search_term_string}\"},\"query-input\":{\"@type\":\"PropertyValueSpecification\",\"valueRequired\":true,\"valueName\":\"search_term_string\"}}],\"inLanguage\":\"de\"},{\"@type\":\"Organization\",\"@id\":\"https:\\\/\\\/gabitel.net\\\/de\\\/#organization\",\"name\":\"Gabitel\",\"url\":\"https:\\\/\\\/gabitel.net\\\/de\\\/\",\"logo\":{\"@type\":\"ImageObject\",\"inLanguage\":\"de\",\"@id\":\"https:\\\/\\\/gabitel.net\\\/de\\\/#\\\/schema\\\/logo\\\/image\\\/\",\"url\":\"https:\\\/\\\/gabitel.net\\\/wp-content\\\/uploads\\\/2025\\\/05\\\/logo_gabitel.jpg\",\"contentUrl\":\"https:\\\/\\\/gabitel.net\\\/wp-content\\\/uploads\\\/2025\\\/05\\\/logo_gabitel.jpg\",\"width\":2560,\"height\":1330,\"caption\":\"Gabitel\"},\"image\":{\"@id\":\"https:\\\/\\\/gabitel.net\\\/de\\\/#\\\/schema\\\/logo\\\/image\\\/\"},\"sameAs\":[\"https:\\\/\\\/www.facebook.com\\\/gabitelingenieros\\\/\",\"https:\\\/\\\/es.linkedin.com\\\/company\\\/gabitel-ingenieros\"]},{\"@type\":\"Person\",\"@id\":\"https:\\\/\\\/gabitel.net\\\/de\\\/#\\\/schema\\\/person\\\/37ba53714c3fedb9c7d22f4bc781465c\",\"name\":\"user.autor\",\"url\":\"https:\\\/\\\/gabitel.net\\\/de\\\/author\\\/user-autor\\\/\"}]}<\/script>\n<!-- \/ Yoast SEO plugin. -->","yoast_head_json":{"title":"Nuestro equipo. Entrevista a Silvia Mar\u00edn - Gabitel","robots":{"index":"index","follow":"follow","max-snippet":"max-snippet:-1","max-image-preview":"max-image-preview:large","max-video-preview":"max-video-preview:-1"},"canonical":"https:\/\/gabitel.net\/de\/nuestro-equipo-entrevista-a-silvia-marin\/","og_locale":"de_DE","og_type":"article","og_title":"Nuestro equipo. Entrevista a Silvia Mar\u00edn - Gabitel","og_description":"\u00bfQu\u00e9 te motiv\u00f3 a iniciar tus pr\u00e1cticas en Gabitel? La motivaci\u00f3n principal fue que Gabitel se presentaba como una oportunidad para crecer y seguir desarroll\u00e1ndome tanto en el \u00e1mbito profesional, ya que me ofrec\u00eda trabajar en aquello en lo que me hab\u00eda formado y me apasionaba, como en lo personal, debido al buen ambiente de [&hellip;]","og_url":"https:\/\/gabitel.net\/de\/nuestro-equipo-entrevista-a-silvia-marin\/","og_site_name":"Gabitel","article_publisher":"https:\/\/www.facebook.com\/gabitelingenieros\/","article_published_time":"2021-08-02T11:05:52+00:00","author":"user.autor","twitter_card":"summary_large_image","twitter_misc":{"Verfasst von":"user.autor","Gesch\u00e4tzte Lesezeit":"2\u00a0Minuten"},"schema":{"@context":"https:\/\/schema.org","@graph":[{"@type":["Article","BlogPosting"],"@id":"https:\/\/gabitel.net\/de\/nuestro-equipo-entrevista-a-silvia-marin\/#article","isPartOf":{"@id":"https:\/\/gabitel.net\/de\/nuestro-equipo-entrevista-a-silvia-marin\/"},"author":{"name":"user.autor","@id":"https:\/\/gabitel.net\/de\/#\/schema\/person\/37ba53714c3fedb9c7d22f4bc781465c"},"headline":"Nuestro equipo. Entrevista a Silvia Mar\u00edn","datePublished":"2021-08-02T11:05:52+00:00","mainEntityOfPage":{"@id":"https:\/\/gabitel.net\/de\/nuestro-equipo-entrevista-a-silvia-marin\/"},"wordCount":505,"publisher":{"@id":"https:\/\/gabitel.net\/de\/#organization"},"image":{"@id":"https:\/\/gabitel.net\/de\/nuestro-equipo-entrevista-a-silvia-marin\/#primaryimage"},"thumbnailUrl":"https:\/\/gabitel.net\/wp-content\/uploads\/2021\/08\/FOTO_ENTREVISTA_SILVIAjpg.jpg","articleSection":["Off-topic"],"inLanguage":"de"},{"@type":"WebPage","@id":"https:\/\/gabitel.net\/de\/nuestro-equipo-entrevista-a-silvia-marin\/","url":"https:\/\/gabitel.net\/de\/nuestro-equipo-entrevista-a-silvia-marin\/","name":"Nuestro equipo. Entrevista a Silvia Mar\u00edn - Gabitel","isPartOf":{"@id":"https:\/\/gabitel.net\/de\/#website"},"primaryImageOfPage":{"@id":"https:\/\/gabitel.net\/de\/nuestro-equipo-entrevista-a-silvia-marin\/#primaryimage"},"image":{"@id":"https:\/\/gabitel.net\/de\/nuestro-equipo-entrevista-a-silvia-marin\/#primaryimage"},"thumbnailUrl":"https:\/\/gabitel.net\/wp-content\/uploads\/2021\/08\/FOTO_ENTREVISTA_SILVIAjpg.jpg","datePublished":"2021-08-02T11:05:52+00:00","breadcrumb":{"@id":"https:\/\/gabitel.net\/de\/nuestro-equipo-entrevista-a-silvia-marin\/#breadcrumb"},"inLanguage":"de","potentialAction":[{"@type":"ReadAction","target":["https:\/\/gabitel.net\/de\/nuestro-equipo-entrevista-a-silvia-marin\/"]}]},{"@type":"ImageObject","inLanguage":"de","@id":"https:\/\/gabitel.net\/de\/nuestro-equipo-entrevista-a-silvia-marin\/#primaryimage","url":"https:\/\/gabitel.net\/wp-content\/uploads\/2021\/08\/FOTO_ENTREVISTA_SILVIAjpg.jpg","contentUrl":"https:\/\/gabitel.net\/wp-content\/uploads\/2021\/08\/FOTO_ENTREVISTA_SILVIAjpg.jpg","width":2000,"height":1500},{"@type":"BreadcrumbList","@id":"https:\/\/gabitel.net\/de\/nuestro-equipo-entrevista-a-silvia-marin\/#breadcrumb","itemListElement":[{"@type":"ListItem","position":1,"name":"Portada","item":"https:\/\/gabitel.net\/de\/"},{"@type":"ListItem","position":2,"name":"Nuestro equipo. Entrevista a Silvia Mar\u00edn"}]},{"@type":"WebSite","@id":"https:\/\/gabitel.net\/de\/#website","url":"https:\/\/gabitel.net\/de\/","name":"Gabitel","description":"","publisher":{"@id":"https:\/\/gabitel.net\/de\/#organization"},"potentialAction":[{"@type":"SearchAction","target":{"@type":"EntryPoint","urlTemplate":"https:\/\/gabitel.net\/de\/?s={search_term_string}"},"query-input":{"@type":"PropertyValueSpecification","valueRequired":true,"valueName":"search_term_string"}}],"inLanguage":"de"},{"@type":"Organization","@id":"https:\/\/gabitel.net\/de\/#organization","name":"Gabitel","url":"https:\/\/gabitel.net\/de\/","logo":{"@type":"ImageObject","inLanguage":"de","@id":"https:\/\/gabitel.net\/de\/#\/schema\/logo\/image\/","url":"https:\/\/gabitel.net\/wp-content\/uploads\/2025\/05\/logo_gabitel.jpg","contentUrl":"https:\/\/gabitel.net\/wp-content\/uploads\/2025\/05\/logo_gabitel.jpg","width":2560,"height":1330,"caption":"Gabitel"},"image":{"@id":"https:\/\/gabitel.net\/de\/#\/schema\/logo\/image\/"},"sameAs":["https:\/\/www.facebook.com\/gabitelingenieros\/","https:\/\/es.linkedin.com\/company\/gabitel-ingenieros"]},{"@type":"Person","@id":"https:\/\/gabitel.net\/de\/#\/schema\/person\/37ba53714c3fedb9c7d22f4bc781465c","name":"user.autor","url":"https:\/\/gabitel.net\/de\/author\/user-autor\/"}]}},"_links":{"self":[{"href":"https:\/\/gabitel.net\/de\/wp-json\/wp\/v2\/posts\/32987","targetHints":{"allow":["GET"]}}],"collection":[{"href":"https:\/\/gabitel.net\/de\/wp-json\/wp\/v2\/posts"}],"about":[{"href":"https:\/\/gabitel.net\/de\/wp-json\/wp\/v2\/types\/post"}],"author":[{"embeddable":true,"href":"https:\/\/gabitel.net\/de\/wp-json\/wp\/v2\/users\/3"}],"replies":[{"embeddable":true,"href":"https:\/\/gabitel.net\/de\/wp-json\/wp\/v2\/comments?post=32987"}],"version-history":[{"count":0,"href":"https:\/\/gabitel.net\/de\/wp-json\/wp\/v2\/posts\/32987\/revisions"}],"wp:featuredmedia":[{"embeddable":true,"href":"https:\/\/gabitel.net\/de\/wp-json\/wp\/v2\/media\/34050"}],"wp:attachment":[{"href":"https:\/\/gabitel.net\/de\/wp-json\/wp\/v2\/media?parent=32987"}],"wp:term":[{"taxonomy":"category","embeddable":true,"href":"https:\/\/gabitel.net\/de\/wp-json\/wp\/v2\/categories?post=32987"},{"taxonomy":"post_tag","embeddable":true,"href":"https:\/\/gabitel.net\/de\/wp-json\/wp\/v2\/tags?post=32987"}],"curies":[{"name":"wp","href":"https:\/\/api.w.org\/{rel}","templated":true}]}}