{"id":32991,"date":"2021-07-29T11:26:54","date_gmt":"2021-07-29T10:26:54","guid":{"rendered":"https:\/\/gabitel.net\/aurora-pascual\/"},"modified":"2021-07-29T11:26:54","modified_gmt":"2021-07-29T10:26:54","slug":"aurora-pascual","status":"publish","type":"post","link":"https:\/\/gabitel.net\/de\/aurora-pascual\/","title":{"rendered":"COIIAOC entrevista a nuestra compa\u00f1era Aurora Pascual"},"content":{"rendered":"<p style=\"text-align: justify;\">En el pr\u00f3ximo <em>Bolet\u00edn Anual del Colegio Oficial de Ingenieros de Andaluc\u00eda Occidental,<\/em> nos podremos encontrar con la publicaci\u00f3n de la entrevista que le han realizado a nuestra compa\u00f1era Aurora Pascual que actualmente est\u00e1 realizando pr\u00e1cticas extracurriculares a trav\u00e9s de la Universidad de Sevilla en el Departamento de Energ\u00eda, de nuestra empresa.<\/p>\n<p style=\"text-align: justify;\">En la actualidad, Aurora se encuentra estudiando el Grado de Ingenier\u00eda en la espacialidad de Organizaci\u00f3n Industrial en la Universidad de Sevilla y as\u00ed nos ha contado de primera mano, qu\u00e9 ha significado para ella su participaci\u00f3n en el bolet\u00edn anual del Colegio de Ingenieros y su experiencia profesional con Gabitel:<\/p>\n<p style=\"text-align: justify;\"><strong><em>Aurora:<\/em><\/strong><\/p>\n<p style=\"text-align: justify;\">En estos a\u00f1os de carrera, un profesor me recomend\u00f3 la opci\u00f3n de pre colegiarme para poder acceder a los numerosos cursos que el Colegio de Ingenieros ofrecen, entre otras muchas ventajas, ya que estaba interesada en recibir formaci\u00f3n sobre Machine Learning y su implementaci\u00f3n en el mantenimiento predictivo, con la idea de aplicarlos a mi trabajo de fin de carrera.<\/p>\n<p style=\"text-align: justify;\">Una vez empec\u00e9 estos cursos, mis compa\u00f1eros se dieron cuenta que era la \u00fanica alumna colegiada que todav\u00eda estaba estudiando la carrera y que realizaba el curso con un fin m\u00e1s all\u00e1 de la formaci\u00f3n. Creo que el hecho de compartir curso con conocidos ingenieros dentro del Colegio fue la causa para que contaran conmigo para la secci\u00f3n \u201c<em>J\u00f3venes Ingenieros\u201d<\/em> dentro de su bolet\u00edn anual. Cuando me lo propusieron lo hicieron casi disculp\u00e1ndose por querer robarme una peque\u00f1a parte de mi tiempo libre en \u00e9poca de ex\u00e1menes, mientras yo alucinaba porque quisieran conocer mi experiencia y dar mis consejos a las generaciones venideras.<\/p>\n<p style=\"text-align: justify;\">En el art\u00edculo comento \u201cel golpe de realidad\u201d que ha significado Gabitel para m\u00ed, ya que tanto mis compa\u00f1eros de carrera como yo salimos muy desorientados, sabiendo que somos ingenieros, pero sin saber realmente lo que es ser ingeniero. Desde hace varios a\u00f1os rondaba por mi cabeza la idea de realizar pr\u00e1cticas en una empresa reconocida en el sector, y a ser posible de Huelva, y no puedo estar m\u00e1s contenta y orgullosa de haber elegido la nuestra, Gabitel.<\/p>\n<p style=\"text-align: justify;\">Me encuentro realizando mis pr\u00e1cticas en el Departamento de Energ\u00eda dentro del proyecto de ENDESA en el \u00e1rea de Nuevos Sistemas. Mi trabajo principalmente consiste en la realizaci\u00f3n de bases de datos para la puesta en servicio de las distintas instalaciones el\u00e9ctricas para la distribuci\u00f3n en media y baja tensi\u00f3n, que son propiedad de Endesa. Mis inicios fueron en la oficina de Sevilla, al estar estudiando en esta ciudad, teniendo la oportunidad de coincidir con los mejores compa\u00f1eros que he podido tener, realmente, formamos un gran equipo.<\/p>\n<p style=\"text-align: justify;\">Al principio todo me parec\u00eda enorme, me agobiaba por no alcanzar el ritmo de trabajo de los dem\u00e1s, e incluso derram\u00e9 alguna lagrimilla\u2026 <em>Jajajaja<\/em>. Pero con el paso de los meses se han ido convirtiendo en lo que desde el principio todos comentaban, una verdadera familia con la que s\u00e9 que puedo contar. Ahora me traslado a la oficina de Huelva y aunque voy a echar de menos a mis compa\u00f1eros de Sevilla, no me cabe duda de que mi experiencia seguir\u00e1 siendo igual o mejor. A\u00fan no s\u00e9 cu\u00e1les van a ser mis decisiones a corto plazo, ya que me gustar\u00eda estudiar el m\u00e1ster habilitante, pero estoy segura de que, si nuestros caminos se separan, volver\u00e9 siendo una gran Ingeniera con much\u00edsimas ganas de seguir aprendiendo de Gabitel.<\/p>\n","protected":false},"excerpt":{"rendered":"<p>En el pr\u00f3ximo Bolet\u00edn Anual del Colegio Oficial de Ingenieros de Andaluc\u00eda Occidental, nos podremos encontrar con la publicaci\u00f3n de la entrevista que le han realizado a nuestra compa\u00f1era Aurora Pascual que actualmente est\u00e1 realizando pr\u00e1cticas extracurriculares a trav\u00e9s de la Universidad de Sevilla en el Departamento de Energ\u00eda, de nuestra empresa. En la actualidad, [&hellip;]<\/p>\n","protected":false},"author":3,"featured_media":34054,"comment_status":"closed","ping_status":"closed","sticky":false,"template":"","format":"standard","meta":{"content-type":"","footnotes":""},"categories":[600],"tags":[],"class_list":["post-32991","post","type-post","status-publish","format-standard","has-post-thumbnail","hentry","category-off-topic-de"],"yoast_head":"<!-- This site is optimized with the Yoast SEO plugin v27.5 - https:\/\/yoast.com\/product\/yoast-seo-wordpress\/ -->\n<title>COIIAOC entrevista a nuestra compa\u00f1era Aurora Pascual - Gabitel<\/title>\n<meta name=\"robots\" content=\"index, follow, max-snippet:-1, max-image-preview:large, max-video-preview:-1\" \/>\n<link rel=\"canonical\" href=\"https:\/\/gabitel.net\/de\/aurora-pascual\/\" \/>\n<meta property=\"og:locale\" content=\"de_DE\" \/>\n<meta property=\"og:type\" content=\"article\" \/>\n<meta property=\"og:title\" content=\"COIIAOC entrevista a nuestra compa\u00f1era Aurora Pascual - Gabitel\" \/>\n<meta property=\"og:description\" content=\"En el pr\u00f3ximo Bolet\u00edn Anual del Colegio Oficial de Ingenieros de Andaluc\u00eda Occidental, nos podremos encontrar con la publicaci\u00f3n de la entrevista que le han realizado a nuestra compa\u00f1era Aurora Pascual que actualmente est\u00e1 realizando pr\u00e1cticas extracurriculares a trav\u00e9s de la Universidad de Sevilla en el Departamento de Energ\u00eda, de nuestra empresa. En la actualidad, [&hellip;]\" \/>\n<meta property=\"og:url\" content=\"https:\/\/gabitel.net\/de\/aurora-pascual\/\" \/>\n<meta property=\"og:site_name\" content=\"Gabitel\" \/>\n<meta property=\"article:publisher\" content=\"https:\/\/www.facebook.com\/gabitelingenieros\/\" \/>\n<meta property=\"article:published_time\" content=\"2021-07-29T10:26:54+00:00\" \/>\n<meta name=\"author\" content=\"user.autor\" \/>\n<meta name=\"twitter:card\" content=\"summary_large_image\" \/>\n<meta name=\"twitter:label1\" content=\"Verfasst von\" \/>\n\t<meta name=\"twitter:data1\" content=\"user.autor\" \/>\n\t<meta name=\"twitter:label2\" content=\"Gesch\u00e4tzte Lesezeit\" \/>\n\t<meta name=\"twitter:data2\" content=\"3\u00a0Minuten\" \/>\n<script type=\"application\/ld+json\" class=\"yoast-schema-graph\">{\"@context\":\"https:\\\/\\\/schema.org\",\"@graph\":[{\"@type\":[\"Article\",\"BlogPosting\"],\"@id\":\"https:\\\/\\\/gabitel.net\\\/de\\\/aurora-pascual\\\/#article\",\"isPartOf\":{\"@id\":\"https:\\\/\\\/gabitel.net\\\/de\\\/aurora-pascual\\\/\"},\"author\":{\"name\":\"user.autor\",\"@id\":\"https:\\\/\\\/gabitel.net\\\/de\\\/#\\\/schema\\\/person\\\/37ba53714c3fedb9c7d22f4bc781465c\"},\"headline\":\"COIIAOC entrevista a nuestra compa\u00f1era Aurora Pascual\",\"datePublished\":\"2021-07-29T10:26:54+00:00\",\"mainEntityOfPage\":{\"@id\":\"https:\\\/\\\/gabitel.net\\\/de\\\/aurora-pascual\\\/\"},\"wordCount\":616,\"publisher\":{\"@id\":\"https:\\\/\\\/gabitel.net\\\/de\\\/#organization\"},\"image\":{\"@id\":\"https:\\\/\\\/gabitel.net\\\/de\\\/aurora-pascual\\\/#primaryimage\"},\"thumbnailUrl\":\"https:\\\/\\\/gabitel.net\\\/wp-content\\\/uploads\\\/2021\\\/07\\\/IMG_3274-min-scaled-1.jpg\",\"articleSection\":[\"Off-topic\"],\"inLanguage\":\"de\"},{\"@type\":\"WebPage\",\"@id\":\"https:\\\/\\\/gabitel.net\\\/de\\\/aurora-pascual\\\/\",\"url\":\"https:\\\/\\\/gabitel.net\\\/de\\\/aurora-pascual\\\/\",\"name\":\"COIIAOC entrevista a nuestra compa\u00f1era Aurora Pascual - Gabitel\",\"isPartOf\":{\"@id\":\"https:\\\/\\\/gabitel.net\\\/de\\\/#website\"},\"primaryImageOfPage\":{\"@id\":\"https:\\\/\\\/gabitel.net\\\/de\\\/aurora-pascual\\\/#primaryimage\"},\"image\":{\"@id\":\"https:\\\/\\\/gabitel.net\\\/de\\\/aurora-pascual\\\/#primaryimage\"},\"thumbnailUrl\":\"https:\\\/\\\/gabitel.net\\\/wp-content\\\/uploads\\\/2021\\\/07\\\/IMG_3274-min-scaled-1.jpg\",\"datePublished\":\"2021-07-29T10:26:54+00:00\",\"breadcrumb\":{\"@id\":\"https:\\\/\\\/gabitel.net\\\/de\\\/aurora-pascual\\\/#breadcrumb\"},\"inLanguage\":\"de\",\"potentialAction\":[{\"@type\":\"ReadAction\",\"target\":[\"https:\\\/\\\/gabitel.net\\\/de\\\/aurora-pascual\\\/\"]}]},{\"@type\":\"ImageObject\",\"inLanguage\":\"de\",\"@id\":\"https:\\\/\\\/gabitel.net\\\/de\\\/aurora-pascual\\\/#primaryimage\",\"url\":\"https:\\\/\\\/gabitel.net\\\/wp-content\\\/uploads\\\/2021\\\/07\\\/IMG_3274-min-scaled-1.jpg\",\"contentUrl\":\"https:\\\/\\\/gabitel.net\\\/wp-content\\\/uploads\\\/2021\\\/07\\\/IMG_3274-min-scaled-1.jpg\",\"width\":1920,\"height\":2560,\"caption\":\"COIIAOC_boletin_aurora\"},{\"@type\":\"BreadcrumbList\",\"@id\":\"https:\\\/\\\/gabitel.net\\\/de\\\/aurora-pascual\\\/#breadcrumb\",\"itemListElement\":[{\"@type\":\"ListItem\",\"position\":1,\"name\":\"Portada\",\"item\":\"https:\\\/\\\/gabitel.net\\\/de\\\/\"},{\"@type\":\"ListItem\",\"position\":2,\"name\":\"COIIAOC entrevista a nuestra compa\u00f1era Aurora Pascual\"}]},{\"@type\":\"WebSite\",\"@id\":\"https:\\\/\\\/gabitel.net\\\/de\\\/#website\",\"url\":\"https:\\\/\\\/gabitel.net\\\/de\\\/\",\"name\":\"Gabitel\",\"description\":\"\",\"publisher\":{\"@id\":\"https:\\\/\\\/gabitel.net\\\/de\\\/#organization\"},\"potentialAction\":[{\"@type\":\"SearchAction\",\"target\":{\"@type\":\"EntryPoint\",\"urlTemplate\":\"https:\\\/\\\/gabitel.net\\\/de\\\/?s={search_term_string}\"},\"query-input\":{\"@type\":\"PropertyValueSpecification\",\"valueRequired\":true,\"valueName\":\"search_term_string\"}}],\"inLanguage\":\"de\"},{\"@type\":\"Organization\",\"@id\":\"https:\\\/\\\/gabitel.net\\\/de\\\/#organization\",\"name\":\"Gabitel\",\"url\":\"https:\\\/\\\/gabitel.net\\\/de\\\/\",\"logo\":{\"@type\":\"ImageObject\",\"inLanguage\":\"de\",\"@id\":\"https:\\\/\\\/gabitel.net\\\/de\\\/#\\\/schema\\\/logo\\\/image\\\/\",\"url\":\"https:\\\/\\\/gabitel.net\\\/wp-content\\\/uploads\\\/2025\\\/05\\\/logo_gabitel.jpg\",\"contentUrl\":\"https:\\\/\\\/gabitel.net\\\/wp-content\\\/uploads\\\/2025\\\/05\\\/logo_gabitel.jpg\",\"width\":2560,\"height\":1330,\"caption\":\"Gabitel\"},\"image\":{\"@id\":\"https:\\\/\\\/gabitel.net\\\/de\\\/#\\\/schema\\\/logo\\\/image\\\/\"},\"sameAs\":[\"https:\\\/\\\/www.facebook.com\\\/gabitelingenieros\\\/\",\"https:\\\/\\\/es.linkedin.com\\\/company\\\/gabitel-ingenieros\"]},{\"@type\":\"Person\",\"@id\":\"https:\\\/\\\/gabitel.net\\\/de\\\/#\\\/schema\\\/person\\\/37ba53714c3fedb9c7d22f4bc781465c\",\"name\":\"user.autor\",\"url\":\"https:\\\/\\\/gabitel.net\\\/de\\\/author\\\/user-autor\\\/\"}]}<\/script>\n<!-- \/ Yoast SEO plugin. -->","yoast_head_json":{"title":"COIIAOC entrevista a nuestra compa\u00f1era Aurora Pascual - Gabitel","robots":{"index":"index","follow":"follow","max-snippet":"max-snippet:-1","max-image-preview":"max-image-preview:large","max-video-preview":"max-video-preview:-1"},"canonical":"https:\/\/gabitel.net\/de\/aurora-pascual\/","og_locale":"de_DE","og_type":"article","og_title":"COIIAOC entrevista a nuestra compa\u00f1era Aurora Pascual - Gabitel","og_description":"En el pr\u00f3ximo Bolet\u00edn Anual del Colegio Oficial de Ingenieros de Andaluc\u00eda Occidental, nos podremos encontrar con la publicaci\u00f3n de la entrevista que le han realizado a nuestra compa\u00f1era Aurora Pascual que actualmente est\u00e1 realizando pr\u00e1cticas extracurriculares a trav\u00e9s de la Universidad de Sevilla en el Departamento de Energ\u00eda, de nuestra empresa. En la actualidad, [&hellip;]","og_url":"https:\/\/gabitel.net\/de\/aurora-pascual\/","og_site_name":"Gabitel","article_publisher":"https:\/\/www.facebook.com\/gabitelingenieros\/","article_published_time":"2021-07-29T10:26:54+00:00","author":"user.autor","twitter_card":"summary_large_image","twitter_misc":{"Verfasst von":"user.autor","Gesch\u00e4tzte Lesezeit":"3\u00a0Minuten"},"schema":{"@context":"https:\/\/schema.org","@graph":[{"@type":["Article","BlogPosting"],"@id":"https:\/\/gabitel.net\/de\/aurora-pascual\/#article","isPartOf":{"@id":"https:\/\/gabitel.net\/de\/aurora-pascual\/"},"author":{"name":"user.autor","@id":"https:\/\/gabitel.net\/de\/#\/schema\/person\/37ba53714c3fedb9c7d22f4bc781465c"},"headline":"COIIAOC entrevista a nuestra compa\u00f1era Aurora Pascual","datePublished":"2021-07-29T10:26:54+00:00","mainEntityOfPage":{"@id":"https:\/\/gabitel.net\/de\/aurora-pascual\/"},"wordCount":616,"publisher":{"@id":"https:\/\/gabitel.net\/de\/#organization"},"image":{"@id":"https:\/\/gabitel.net\/de\/aurora-pascual\/#primaryimage"},"thumbnailUrl":"https:\/\/gabitel.net\/wp-content\/uploads\/2021\/07\/IMG_3274-min-scaled-1.jpg","articleSection":["Off-topic"],"inLanguage":"de"},{"@type":"WebPage","@id":"https:\/\/gabitel.net\/de\/aurora-pascual\/","url":"https:\/\/gabitel.net\/de\/aurora-pascual\/","name":"COIIAOC entrevista a nuestra compa\u00f1era Aurora Pascual - Gabitel","isPartOf":{"@id":"https:\/\/gabitel.net\/de\/#website"},"primaryImageOfPage":{"@id":"https:\/\/gabitel.net\/de\/aurora-pascual\/#primaryimage"},"image":{"@id":"https:\/\/gabitel.net\/de\/aurora-pascual\/#primaryimage"},"thumbnailUrl":"https:\/\/gabitel.net\/wp-content\/uploads\/2021\/07\/IMG_3274-min-scaled-1.jpg","datePublished":"2021-07-29T10:26:54+00:00","breadcrumb":{"@id":"https:\/\/gabitel.net\/de\/aurora-pascual\/#breadcrumb"},"inLanguage":"de","potentialAction":[{"@type":"ReadAction","target":["https:\/\/gabitel.net\/de\/aurora-pascual\/"]}]},{"@type":"ImageObject","inLanguage":"de","@id":"https:\/\/gabitel.net\/de\/aurora-pascual\/#primaryimage","url":"https:\/\/gabitel.net\/wp-content\/uploads\/2021\/07\/IMG_3274-min-scaled-1.jpg","contentUrl":"https:\/\/gabitel.net\/wp-content\/uploads\/2021\/07\/IMG_3274-min-scaled-1.jpg","width":1920,"height":2560,"caption":"COIIAOC_boletin_aurora"},{"@type":"BreadcrumbList","@id":"https:\/\/gabitel.net\/de\/aurora-pascual\/#breadcrumb","itemListElement":[{"@type":"ListItem","position":1,"name":"Portada","item":"https:\/\/gabitel.net\/de\/"},{"@type":"ListItem","position":2,"name":"COIIAOC entrevista a nuestra compa\u00f1era Aurora Pascual"}]},{"@type":"WebSite","@id":"https:\/\/gabitel.net\/de\/#website","url":"https:\/\/gabitel.net\/de\/","name":"Gabitel","description":"","publisher":{"@id":"https:\/\/gabitel.net\/de\/#organization"},"potentialAction":[{"@type":"SearchAction","target":{"@type":"EntryPoint","urlTemplate":"https:\/\/gabitel.net\/de\/?s={search_term_string}"},"query-input":{"@type":"PropertyValueSpecification","valueRequired":true,"valueName":"search_term_string"}}],"inLanguage":"de"},{"@type":"Organization","@id":"https:\/\/gabitel.net\/de\/#organization","name":"Gabitel","url":"https:\/\/gabitel.net\/de\/","logo":{"@type":"ImageObject","inLanguage":"de","@id":"https:\/\/gabitel.net\/de\/#\/schema\/logo\/image\/","url":"https:\/\/gabitel.net\/wp-content\/uploads\/2025\/05\/logo_gabitel.jpg","contentUrl":"https:\/\/gabitel.net\/wp-content\/uploads\/2025\/05\/logo_gabitel.jpg","width":2560,"height":1330,"caption":"Gabitel"},"image":{"@id":"https:\/\/gabitel.net\/de\/#\/schema\/logo\/image\/"},"sameAs":["https:\/\/www.facebook.com\/gabitelingenieros\/","https:\/\/es.linkedin.com\/company\/gabitel-ingenieros"]},{"@type":"Person","@id":"https:\/\/gabitel.net\/de\/#\/schema\/person\/37ba53714c3fedb9c7d22f4bc781465c","name":"user.autor","url":"https:\/\/gabitel.net\/de\/author\/user-autor\/"}]}},"_links":{"self":[{"href":"https:\/\/gabitel.net\/de\/wp-json\/wp\/v2\/posts\/32991","targetHints":{"allow":["GET"]}}],"collection":[{"href":"https:\/\/gabitel.net\/de\/wp-json\/wp\/v2\/posts"}],"about":[{"href":"https:\/\/gabitel.net\/de\/wp-json\/wp\/v2\/types\/post"}],"author":[{"embeddable":true,"href":"https:\/\/gabitel.net\/de\/wp-json\/wp\/v2\/users\/3"}],"replies":[{"embeddable":true,"href":"https:\/\/gabitel.net\/de\/wp-json\/wp\/v2\/comments?post=32991"}],"version-history":[{"count":0,"href":"https:\/\/gabitel.net\/de\/wp-json\/wp\/v2\/posts\/32991\/revisions"}],"wp:featuredmedia":[{"embeddable":true,"href":"https:\/\/gabitel.net\/de\/wp-json\/wp\/v2\/media\/34054"}],"wp:attachment":[{"href":"https:\/\/gabitel.net\/de\/wp-json\/wp\/v2\/media?parent=32991"}],"wp:term":[{"taxonomy":"category","embeddable":true,"href":"https:\/\/gabitel.net\/de\/wp-json\/wp\/v2\/categories?post=32991"},{"taxonomy":"post_tag","embeddable":true,"href":"https:\/\/gabitel.net\/de\/wp-json\/wp\/v2\/tags?post=32991"}],"curies":[{"name":"wp","href":"https:\/\/api.w.org\/{rel}","templated":true}]}}