{"id":33025,"date":"2021-06-29T11:00:09","date_gmt":"2021-06-29T10:00:09","guid":{"rendered":"https:\/\/gabitel.net\/talento-oculto-carlos-abollado\/"},"modified":"2021-06-29T11:00:09","modified_gmt":"2021-06-29T10:00:09","slug":"talento-oculto-carlos-abollado","status":"publish","type":"post","link":"https:\/\/gabitel.net\/de\/talento-oculto-carlos-abollado\/","title":{"rendered":"Talento Oculto Carlos Abollado"},"content":{"rendered":"<p><strong>TOCA LA GUITARRA EL\u00c9CTRICA Y EL SAXO EN UN GRUPO<\/strong><\/p>\n<p style=\"text-align: justify;\">\u201cMi afici\u00f3n por la m\u00fasica comenz\u00f3 en el t\u00edpico campamento de verano de preadolescente donde los que no quisieran dormir pod\u00eda apuntarse a unas clases de guitarra. Ah\u00ed di mis primeros acordes.<\/p>\n<p style=\"text-align: justify;\">Fueron pasando los a\u00f1os\u2026 mi primera guitarra ac\u00fastica, tocaba country con mi guitarra y una arm\u00f3nica, temas de John Denver, America, Elvis, etc., luego vino mi primera guitarra el\u00e9ctrica. Recuerdo que una tienda de Madrid trajo unas guitarras muy baratas de China, y salimos todos corriendo a conseguir una, se agotaron en seguida. A partir de ah\u00ed comenc\u00e9 a tocar en grupos con amigos, ya estaba en la universidad, y particip\u00e1bamos en concursos de nuevas promesas de la provincia de Madrid.<\/p>\n<p style=\"text-align: justify;\">Cuando la cosa empezaba a ir m\u00e1s en serio, me compre un equipo profesional y d\u00e1bamos conciertos en pubs y discotecas. Compon\u00edamos nuestros propios temas y grabamos nuestras primeras maquetas en un estudio, que promocionamos con entrevistas en la radio. Vivimos a tope la \u201cmovida madrile\u00f1a\u201d, la nueva ola.<\/p>\n<p style=\"text-align: justify;\">Y me vine a vivir a Sevilla. Aqu\u00ed me cost\u00f3 conectar con el mundo musical, segu\u00eda muy conectado con mi grupo de Madrid, de hecho, me fui un fin de semana con ellos a grabar un disco. Tuve unos cuantos intentos fallidos con grupos en Sevilla, hasta que di con uno que parec\u00eda que pod\u00eda cuajar, no llegamos a dar m\u00e1s que un par de conciertos y finalmente nos disolvimos.<\/p>\n<p><img decoding=\"async\" src=\"https:\/\/gabitelingenieros.com\/wp-content\/uploads\/2021\/06\/carlos-abollado2-min.jpg\" alt=\"Talento Oculto Carlos | Gabitel Ingenieros\" \/><\/p>\n<p style=\"text-align: justify;\">A estas alturas hab\u00eda pasado por el Country, el Pop, el Rock, el Heavy, el Rock&amp;Roll, el Rockabilly y el Blues. La falta de tiempo (l\u00e9ase criar a 4 hijos) me alej\u00f3 de la m\u00fasica, pero sin dejar de escuchar. Mis gustos fueron cambiando y empec\u00e9 a interesarme por el Jazz. Alucinaba con el Jazz, su riqueza en armon\u00eda, sus posibilidades, infinitamente m\u00e1s rico que cualquier estilo que hubiera tocado hasta entonces.<\/p>\n<p style=\"text-align: justify;\">10 a\u00f1os despu\u00e9s decid\u00ed retomar la guitarra, pero esta vez con el Jazz. Me apunt\u00e9 a una escuela y un a\u00f1o despu\u00e9s hab\u00eda recuperado mi soltura con la guitarra. Pero me di cuenta que ya con la guitarra hab\u00eda tocado techo y me plante\u00e9 un cambio, el saxo.\u00a0 Siempre me hab\u00eda gustado el sonido del saxo, pero no ten\u00eda claro si me iba a gustar su ejecuci\u00f3n (especialmente la parte de soplar). As\u00ed que me compr\u00e9 un saxo barato para probar y me apunt\u00e9 a unas clases. En 2 a\u00f1os ya lo dominaba y estaba tocando con un grupo. Montamos una veintena de temas y empezamos a dar conciertos por Sevilla. Me fascinaba el cariz de este grupo porque unos ven\u00edan del blues, otros del pop, otros ven\u00edamos del jazz. Esto generaba unas versiones alucinantes de los temas, muy personales, donde cada cual aportaba su estilo. Una simbiosis \u00fanica.<\/p>\n<p style=\"text-align: justify;\">Pero como todo lo bueno\u2026 se acaba: se nos fue el bajista y antes de poder recomponer le grupo vino el COVID, y ah\u00ed se acab\u00f3. Todos los d\u00edas me digo: \u201ca ver si tengo un rato y vuelvo a coger el saxo\u201d, pero\u2026. Que conste que ganas no me faltan, y si me surge la oportunidad de tocar en otro grupo, me apunto.<\/p>\n","protected":false},"excerpt":{"rendered":"<p>TOCA LA GUITARRA EL\u00c9CTRICA Y EL SAXO EN UN GRUPO \u201cMi afici\u00f3n por la m\u00fasica comenz\u00f3 en el t\u00edpico campamento de verano de preadolescente donde los que no quisieran dormir pod\u00eda apuntarse a unas clases de guitarra. Ah\u00ed di mis primeros acordes. Fueron pasando los a\u00f1os\u2026 mi primera guitarra ac\u00fastica, tocaba country con mi guitarra [&hellip;]<\/p>\n","protected":false},"author":3,"featured_media":33948,"comment_status":"closed","ping_status":"closed","sticky":false,"template":"","format":"standard","meta":{"content-type":"","footnotes":""},"categories":[600],"tags":[],"class_list":["post-33025","post","type-post","status-publish","format-standard","has-post-thumbnail","hentry","category-off-topic-de"],"yoast_head":"<!-- This site is optimized with the Yoast SEO plugin v27.5 - https:\/\/yoast.com\/product\/yoast-seo-wordpress\/ -->\n<title>Talento Oculto Carlos Abollado - Gabitel<\/title>\n<meta name=\"robots\" content=\"index, follow, max-snippet:-1, max-image-preview:large, max-video-preview:-1\" \/>\n<link rel=\"canonical\" href=\"https:\/\/gabitel.net\/de\/talento-oculto-carlos-abollado\/\" \/>\n<meta property=\"og:locale\" content=\"de_DE\" \/>\n<meta property=\"og:type\" content=\"article\" \/>\n<meta property=\"og:title\" content=\"Talento Oculto Carlos Abollado - Gabitel\" \/>\n<meta property=\"og:description\" content=\"TOCA LA GUITARRA EL\u00c9CTRICA Y EL SAXO EN UN GRUPO \u201cMi afici\u00f3n por la m\u00fasica comenz\u00f3 en el t\u00edpico campamento de verano de preadolescente donde los que no quisieran dormir pod\u00eda apuntarse a unas clases de guitarra. Ah\u00ed di mis primeros acordes. Fueron pasando los a\u00f1os\u2026 mi primera guitarra ac\u00fastica, tocaba country con mi guitarra [&hellip;]\" \/>\n<meta property=\"og:url\" content=\"https:\/\/gabitel.net\/de\/talento-oculto-carlos-abollado\/\" \/>\n<meta property=\"og:site_name\" content=\"Gabitel\" \/>\n<meta property=\"article:publisher\" content=\"https:\/\/www.facebook.com\/gabitelingenieros\/\" \/>\n<meta property=\"article:published_time\" content=\"2021-06-29T10:00:09+00:00\" \/>\n<meta property=\"og:image\" content=\"https:\/\/gabitelingenieros.com\/wp-content\/uploads\/2021\/06\/carlos-abollado2-min.jpg\" \/>\n<meta name=\"author\" content=\"user.autor\" \/>\n<meta name=\"twitter:card\" content=\"summary_large_image\" \/>\n<meta name=\"twitter:label1\" content=\"Verfasst von\" \/>\n\t<meta name=\"twitter:data1\" content=\"user.autor\" \/>\n\t<meta name=\"twitter:label2\" content=\"Gesch\u00e4tzte Lesezeit\" \/>\n\t<meta name=\"twitter:data2\" content=\"3\u00a0Minuten\" \/>\n<script type=\"application\/ld+json\" class=\"yoast-schema-graph\">{\"@context\":\"https:\\\/\\\/schema.org\",\"@graph\":[{\"@type\":[\"Article\",\"BlogPosting\"],\"@id\":\"https:\\\/\\\/gabitel.net\\\/de\\\/talento-oculto-carlos-abollado\\\/#article\",\"isPartOf\":{\"@id\":\"https:\\\/\\\/gabitel.net\\\/de\\\/talento-oculto-carlos-abollado\\\/\"},\"author\":{\"name\":\"user.autor\",\"@id\":\"https:\\\/\\\/gabitel.net\\\/de\\\/#\\\/schema\\\/person\\\/37ba53714c3fedb9c7d22f4bc781465c\"},\"headline\":\"Talento Oculto Carlos Abollado\",\"datePublished\":\"2021-06-29T10:00:09+00:00\",\"mainEntityOfPage\":{\"@id\":\"https:\\\/\\\/gabitel.net\\\/de\\\/talento-oculto-carlos-abollado\\\/\"},\"wordCount\":566,\"publisher\":{\"@id\":\"https:\\\/\\\/gabitel.net\\\/de\\\/#organization\"},\"image\":{\"@id\":\"https:\\\/\\\/gabitel.net\\\/de\\\/talento-oculto-carlos-abollado\\\/#primaryimage\"},\"thumbnailUrl\":\"https:\\\/\\\/gabitel.net\\\/wp-content\\\/uploads\\\/2021\\\/06\\\/carlos-abollado1-min.jpg\",\"articleSection\":[\"Off-topic\"],\"inLanguage\":\"de\"},{\"@type\":\"WebPage\",\"@id\":\"https:\\\/\\\/gabitel.net\\\/de\\\/talento-oculto-carlos-abollado\\\/\",\"url\":\"https:\\\/\\\/gabitel.net\\\/de\\\/talento-oculto-carlos-abollado\\\/\",\"name\":\"Talento Oculto Carlos Abollado - Gabitel\",\"isPartOf\":{\"@id\":\"https:\\\/\\\/gabitel.net\\\/de\\\/#website\"},\"primaryImageOfPage\":{\"@id\":\"https:\\\/\\\/gabitel.net\\\/de\\\/talento-oculto-carlos-abollado\\\/#primaryimage\"},\"image\":{\"@id\":\"https:\\\/\\\/gabitel.net\\\/de\\\/talento-oculto-carlos-abollado\\\/#primaryimage\"},\"thumbnailUrl\":\"https:\\\/\\\/gabitel.net\\\/wp-content\\\/uploads\\\/2021\\\/06\\\/carlos-abollado1-min.jpg\",\"datePublished\":\"2021-06-29T10:00:09+00:00\",\"breadcrumb\":{\"@id\":\"https:\\\/\\\/gabitel.net\\\/de\\\/talento-oculto-carlos-abollado\\\/#breadcrumb\"},\"inLanguage\":\"de\",\"potentialAction\":[{\"@type\":\"ReadAction\",\"target\":[\"https:\\\/\\\/gabitel.net\\\/de\\\/talento-oculto-carlos-abollado\\\/\"]}]},{\"@type\":\"ImageObject\",\"inLanguage\":\"de\",\"@id\":\"https:\\\/\\\/gabitel.net\\\/de\\\/talento-oculto-carlos-abollado\\\/#primaryimage\",\"url\":\"https:\\\/\\\/gabitel.net\\\/wp-content\\\/uploads\\\/2021\\\/06\\\/carlos-abollado1-min.jpg\",\"contentUrl\":\"https:\\\/\\\/gabitel.net\\\/wp-content\\\/uploads\\\/2021\\\/06\\\/carlos-abollado1-min.jpg\",\"width\":663,\"height\":498,\"caption\":\"carlos_abollado_talento_oculto\"},{\"@type\":\"BreadcrumbList\",\"@id\":\"https:\\\/\\\/gabitel.net\\\/de\\\/talento-oculto-carlos-abollado\\\/#breadcrumb\",\"itemListElement\":[{\"@type\":\"ListItem\",\"position\":1,\"name\":\"Portada\",\"item\":\"https:\\\/\\\/gabitel.net\\\/de\\\/\"},{\"@type\":\"ListItem\",\"position\":2,\"name\":\"Talento Oculto Carlos Abollado\"}]},{\"@type\":\"WebSite\",\"@id\":\"https:\\\/\\\/gabitel.net\\\/de\\\/#website\",\"url\":\"https:\\\/\\\/gabitel.net\\\/de\\\/\",\"name\":\"Gabitel\",\"description\":\"\",\"publisher\":{\"@id\":\"https:\\\/\\\/gabitel.net\\\/de\\\/#organization\"},\"potentialAction\":[{\"@type\":\"SearchAction\",\"target\":{\"@type\":\"EntryPoint\",\"urlTemplate\":\"https:\\\/\\\/gabitel.net\\\/de\\\/?s={search_term_string}\"},\"query-input\":{\"@type\":\"PropertyValueSpecification\",\"valueRequired\":true,\"valueName\":\"search_term_string\"}}],\"inLanguage\":\"de\"},{\"@type\":\"Organization\",\"@id\":\"https:\\\/\\\/gabitel.net\\\/de\\\/#organization\",\"name\":\"Gabitel\",\"url\":\"https:\\\/\\\/gabitel.net\\\/de\\\/\",\"logo\":{\"@type\":\"ImageObject\",\"inLanguage\":\"de\",\"@id\":\"https:\\\/\\\/gabitel.net\\\/de\\\/#\\\/schema\\\/logo\\\/image\\\/\",\"url\":\"https:\\\/\\\/gabitel.net\\\/wp-content\\\/uploads\\\/2025\\\/05\\\/logo_gabitel.jpg\",\"contentUrl\":\"https:\\\/\\\/gabitel.net\\\/wp-content\\\/uploads\\\/2025\\\/05\\\/logo_gabitel.jpg\",\"width\":2560,\"height\":1330,\"caption\":\"Gabitel\"},\"image\":{\"@id\":\"https:\\\/\\\/gabitel.net\\\/de\\\/#\\\/schema\\\/logo\\\/image\\\/\"},\"sameAs\":[\"https:\\\/\\\/www.facebook.com\\\/gabitelingenieros\\\/\",\"https:\\\/\\\/es.linkedin.com\\\/company\\\/gabitel-ingenieros\"]},{\"@type\":\"Person\",\"@id\":\"https:\\\/\\\/gabitel.net\\\/de\\\/#\\\/schema\\\/person\\\/37ba53714c3fedb9c7d22f4bc781465c\",\"name\":\"user.autor\",\"url\":\"https:\\\/\\\/gabitel.net\\\/de\\\/author\\\/user-autor\\\/\"}]}<\/script>\n<!-- \/ Yoast SEO plugin. -->","yoast_head_json":{"title":"Talento Oculto Carlos Abollado - Gabitel","robots":{"index":"index","follow":"follow","max-snippet":"max-snippet:-1","max-image-preview":"max-image-preview:large","max-video-preview":"max-video-preview:-1"},"canonical":"https:\/\/gabitel.net\/de\/talento-oculto-carlos-abollado\/","og_locale":"de_DE","og_type":"article","og_title":"Talento Oculto Carlos Abollado - Gabitel","og_description":"TOCA LA GUITARRA EL\u00c9CTRICA Y EL SAXO EN UN GRUPO \u201cMi afici\u00f3n por la m\u00fasica comenz\u00f3 en el t\u00edpico campamento de verano de preadolescente donde los que no quisieran dormir pod\u00eda apuntarse a unas clases de guitarra. Ah\u00ed di mis primeros acordes. Fueron pasando los a\u00f1os\u2026 mi primera guitarra ac\u00fastica, tocaba country con mi guitarra [&hellip;]","og_url":"https:\/\/gabitel.net\/de\/talento-oculto-carlos-abollado\/","og_site_name":"Gabitel","article_publisher":"https:\/\/www.facebook.com\/gabitelingenieros\/","article_published_time":"2021-06-29T10:00:09+00:00","og_image":[{"url":"https:\/\/gabitelingenieros.com\/wp-content\/uploads\/2021\/06\/carlos-abollado2-min.jpg","type":"","width":"","height":""}],"author":"user.autor","twitter_card":"summary_large_image","twitter_misc":{"Verfasst von":"user.autor","Gesch\u00e4tzte Lesezeit":"3\u00a0Minuten"},"schema":{"@context":"https:\/\/schema.org","@graph":[{"@type":["Article","BlogPosting"],"@id":"https:\/\/gabitel.net\/de\/talento-oculto-carlos-abollado\/#article","isPartOf":{"@id":"https:\/\/gabitel.net\/de\/talento-oculto-carlos-abollado\/"},"author":{"name":"user.autor","@id":"https:\/\/gabitel.net\/de\/#\/schema\/person\/37ba53714c3fedb9c7d22f4bc781465c"},"headline":"Talento Oculto Carlos Abollado","datePublished":"2021-06-29T10:00:09+00:00","mainEntityOfPage":{"@id":"https:\/\/gabitel.net\/de\/talento-oculto-carlos-abollado\/"},"wordCount":566,"publisher":{"@id":"https:\/\/gabitel.net\/de\/#organization"},"image":{"@id":"https:\/\/gabitel.net\/de\/talento-oculto-carlos-abollado\/#primaryimage"},"thumbnailUrl":"https:\/\/gabitel.net\/wp-content\/uploads\/2021\/06\/carlos-abollado1-min.jpg","articleSection":["Off-topic"],"inLanguage":"de"},{"@type":"WebPage","@id":"https:\/\/gabitel.net\/de\/talento-oculto-carlos-abollado\/","url":"https:\/\/gabitel.net\/de\/talento-oculto-carlos-abollado\/","name":"Talento Oculto Carlos Abollado - Gabitel","isPartOf":{"@id":"https:\/\/gabitel.net\/de\/#website"},"primaryImageOfPage":{"@id":"https:\/\/gabitel.net\/de\/talento-oculto-carlos-abollado\/#primaryimage"},"image":{"@id":"https:\/\/gabitel.net\/de\/talento-oculto-carlos-abollado\/#primaryimage"},"thumbnailUrl":"https:\/\/gabitel.net\/wp-content\/uploads\/2021\/06\/carlos-abollado1-min.jpg","datePublished":"2021-06-29T10:00:09+00:00","breadcrumb":{"@id":"https:\/\/gabitel.net\/de\/talento-oculto-carlos-abollado\/#breadcrumb"},"inLanguage":"de","potentialAction":[{"@type":"ReadAction","target":["https:\/\/gabitel.net\/de\/talento-oculto-carlos-abollado\/"]}]},{"@type":"ImageObject","inLanguage":"de","@id":"https:\/\/gabitel.net\/de\/talento-oculto-carlos-abollado\/#primaryimage","url":"https:\/\/gabitel.net\/wp-content\/uploads\/2021\/06\/carlos-abollado1-min.jpg","contentUrl":"https:\/\/gabitel.net\/wp-content\/uploads\/2021\/06\/carlos-abollado1-min.jpg","width":663,"height":498,"caption":"carlos_abollado_talento_oculto"},{"@type":"BreadcrumbList","@id":"https:\/\/gabitel.net\/de\/talento-oculto-carlos-abollado\/#breadcrumb","itemListElement":[{"@type":"ListItem","position":1,"name":"Portada","item":"https:\/\/gabitel.net\/de\/"},{"@type":"ListItem","position":2,"name":"Talento Oculto Carlos Abollado"}]},{"@type":"WebSite","@id":"https:\/\/gabitel.net\/de\/#website","url":"https:\/\/gabitel.net\/de\/","name":"Gabitel","description":"","publisher":{"@id":"https:\/\/gabitel.net\/de\/#organization"},"potentialAction":[{"@type":"SearchAction","target":{"@type":"EntryPoint","urlTemplate":"https:\/\/gabitel.net\/de\/?s={search_term_string}"},"query-input":{"@type":"PropertyValueSpecification","valueRequired":true,"valueName":"search_term_string"}}],"inLanguage":"de"},{"@type":"Organization","@id":"https:\/\/gabitel.net\/de\/#organization","name":"Gabitel","url":"https:\/\/gabitel.net\/de\/","logo":{"@type":"ImageObject","inLanguage":"de","@id":"https:\/\/gabitel.net\/de\/#\/schema\/logo\/image\/","url":"https:\/\/gabitel.net\/wp-content\/uploads\/2025\/05\/logo_gabitel.jpg","contentUrl":"https:\/\/gabitel.net\/wp-content\/uploads\/2025\/05\/logo_gabitel.jpg","width":2560,"height":1330,"caption":"Gabitel"},"image":{"@id":"https:\/\/gabitel.net\/de\/#\/schema\/logo\/image\/"},"sameAs":["https:\/\/www.facebook.com\/gabitelingenieros\/","https:\/\/es.linkedin.com\/company\/gabitel-ingenieros"]},{"@type":"Person","@id":"https:\/\/gabitel.net\/de\/#\/schema\/person\/37ba53714c3fedb9c7d22f4bc781465c","name":"user.autor","url":"https:\/\/gabitel.net\/de\/author\/user-autor\/"}]}},"_links":{"self":[{"href":"https:\/\/gabitel.net\/de\/wp-json\/wp\/v2\/posts\/33025","targetHints":{"allow":["GET"]}}],"collection":[{"href":"https:\/\/gabitel.net\/de\/wp-json\/wp\/v2\/posts"}],"about":[{"href":"https:\/\/gabitel.net\/de\/wp-json\/wp\/v2\/types\/post"}],"author":[{"embeddable":true,"href":"https:\/\/gabitel.net\/de\/wp-json\/wp\/v2\/users\/3"}],"replies":[{"embeddable":true,"href":"https:\/\/gabitel.net\/de\/wp-json\/wp\/v2\/comments?post=33025"}],"version-history":[{"count":0,"href":"https:\/\/gabitel.net\/de\/wp-json\/wp\/v2\/posts\/33025\/revisions"}],"wp:featuredmedia":[{"embeddable":true,"href":"https:\/\/gabitel.net\/de\/wp-json\/wp\/v2\/media\/33948"}],"wp:attachment":[{"href":"https:\/\/gabitel.net\/de\/wp-json\/wp\/v2\/media?parent=33025"}],"wp:term":[{"taxonomy":"category","embeddable":true,"href":"https:\/\/gabitel.net\/de\/wp-json\/wp\/v2\/categories?post=33025"},{"taxonomy":"post_tag","embeddable":true,"href":"https:\/\/gabitel.net\/de\/wp-json\/wp\/v2\/tags?post=33025"}],"curies":[{"name":"wp","href":"https:\/\/api.w.org\/{rel}","templated":true}]}}