{"id":33033,"date":"2021-05-26T09:31:47","date_gmt":"2021-05-26T08:31:47","guid":{"rendered":"https:\/\/gabitel.net\/nuestro-equipo-entrevista-a-francisco-perez\/"},"modified":"2021-05-26T09:31:47","modified_gmt":"2021-05-26T08:31:47","slug":"nuestro-equipo-entrevista-a-francisco-perez","status":"publish","type":"post","link":"https:\/\/gabitel.net\/de\/nuestro-equipo-entrevista-a-francisco-perez\/","title":{"rendered":"Nuestro equipo. Entrevista a Francisco P\u00e9rez"},"content":{"rendered":"<ul>\n<li style=\"text-align: justify;\"><strong>Teniendo en cuenta todo este tiempo como parte del equipo Gabitel, \u00bfC\u00f3mo resumir\u00edas tu trayectoria profesional en estos a\u00f1os?<\/strong><\/li>\n<\/ul>\n<p style=\"text-align: justify;\">Me incorpor\u00e9 a Gabitel desde el campo de la Arquitectura, ten\u00eda poca o ninguna idea del trabajo que se me encomend\u00f3 cuando llegu\u00e9. Gracias al estudio constante y a la ayuda de los extraordinarios compa\u00f1eros que encontr\u00e9, he ido desarroll\u00e1ndome como profesional en las \u00e1reas de ingenier\u00eda en las que trabajo actualmente.<\/p>\n<p style=\"text-align: justify;\">\n<ul style=\"text-align: justify;\">\n<li><strong>Nos podr\u00edas explicar, \u00bfCu\u00e1l ha sido tu trabajo en Gabitel?<\/strong><\/li>\n<\/ul>\n<p style=\"text-align: justify;\">Como todos los que llevamos algunos a\u00f1os en la empresa, he realizado diferentes trabajos en funci\u00f3n de las exigencias que los proyectos en marcha requer\u00edan, desde revisiones de estaciones bases de telefon\u00eda, modernizaci\u00f3n, proyectos etc. hasta as built de Centros y l\u00edneas de Endesa, pero en lo que he trabajado desde mis comienzos es, en ingenier\u00eda ac\u00fastica, instalaciones de telecomunicaciones en la edificaci\u00f3n y eficiencia energ\u00e9tica.<\/p>\n<p style=\"text-align: justify;\">\n<ul style=\"text-align: justify;\">\n<li><strong>\u00bfQu\u00e9 retos profesionales has podido cumplir en estos a\u00f1os?<\/strong><\/li>\n<\/ul>\n<p style=\"text-align: justify;\">Profesionalmente, he ido adapt\u00e1ndome a las necesidades que demandaba cada \u00e1rea de mi competencia, form\u00e1ndome y aprendiendo para mejorar en mi trabajo y colaborar en hacer de Gabitel una mejor empresa.<\/p>\n<p style=\"text-align: justify;\">\n<ul style=\"text-align: justify;\">\n<li><strong>\u00bfQu\u00e9 expectativas tienes para esta nueva etapa, ya pr\u00f3xima a tu jubilaci\u00f3n?<\/strong><\/li>\n<\/ul>\n<p style=\"text-align: justify;\">Del futuro siempre espero que mejore lo pasado, procurando aprender de los errores.<\/p>\n<p style=\"text-align: justify;\">\n<ul style=\"text-align: justify;\">\n<li><strong>Para saber m\u00e1s de ti a nivel personal, \u00bfnos podr\u00edas contar algunas de tus aficiones o aquello que te gustar\u00eda hacer ahora que disfrutaras de m\u00e1s tiempo libre?<\/strong><\/li>\n<\/ul>\n<p style=\"text-align: justify;\">Celebro la vida cada ma\u00f1ana, me gusta la naturaleza, los amigos, la lectura, el arte, la m\u00fasica, todo aquello que alimenta la parte m\u00e1s humana de nosotros. Quiero continuar disfrutando de ellas, y pronto, sin el peso del compromiso laboral.<\/p>\n<p style=\"text-align: justify;\">\n<ul style=\"text-align: justify;\">\n<li><strong>Aqu\u00ed va la pregunta que env\u00edo Laura Perogil, que realiz\u00f3 la entrevista anterior:<\/strong><\/li>\n<\/ul>\n<p style=\"text-align: justify;\">A ra\u00edz que los avances t\u00e9cnicos y los procesos de automatizaci\u00f3n que se van imponiendo d\u00eda a d\u00eda en todos los sectores, \u00bfc\u00f3mo crees que se va a desarrollar tu trabajo dentro de unos a\u00f1os?<\/p>\n<p style=\"text-align: justify;\">\n<p style=\"text-align: justify;\">Creo que, ante los previsibles cambios en el mercado laboral como consecuencia de la instauraci\u00f3n de los avances tecnol\u00f3gicos y los procesos de automatizaci\u00f3n, necesitamos, como sociedad, pensar qu\u00e9 hacer con todas aquellas personas que perder\u00e1n sus puestos de trabajos, empe\u00f1\u00e1ndonos en evitar la pobreza y la marginaci\u00f3n y facilitar expectativas y posibilidades de tener una vida plena.<\/p>\n<p style=\"text-align: justify;\">\n<ul style=\"text-align: justify;\">\n<li><strong>Env\u00eda una pregunta al pr\u00f3ximo compa\u00f1ero que entrevistaremos en el bolet\u00edn siguiente<\/strong><\/li>\n<\/ul>\n<p style=\"text-align: justify;\">\u00bfCrees que las manifestaciones espont\u00e1neas de solidaridad, tanto individuales como institucionales ocurridas durante la pandemia, originar\u00e1n, en la sociedad post covid, una cultura m\u00e1s colaborativa y solidaria?<\/p>\n","protected":false},"excerpt":{"rendered":"<p>Teniendo en cuenta todo este tiempo como parte del equipo Gabitel, \u00bfC\u00f3mo resumir\u00edas tu trayectoria profesional en estos a\u00f1os? Me incorpor\u00e9 a Gabitel desde el campo de la Arquitectura, ten\u00eda poca o ninguna idea del trabajo que se me encomend\u00f3 cuando llegu\u00e9. Gracias al estudio constante y a la ayuda de los extraordinarios compa\u00f1eros que [&hellip;]<\/p>\n","protected":false},"author":3,"featured_media":33918,"comment_status":"closed","ping_status":"closed","sticky":false,"template":"","format":"standard","meta":{"content-type":"","footnotes":""},"categories":[600],"tags":[],"class_list":["post-33033","post","type-post","status-publish","format-standard","has-post-thumbnail","hentry","category-off-topic-de"],"yoast_head":"<!-- This site is optimized with the Yoast SEO plugin v27.5 - https:\/\/yoast.com\/product\/yoast-seo-wordpress\/ -->\n<title>Nuestro equipo. Entrevista a Francisco P\u00e9rez - Gabitel<\/title>\n<meta name=\"robots\" content=\"index, follow, max-snippet:-1, max-image-preview:large, max-video-preview:-1\" \/>\n<link rel=\"canonical\" href=\"https:\/\/gabitel.net\/de\/nuestro-equipo-entrevista-a-francisco-perez\/\" \/>\n<meta property=\"og:locale\" content=\"de_DE\" \/>\n<meta property=\"og:type\" content=\"article\" \/>\n<meta property=\"og:title\" content=\"Nuestro equipo. Entrevista a Francisco P\u00e9rez - Gabitel\" \/>\n<meta property=\"og:description\" content=\"Teniendo en cuenta todo este tiempo como parte del equipo Gabitel, \u00bfC\u00f3mo resumir\u00edas tu trayectoria profesional en estos a\u00f1os? Me incorpor\u00e9 a Gabitel desde el campo de la Arquitectura, ten\u00eda poca o ninguna idea del trabajo que se me encomend\u00f3 cuando llegu\u00e9. Gracias al estudio constante y a la ayuda de los extraordinarios compa\u00f1eros que [&hellip;]\" \/>\n<meta property=\"og:url\" content=\"https:\/\/gabitel.net\/de\/nuestro-equipo-entrevista-a-francisco-perez\/\" \/>\n<meta property=\"og:site_name\" content=\"Gabitel\" \/>\n<meta property=\"article:publisher\" content=\"https:\/\/www.facebook.com\/gabitelingenieros\/\" \/>\n<meta property=\"article:published_time\" content=\"2021-05-26T08:31:47+00:00\" \/>\n<meta name=\"author\" content=\"user.autor\" \/>\n<meta name=\"twitter:card\" content=\"summary_large_image\" \/>\n<meta name=\"twitter:label1\" content=\"Verfasst von\" \/>\n\t<meta name=\"twitter:data1\" content=\"user.autor\" \/>\n\t<meta name=\"twitter:label2\" content=\"Gesch\u00e4tzte Lesezeit\" \/>\n\t<meta name=\"twitter:data2\" content=\"2\u00a0Minuten\" \/>\n<script type=\"application\/ld+json\" class=\"yoast-schema-graph\">{\"@context\":\"https:\\\/\\\/schema.org\",\"@graph\":[{\"@type\":[\"Article\",\"BlogPosting\"],\"@id\":\"https:\\\/\\\/gabitel.net\\\/de\\\/nuestro-equipo-entrevista-a-francisco-perez\\\/#article\",\"isPartOf\":{\"@id\":\"https:\\\/\\\/gabitel.net\\\/de\\\/nuestro-equipo-entrevista-a-francisco-perez\\\/\"},\"author\":{\"name\":\"user.autor\",\"@id\":\"https:\\\/\\\/gabitel.net\\\/de\\\/#\\\/schema\\\/person\\\/37ba53714c3fedb9c7d22f4bc781465c\"},\"headline\":\"Nuestro equipo. Entrevista a Francisco P\u00e9rez\",\"datePublished\":\"2021-05-26T08:31:47+00:00\",\"mainEntityOfPage\":{\"@id\":\"https:\\\/\\\/gabitel.net\\\/de\\\/nuestro-equipo-entrevista-a-francisco-perez\\\/\"},\"wordCount\":484,\"publisher\":{\"@id\":\"https:\\\/\\\/gabitel.net\\\/de\\\/#organization\"},\"image\":{\"@id\":\"https:\\\/\\\/gabitel.net\\\/de\\\/nuestro-equipo-entrevista-a-francisco-perez\\\/#primaryimage\"},\"thumbnailUrl\":\"https:\\\/\\\/gabitel.net\\\/wp-content\\\/uploads\\\/2021\\\/05\\\/FPR.jpg\",\"articleSection\":[\"Off-topic\"],\"inLanguage\":\"de\"},{\"@type\":\"WebPage\",\"@id\":\"https:\\\/\\\/gabitel.net\\\/de\\\/nuestro-equipo-entrevista-a-francisco-perez\\\/\",\"url\":\"https:\\\/\\\/gabitel.net\\\/de\\\/nuestro-equipo-entrevista-a-francisco-perez\\\/\",\"name\":\"Nuestro equipo. Entrevista a Francisco P\u00e9rez - Gabitel\",\"isPartOf\":{\"@id\":\"https:\\\/\\\/gabitel.net\\\/de\\\/#website\"},\"primaryImageOfPage\":{\"@id\":\"https:\\\/\\\/gabitel.net\\\/de\\\/nuestro-equipo-entrevista-a-francisco-perez\\\/#primaryimage\"},\"image\":{\"@id\":\"https:\\\/\\\/gabitel.net\\\/de\\\/nuestro-equipo-entrevista-a-francisco-perez\\\/#primaryimage\"},\"thumbnailUrl\":\"https:\\\/\\\/gabitel.net\\\/wp-content\\\/uploads\\\/2021\\\/05\\\/FPR.jpg\",\"datePublished\":\"2021-05-26T08:31:47+00:00\",\"breadcrumb\":{\"@id\":\"https:\\\/\\\/gabitel.net\\\/de\\\/nuestro-equipo-entrevista-a-francisco-perez\\\/#breadcrumb\"},\"inLanguage\":\"de\",\"potentialAction\":[{\"@type\":\"ReadAction\",\"target\":[\"https:\\\/\\\/gabitel.net\\\/de\\\/nuestro-equipo-entrevista-a-francisco-perez\\\/\"]}]},{\"@type\":\"ImageObject\",\"inLanguage\":\"de\",\"@id\":\"https:\\\/\\\/gabitel.net\\\/de\\\/nuestro-equipo-entrevista-a-francisco-perez\\\/#primaryimage\",\"url\":\"https:\\\/\\\/gabitel.net\\\/wp-content\\\/uploads\\\/2021\\\/05\\\/FPR.jpg\",\"contentUrl\":\"https:\\\/\\\/gabitel.net\\\/wp-content\\\/uploads\\\/2021\\\/05\\\/FPR.jpg\",\"width\":241,\"height\":400,\"caption\":\"fran\"},{\"@type\":\"BreadcrumbList\",\"@id\":\"https:\\\/\\\/gabitel.net\\\/de\\\/nuestro-equipo-entrevista-a-francisco-perez\\\/#breadcrumb\",\"itemListElement\":[{\"@type\":\"ListItem\",\"position\":1,\"name\":\"Portada\",\"item\":\"https:\\\/\\\/gabitel.net\\\/de\\\/\"},{\"@type\":\"ListItem\",\"position\":2,\"name\":\"Nuestro equipo. Entrevista a Francisco P\u00e9rez\"}]},{\"@type\":\"WebSite\",\"@id\":\"https:\\\/\\\/gabitel.net\\\/de\\\/#website\",\"url\":\"https:\\\/\\\/gabitel.net\\\/de\\\/\",\"name\":\"Gabitel\",\"description\":\"\",\"publisher\":{\"@id\":\"https:\\\/\\\/gabitel.net\\\/de\\\/#organization\"},\"potentialAction\":[{\"@type\":\"SearchAction\",\"target\":{\"@type\":\"EntryPoint\",\"urlTemplate\":\"https:\\\/\\\/gabitel.net\\\/de\\\/?s={search_term_string}\"},\"query-input\":{\"@type\":\"PropertyValueSpecification\",\"valueRequired\":true,\"valueName\":\"search_term_string\"}}],\"inLanguage\":\"de\"},{\"@type\":\"Organization\",\"@id\":\"https:\\\/\\\/gabitel.net\\\/de\\\/#organization\",\"name\":\"Gabitel\",\"url\":\"https:\\\/\\\/gabitel.net\\\/de\\\/\",\"logo\":{\"@type\":\"ImageObject\",\"inLanguage\":\"de\",\"@id\":\"https:\\\/\\\/gabitel.net\\\/de\\\/#\\\/schema\\\/logo\\\/image\\\/\",\"url\":\"https:\\\/\\\/gabitel.net\\\/wp-content\\\/uploads\\\/2025\\\/05\\\/logo_gabitel.jpg\",\"contentUrl\":\"https:\\\/\\\/gabitel.net\\\/wp-content\\\/uploads\\\/2025\\\/05\\\/logo_gabitel.jpg\",\"width\":2560,\"height\":1330,\"caption\":\"Gabitel\"},\"image\":{\"@id\":\"https:\\\/\\\/gabitel.net\\\/de\\\/#\\\/schema\\\/logo\\\/image\\\/\"},\"sameAs\":[\"https:\\\/\\\/www.facebook.com\\\/gabitelingenieros\\\/\",\"https:\\\/\\\/es.linkedin.com\\\/company\\\/gabitel-ingenieros\"]},{\"@type\":\"Person\",\"@id\":\"https:\\\/\\\/gabitel.net\\\/de\\\/#\\\/schema\\\/person\\\/37ba53714c3fedb9c7d22f4bc781465c\",\"name\":\"user.autor\",\"url\":\"https:\\\/\\\/gabitel.net\\\/de\\\/author\\\/user-autor\\\/\"}]}<\/script>\n<!-- \/ Yoast SEO plugin. -->","yoast_head_json":{"title":"Nuestro equipo. Entrevista a Francisco P\u00e9rez - Gabitel","robots":{"index":"index","follow":"follow","max-snippet":"max-snippet:-1","max-image-preview":"max-image-preview:large","max-video-preview":"max-video-preview:-1"},"canonical":"https:\/\/gabitel.net\/de\/nuestro-equipo-entrevista-a-francisco-perez\/","og_locale":"de_DE","og_type":"article","og_title":"Nuestro equipo. Entrevista a Francisco P\u00e9rez - Gabitel","og_description":"Teniendo en cuenta todo este tiempo como parte del equipo Gabitel, \u00bfC\u00f3mo resumir\u00edas tu trayectoria profesional en estos a\u00f1os? Me incorpor\u00e9 a Gabitel desde el campo de la Arquitectura, ten\u00eda poca o ninguna idea del trabajo que se me encomend\u00f3 cuando llegu\u00e9. Gracias al estudio constante y a la ayuda de los extraordinarios compa\u00f1eros que [&hellip;]","og_url":"https:\/\/gabitel.net\/de\/nuestro-equipo-entrevista-a-francisco-perez\/","og_site_name":"Gabitel","article_publisher":"https:\/\/www.facebook.com\/gabitelingenieros\/","article_published_time":"2021-05-26T08:31:47+00:00","author":"user.autor","twitter_card":"summary_large_image","twitter_misc":{"Verfasst von":"user.autor","Gesch\u00e4tzte Lesezeit":"2\u00a0Minuten"},"schema":{"@context":"https:\/\/schema.org","@graph":[{"@type":["Article","BlogPosting"],"@id":"https:\/\/gabitel.net\/de\/nuestro-equipo-entrevista-a-francisco-perez\/#article","isPartOf":{"@id":"https:\/\/gabitel.net\/de\/nuestro-equipo-entrevista-a-francisco-perez\/"},"author":{"name":"user.autor","@id":"https:\/\/gabitel.net\/de\/#\/schema\/person\/37ba53714c3fedb9c7d22f4bc781465c"},"headline":"Nuestro equipo. Entrevista a Francisco P\u00e9rez","datePublished":"2021-05-26T08:31:47+00:00","mainEntityOfPage":{"@id":"https:\/\/gabitel.net\/de\/nuestro-equipo-entrevista-a-francisco-perez\/"},"wordCount":484,"publisher":{"@id":"https:\/\/gabitel.net\/de\/#organization"},"image":{"@id":"https:\/\/gabitel.net\/de\/nuestro-equipo-entrevista-a-francisco-perez\/#primaryimage"},"thumbnailUrl":"https:\/\/gabitel.net\/wp-content\/uploads\/2021\/05\/FPR.jpg","articleSection":["Off-topic"],"inLanguage":"de"},{"@type":"WebPage","@id":"https:\/\/gabitel.net\/de\/nuestro-equipo-entrevista-a-francisco-perez\/","url":"https:\/\/gabitel.net\/de\/nuestro-equipo-entrevista-a-francisco-perez\/","name":"Nuestro equipo. Entrevista a Francisco P\u00e9rez - Gabitel","isPartOf":{"@id":"https:\/\/gabitel.net\/de\/#website"},"primaryImageOfPage":{"@id":"https:\/\/gabitel.net\/de\/nuestro-equipo-entrevista-a-francisco-perez\/#primaryimage"},"image":{"@id":"https:\/\/gabitel.net\/de\/nuestro-equipo-entrevista-a-francisco-perez\/#primaryimage"},"thumbnailUrl":"https:\/\/gabitel.net\/wp-content\/uploads\/2021\/05\/FPR.jpg","datePublished":"2021-05-26T08:31:47+00:00","breadcrumb":{"@id":"https:\/\/gabitel.net\/de\/nuestro-equipo-entrevista-a-francisco-perez\/#breadcrumb"},"inLanguage":"de","potentialAction":[{"@type":"ReadAction","target":["https:\/\/gabitel.net\/de\/nuestro-equipo-entrevista-a-francisco-perez\/"]}]},{"@type":"ImageObject","inLanguage":"de","@id":"https:\/\/gabitel.net\/de\/nuestro-equipo-entrevista-a-francisco-perez\/#primaryimage","url":"https:\/\/gabitel.net\/wp-content\/uploads\/2021\/05\/FPR.jpg","contentUrl":"https:\/\/gabitel.net\/wp-content\/uploads\/2021\/05\/FPR.jpg","width":241,"height":400,"caption":"fran"},{"@type":"BreadcrumbList","@id":"https:\/\/gabitel.net\/de\/nuestro-equipo-entrevista-a-francisco-perez\/#breadcrumb","itemListElement":[{"@type":"ListItem","position":1,"name":"Portada","item":"https:\/\/gabitel.net\/de\/"},{"@type":"ListItem","position":2,"name":"Nuestro equipo. Entrevista a Francisco P\u00e9rez"}]},{"@type":"WebSite","@id":"https:\/\/gabitel.net\/de\/#website","url":"https:\/\/gabitel.net\/de\/","name":"Gabitel","description":"","publisher":{"@id":"https:\/\/gabitel.net\/de\/#organization"},"potentialAction":[{"@type":"SearchAction","target":{"@type":"EntryPoint","urlTemplate":"https:\/\/gabitel.net\/de\/?s={search_term_string}"},"query-input":{"@type":"PropertyValueSpecification","valueRequired":true,"valueName":"search_term_string"}}],"inLanguage":"de"},{"@type":"Organization","@id":"https:\/\/gabitel.net\/de\/#organization","name":"Gabitel","url":"https:\/\/gabitel.net\/de\/","logo":{"@type":"ImageObject","inLanguage":"de","@id":"https:\/\/gabitel.net\/de\/#\/schema\/logo\/image\/","url":"https:\/\/gabitel.net\/wp-content\/uploads\/2025\/05\/logo_gabitel.jpg","contentUrl":"https:\/\/gabitel.net\/wp-content\/uploads\/2025\/05\/logo_gabitel.jpg","width":2560,"height":1330,"caption":"Gabitel"},"image":{"@id":"https:\/\/gabitel.net\/de\/#\/schema\/logo\/image\/"},"sameAs":["https:\/\/www.facebook.com\/gabitelingenieros\/","https:\/\/es.linkedin.com\/company\/gabitel-ingenieros"]},{"@type":"Person","@id":"https:\/\/gabitel.net\/de\/#\/schema\/person\/37ba53714c3fedb9c7d22f4bc781465c","name":"user.autor","url":"https:\/\/gabitel.net\/de\/author\/user-autor\/"}]}},"_links":{"self":[{"href":"https:\/\/gabitel.net\/de\/wp-json\/wp\/v2\/posts\/33033","targetHints":{"allow":["GET"]}}],"collection":[{"href":"https:\/\/gabitel.net\/de\/wp-json\/wp\/v2\/posts"}],"about":[{"href":"https:\/\/gabitel.net\/de\/wp-json\/wp\/v2\/types\/post"}],"author":[{"embeddable":true,"href":"https:\/\/gabitel.net\/de\/wp-json\/wp\/v2\/users\/3"}],"replies":[{"embeddable":true,"href":"https:\/\/gabitel.net\/de\/wp-json\/wp\/v2\/comments?post=33033"}],"version-history":[{"count":0,"href":"https:\/\/gabitel.net\/de\/wp-json\/wp\/v2\/posts\/33033\/revisions"}],"wp:featuredmedia":[{"embeddable":true,"href":"https:\/\/gabitel.net\/de\/wp-json\/wp\/v2\/media\/33918"}],"wp:attachment":[{"href":"https:\/\/gabitel.net\/de\/wp-json\/wp\/v2\/media?parent=33033"}],"wp:term":[{"taxonomy":"category","embeddable":true,"href":"https:\/\/gabitel.net\/de\/wp-json\/wp\/v2\/categories?post=33033"},{"taxonomy":"post_tag","embeddable":true,"href":"https:\/\/gabitel.net\/de\/wp-json\/wp\/v2\/tags?post=33033"}],"curies":[{"name":"wp","href":"https:\/\/api.w.org\/{rel}","templated":true}]}}