{"id":33037,"date":"2021-05-26T09:25:04","date_gmt":"2021-05-26T08:25:04","guid":{"rendered":"https:\/\/gabitel.net\/cambios-y-nuevas-oportunidades-en-gabitel\/"},"modified":"2021-05-26T09:25:04","modified_gmt":"2021-05-26T08:25:04","slug":"cambios-y-nuevas-oportunidades-en-gabitel","status":"publish","type":"post","link":"https:\/\/gabitel.net\/de\/cambios-y-nuevas-oportunidades-en-gabitel\/","title":{"rendered":"Cambios y nuevas oportunidades en Gabitel"},"content":{"rendered":"<p style=\"text-align: center;\"><strong><u>Nuestros compa\u00f1eros Macarena Fern\u00e1ndez y Gabriel Gonzalez<\/u><\/strong><\/p>\n<p style=\"text-align: justify;\">Porque de todos es conocida la frase que dice \u201ces de bien nacido ser agradecido\u201d y porque en nuestro recorrido, tanto personal como profesional, nos toca vivir y disfrutar de diferentes etapas que nos llevan a cambios y nos brindan nuevas oportunidades, queremos compartir con vosotros esta noticia, relacionada con los cambios que se han dado en el Equipo de Fotovoltaica.<\/p>\n<p style=\"text-align: justify;\">En primer lugar agradecer a nuestra compa\u00f1era Macarena Fern\u00e1ndez su paso por GABITEL. Despu\u00e9s de 4 a\u00f1os como parte de esta gran familia, por circunstancias personales, se desvincula del proyecto dejando una gran huella, ya que han sido muchos a\u00f1os de dedicaci\u00f3n, profesionalidad e implicaci\u00f3n demostrada. A modo de \u201cdespedida\u201d que para nosotros siempre ser\u00e1 un \u201chasta luego\u201d, queremos compartir este mensaje, donde resume brevemente su experiencia en Gabitel:<\/p>\n<p style=\"text-align: justify;\"><a href=\"https:\/\/gabitelingenieros.com\/wp-content\/uploads\/2021\/05\/A.jpg\"><img decoding=\"async\" src=\"https:\/\/gabitelingenieros.com\/wp-content\/uploads\/2021\/05\/A.jpg\" alt=\"Imagen relacionada con Cambios y nuevas oportunidades en Gabitel | Gabitel Ingenieros\" \/><\/a><em>\u201cMi paso por Gabitel, en estos cuatro a\u00f1os, se pueden resumir en una etapa muy fruct\u00edfera. Si tengo que definir mi experiencia en una sola palabra, sin duda ser\u00eda \u201c<strong>Agradecimiento<\/strong>\u201d.<\/em><\/p>\n<p style=\"text-align: justify;\"><em>Agradecida en primer lugar, por haber tenido la oportunidad de compartir, d\u00eda tras d\u00eda, trabajo con personas tan maravillosas. Destaco el buen ambiente laboral, en todos los departamentos, por encima de todo. Agradecida tambi\u00e9n, por haber formado parte de proyectos, en los que el aprendizaje adquirido, me han hecho crecer profesionalmente en muchos \u00e1mbitos.<\/em><\/p>\n<p>&nbsp;<\/p>\n<p style=\"text-align: justify;\"><em>Aunque no ha sido f\u00e1cil tomar la decisi\u00f3n, ahora toca afrontar una etapa muy diferente. Me llevo el apoyo de muchas personas y adem\u00e1s, amistades que durar\u00e1n toda la vida.<\/em><\/p>\n<p style=\"text-align: justify;\"><em>De coraz\u00f3n, os deseo que sig\u00e1is cosechando muchos \u00e9xitos. Siempre me voy a sentir parte de esta gran Familia.<\/em><\/p>\n<p style=\"text-align: justify;\"><em>\u00a1Gracias por todo!<\/em><\/p>\n<p style=\"text-align: justify;\">Y como todos los cambios, por muy imprevisibles que puedan ser, suelen venir acompa\u00f1ados de grandes oportunidades, os queremos contar tambi\u00e9n el caso de nuestro compa\u00f1ero Gabriel Gonz\u00e1lez, que asume un nuevo reto como <em>Responsable del Dpto. Fotovoltaico <\/em>con el apoyo de la Direcci\u00f3n de Gabitel, su Jefe de Departamento y sus propios compa\u00f1eros de equipo. Todos han depositado en toda la confianza, por su val\u00eda contrastada, su compa\u00f1erismo, conocimientos y liderazgo de equipo. En palabras del propio Gabriel:<\/p>\n<p style=\"text-align: justify;\"><a href=\"https:\/\/gabitelingenieros.com\/wp-content\/uploads\/2021\/06\/yo.jpg\"><img decoding=\"async\" src=\"https:\/\/gabitelingenieros.com\/wp-content\/uploads\/2021\/06\/yo.jpg\" alt=\"Imagen relacionada con Cambios y nuevas oportunidades en Gabitel | Gabitel Ingenieros\" \/><\/a><em>\u201cMi andadura en Gabitel comenz\u00f3 el 7 de enero de 2019. Entr\u00e9 tras terminar la carrera con un programa del Ayuntamiento de San Bartolom\u00e9 de la Torre de empleo para la juventud dirigido a reci\u00e9n graduados para dar a los j\u00f3venes la oportunidad de adquirir experiencia profesional.<\/em><\/p>\n<p style=\"text-align: justify;\"><em>Por aquel entonces \u00e9ramos tres personas en el departamento. El volumen de proyectos era peque\u00f1o, con plantas de 50 MW y alguna que otra m\u00e1s peque\u00f1a. A partir de ah\u00ed, nuestro perfil t\u00e9cnico comenz\u00f3 a mejorar y profesionalizarse, por lo que, nuestra reputaci\u00f3n empez\u00f3 a crecer en el sector. Desde entonces, hemos hecho proyectos para Progressum (Berrocal de 50 MWp, Lirios de 100 MWp), para Alter Enersun (aproximadamente 300 MWp), Greening (150 MWp) y cantidad de proyectos relacionados con el sector el\u00e9ctrico y m\u00e1s concretamente con la Alta Tensi\u00f3n.<\/em><\/p>\n<p style=\"text-align: justify;\"><em>Mi objetivo en este nuevo puesto es aportar a mis compa\u00f1eros la experiencia que he ido adquiriendo en estos dos a\u00f1os y hacer que, entre todos, el departamento siga evolucionando del mismo modo que lo ha hecho hasta ahora, manteniendo los valores que siempre nos han caracterizado, el compa\u00f1erismo y el buen ambiente que trasmite siempre el departamento.<\/em><\/p>\n<p style=\"text-align: justify;\"><em>La misi\u00f3n marcada para mi Equipo es conseguir que se sientan realizados profesionalmente, a trav\u00e9s del reconocimiento y el sentirse queridos por la empresa, as\u00ed como que tengan la oportunidad de continuar creciendo profesional y personalmente. En nuestro departamento todos remamos en la misma direcci\u00f3n y todas y cada una de las personas son fundamentales para su correcto funcionamiento.<\/em><\/p>\n<p style=\"text-align: justify;\"><em>Por \u00faltimo, nuestro reto en este a\u00f1o y el pr\u00f3ximo, es introducirnos en el mundo del hidr\u00f3geno y la energ\u00eda e\u00f3lica, para seguir en la misma direcci\u00f3n de crecimiento que hemos llevado hasta ahora.\u201d<\/em><\/p>\n<p style=\"text-align: justify;\">Gracias Gabri por hacernos a todos part\u00edcipes de tus inquietudes y prop\u00f3sitos de cara a continuar creciendo y desarroll\u00e1ndote como parte Gabitel. Estamos convencidos que, con la implicaci\u00f3n demostrada y tu tes\u00f3n, todo el Equipo conseguir\u00e9is alcanzar con \u00e9xito los objetivos y proyectos marcados. Tu trayectoria en Gabitel siempre ha sido muy prometedora y continuar\u00e1 si\u00e9ndolo.<\/p>\n","protected":false},"excerpt":{"rendered":"<p>Nuestros compa\u00f1eros Macarena Fern\u00e1ndez y Gabriel Gonzalez Porque de todos es conocida la frase que dice \u201ces de bien nacido ser agradecido\u201d y porque en nuestro recorrido, tanto personal como profesional, nos toca vivir y disfrutar de diferentes etapas que nos llevan a cambios y nos brindan nuevas oportunidades, queremos compartir con vosotros esta noticia, [&hellip;]<\/p>\n","protected":false},"author":3,"featured_media":33912,"comment_status":"closed","ping_status":"closed","sticky":false,"template":"","format":"standard","meta":{"content-type":"","footnotes":""},"categories":[600],"tags":[],"class_list":["post-33037","post","type-post","status-publish","format-standard","has-post-thumbnail","hentry","category-off-topic-de"],"yoast_head":"<!-- This site is optimized with the Yoast SEO plugin v27.5 - https:\/\/yoast.com\/product\/yoast-seo-wordpress\/ -->\n<title>Cambios y nuevas oportunidades en Gabitel - Gabitel<\/title>\n<meta name=\"robots\" content=\"index, follow, max-snippet:-1, max-image-preview:large, max-video-preview:-1\" \/>\n<link rel=\"canonical\" href=\"https:\/\/gabitel.net\/de\/cambios-y-nuevas-oportunidades-en-gabitel\/\" \/>\n<meta property=\"og:locale\" content=\"de_DE\" \/>\n<meta property=\"og:type\" content=\"article\" \/>\n<meta property=\"og:title\" content=\"Cambios y nuevas oportunidades en Gabitel - Gabitel\" \/>\n<meta property=\"og:description\" content=\"Nuestros compa\u00f1eros Macarena Fern\u00e1ndez y Gabriel Gonzalez Porque de todos es conocida la frase que dice \u201ces de bien nacido ser agradecido\u201d y porque en nuestro recorrido, tanto personal como profesional, nos toca vivir y disfrutar de diferentes etapas que nos llevan a cambios y nos brindan nuevas oportunidades, queremos compartir con vosotros esta noticia, [&hellip;]\" \/>\n<meta property=\"og:url\" content=\"https:\/\/gabitel.net\/de\/cambios-y-nuevas-oportunidades-en-gabitel\/\" \/>\n<meta property=\"og:site_name\" content=\"Gabitel\" \/>\n<meta property=\"article:publisher\" content=\"https:\/\/www.facebook.com\/gabitelingenieros\/\" \/>\n<meta property=\"article:published_time\" content=\"2021-05-26T08:25:04+00:00\" \/>\n<meta property=\"og:image\" content=\"https:\/\/gabitelingenieros.com\/wp-content\/uploads\/2021\/05\/A.jpg\" \/>\n<meta name=\"author\" content=\"user.autor\" \/>\n<meta name=\"twitter:card\" content=\"summary_large_image\" \/>\n<meta name=\"twitter:label1\" content=\"Verfasst von\" \/>\n\t<meta name=\"twitter:data1\" content=\"user.autor\" \/>\n\t<meta name=\"twitter:label2\" content=\"Gesch\u00e4tzte Lesezeit\" \/>\n\t<meta name=\"twitter:data2\" content=\"4\u00a0Minuten\" \/>\n<script type=\"application\/ld+json\" class=\"yoast-schema-graph\">{\"@context\":\"https:\\\/\\\/schema.org\",\"@graph\":[{\"@type\":[\"Article\",\"BlogPosting\"],\"@id\":\"https:\\\/\\\/gabitel.net\\\/de\\\/cambios-y-nuevas-oportunidades-en-gabitel\\\/#article\",\"isPartOf\":{\"@id\":\"https:\\\/\\\/gabitel.net\\\/de\\\/cambios-y-nuevas-oportunidades-en-gabitel\\\/\"},\"author\":{\"name\":\"user.autor\",\"@id\":\"https:\\\/\\\/gabitel.net\\\/de\\\/#\\\/schema\\\/person\\\/37ba53714c3fedb9c7d22f4bc781465c\"},\"headline\":\"Cambios y nuevas oportunidades en Gabitel\",\"datePublished\":\"2021-05-26T08:25:04+00:00\",\"mainEntityOfPage\":{\"@id\":\"https:\\\/\\\/gabitel.net\\\/de\\\/cambios-y-nuevas-oportunidades-en-gabitel\\\/\"},\"wordCount\":752,\"publisher\":{\"@id\":\"https:\\\/\\\/gabitel.net\\\/de\\\/#organization\"},\"image\":{\"@id\":\"https:\\\/\\\/gabitel.net\\\/de\\\/cambios-y-nuevas-oportunidades-en-gabitel\\\/#primaryimage\"},\"thumbnailUrl\":\"https:\\\/\\\/gabitel.net\\\/wp-content\\\/uploads\\\/2021\\\/05\\\/a-1.jpg\",\"articleSection\":[\"Off-topic\"],\"inLanguage\":\"de\"},{\"@type\":\"WebPage\",\"@id\":\"https:\\\/\\\/gabitel.net\\\/de\\\/cambios-y-nuevas-oportunidades-en-gabitel\\\/\",\"url\":\"https:\\\/\\\/gabitel.net\\\/de\\\/cambios-y-nuevas-oportunidades-en-gabitel\\\/\",\"name\":\"Cambios y nuevas oportunidades en Gabitel - Gabitel\",\"isPartOf\":{\"@id\":\"https:\\\/\\\/gabitel.net\\\/de\\\/#website\"},\"primaryImageOfPage\":{\"@id\":\"https:\\\/\\\/gabitel.net\\\/de\\\/cambios-y-nuevas-oportunidades-en-gabitel\\\/#primaryimage\"},\"image\":{\"@id\":\"https:\\\/\\\/gabitel.net\\\/de\\\/cambios-y-nuevas-oportunidades-en-gabitel\\\/#primaryimage\"},\"thumbnailUrl\":\"https:\\\/\\\/gabitel.net\\\/wp-content\\\/uploads\\\/2021\\\/05\\\/a-1.jpg\",\"datePublished\":\"2021-05-26T08:25:04+00:00\",\"breadcrumb\":{\"@id\":\"https:\\\/\\\/gabitel.net\\\/de\\\/cambios-y-nuevas-oportunidades-en-gabitel\\\/#breadcrumb\"},\"inLanguage\":\"de\",\"potentialAction\":[{\"@type\":\"ReadAction\",\"target\":[\"https:\\\/\\\/gabitel.net\\\/de\\\/cambios-y-nuevas-oportunidades-en-gabitel\\\/\"]}]},{\"@type\":\"ImageObject\",\"inLanguage\":\"de\",\"@id\":\"https:\\\/\\\/gabitel.net\\\/de\\\/cambios-y-nuevas-oportunidades-en-gabitel\\\/#primaryimage\",\"url\":\"https:\\\/\\\/gabitel.net\\\/wp-content\\\/uploads\\\/2021\\\/05\\\/a-1.jpg\",\"contentUrl\":\"https:\\\/\\\/gabitel.net\\\/wp-content\\\/uploads\\\/2021\\\/05\\\/a-1.jpg\",\"width\":847,\"height\":631,\"caption\":\"Cambios_gabitel\"},{\"@type\":\"BreadcrumbList\",\"@id\":\"https:\\\/\\\/gabitel.net\\\/de\\\/cambios-y-nuevas-oportunidades-en-gabitel\\\/#breadcrumb\",\"itemListElement\":[{\"@type\":\"ListItem\",\"position\":1,\"name\":\"Portada\",\"item\":\"https:\\\/\\\/gabitel.net\\\/de\\\/\"},{\"@type\":\"ListItem\",\"position\":2,\"name\":\"Cambios y nuevas oportunidades en Gabitel\"}]},{\"@type\":\"WebSite\",\"@id\":\"https:\\\/\\\/gabitel.net\\\/de\\\/#website\",\"url\":\"https:\\\/\\\/gabitel.net\\\/de\\\/\",\"name\":\"Gabitel\",\"description\":\"\",\"publisher\":{\"@id\":\"https:\\\/\\\/gabitel.net\\\/de\\\/#organization\"},\"potentialAction\":[{\"@type\":\"SearchAction\",\"target\":{\"@type\":\"EntryPoint\",\"urlTemplate\":\"https:\\\/\\\/gabitel.net\\\/de\\\/?s={search_term_string}\"},\"query-input\":{\"@type\":\"PropertyValueSpecification\",\"valueRequired\":true,\"valueName\":\"search_term_string\"}}],\"inLanguage\":\"de\"},{\"@type\":\"Organization\",\"@id\":\"https:\\\/\\\/gabitel.net\\\/de\\\/#organization\",\"name\":\"Gabitel\",\"url\":\"https:\\\/\\\/gabitel.net\\\/de\\\/\",\"logo\":{\"@type\":\"ImageObject\",\"inLanguage\":\"de\",\"@id\":\"https:\\\/\\\/gabitel.net\\\/de\\\/#\\\/schema\\\/logo\\\/image\\\/\",\"url\":\"https:\\\/\\\/gabitel.net\\\/wp-content\\\/uploads\\\/2025\\\/05\\\/logo_gabitel.jpg\",\"contentUrl\":\"https:\\\/\\\/gabitel.net\\\/wp-content\\\/uploads\\\/2025\\\/05\\\/logo_gabitel.jpg\",\"width\":2560,\"height\":1330,\"caption\":\"Gabitel\"},\"image\":{\"@id\":\"https:\\\/\\\/gabitel.net\\\/de\\\/#\\\/schema\\\/logo\\\/image\\\/\"},\"sameAs\":[\"https:\\\/\\\/www.facebook.com\\\/gabitelingenieros\\\/\",\"https:\\\/\\\/es.linkedin.com\\\/company\\\/gabitel-ingenieros\"]},{\"@type\":\"Person\",\"@id\":\"https:\\\/\\\/gabitel.net\\\/de\\\/#\\\/schema\\\/person\\\/37ba53714c3fedb9c7d22f4bc781465c\",\"name\":\"user.autor\",\"url\":\"https:\\\/\\\/gabitel.net\\\/de\\\/author\\\/user-autor\\\/\"}]}<\/script>\n<!-- \/ Yoast SEO plugin. -->","yoast_head_json":{"title":"Cambios y nuevas oportunidades en Gabitel - Gabitel","robots":{"index":"index","follow":"follow","max-snippet":"max-snippet:-1","max-image-preview":"max-image-preview:large","max-video-preview":"max-video-preview:-1"},"canonical":"https:\/\/gabitel.net\/de\/cambios-y-nuevas-oportunidades-en-gabitel\/","og_locale":"de_DE","og_type":"article","og_title":"Cambios y nuevas oportunidades en Gabitel - Gabitel","og_description":"Nuestros compa\u00f1eros Macarena Fern\u00e1ndez y Gabriel Gonzalez Porque de todos es conocida la frase que dice \u201ces de bien nacido ser agradecido\u201d y porque en nuestro recorrido, tanto personal como profesional, nos toca vivir y disfrutar de diferentes etapas que nos llevan a cambios y nos brindan nuevas oportunidades, queremos compartir con vosotros esta noticia, [&hellip;]","og_url":"https:\/\/gabitel.net\/de\/cambios-y-nuevas-oportunidades-en-gabitel\/","og_site_name":"Gabitel","article_publisher":"https:\/\/www.facebook.com\/gabitelingenieros\/","article_published_time":"2021-05-26T08:25:04+00:00","og_image":[{"url":"https:\/\/gabitelingenieros.com\/wp-content\/uploads\/2021\/05\/A.jpg","type":"","width":"","height":""}],"author":"user.autor","twitter_card":"summary_large_image","twitter_misc":{"Verfasst von":"user.autor","Gesch\u00e4tzte Lesezeit":"4\u00a0Minuten"},"schema":{"@context":"https:\/\/schema.org","@graph":[{"@type":["Article","BlogPosting"],"@id":"https:\/\/gabitel.net\/de\/cambios-y-nuevas-oportunidades-en-gabitel\/#article","isPartOf":{"@id":"https:\/\/gabitel.net\/de\/cambios-y-nuevas-oportunidades-en-gabitel\/"},"author":{"name":"user.autor","@id":"https:\/\/gabitel.net\/de\/#\/schema\/person\/37ba53714c3fedb9c7d22f4bc781465c"},"headline":"Cambios y nuevas oportunidades en Gabitel","datePublished":"2021-05-26T08:25:04+00:00","mainEntityOfPage":{"@id":"https:\/\/gabitel.net\/de\/cambios-y-nuevas-oportunidades-en-gabitel\/"},"wordCount":752,"publisher":{"@id":"https:\/\/gabitel.net\/de\/#organization"},"image":{"@id":"https:\/\/gabitel.net\/de\/cambios-y-nuevas-oportunidades-en-gabitel\/#primaryimage"},"thumbnailUrl":"https:\/\/gabitel.net\/wp-content\/uploads\/2021\/05\/a-1.jpg","articleSection":["Off-topic"],"inLanguage":"de"},{"@type":"WebPage","@id":"https:\/\/gabitel.net\/de\/cambios-y-nuevas-oportunidades-en-gabitel\/","url":"https:\/\/gabitel.net\/de\/cambios-y-nuevas-oportunidades-en-gabitel\/","name":"Cambios y nuevas oportunidades en Gabitel - Gabitel","isPartOf":{"@id":"https:\/\/gabitel.net\/de\/#website"},"primaryImageOfPage":{"@id":"https:\/\/gabitel.net\/de\/cambios-y-nuevas-oportunidades-en-gabitel\/#primaryimage"},"image":{"@id":"https:\/\/gabitel.net\/de\/cambios-y-nuevas-oportunidades-en-gabitel\/#primaryimage"},"thumbnailUrl":"https:\/\/gabitel.net\/wp-content\/uploads\/2021\/05\/a-1.jpg","datePublished":"2021-05-26T08:25:04+00:00","breadcrumb":{"@id":"https:\/\/gabitel.net\/de\/cambios-y-nuevas-oportunidades-en-gabitel\/#breadcrumb"},"inLanguage":"de","potentialAction":[{"@type":"ReadAction","target":["https:\/\/gabitel.net\/de\/cambios-y-nuevas-oportunidades-en-gabitel\/"]}]},{"@type":"ImageObject","inLanguage":"de","@id":"https:\/\/gabitel.net\/de\/cambios-y-nuevas-oportunidades-en-gabitel\/#primaryimage","url":"https:\/\/gabitel.net\/wp-content\/uploads\/2021\/05\/a-1.jpg","contentUrl":"https:\/\/gabitel.net\/wp-content\/uploads\/2021\/05\/a-1.jpg","width":847,"height":631,"caption":"Cambios_gabitel"},{"@type":"BreadcrumbList","@id":"https:\/\/gabitel.net\/de\/cambios-y-nuevas-oportunidades-en-gabitel\/#breadcrumb","itemListElement":[{"@type":"ListItem","position":1,"name":"Portada","item":"https:\/\/gabitel.net\/de\/"},{"@type":"ListItem","position":2,"name":"Cambios y nuevas oportunidades en Gabitel"}]},{"@type":"WebSite","@id":"https:\/\/gabitel.net\/de\/#website","url":"https:\/\/gabitel.net\/de\/","name":"Gabitel","description":"","publisher":{"@id":"https:\/\/gabitel.net\/de\/#organization"},"potentialAction":[{"@type":"SearchAction","target":{"@type":"EntryPoint","urlTemplate":"https:\/\/gabitel.net\/de\/?s={search_term_string}"},"query-input":{"@type":"PropertyValueSpecification","valueRequired":true,"valueName":"search_term_string"}}],"inLanguage":"de"},{"@type":"Organization","@id":"https:\/\/gabitel.net\/de\/#organization","name":"Gabitel","url":"https:\/\/gabitel.net\/de\/","logo":{"@type":"ImageObject","inLanguage":"de","@id":"https:\/\/gabitel.net\/de\/#\/schema\/logo\/image\/","url":"https:\/\/gabitel.net\/wp-content\/uploads\/2025\/05\/logo_gabitel.jpg","contentUrl":"https:\/\/gabitel.net\/wp-content\/uploads\/2025\/05\/logo_gabitel.jpg","width":2560,"height":1330,"caption":"Gabitel"},"image":{"@id":"https:\/\/gabitel.net\/de\/#\/schema\/logo\/image\/"},"sameAs":["https:\/\/www.facebook.com\/gabitelingenieros\/","https:\/\/es.linkedin.com\/company\/gabitel-ingenieros"]},{"@type":"Person","@id":"https:\/\/gabitel.net\/de\/#\/schema\/person\/37ba53714c3fedb9c7d22f4bc781465c","name":"user.autor","url":"https:\/\/gabitel.net\/de\/author\/user-autor\/"}]}},"_links":{"self":[{"href":"https:\/\/gabitel.net\/de\/wp-json\/wp\/v2\/posts\/33037","targetHints":{"allow":["GET"]}}],"collection":[{"href":"https:\/\/gabitel.net\/de\/wp-json\/wp\/v2\/posts"}],"about":[{"href":"https:\/\/gabitel.net\/de\/wp-json\/wp\/v2\/types\/post"}],"author":[{"embeddable":true,"href":"https:\/\/gabitel.net\/de\/wp-json\/wp\/v2\/users\/3"}],"replies":[{"embeddable":true,"href":"https:\/\/gabitel.net\/de\/wp-json\/wp\/v2\/comments?post=33037"}],"version-history":[{"count":0,"href":"https:\/\/gabitel.net\/de\/wp-json\/wp\/v2\/posts\/33037\/revisions"}],"wp:featuredmedia":[{"embeddable":true,"href":"https:\/\/gabitel.net\/de\/wp-json\/wp\/v2\/media\/33912"}],"wp:attachment":[{"href":"https:\/\/gabitel.net\/de\/wp-json\/wp\/v2\/media?parent=33037"}],"wp:term":[{"taxonomy":"category","embeddable":true,"href":"https:\/\/gabitel.net\/de\/wp-json\/wp\/v2\/categories?post=33037"},{"taxonomy":"post_tag","embeddable":true,"href":"https:\/\/gabitel.net\/de\/wp-json\/wp\/v2\/tags?post=33037"}],"curies":[{"name":"wp","href":"https:\/\/api.w.org\/{rel}","templated":true}]}}