{"id":33041,"date":"2021-05-10T13:45:08","date_gmt":"2021-05-10T12:45:08","guid":{"rendered":"https:\/\/gabitel.net\/dia-mundial-de-las-aves-migratorias\/"},"modified":"2021-05-10T13:45:08","modified_gmt":"2021-05-10T12:45:08","slug":"dia-mundial-de-las-aves-migratorias","status":"publish","type":"post","link":"https:\/\/gabitel.net\/de\/dia-mundial-de-las-aves-migratorias\/","title":{"rendered":"D\u00eda mundial de las aves migratorias"},"content":{"rendered":"<p style=\"text-align: justify;\">Aproximadamente 1.800 de las 11.000 especies de aves del mundo migran, y Espa\u00f1a es uno de los principales corredores migratorios del mundo por su ubicaci\u00f3n geogr\u00e1fica.<\/p>\n<p style=\"text-align: justify;\">El lema utilizado este a\u00f1o para celebrar este d\u00eda es \u201c\u00a1Canta, vuela y el\u00e9vate como las aves!&#8220; y es una invitaci\u00f3n a las personas de todo el mundo para que se conecten y vuelvan a relacionarse con la naturaleza escuchando y observando activamente a las aves, dondequiera que est\u00e9n.<\/p>\n<p style=\"text-align: justify;\">Gorriones, urracas, lavanderas, mirlos, golondrinas, vencejos&#8230; son s\u00f3lo algunas de las aves que hemos podido ver desde nuestras ventanas en los meses de confinamiento y que han sido las instrumentistas principales de la banda sonora que nos acompa\u00f1aba cada d\u00eda, mientras el ruido de los veh\u00edculos quedaba silenciado.<\/p>\n<p style=\"text-align: justify;\">Por el contrario, estas aves se enfrentan, adem\u00e1s de al cambio clim\u00e1tico, a la p\u00e9rdida de su h\u00e1bitat por la degradaci\u00f3n del terreno o los cambios del uso de suelo, la contaminaci\u00f3n del entorno o la caza ilegal, entre otros. Son algunos de los motivos que est\u00e1n provocando que las aves migratorias est\u00e9n reduciendo sus poblaciones de forma considerable en comparaci\u00f3n con aquellas que no viajan.<\/p>\n<p style=\"text-align: justify;\">Este d\u00eda se celebr\u00f3 por primera vez en 2006, organizado por una asociaci\u00f3n colaboradora entre dos tratados de la ONU -la Convenci\u00f3n sobre las Especies Migratorias (CMS) y el Acuerdo sobre las Aves Acu\u00e1ticas Migratorias de \u00c1frica y Eurasia (AEWA)- y la organizaci\u00f3n sin \u00e1nimo de lucro con sede en Colorado, Environment for the Americas (EFTA).<\/p>\n","protected":false},"excerpt":{"rendered":"<p>Aproximadamente 1.800 de las 11.000 especies de aves del mundo migran, y Espa\u00f1a es uno de los principales corredores migratorios del mundo por su ubicaci\u00f3n geogr\u00e1fica. El lema utilizado este a\u00f1o para celebrar este d\u00eda es \u201c\u00a1Canta, vuela y el\u00e9vate como las aves!&#8220; y es una invitaci\u00f3n a las personas de todo el mundo para [&hellip;]<\/p>\n","protected":false},"author":3,"featured_media":33888,"comment_status":"closed","ping_status":"closed","sticky":false,"template":"","format":"standard","meta":{"content-type":"","footnotes":""},"categories":[600],"tags":[],"class_list":["post-33041","post","type-post","status-publish","format-standard","has-post-thumbnail","hentry","category-off-topic-de"],"yoast_head":"<!-- This site is optimized with the Yoast SEO plugin v27.5 - https:\/\/yoast.com\/product\/yoast-seo-wordpress\/ -->\n<title>D\u00eda mundial de las aves migratorias - Gabitel<\/title>\n<meta name=\"robots\" content=\"index, follow, max-snippet:-1, max-image-preview:large, max-video-preview:-1\" \/>\n<link rel=\"canonical\" href=\"https:\/\/gabitel.net\/de\/dia-mundial-de-las-aves-migratorias\/\" \/>\n<meta property=\"og:locale\" content=\"de_DE\" \/>\n<meta property=\"og:type\" content=\"article\" \/>\n<meta property=\"og:title\" content=\"D\u00eda mundial de las aves migratorias - Gabitel\" \/>\n<meta property=\"og:description\" content=\"Aproximadamente 1.800 de las 11.000 especies de aves del mundo migran, y Espa\u00f1a es uno de los principales corredores migratorios del mundo por su ubicaci\u00f3n geogr\u00e1fica. El lema utilizado este a\u00f1o para celebrar este d\u00eda es \u201c\u00a1Canta, vuela y el\u00e9vate como las aves!&#8220; y es una invitaci\u00f3n a las personas de todo el mundo para [&hellip;]\" \/>\n<meta property=\"og:url\" content=\"https:\/\/gabitel.net\/de\/dia-mundial-de-las-aves-migratorias\/\" \/>\n<meta property=\"og:site_name\" content=\"Gabitel\" \/>\n<meta property=\"article:publisher\" content=\"https:\/\/www.facebook.com\/gabitelingenieros\/\" \/>\n<meta property=\"article:published_time\" content=\"2021-05-10T12:45:08+00:00\" \/>\n<meta name=\"author\" content=\"user.autor\" \/>\n<meta name=\"twitter:card\" content=\"summary_large_image\" \/>\n<meta name=\"twitter:label1\" content=\"Verfasst von\" \/>\n\t<meta name=\"twitter:data1\" content=\"user.autor\" \/>\n\t<meta name=\"twitter:label2\" content=\"Gesch\u00e4tzte Lesezeit\" \/>\n\t<meta name=\"twitter:data2\" content=\"1\u00a0Minute\" \/>\n<script type=\"application\/ld+json\" class=\"yoast-schema-graph\">{\"@context\":\"https:\\\/\\\/schema.org\",\"@graph\":[{\"@type\":[\"Article\",\"BlogPosting\"],\"@id\":\"https:\\\/\\\/gabitel.net\\\/de\\\/dia-mundial-de-las-aves-migratorias\\\/#article\",\"isPartOf\":{\"@id\":\"https:\\\/\\\/gabitel.net\\\/de\\\/dia-mundial-de-las-aves-migratorias\\\/\"},\"author\":{\"name\":\"user.autor\",\"@id\":\"https:\\\/\\\/gabitel.net\\\/de\\\/#\\\/schema\\\/person\\\/37ba53714c3fedb9c7d22f4bc781465c\"},\"headline\":\"D\u00eda mundial de las aves migratorias\",\"datePublished\":\"2021-05-10T12:45:08+00:00\",\"mainEntityOfPage\":{\"@id\":\"https:\\\/\\\/gabitel.net\\\/de\\\/dia-mundial-de-las-aves-migratorias\\\/\"},\"wordCount\":276,\"publisher\":{\"@id\":\"https:\\\/\\\/gabitel.net\\\/de\\\/#organization\"},\"image\":{\"@id\":\"https:\\\/\\\/gabitel.net\\\/de\\\/dia-mundial-de-las-aves-migratorias\\\/#primaryimage\"},\"thumbnailUrl\":\"https:\\\/\\\/gabitel.net\\\/wp-content\\\/uploads\\\/2021\\\/05\\\/dias_aves_migratorias-min.jpg\",\"articleSection\":[\"Off-topic\"],\"inLanguage\":\"de\"},{\"@type\":\"WebPage\",\"@id\":\"https:\\\/\\\/gabitel.net\\\/de\\\/dia-mundial-de-las-aves-migratorias\\\/\",\"url\":\"https:\\\/\\\/gabitel.net\\\/de\\\/dia-mundial-de-las-aves-migratorias\\\/\",\"name\":\"D\u00eda mundial de las aves migratorias - Gabitel\",\"isPartOf\":{\"@id\":\"https:\\\/\\\/gabitel.net\\\/de\\\/#website\"},\"primaryImageOfPage\":{\"@id\":\"https:\\\/\\\/gabitel.net\\\/de\\\/dia-mundial-de-las-aves-migratorias\\\/#primaryimage\"},\"image\":{\"@id\":\"https:\\\/\\\/gabitel.net\\\/de\\\/dia-mundial-de-las-aves-migratorias\\\/#primaryimage\"},\"thumbnailUrl\":\"https:\\\/\\\/gabitel.net\\\/wp-content\\\/uploads\\\/2021\\\/05\\\/dias_aves_migratorias-min.jpg\",\"datePublished\":\"2021-05-10T12:45:08+00:00\",\"breadcrumb\":{\"@id\":\"https:\\\/\\\/gabitel.net\\\/de\\\/dia-mundial-de-las-aves-migratorias\\\/#breadcrumb\"},\"inLanguage\":\"de\",\"potentialAction\":[{\"@type\":\"ReadAction\",\"target\":[\"https:\\\/\\\/gabitel.net\\\/de\\\/dia-mundial-de-las-aves-migratorias\\\/\"]}]},{\"@type\":\"ImageObject\",\"inLanguage\":\"de\",\"@id\":\"https:\\\/\\\/gabitel.net\\\/de\\\/dia-mundial-de-las-aves-migratorias\\\/#primaryimage\",\"url\":\"https:\\\/\\\/gabitel.net\\\/wp-content\\\/uploads\\\/2021\\\/05\\\/dias_aves_migratorias-min.jpg\",\"contentUrl\":\"https:\\\/\\\/gabitel.net\\\/wp-content\\\/uploads\\\/2021\\\/05\\\/dias_aves_migratorias-min.jpg\",\"width\":750,\"height\":390,\"caption\":\"tramitaciones-fotovoltaica-ave-hidrogeno\"},{\"@type\":\"BreadcrumbList\",\"@id\":\"https:\\\/\\\/gabitel.net\\\/de\\\/dia-mundial-de-las-aves-migratorias\\\/#breadcrumb\",\"itemListElement\":[{\"@type\":\"ListItem\",\"position\":1,\"name\":\"Portada\",\"item\":\"https:\\\/\\\/gabitel.net\\\/de\\\/\"},{\"@type\":\"ListItem\",\"position\":2,\"name\":\"D\u00eda mundial de las aves migratorias\"}]},{\"@type\":\"WebSite\",\"@id\":\"https:\\\/\\\/gabitel.net\\\/de\\\/#website\",\"url\":\"https:\\\/\\\/gabitel.net\\\/de\\\/\",\"name\":\"Gabitel\",\"description\":\"\",\"publisher\":{\"@id\":\"https:\\\/\\\/gabitel.net\\\/de\\\/#organization\"},\"potentialAction\":[{\"@type\":\"SearchAction\",\"target\":{\"@type\":\"EntryPoint\",\"urlTemplate\":\"https:\\\/\\\/gabitel.net\\\/de\\\/?s={search_term_string}\"},\"query-input\":{\"@type\":\"PropertyValueSpecification\",\"valueRequired\":true,\"valueName\":\"search_term_string\"}}],\"inLanguage\":\"de\"},{\"@type\":\"Organization\",\"@id\":\"https:\\\/\\\/gabitel.net\\\/de\\\/#organization\",\"name\":\"Gabitel\",\"url\":\"https:\\\/\\\/gabitel.net\\\/de\\\/\",\"logo\":{\"@type\":\"ImageObject\",\"inLanguage\":\"de\",\"@id\":\"https:\\\/\\\/gabitel.net\\\/de\\\/#\\\/schema\\\/logo\\\/image\\\/\",\"url\":\"https:\\\/\\\/gabitel.net\\\/wp-content\\\/uploads\\\/2025\\\/05\\\/logo_gabitel.jpg\",\"contentUrl\":\"https:\\\/\\\/gabitel.net\\\/wp-content\\\/uploads\\\/2025\\\/05\\\/logo_gabitel.jpg\",\"width\":2560,\"height\":1330,\"caption\":\"Gabitel\"},\"image\":{\"@id\":\"https:\\\/\\\/gabitel.net\\\/de\\\/#\\\/schema\\\/logo\\\/image\\\/\"},\"sameAs\":[\"https:\\\/\\\/www.facebook.com\\\/gabitelingenieros\\\/\",\"https:\\\/\\\/es.linkedin.com\\\/company\\\/gabitel-ingenieros\"]},{\"@type\":\"Person\",\"@id\":\"https:\\\/\\\/gabitel.net\\\/de\\\/#\\\/schema\\\/person\\\/37ba53714c3fedb9c7d22f4bc781465c\",\"name\":\"user.autor\",\"url\":\"https:\\\/\\\/gabitel.net\\\/de\\\/author\\\/user-autor\\\/\"}]}<\/script>\n<!-- \/ Yoast SEO plugin. -->","yoast_head_json":{"title":"D\u00eda mundial de las aves migratorias - Gabitel","robots":{"index":"index","follow":"follow","max-snippet":"max-snippet:-1","max-image-preview":"max-image-preview:large","max-video-preview":"max-video-preview:-1"},"canonical":"https:\/\/gabitel.net\/de\/dia-mundial-de-las-aves-migratorias\/","og_locale":"de_DE","og_type":"article","og_title":"D\u00eda mundial de las aves migratorias - Gabitel","og_description":"Aproximadamente 1.800 de las 11.000 especies de aves del mundo migran, y Espa\u00f1a es uno de los principales corredores migratorios del mundo por su ubicaci\u00f3n geogr\u00e1fica. El lema utilizado este a\u00f1o para celebrar este d\u00eda es \u201c\u00a1Canta, vuela y el\u00e9vate como las aves!&#8220; y es una invitaci\u00f3n a las personas de todo el mundo para [&hellip;]","og_url":"https:\/\/gabitel.net\/de\/dia-mundial-de-las-aves-migratorias\/","og_site_name":"Gabitel","article_publisher":"https:\/\/www.facebook.com\/gabitelingenieros\/","article_published_time":"2021-05-10T12:45:08+00:00","author":"user.autor","twitter_card":"summary_large_image","twitter_misc":{"Verfasst von":"user.autor","Gesch\u00e4tzte Lesezeit":"1\u00a0Minute"},"schema":{"@context":"https:\/\/schema.org","@graph":[{"@type":["Article","BlogPosting"],"@id":"https:\/\/gabitel.net\/de\/dia-mundial-de-las-aves-migratorias\/#article","isPartOf":{"@id":"https:\/\/gabitel.net\/de\/dia-mundial-de-las-aves-migratorias\/"},"author":{"name":"user.autor","@id":"https:\/\/gabitel.net\/de\/#\/schema\/person\/37ba53714c3fedb9c7d22f4bc781465c"},"headline":"D\u00eda mundial de las aves migratorias","datePublished":"2021-05-10T12:45:08+00:00","mainEntityOfPage":{"@id":"https:\/\/gabitel.net\/de\/dia-mundial-de-las-aves-migratorias\/"},"wordCount":276,"publisher":{"@id":"https:\/\/gabitel.net\/de\/#organization"},"image":{"@id":"https:\/\/gabitel.net\/de\/dia-mundial-de-las-aves-migratorias\/#primaryimage"},"thumbnailUrl":"https:\/\/gabitel.net\/wp-content\/uploads\/2021\/05\/dias_aves_migratorias-min.jpg","articleSection":["Off-topic"],"inLanguage":"de"},{"@type":"WebPage","@id":"https:\/\/gabitel.net\/de\/dia-mundial-de-las-aves-migratorias\/","url":"https:\/\/gabitel.net\/de\/dia-mundial-de-las-aves-migratorias\/","name":"D\u00eda mundial de las aves migratorias - Gabitel","isPartOf":{"@id":"https:\/\/gabitel.net\/de\/#website"},"primaryImageOfPage":{"@id":"https:\/\/gabitel.net\/de\/dia-mundial-de-las-aves-migratorias\/#primaryimage"},"image":{"@id":"https:\/\/gabitel.net\/de\/dia-mundial-de-las-aves-migratorias\/#primaryimage"},"thumbnailUrl":"https:\/\/gabitel.net\/wp-content\/uploads\/2021\/05\/dias_aves_migratorias-min.jpg","datePublished":"2021-05-10T12:45:08+00:00","breadcrumb":{"@id":"https:\/\/gabitel.net\/de\/dia-mundial-de-las-aves-migratorias\/#breadcrumb"},"inLanguage":"de","potentialAction":[{"@type":"ReadAction","target":["https:\/\/gabitel.net\/de\/dia-mundial-de-las-aves-migratorias\/"]}]},{"@type":"ImageObject","inLanguage":"de","@id":"https:\/\/gabitel.net\/de\/dia-mundial-de-las-aves-migratorias\/#primaryimage","url":"https:\/\/gabitel.net\/wp-content\/uploads\/2021\/05\/dias_aves_migratorias-min.jpg","contentUrl":"https:\/\/gabitel.net\/wp-content\/uploads\/2021\/05\/dias_aves_migratorias-min.jpg","width":750,"height":390,"caption":"tramitaciones-fotovoltaica-ave-hidrogeno"},{"@type":"BreadcrumbList","@id":"https:\/\/gabitel.net\/de\/dia-mundial-de-las-aves-migratorias\/#breadcrumb","itemListElement":[{"@type":"ListItem","position":1,"name":"Portada","item":"https:\/\/gabitel.net\/de\/"},{"@type":"ListItem","position":2,"name":"D\u00eda mundial de las aves migratorias"}]},{"@type":"WebSite","@id":"https:\/\/gabitel.net\/de\/#website","url":"https:\/\/gabitel.net\/de\/","name":"Gabitel","description":"","publisher":{"@id":"https:\/\/gabitel.net\/de\/#organization"},"potentialAction":[{"@type":"SearchAction","target":{"@type":"EntryPoint","urlTemplate":"https:\/\/gabitel.net\/de\/?s={search_term_string}"},"query-input":{"@type":"PropertyValueSpecification","valueRequired":true,"valueName":"search_term_string"}}],"inLanguage":"de"},{"@type":"Organization","@id":"https:\/\/gabitel.net\/de\/#organization","name":"Gabitel","url":"https:\/\/gabitel.net\/de\/","logo":{"@type":"ImageObject","inLanguage":"de","@id":"https:\/\/gabitel.net\/de\/#\/schema\/logo\/image\/","url":"https:\/\/gabitel.net\/wp-content\/uploads\/2025\/05\/logo_gabitel.jpg","contentUrl":"https:\/\/gabitel.net\/wp-content\/uploads\/2025\/05\/logo_gabitel.jpg","width":2560,"height":1330,"caption":"Gabitel"},"image":{"@id":"https:\/\/gabitel.net\/de\/#\/schema\/logo\/image\/"},"sameAs":["https:\/\/www.facebook.com\/gabitelingenieros\/","https:\/\/es.linkedin.com\/company\/gabitel-ingenieros"]},{"@type":"Person","@id":"https:\/\/gabitel.net\/de\/#\/schema\/person\/37ba53714c3fedb9c7d22f4bc781465c","name":"user.autor","url":"https:\/\/gabitel.net\/de\/author\/user-autor\/"}]}},"_links":{"self":[{"href":"https:\/\/gabitel.net\/de\/wp-json\/wp\/v2\/posts\/33041","targetHints":{"allow":["GET"]}}],"collection":[{"href":"https:\/\/gabitel.net\/de\/wp-json\/wp\/v2\/posts"}],"about":[{"href":"https:\/\/gabitel.net\/de\/wp-json\/wp\/v2\/types\/post"}],"author":[{"embeddable":true,"href":"https:\/\/gabitel.net\/de\/wp-json\/wp\/v2\/users\/3"}],"replies":[{"embeddable":true,"href":"https:\/\/gabitel.net\/de\/wp-json\/wp\/v2\/comments?post=33041"}],"version-history":[{"count":0,"href":"https:\/\/gabitel.net\/de\/wp-json\/wp\/v2\/posts\/33041\/revisions"}],"wp:featuredmedia":[{"embeddable":true,"href":"https:\/\/gabitel.net\/de\/wp-json\/wp\/v2\/media\/33888"}],"wp:attachment":[{"href":"https:\/\/gabitel.net\/de\/wp-json\/wp\/v2\/media?parent=33041"}],"wp:term":[{"taxonomy":"category","embeddable":true,"href":"https:\/\/gabitel.net\/de\/wp-json\/wp\/v2\/categories?post=33041"},{"taxonomy":"post_tag","embeddable":true,"href":"https:\/\/gabitel.net\/de\/wp-json\/wp\/v2\/tags?post=33041"}],"curies":[{"name":"wp","href":"https:\/\/api.w.org\/{rel}","templated":true}]}}