{"id":33051,"date":"2021-05-03T10:14:30","date_gmt":"2021-05-03T09:14:30","guid":{"rendered":"https:\/\/gabitel.net\/feliz-dia-de-la-madre\/"},"modified":"2021-05-03T10:14:30","modified_gmt":"2021-05-03T09:14:30","slug":"feliz-dia-de-la-madre","status":"publish","type":"post","link":"https:\/\/gabitel.net\/de\/feliz-dia-de-la-madre\/","title":{"rendered":"Feliz D\u00eda de la Madre"},"content":{"rendered":"<p style=\"text-align: justify;\">Este primer domingo de mayo, ha sido el D\u00eda de la Madre, y qu\u00e9 mejor forma de celebrarlo que compartiendo, con todos, el significado de la maternidad y la experiencia personal contada en primera persona por algunas de nuestras compa\u00f1eras, mam\u00e1s, de Gabitel.<\/p>\n<p style=\"text-align: justify;\"><strong><em>Silvia M\u00e1rquez <\/em>(Departamento de Fibra): \u00a0<\/strong><\/p>\n<p style=\"text-align: justify;\">\u201cEs cierto que dicen que te cambia la vida, pero yo dir\u00eda m\u00e1s bien, que te cambia a t\u00ed como persona, tus pensamientos, tus valores, tus prioridades. Te llena de tales sentimientos de miedos y felicidad, a la vez, que por muchas experiencias y vida que tengas, no adivinar\u00edas nunca.<\/p>\n<p style=\"text-align: justify;\">Esa fatiga incansable y el poder que te da la maternidad son valores que asimilas sin apenas percibirlos y que te acompa\u00f1aran d\u00eda tras d\u00eda, s\u00ed o s\u00ed.\u201d<\/p>\n<p>&nbsp;<\/p>\n<p style=\"text-align: justify;\"><strong><em>Lola del Pozo <\/em><\/strong><strong>(Departamento de Energ\u00eda):<\/strong><\/p>\n<p style=\"text-align: justify;\">\u201cTengo dos hijas y en cada una lo viv\u00ed de manera diferente, lo que descubr\u00ed la fuerza para superar las dificultades y el amor incondicional y la paciencia infinita que jam\u00e1s cre\u00eda que podr\u00eda tener. El valor de la palabra MADRE, inmenso.\u201d<\/p>\n<p style=\"text-align: justify;\"><strong><em>\u00a0<\/em><\/strong><\/p>\n<p style=\"text-align: justify;\"><strong><em>Noelia Ruiz<\/em><\/strong> <strong>(Departamento de Fibra):<\/strong><\/p>\n<p style=\"text-align: justify;\">\u201cPara m\u00ed, la maternidad es como la primera vez que te subes a una monta\u00f1a rusa, antes de subir (embarazo) te invaden los nervios, un poco de miedo, te entra la risita floja pero est\u00e1s deseando que llegue el momento de subirte (el parto), cuando te subes, en la primera ca\u00edda que es la m\u00e1s fuerte, experimentas una subida de adrenalina brutal que hace que te quedes enganchada ya de por vida, y a partir de entonces, se suceden una serie de subidas y bajadas emocionales que aunque te den miedo, las vas disfrutando y en cada una de ellas te emocionas de manera diferente (infancia).<\/p>\n<p style=\"text-align: justify;\">\u00a0La experiencia es tan brutal, que algunas veces hasta repites y te montas de nuevo, pero ya las siguientes veces vas sabiendo lo que vas a sentir y cada vez te va gustando m\u00e1s. Lo mejor de todo, es que desde que eres madre pasas a ser la persona m\u00e1s importante y \u00fanica para otra personita, y eso es intocable!!!.\u201d<\/p>\n<p>&nbsp;<\/p>\n<p style=\"text-align: justify;\"><strong><em>Lucia Rodr\u00edguez <\/em>(Departamento de Fibra):<\/strong><\/p>\n<p style=\"text-align: justify;\">\u201cSaber que podr\u00eda con todo en pro de la felicidad de mis hijos. Ser capaz de memorizar miles de nombres de pokemon y sus ataques. Noches infinitas en vela que aun habiendo sido duras no las cambiar\u00eda por nada del mundo. Entrar en cualquier tienda y lo primero que hago es preguntar por la secci\u00f3n infantil. Saber que hay dos personas en el mundo que hacen que cualquier d\u00eda duro deje de serlo con simplemente llamarme mam\u00e1.<\/p>\n<p style=\"text-align: justify;\">Darme cuenta que cada vez me parezco m\u00e1s a ella, a mi madre, y saber que hizo un gran trabajo. Compartir mi cama y recibir patadas y codazos a diestro y siniestro. Morirme de miedo por pensar que lo estoy haciendo mal, aunque luego me pare y me diga: lo hago lo mejor que s\u00e9 y ellos me quieren, aunque repita el men\u00fa de todas las noches (salchichas, s\u00e1ndwich, pur\u00e9 de verduras o sopa).<\/p>\n<p style=\"text-align: justify;\">Amar de manera incondicional pase lo que pase. Admirar a otras mujeres, tambi\u00e9n madres, que siguen en su lucha diaria porque en eso consiste, en luchar y aprender d\u00eda a d\u00eda. Darme cuenta que eleg\u00ed el mejor padre del mundo y con su trabajo y el m\u00edo hemos construido una preciosa familia.<\/p>\n<p style=\"text-align: justify;\">Podr\u00eda escribirte mil cosas m\u00e1s sobre mi maternidad, pero creo que\u00a0se podr\u00eda resumir en estas palabras: Juan y Mateo.<\/p>\n<p>&nbsp;<\/p>\n<p style=\"text-align: justify;\"><strong><em>Jessica Silva<\/em> (Departamento de Fibra)<\/strong><\/p>\n<p style=\"text-align: justify;\">\u201cPara m\u00ed, la maternidad es como el chocolate puro, a veces es amargo, pero es maravillosa.\u201d<\/p>\n<p>&nbsp;<\/p>\n<p style=\"text-align: justify;\"><strong><em>Luz Guti\u00e9rrez<\/em> (Departamento de Fibra)<\/strong><\/p>\n<p style=\"text-align: justify;\">\u201cLa maternidad supuso para m\u00ed un cambio radical en mi vida, donde la satisfacci\u00f3n y el estr\u00e9s se presentan a partes iguales. Lo que m\u00e1s me ha sorprendido de esta etapa es como se manifiesta el instinto animal y la intuici\u00f3n, como la vida se abre paso. M\u00e1s que nunca he sentido que formo parte de la naturaleza.\u201d<\/p>\n<p>&nbsp;<\/p>\n<p style=\"text-align: justify;\"><strong><em>Marta Alc\u00e1ntara<\/em> (Departamento de Fibra)<\/strong><\/p>\n<p style=\"text-align: justify;\">\u201cA m\u00ed la maternidad me ha ense\u00f1ado muchas cosas, pero la que m\u00e1s valoro es que me haya abierto los ojos para ver los sacrificios que hizo mi madre por m\u00ed, para darme cuenta de que detr\u00e1s de cada peque\u00f1o gesto hay much\u00edsima dedicaci\u00f3n y cari\u00f1o. Para m\u00ed, es la forma de amor m\u00e1s desinteresada que existe.\u201d<\/p>\n<p>&nbsp;<\/p>\n<p style=\"text-align: justify;\"><strong><em>Alicia Flores<\/em> (Departamento de Energ\u00eda)<\/strong><\/p>\n<p style=\"text-align: justify;\">\u201cLa maternidad para m\u00ed ha significado sentir la magia de enamorarse de alguien que a\u00fan no conoces y, conforme va creciendo, sentir orgullosa cada d\u00eda que ese <em>sercillo<\/em> tan bonito lo has creado t\u00fa.\u201d<\/p>\n<p style=\"text-align: justify;\"><strong>\u00a0<\/strong><\/p>\n<p style=\"text-align: justify;\"><strong><em>Genoveva S\u00e1nchez<\/em> (Departamento de Recursos Humanos).<\/strong><\/p>\n<p style=\"text-align: justify;\">\u201cPara mi ser madre, ha significado dar un sentido a mi vida que hasta entonces desconoc\u00eda. Descubres que, ya de alguna forma, no eres la protagonista de tu propia vida, pasando a serlo otra persona por qui\u00e9n lo dar\u00edas todo. La satisfacci\u00f3n m\u00e1s grande es ver como ella, tambi\u00e9n, es capaz de darlo todo por ti. Es el amor m\u00e1s puro e incondicional que existe y estoy teniendo el privilegio de poder vivirlo.\u201d<\/p>\n<p style=\"text-align: justify;\"><strong><em>\u00a0<\/em><\/strong><\/p>\n<p style=\"text-align: justify;\"><strong><em>Laura Rodr\u00edguez<\/em> (Departamento de Fibra).<\/strong><\/p>\n<p style=\"text-align: justify;\">\u201cBueno, para m\u00ed la maternidad ha supuesto una nueva vida, es como si ya no existiera la persona que eras y a partir del momento en que eres madre, tu vida ya no es tu vida, la centras en buscar la felicidad de tus hijos, pero eso, inexplicablemente te hace feliz.\u201d<\/p>\n<p>&nbsp;<\/p>\n<p style=\"text-align: justify;\">Muchas gracias por hacernos llegar estas bonitas palabras que han conseguido emocionarnos y dibujarnos una tierna sonrisa. Seguro que todas las mam\u00e1s, y tambi\u00e9n, pap\u00e1s de Gabitel, se han visto reflejados en cada una ellas.<\/p>\n<p>&nbsp;<\/p>\n<p>&nbsp;<\/p>\n<p style=\"text-align: center;\">Felicidades por esta labor tan dif\u00edcil y maravillosa que hac\u00e9is\u2026 <em>DAR VIDA<\/em>.<\/p>\n","protected":false},"excerpt":{"rendered":"<p>Este primer domingo de mayo, ha sido el D\u00eda de la Madre, y qu\u00e9 mejor forma de celebrarlo que compartiendo, con todos, el significado de la maternidad y la experiencia personal contada en primera persona por algunas de nuestras compa\u00f1eras, mam\u00e1s, de Gabitel. Silvia M\u00e1rquez (Departamento de Fibra): \u00a0 \u201cEs cierto que dicen que te [&hellip;]<\/p>\n","protected":false},"author":3,"featured_media":33862,"comment_status":"closed","ping_status":"closed","sticky":false,"template":"","format":"standard","meta":{"content-type":"","footnotes":""},"categories":[600],"tags":[],"class_list":["post-33051","post","type-post","status-publish","format-standard","has-post-thumbnail","hentry","category-off-topic-de"],"yoast_head":"<!-- This site is optimized with the Yoast SEO plugin v27.5 - https:\/\/yoast.com\/product\/yoast-seo-wordpress\/ -->\n<title>Feliz D\u00eda de la Madre - Gabitel<\/title>\n<meta name=\"robots\" content=\"index, follow, max-snippet:-1, max-image-preview:large, max-video-preview:-1\" \/>\n<link rel=\"canonical\" href=\"https:\/\/gabitel.net\/de\/feliz-dia-de-la-madre\/\" \/>\n<meta property=\"og:locale\" content=\"de_DE\" \/>\n<meta property=\"og:type\" content=\"article\" \/>\n<meta property=\"og:title\" content=\"Feliz D\u00eda de la Madre - Gabitel\" \/>\n<meta property=\"og:description\" content=\"Este primer domingo de mayo, ha sido el D\u00eda de la Madre, y qu\u00e9 mejor forma de celebrarlo que compartiendo, con todos, el significado de la maternidad y la experiencia personal contada en primera persona por algunas de nuestras compa\u00f1eras, mam\u00e1s, de Gabitel. Silvia M\u00e1rquez (Departamento de Fibra): \u00a0 \u201cEs cierto que dicen que te [&hellip;]\" \/>\n<meta property=\"og:url\" content=\"https:\/\/gabitel.net\/de\/feliz-dia-de-la-madre\/\" \/>\n<meta property=\"og:site_name\" content=\"Gabitel\" \/>\n<meta property=\"article:publisher\" content=\"https:\/\/www.facebook.com\/gabitelingenieros\/\" \/>\n<meta property=\"article:published_time\" content=\"2021-05-03T09:14:30+00:00\" \/>\n<meta name=\"author\" content=\"user.autor\" \/>\n<meta name=\"twitter:card\" content=\"summary_large_image\" \/>\n<meta name=\"twitter:label1\" content=\"Verfasst von\" \/>\n\t<meta name=\"twitter:data1\" content=\"user.autor\" \/>\n\t<meta name=\"twitter:label2\" content=\"Gesch\u00e4tzte Lesezeit\" \/>\n\t<meta name=\"twitter:data2\" content=\"5\u00a0Minuten\" \/>\n<script type=\"application\/ld+json\" class=\"yoast-schema-graph\">{\"@context\":\"https:\\\/\\\/schema.org\",\"@graph\":[{\"@type\":[\"Article\",\"BlogPosting\"],\"@id\":\"https:\\\/\\\/gabitel.net\\\/de\\\/feliz-dia-de-la-madre\\\/#article\",\"isPartOf\":{\"@id\":\"https:\\\/\\\/gabitel.net\\\/de\\\/feliz-dia-de-la-madre\\\/\"},\"author\":{\"name\":\"user.autor\",\"@id\":\"https:\\\/\\\/gabitel.net\\\/de\\\/#\\\/schema\\\/person\\\/37ba53714c3fedb9c7d22f4bc781465c\"},\"headline\":\"Feliz D\u00eda de la Madre\",\"datePublished\":\"2021-05-03T09:14:30+00:00\",\"mainEntityOfPage\":{\"@id\":\"https:\\\/\\\/gabitel.net\\\/de\\\/feliz-dia-de-la-madre\\\/\"},\"wordCount\":1021,\"publisher\":{\"@id\":\"https:\\\/\\\/gabitel.net\\\/de\\\/#organization\"},\"image\":{\"@id\":\"https:\\\/\\\/gabitel.net\\\/de\\\/feliz-dia-de-la-madre\\\/#primaryimage\"},\"thumbnailUrl\":\"https:\\\/\\\/gabitel.net\\\/wp-content\\\/uploads\\\/2021\\\/05\\\/ilustracion-dia-madre-estilo-papel_23-2148941896-min.jpg\",\"articleSection\":[\"Off-topic\"],\"inLanguage\":\"de\"},{\"@type\":\"WebPage\",\"@id\":\"https:\\\/\\\/gabitel.net\\\/de\\\/feliz-dia-de-la-madre\\\/\",\"url\":\"https:\\\/\\\/gabitel.net\\\/de\\\/feliz-dia-de-la-madre\\\/\",\"name\":\"Feliz D\u00eda de la Madre - Gabitel\",\"isPartOf\":{\"@id\":\"https:\\\/\\\/gabitel.net\\\/de\\\/#website\"},\"primaryImageOfPage\":{\"@id\":\"https:\\\/\\\/gabitel.net\\\/de\\\/feliz-dia-de-la-madre\\\/#primaryimage\"},\"image\":{\"@id\":\"https:\\\/\\\/gabitel.net\\\/de\\\/feliz-dia-de-la-madre\\\/#primaryimage\"},\"thumbnailUrl\":\"https:\\\/\\\/gabitel.net\\\/wp-content\\\/uploads\\\/2021\\\/05\\\/ilustracion-dia-madre-estilo-papel_23-2148941896-min.jpg\",\"datePublished\":\"2021-05-03T09:14:30+00:00\",\"breadcrumb\":{\"@id\":\"https:\\\/\\\/gabitel.net\\\/de\\\/feliz-dia-de-la-madre\\\/#breadcrumb\"},\"inLanguage\":\"de\",\"potentialAction\":[{\"@type\":\"ReadAction\",\"target\":[\"https:\\\/\\\/gabitel.net\\\/de\\\/feliz-dia-de-la-madre\\\/\"]}]},{\"@type\":\"ImageObject\",\"inLanguage\":\"de\",\"@id\":\"https:\\\/\\\/gabitel.net\\\/de\\\/feliz-dia-de-la-madre\\\/#primaryimage\",\"url\":\"https:\\\/\\\/gabitel.net\\\/wp-content\\\/uploads\\\/2021\\\/05\\\/ilustracion-dia-madre-estilo-papel_23-2148941896-min.jpg\",\"contentUrl\":\"https:\\\/\\\/gabitel.net\\\/wp-content\\\/uploads\\\/2021\\\/05\\\/ilustracion-dia-madre-estilo-papel_23-2148941896-min.jpg\",\"width\":626,\"height\":626,\"caption\":\"feliz-dia-madre\"},{\"@type\":\"BreadcrumbList\",\"@id\":\"https:\\\/\\\/gabitel.net\\\/de\\\/feliz-dia-de-la-madre\\\/#breadcrumb\",\"itemListElement\":[{\"@type\":\"ListItem\",\"position\":1,\"name\":\"Portada\",\"item\":\"https:\\\/\\\/gabitel.net\\\/de\\\/\"},{\"@type\":\"ListItem\",\"position\":2,\"name\":\"Feliz D\u00eda de la Madre\"}]},{\"@type\":\"WebSite\",\"@id\":\"https:\\\/\\\/gabitel.net\\\/de\\\/#website\",\"url\":\"https:\\\/\\\/gabitel.net\\\/de\\\/\",\"name\":\"Gabitel\",\"description\":\"\",\"publisher\":{\"@id\":\"https:\\\/\\\/gabitel.net\\\/de\\\/#organization\"},\"potentialAction\":[{\"@type\":\"SearchAction\",\"target\":{\"@type\":\"EntryPoint\",\"urlTemplate\":\"https:\\\/\\\/gabitel.net\\\/de\\\/?s={search_term_string}\"},\"query-input\":{\"@type\":\"PropertyValueSpecification\",\"valueRequired\":true,\"valueName\":\"search_term_string\"}}],\"inLanguage\":\"de\"},{\"@type\":\"Organization\",\"@id\":\"https:\\\/\\\/gabitel.net\\\/de\\\/#organization\",\"name\":\"Gabitel\",\"url\":\"https:\\\/\\\/gabitel.net\\\/de\\\/\",\"logo\":{\"@type\":\"ImageObject\",\"inLanguage\":\"de\",\"@id\":\"https:\\\/\\\/gabitel.net\\\/de\\\/#\\\/schema\\\/logo\\\/image\\\/\",\"url\":\"https:\\\/\\\/gabitel.net\\\/wp-content\\\/uploads\\\/2025\\\/05\\\/logo_gabitel.jpg\",\"contentUrl\":\"https:\\\/\\\/gabitel.net\\\/wp-content\\\/uploads\\\/2025\\\/05\\\/logo_gabitel.jpg\",\"width\":2560,\"height\":1330,\"caption\":\"Gabitel\"},\"image\":{\"@id\":\"https:\\\/\\\/gabitel.net\\\/de\\\/#\\\/schema\\\/logo\\\/image\\\/\"},\"sameAs\":[\"https:\\\/\\\/www.facebook.com\\\/gabitelingenieros\\\/\",\"https:\\\/\\\/es.linkedin.com\\\/company\\\/gabitel-ingenieros\"]},{\"@type\":\"Person\",\"@id\":\"https:\\\/\\\/gabitel.net\\\/de\\\/#\\\/schema\\\/person\\\/37ba53714c3fedb9c7d22f4bc781465c\",\"name\":\"user.autor\",\"url\":\"https:\\\/\\\/gabitel.net\\\/de\\\/author\\\/user-autor\\\/\"}]}<\/script>\n<!-- \/ Yoast SEO plugin. -->","yoast_head_json":{"title":"Feliz D\u00eda de la Madre - Gabitel","robots":{"index":"index","follow":"follow","max-snippet":"max-snippet:-1","max-image-preview":"max-image-preview:large","max-video-preview":"max-video-preview:-1"},"canonical":"https:\/\/gabitel.net\/de\/feliz-dia-de-la-madre\/","og_locale":"de_DE","og_type":"article","og_title":"Feliz D\u00eda de la Madre - Gabitel","og_description":"Este primer domingo de mayo, ha sido el D\u00eda de la Madre, y qu\u00e9 mejor forma de celebrarlo que compartiendo, con todos, el significado de la maternidad y la experiencia personal contada en primera persona por algunas de nuestras compa\u00f1eras, mam\u00e1s, de Gabitel. Silvia M\u00e1rquez (Departamento de Fibra): \u00a0 \u201cEs cierto que dicen que te [&hellip;]","og_url":"https:\/\/gabitel.net\/de\/feliz-dia-de-la-madre\/","og_site_name":"Gabitel","article_publisher":"https:\/\/www.facebook.com\/gabitelingenieros\/","article_published_time":"2021-05-03T09:14:30+00:00","author":"user.autor","twitter_card":"summary_large_image","twitter_misc":{"Verfasst von":"user.autor","Gesch\u00e4tzte Lesezeit":"5\u00a0Minuten"},"schema":{"@context":"https:\/\/schema.org","@graph":[{"@type":["Article","BlogPosting"],"@id":"https:\/\/gabitel.net\/de\/feliz-dia-de-la-madre\/#article","isPartOf":{"@id":"https:\/\/gabitel.net\/de\/feliz-dia-de-la-madre\/"},"author":{"name":"user.autor","@id":"https:\/\/gabitel.net\/de\/#\/schema\/person\/37ba53714c3fedb9c7d22f4bc781465c"},"headline":"Feliz D\u00eda de la Madre","datePublished":"2021-05-03T09:14:30+00:00","mainEntityOfPage":{"@id":"https:\/\/gabitel.net\/de\/feliz-dia-de-la-madre\/"},"wordCount":1021,"publisher":{"@id":"https:\/\/gabitel.net\/de\/#organization"},"image":{"@id":"https:\/\/gabitel.net\/de\/feliz-dia-de-la-madre\/#primaryimage"},"thumbnailUrl":"https:\/\/gabitel.net\/wp-content\/uploads\/2021\/05\/ilustracion-dia-madre-estilo-papel_23-2148941896-min.jpg","articleSection":["Off-topic"],"inLanguage":"de"},{"@type":"WebPage","@id":"https:\/\/gabitel.net\/de\/feliz-dia-de-la-madre\/","url":"https:\/\/gabitel.net\/de\/feliz-dia-de-la-madre\/","name":"Feliz D\u00eda de la Madre - Gabitel","isPartOf":{"@id":"https:\/\/gabitel.net\/de\/#website"},"primaryImageOfPage":{"@id":"https:\/\/gabitel.net\/de\/feliz-dia-de-la-madre\/#primaryimage"},"image":{"@id":"https:\/\/gabitel.net\/de\/feliz-dia-de-la-madre\/#primaryimage"},"thumbnailUrl":"https:\/\/gabitel.net\/wp-content\/uploads\/2021\/05\/ilustracion-dia-madre-estilo-papel_23-2148941896-min.jpg","datePublished":"2021-05-03T09:14:30+00:00","breadcrumb":{"@id":"https:\/\/gabitel.net\/de\/feliz-dia-de-la-madre\/#breadcrumb"},"inLanguage":"de","potentialAction":[{"@type":"ReadAction","target":["https:\/\/gabitel.net\/de\/feliz-dia-de-la-madre\/"]}]},{"@type":"ImageObject","inLanguage":"de","@id":"https:\/\/gabitel.net\/de\/feliz-dia-de-la-madre\/#primaryimage","url":"https:\/\/gabitel.net\/wp-content\/uploads\/2021\/05\/ilustracion-dia-madre-estilo-papel_23-2148941896-min.jpg","contentUrl":"https:\/\/gabitel.net\/wp-content\/uploads\/2021\/05\/ilustracion-dia-madre-estilo-papel_23-2148941896-min.jpg","width":626,"height":626,"caption":"feliz-dia-madre"},{"@type":"BreadcrumbList","@id":"https:\/\/gabitel.net\/de\/feliz-dia-de-la-madre\/#breadcrumb","itemListElement":[{"@type":"ListItem","position":1,"name":"Portada","item":"https:\/\/gabitel.net\/de\/"},{"@type":"ListItem","position":2,"name":"Feliz D\u00eda de la Madre"}]},{"@type":"WebSite","@id":"https:\/\/gabitel.net\/de\/#website","url":"https:\/\/gabitel.net\/de\/","name":"Gabitel","description":"","publisher":{"@id":"https:\/\/gabitel.net\/de\/#organization"},"potentialAction":[{"@type":"SearchAction","target":{"@type":"EntryPoint","urlTemplate":"https:\/\/gabitel.net\/de\/?s={search_term_string}"},"query-input":{"@type":"PropertyValueSpecification","valueRequired":true,"valueName":"search_term_string"}}],"inLanguage":"de"},{"@type":"Organization","@id":"https:\/\/gabitel.net\/de\/#organization","name":"Gabitel","url":"https:\/\/gabitel.net\/de\/","logo":{"@type":"ImageObject","inLanguage":"de","@id":"https:\/\/gabitel.net\/de\/#\/schema\/logo\/image\/","url":"https:\/\/gabitel.net\/wp-content\/uploads\/2025\/05\/logo_gabitel.jpg","contentUrl":"https:\/\/gabitel.net\/wp-content\/uploads\/2025\/05\/logo_gabitel.jpg","width":2560,"height":1330,"caption":"Gabitel"},"image":{"@id":"https:\/\/gabitel.net\/de\/#\/schema\/logo\/image\/"},"sameAs":["https:\/\/www.facebook.com\/gabitelingenieros\/","https:\/\/es.linkedin.com\/company\/gabitel-ingenieros"]},{"@type":"Person","@id":"https:\/\/gabitel.net\/de\/#\/schema\/person\/37ba53714c3fedb9c7d22f4bc781465c","name":"user.autor","url":"https:\/\/gabitel.net\/de\/author\/user-autor\/"}]}},"_links":{"self":[{"href":"https:\/\/gabitel.net\/de\/wp-json\/wp\/v2\/posts\/33051","targetHints":{"allow":["GET"]}}],"collection":[{"href":"https:\/\/gabitel.net\/de\/wp-json\/wp\/v2\/posts"}],"about":[{"href":"https:\/\/gabitel.net\/de\/wp-json\/wp\/v2\/types\/post"}],"author":[{"embeddable":true,"href":"https:\/\/gabitel.net\/de\/wp-json\/wp\/v2\/users\/3"}],"replies":[{"embeddable":true,"href":"https:\/\/gabitel.net\/de\/wp-json\/wp\/v2\/comments?post=33051"}],"version-history":[{"count":0,"href":"https:\/\/gabitel.net\/de\/wp-json\/wp\/v2\/posts\/33051\/revisions"}],"wp:featuredmedia":[{"embeddable":true,"href":"https:\/\/gabitel.net\/de\/wp-json\/wp\/v2\/media\/33862"}],"wp:attachment":[{"href":"https:\/\/gabitel.net\/de\/wp-json\/wp\/v2\/media?parent=33051"}],"wp:term":[{"taxonomy":"category","embeddable":true,"href":"https:\/\/gabitel.net\/de\/wp-json\/wp\/v2\/categories?post=33051"},{"taxonomy":"post_tag","embeddable":true,"href":"https:\/\/gabitel.net\/de\/wp-json\/wp\/v2\/tags?post=33051"}],"curies":[{"name":"wp","href":"https:\/\/api.w.org\/{rel}","templated":true}]}}