{"id":33068,"date":"2021-04-23T08:29:30","date_gmt":"2021-04-23T06:29:30","guid":{"rendered":"https:\/\/gabitel.net\/iso-14001-proteccion-del-medio-ambiente\/"},"modified":"2021-04-23T08:29:30","modified_gmt":"2021-04-23T06:29:30","slug":"iso-14001-proteccion-del-medio-ambiente","status":"publish","type":"post","link":"https:\/\/gabitel.net\/de\/iso-14001-proteccion-del-medio-ambiente\/","title":{"rendered":"ISO 14001 &#8211; Protecci\u00f3n del medio ambiente"},"content":{"rendered":"<p style=\"text-align: justify;\">La certificaci\u00f3n ISO 14001 nos permite demostrar el compromiso asumido por Gabitel con la protecci\u00f3n del medio ambiente a trav\u00e9s de la gesti\u00f3n de los riesgos medioambientales asociados a la actividad desarrollada por la organizaci\u00f3n. Esta norma identifica requisitos para una gesti\u00f3n eficaz del riesgo, considerando la prevenci\u00f3n y la protecci\u00f3n del medio ambiente, la conformidad legal y las necesidades socioecon\u00f3micas.<\/p>\n<p style=\"text-align: justify;\">Es una herramienta esencial para las empresas y organizaciones que desean ganar una mayor confianza por parte de los clientes, colaboradores, comunidad y la sociedad en su conjunto. Este voto de confianza proviene de la demostraci\u00f3n voluntaria del compromiso con la mejora continua del comportamiento ambiental.<\/p>\n<p><img decoding=\"async\" src=\"https:\/\/gabitelingenieros.com\/wp-content\/uploads\/2016\/09\/14001.jpg\" alt=\"Imagen relacionada con ISO 14001 - Protecci\u00f3n del medio ambiente | Gabitel Ingenieros\" \/><\/p>\n","protected":false},"excerpt":{"rendered":"<p>La certificaci\u00f3n ISO 14001 nos permite demostrar el compromiso asumido por Gabitel con la protecci\u00f3n del medio ambiente a trav\u00e9s de la gesti\u00f3n de los riesgos medioambientales asociados a la actividad desarrollada por la organizaci\u00f3n. Esta norma identifica requisitos para una gesti\u00f3n eficaz del riesgo, considerando la prevenci\u00f3n y la protecci\u00f3n del medio ambiente, la [&hellip;]<\/p>\n","protected":false},"author":3,"featured_media":33376,"comment_status":"closed","ping_status":"closed","sticky":false,"template":"","format":"standard","meta":{"content-type":"","footnotes":""},"categories":[600],"tags":[],"class_list":["post-33068","post","type-post","status-publish","format-standard","has-post-thumbnail","hentry","category-off-topic-de"],"yoast_head":"<!-- This site is optimized with the Yoast SEO plugin v27.5 - https:\/\/yoast.com\/product\/yoast-seo-wordpress\/ -->\n<title>ISO 14001 - Protecci\u00f3n del medio ambiente - Gabitel<\/title>\n<meta name=\"robots\" content=\"index, follow, max-snippet:-1, max-image-preview:large, max-video-preview:-1\" \/>\n<link rel=\"canonical\" href=\"https:\/\/gabitel.net\/de\/iso-14001-proteccion-del-medio-ambiente\/\" \/>\n<meta property=\"og:locale\" content=\"de_DE\" \/>\n<meta property=\"og:type\" content=\"article\" \/>\n<meta property=\"og:title\" content=\"ISO 14001 - Protecci\u00f3n del medio ambiente - Gabitel\" \/>\n<meta property=\"og:description\" content=\"La certificaci\u00f3n ISO 14001 nos permite demostrar el compromiso asumido por Gabitel con la protecci\u00f3n del medio ambiente a trav\u00e9s de la gesti\u00f3n de los riesgos medioambientales asociados a la actividad desarrollada por la organizaci\u00f3n. Esta norma identifica requisitos para una gesti\u00f3n eficaz del riesgo, considerando la prevenci\u00f3n y la protecci\u00f3n del medio ambiente, la [&hellip;]\" \/>\n<meta property=\"og:url\" content=\"https:\/\/gabitel.net\/de\/iso-14001-proteccion-del-medio-ambiente\/\" \/>\n<meta property=\"og:site_name\" content=\"Gabitel\" \/>\n<meta property=\"article:publisher\" content=\"https:\/\/www.facebook.com\/gabitelingenieros\/\" \/>\n<meta property=\"article:published_time\" content=\"2021-04-23T06:29:30+00:00\" \/>\n<meta property=\"og:image\" content=\"https:\/\/gabitelingenieros.com\/wp-content\/uploads\/2016\/09\/14001.jpg\" \/>\n<meta name=\"author\" content=\"user.autor\" \/>\n<meta name=\"twitter:card\" content=\"summary_large_image\" \/>\n<meta name=\"twitter:label1\" content=\"Verfasst von\" \/>\n\t<meta name=\"twitter:data1\" content=\"user.autor\" \/>\n\t<meta name=\"twitter:label2\" content=\"Gesch\u00e4tzte Lesezeit\" \/>\n\t<meta name=\"twitter:data2\" content=\"1\u00a0Minute\" \/>\n<script type=\"application\/ld+json\" class=\"yoast-schema-graph\">{\"@context\":\"https:\\\/\\\/schema.org\",\"@graph\":[{\"@type\":[\"Article\",\"BlogPosting\"],\"@id\":\"https:\\\/\\\/gabitel.net\\\/de\\\/iso-14001-proteccion-del-medio-ambiente\\\/#article\",\"isPartOf\":{\"@id\":\"https:\\\/\\\/gabitel.net\\\/de\\\/iso-14001-proteccion-del-medio-ambiente\\\/\"},\"author\":{\"name\":\"user.autor\",\"@id\":\"https:\\\/\\\/gabitel.net\\\/de\\\/#\\\/schema\\\/person\\\/37ba53714c3fedb9c7d22f4bc781465c\"},\"headline\":\"ISO 14001 &#8211; Protecci\u00f3n del medio ambiente\",\"datePublished\":\"2021-04-23T06:29:30+00:00\",\"mainEntityOfPage\":{\"@id\":\"https:\\\/\\\/gabitel.net\\\/de\\\/iso-14001-proteccion-del-medio-ambiente\\\/\"},\"wordCount\":123,\"publisher\":{\"@id\":\"https:\\\/\\\/gabitel.net\\\/de\\\/#organization\"},\"image\":{\"@id\":\"https:\\\/\\\/gabitel.net\\\/de\\\/iso-14001-proteccion-del-medio-ambiente\\\/#primaryimage\"},\"thumbnailUrl\":\"https:\\\/\\\/gabitel.net\\\/wp-content\\\/uploads\\\/2016\\\/10\\\/oshas_14001.png\",\"articleSection\":[\"Off-topic\"],\"inLanguage\":\"de\"},{\"@type\":\"WebPage\",\"@id\":\"https:\\\/\\\/gabitel.net\\\/de\\\/iso-14001-proteccion-del-medio-ambiente\\\/\",\"url\":\"https:\\\/\\\/gabitel.net\\\/de\\\/iso-14001-proteccion-del-medio-ambiente\\\/\",\"name\":\"ISO 14001 - Protecci\u00f3n del medio ambiente - Gabitel\",\"isPartOf\":{\"@id\":\"https:\\\/\\\/gabitel.net\\\/de\\\/#website\"},\"primaryImageOfPage\":{\"@id\":\"https:\\\/\\\/gabitel.net\\\/de\\\/iso-14001-proteccion-del-medio-ambiente\\\/#primaryimage\"},\"image\":{\"@id\":\"https:\\\/\\\/gabitel.net\\\/de\\\/iso-14001-proteccion-del-medio-ambiente\\\/#primaryimage\"},\"thumbnailUrl\":\"https:\\\/\\\/gabitel.net\\\/wp-content\\\/uploads\\\/2016\\\/10\\\/oshas_14001.png\",\"datePublished\":\"2021-04-23T06:29:30+00:00\",\"breadcrumb\":{\"@id\":\"https:\\\/\\\/gabitel.net\\\/de\\\/iso-14001-proteccion-del-medio-ambiente\\\/#breadcrumb\"},\"inLanguage\":\"de\",\"potentialAction\":[{\"@type\":\"ReadAction\",\"target\":[\"https:\\\/\\\/gabitel.net\\\/de\\\/iso-14001-proteccion-del-medio-ambiente\\\/\"]}]},{\"@type\":\"ImageObject\",\"inLanguage\":\"de\",\"@id\":\"https:\\\/\\\/gabitel.net\\\/de\\\/iso-14001-proteccion-del-medio-ambiente\\\/#primaryimage\",\"url\":\"https:\\\/\\\/gabitel.net\\\/wp-content\\\/uploads\\\/2016\\\/10\\\/oshas_14001.png\",\"contentUrl\":\"https:\\\/\\\/gabitel.net\\\/wp-content\\\/uploads\\\/2016\\\/10\\\/oshas_14001.png\",\"width\":300,\"height\":213,\"caption\":\"certificaci\u00f3n_ISO_14001\"},{\"@type\":\"BreadcrumbList\",\"@id\":\"https:\\\/\\\/gabitel.net\\\/de\\\/iso-14001-proteccion-del-medio-ambiente\\\/#breadcrumb\",\"itemListElement\":[{\"@type\":\"ListItem\",\"position\":1,\"name\":\"Portada\",\"item\":\"https:\\\/\\\/gabitel.net\\\/de\\\/\"},{\"@type\":\"ListItem\",\"position\":2,\"name\":\"ISO 14001 &#8211; Protecci\u00f3n del medio ambiente\"}]},{\"@type\":\"WebSite\",\"@id\":\"https:\\\/\\\/gabitel.net\\\/de\\\/#website\",\"url\":\"https:\\\/\\\/gabitel.net\\\/de\\\/\",\"name\":\"Gabitel\",\"description\":\"\",\"publisher\":{\"@id\":\"https:\\\/\\\/gabitel.net\\\/de\\\/#organization\"},\"potentialAction\":[{\"@type\":\"SearchAction\",\"target\":{\"@type\":\"EntryPoint\",\"urlTemplate\":\"https:\\\/\\\/gabitel.net\\\/de\\\/?s={search_term_string}\"},\"query-input\":{\"@type\":\"PropertyValueSpecification\",\"valueRequired\":true,\"valueName\":\"search_term_string\"}}],\"inLanguage\":\"de\"},{\"@type\":\"Organization\",\"@id\":\"https:\\\/\\\/gabitel.net\\\/de\\\/#organization\",\"name\":\"Gabitel\",\"url\":\"https:\\\/\\\/gabitel.net\\\/de\\\/\",\"logo\":{\"@type\":\"ImageObject\",\"inLanguage\":\"de\",\"@id\":\"https:\\\/\\\/gabitel.net\\\/de\\\/#\\\/schema\\\/logo\\\/image\\\/\",\"url\":\"https:\\\/\\\/gabitel.net\\\/wp-content\\\/uploads\\\/2025\\\/05\\\/logo_gabitel.jpg\",\"contentUrl\":\"https:\\\/\\\/gabitel.net\\\/wp-content\\\/uploads\\\/2025\\\/05\\\/logo_gabitel.jpg\",\"width\":2560,\"height\":1330,\"caption\":\"Gabitel\"},\"image\":{\"@id\":\"https:\\\/\\\/gabitel.net\\\/de\\\/#\\\/schema\\\/logo\\\/image\\\/\"},\"sameAs\":[\"https:\\\/\\\/www.facebook.com\\\/gabitelingenieros\\\/\",\"https:\\\/\\\/es.linkedin.com\\\/company\\\/gabitel-ingenieros\"]},{\"@type\":\"Person\",\"@id\":\"https:\\\/\\\/gabitel.net\\\/de\\\/#\\\/schema\\\/person\\\/37ba53714c3fedb9c7d22f4bc781465c\",\"name\":\"user.autor\",\"url\":\"https:\\\/\\\/gabitel.net\\\/de\\\/author\\\/user-autor\\\/\"}]}<\/script>\n<!-- \/ Yoast SEO plugin. -->","yoast_head_json":{"title":"ISO 14001 - Protecci\u00f3n del medio ambiente - Gabitel","robots":{"index":"index","follow":"follow","max-snippet":"max-snippet:-1","max-image-preview":"max-image-preview:large","max-video-preview":"max-video-preview:-1"},"canonical":"https:\/\/gabitel.net\/de\/iso-14001-proteccion-del-medio-ambiente\/","og_locale":"de_DE","og_type":"article","og_title":"ISO 14001 - Protecci\u00f3n del medio ambiente - Gabitel","og_description":"La certificaci\u00f3n ISO 14001 nos permite demostrar el compromiso asumido por Gabitel con la protecci\u00f3n del medio ambiente a trav\u00e9s de la gesti\u00f3n de los riesgos medioambientales asociados a la actividad desarrollada por la organizaci\u00f3n. Esta norma identifica requisitos para una gesti\u00f3n eficaz del riesgo, considerando la prevenci\u00f3n y la protecci\u00f3n del medio ambiente, la [&hellip;]","og_url":"https:\/\/gabitel.net\/de\/iso-14001-proteccion-del-medio-ambiente\/","og_site_name":"Gabitel","article_publisher":"https:\/\/www.facebook.com\/gabitelingenieros\/","article_published_time":"2021-04-23T06:29:30+00:00","og_image":[{"url":"https:\/\/gabitelingenieros.com\/wp-content\/uploads\/2016\/09\/14001.jpg","type":"","width":"","height":""}],"author":"user.autor","twitter_card":"summary_large_image","twitter_misc":{"Verfasst von":"user.autor","Gesch\u00e4tzte Lesezeit":"1\u00a0Minute"},"schema":{"@context":"https:\/\/schema.org","@graph":[{"@type":["Article","BlogPosting"],"@id":"https:\/\/gabitel.net\/de\/iso-14001-proteccion-del-medio-ambiente\/#article","isPartOf":{"@id":"https:\/\/gabitel.net\/de\/iso-14001-proteccion-del-medio-ambiente\/"},"author":{"name":"user.autor","@id":"https:\/\/gabitel.net\/de\/#\/schema\/person\/37ba53714c3fedb9c7d22f4bc781465c"},"headline":"ISO 14001 &#8211; Protecci\u00f3n del medio ambiente","datePublished":"2021-04-23T06:29:30+00:00","mainEntityOfPage":{"@id":"https:\/\/gabitel.net\/de\/iso-14001-proteccion-del-medio-ambiente\/"},"wordCount":123,"publisher":{"@id":"https:\/\/gabitel.net\/de\/#organization"},"image":{"@id":"https:\/\/gabitel.net\/de\/iso-14001-proteccion-del-medio-ambiente\/#primaryimage"},"thumbnailUrl":"https:\/\/gabitel.net\/wp-content\/uploads\/2016\/10\/oshas_14001.png","articleSection":["Off-topic"],"inLanguage":"de"},{"@type":"WebPage","@id":"https:\/\/gabitel.net\/de\/iso-14001-proteccion-del-medio-ambiente\/","url":"https:\/\/gabitel.net\/de\/iso-14001-proteccion-del-medio-ambiente\/","name":"ISO 14001 - Protecci\u00f3n del medio ambiente - Gabitel","isPartOf":{"@id":"https:\/\/gabitel.net\/de\/#website"},"primaryImageOfPage":{"@id":"https:\/\/gabitel.net\/de\/iso-14001-proteccion-del-medio-ambiente\/#primaryimage"},"image":{"@id":"https:\/\/gabitel.net\/de\/iso-14001-proteccion-del-medio-ambiente\/#primaryimage"},"thumbnailUrl":"https:\/\/gabitel.net\/wp-content\/uploads\/2016\/10\/oshas_14001.png","datePublished":"2021-04-23T06:29:30+00:00","breadcrumb":{"@id":"https:\/\/gabitel.net\/de\/iso-14001-proteccion-del-medio-ambiente\/#breadcrumb"},"inLanguage":"de","potentialAction":[{"@type":"ReadAction","target":["https:\/\/gabitel.net\/de\/iso-14001-proteccion-del-medio-ambiente\/"]}]},{"@type":"ImageObject","inLanguage":"de","@id":"https:\/\/gabitel.net\/de\/iso-14001-proteccion-del-medio-ambiente\/#primaryimage","url":"https:\/\/gabitel.net\/wp-content\/uploads\/2016\/10\/oshas_14001.png","contentUrl":"https:\/\/gabitel.net\/wp-content\/uploads\/2016\/10\/oshas_14001.png","width":300,"height":213,"caption":"certificaci\u00f3n_ISO_14001"},{"@type":"BreadcrumbList","@id":"https:\/\/gabitel.net\/de\/iso-14001-proteccion-del-medio-ambiente\/#breadcrumb","itemListElement":[{"@type":"ListItem","position":1,"name":"Portada","item":"https:\/\/gabitel.net\/de\/"},{"@type":"ListItem","position":2,"name":"ISO 14001 &#8211; Protecci\u00f3n del medio ambiente"}]},{"@type":"WebSite","@id":"https:\/\/gabitel.net\/de\/#website","url":"https:\/\/gabitel.net\/de\/","name":"Gabitel","description":"","publisher":{"@id":"https:\/\/gabitel.net\/de\/#organization"},"potentialAction":[{"@type":"SearchAction","target":{"@type":"EntryPoint","urlTemplate":"https:\/\/gabitel.net\/de\/?s={search_term_string}"},"query-input":{"@type":"PropertyValueSpecification","valueRequired":true,"valueName":"search_term_string"}}],"inLanguage":"de"},{"@type":"Organization","@id":"https:\/\/gabitel.net\/de\/#organization","name":"Gabitel","url":"https:\/\/gabitel.net\/de\/","logo":{"@type":"ImageObject","inLanguage":"de","@id":"https:\/\/gabitel.net\/de\/#\/schema\/logo\/image\/","url":"https:\/\/gabitel.net\/wp-content\/uploads\/2025\/05\/logo_gabitel.jpg","contentUrl":"https:\/\/gabitel.net\/wp-content\/uploads\/2025\/05\/logo_gabitel.jpg","width":2560,"height":1330,"caption":"Gabitel"},"image":{"@id":"https:\/\/gabitel.net\/de\/#\/schema\/logo\/image\/"},"sameAs":["https:\/\/www.facebook.com\/gabitelingenieros\/","https:\/\/es.linkedin.com\/company\/gabitel-ingenieros"]},{"@type":"Person","@id":"https:\/\/gabitel.net\/de\/#\/schema\/person\/37ba53714c3fedb9c7d22f4bc781465c","name":"user.autor","url":"https:\/\/gabitel.net\/de\/author\/user-autor\/"}]}},"_links":{"self":[{"href":"https:\/\/gabitel.net\/de\/wp-json\/wp\/v2\/posts\/33068","targetHints":{"allow":["GET"]}}],"collection":[{"href":"https:\/\/gabitel.net\/de\/wp-json\/wp\/v2\/posts"}],"about":[{"href":"https:\/\/gabitel.net\/de\/wp-json\/wp\/v2\/types\/post"}],"author":[{"embeddable":true,"href":"https:\/\/gabitel.net\/de\/wp-json\/wp\/v2\/users\/3"}],"replies":[{"embeddable":true,"href":"https:\/\/gabitel.net\/de\/wp-json\/wp\/v2\/comments?post=33068"}],"version-history":[{"count":0,"href":"https:\/\/gabitel.net\/de\/wp-json\/wp\/v2\/posts\/33068\/revisions"}],"wp:featuredmedia":[{"embeddable":true,"href":"https:\/\/gabitel.net\/de\/wp-json\/wp\/v2\/media\/33376"}],"wp:attachment":[{"href":"https:\/\/gabitel.net\/de\/wp-json\/wp\/v2\/media?parent=33068"}],"wp:term":[{"taxonomy":"category","embeddable":true,"href":"https:\/\/gabitel.net\/de\/wp-json\/wp\/v2\/categories?post=33068"},{"taxonomy":"post_tag","embeddable":true,"href":"https:\/\/gabitel.net\/de\/wp-json\/wp\/v2\/tags?post=33068"}],"curies":[{"name":"wp","href":"https:\/\/api.w.org\/{rel}","templated":true}]}}