{"id":33070,"date":"2021-04-22T07:16:30","date_gmt":"2021-04-22T06:16:30","guid":{"rendered":"https:\/\/gabitel.net\/dia-mundial-de-la-madre-tierra\/"},"modified":"2021-04-22T07:16:30","modified_gmt":"2021-04-22T06:16:30","slug":"dia-mundial-de-la-madre-tierra","status":"publish","type":"post","link":"https:\/\/gabitel.net\/de\/dia-mundial-de-la-madre-tierra\/","title":{"rendered":"D\u00eda Mundial de la Madre Tierra"},"content":{"rendered":"<p style=\"text-align: justify;\">Este jueves 22 de abril se celebra como cada a\u00f1o desde 1970 el conocido como \u201cEarth Day\u201d o \u201cD\u00eda Mundial de la Madre Tierra\u201d; que promovido por el senador estadounidense Gaylord Nelson y precedido por el multitudinario movimiento ambientalista que \u00e9ste organiz\u00f3 a favor del medio ambiente, se posiciona como un d\u00eda para tomar conciencia de los diversos problemas medioambientales que nos afectan, con el fin de crear una Agencia de Protecci\u00f3n Ambiental y salvaguardar al planeta Tierra.<\/p>\n<p style=\"text-align: justify;\">El objetivo principal de este d\u00eda consiste en extender y ampliar el movimiento ambiental en todo el mundo de forma eficaz, con el fin de construir un medio ambiente saludable y sostenible que no comprometa las necesidades de las futuras generaciones.<\/p>\n<p style=\"text-align: justify;\">Desde la d\u00e9cada de 1960 donde el D\u00eda de la Tierra tiene sus ra\u00edces a causa del descontento generalizado de la poblaci\u00f3n por el cada vez peor estado del medio, y la ausencia de cuestiones ecol\u00f3gicas en la agenda pol\u00edtica, hasta el d\u00eda de hoy, el D\u00eda de la Madre Tierra evoluciona, pudi\u00e9ndose observar que la conciencia ambiental ha pasado de ser una cuesti\u00f3n marginal a convertirse en un tema de actualidad y de preocupaci\u00f3n global.<\/p>\n<p><img decoding=\"async\" src=\"https:\/\/gabitelingenieros.com\/wp-content\/uploads\/2021\/04\/satellite-image-of-earth-original-from-nasa-digitally-enhanced-by-rawpixel-free-image-by-rawpix-min-scaled.jpg\" alt=\"Imagen relacionada con D\u00eda Mundial de la Madre Tierra | Gabitel Ingenieros\" \/><\/p>\n<p style=\"text-align: justify;\">Este a\u00f1o 2021, el comit\u00e9 organizador ha preparado tres d\u00edas de actividades que da comienzo el 20 de abril, en lo que se conoce como la Semana de la Tierra. Se trata de un gran acontecimiento donde se ponen sobre la mesa problemas de actualidad a los que se enfrenta nuestro entorno, como la crisis clim\u00e1tica, la contaminaci\u00f3n atmosf\u00e9rica, la deforestaci\u00f3n o la crisis sanitaria del COVID-19. El lema de este a\u00f1o: Recuperemos la Tierra, se trata de todo un llamamiento a reducir el impacto de nuestras acciones sobre el planeta y aceptamos nuestra responsabilidad como gran parte de la soluci\u00f3n.<\/p>\n<p style=\"text-align: justify;\">Desde Gabitel Ingenieros se trabaja con conciencia plena sobre el medio ambiente, no solo apostando de forma directa por las energ\u00edas verdes, destacando en este caso el trabajo realizado en el departamento de fotovoltaica; si no extendiendo tambi\u00e9n esta sensibilidad a todos los \u00e1mbitos, con el an\u00e1lisis a fondo de las actividades y el desarrollo de un Sistema de Gesti\u00f3n Ambiental certificado, o la propia optimizaci\u00f3n del consumo energ\u00e9tico cambiando el sistema de iluminaci\u00f3n y climatizaci\u00f3n.<\/p>\n<p style=\"text-align: justify;\">\u201cLa naturaleza en un espect\u00e1culo que se desarrolla frente al hombre\u201d \u2013 Arist\u00f3teles.<\/p>\n<p><a href=\"https:\/\/www.earthday.org\/earth-day-2021\/\">Earth Day Events<\/a><\/p>\n","protected":false},"excerpt":{"rendered":"<p>Este jueves 22 de abril se celebra como cada a\u00f1o desde 1970 el conocido como \u201cEarth Day\u201d o \u201cD\u00eda Mundial de la Madre Tierra\u201d; que promovido por el senador estadounidense Gaylord Nelson y precedido por el multitudinario movimiento ambientalista que \u00e9ste organiz\u00f3 a favor del medio ambiente, se posiciona como un d\u00eda para tomar conciencia [&hellip;]<\/p>\n","protected":false},"author":3,"featured_media":33844,"comment_status":"closed","ping_status":"closed","sticky":false,"template":"","format":"standard","meta":{"content-type":"","footnotes":""},"categories":[600],"tags":[],"class_list":["post-33070","post","type-post","status-publish","format-standard","has-post-thumbnail","hentry","category-off-topic-de"],"yoast_head":"<!-- This site is optimized with the Yoast SEO plugin v27.5 - https:\/\/yoast.com\/product\/yoast-seo-wordpress\/ -->\n<title>D\u00eda Mundial de la Madre Tierra - Gabitel<\/title>\n<meta name=\"robots\" content=\"index, follow, max-snippet:-1, max-image-preview:large, max-video-preview:-1\" \/>\n<link rel=\"canonical\" href=\"https:\/\/gabitel.net\/de\/dia-mundial-de-la-madre-tierra\/\" \/>\n<meta property=\"og:locale\" content=\"de_DE\" \/>\n<meta property=\"og:type\" content=\"article\" \/>\n<meta property=\"og:title\" content=\"D\u00eda Mundial de la Madre Tierra - Gabitel\" \/>\n<meta property=\"og:description\" content=\"Este jueves 22 de abril se celebra como cada a\u00f1o desde 1970 el conocido como \u201cEarth Day\u201d o \u201cD\u00eda Mundial de la Madre Tierra\u201d; que promovido por el senador estadounidense Gaylord Nelson y precedido por el multitudinario movimiento ambientalista que \u00e9ste organiz\u00f3 a favor del medio ambiente, se posiciona como un d\u00eda para tomar conciencia [&hellip;]\" \/>\n<meta property=\"og:url\" content=\"https:\/\/gabitel.net\/de\/dia-mundial-de-la-madre-tierra\/\" \/>\n<meta property=\"og:site_name\" content=\"Gabitel\" \/>\n<meta property=\"article:publisher\" content=\"https:\/\/www.facebook.com\/gabitelingenieros\/\" \/>\n<meta property=\"article:published_time\" content=\"2021-04-22T06:16:30+00:00\" \/>\n<meta property=\"og:image\" content=\"https:\/\/gabitelingenieros.com\/wp-content\/uploads\/2021\/04\/satellite-image-of-earth-original-from-nasa-digitally-enhanced-by-rawpixel-free-image-by-rawpix-min-scaled.jpg\" \/>\n<meta name=\"author\" content=\"user.autor\" \/>\n<meta name=\"twitter:card\" content=\"summary_large_image\" \/>\n<meta name=\"twitter:label1\" content=\"Verfasst von\" \/>\n\t<meta name=\"twitter:data1\" content=\"user.autor\" \/>\n\t<meta name=\"twitter:label2\" content=\"Gesch\u00e4tzte Lesezeit\" \/>\n\t<meta name=\"twitter:data2\" content=\"2\u00a0Minuten\" \/>\n<script type=\"application\/ld+json\" class=\"yoast-schema-graph\">{\"@context\":\"https:\\\/\\\/schema.org\",\"@graph\":[{\"@type\":[\"Article\",\"BlogPosting\"],\"@id\":\"https:\\\/\\\/gabitel.net\\\/de\\\/dia-mundial-de-la-madre-tierra\\\/#article\",\"isPartOf\":{\"@id\":\"https:\\\/\\\/gabitel.net\\\/de\\\/dia-mundial-de-la-madre-tierra\\\/\"},\"author\":{\"name\":\"user.autor\",\"@id\":\"https:\\\/\\\/gabitel.net\\\/de\\\/#\\\/schema\\\/person\\\/37ba53714c3fedb9c7d22f4bc781465c\"},\"headline\":\"D\u00eda Mundial de la Madre Tierra\",\"datePublished\":\"2021-04-22T06:16:30+00:00\",\"mainEntityOfPage\":{\"@id\":\"https:\\\/\\\/gabitel.net\\\/de\\\/dia-mundial-de-la-madre-tierra\\\/\"},\"wordCount\":423,\"publisher\":{\"@id\":\"https:\\\/\\\/gabitel.net\\\/de\\\/#organization\"},\"image\":{\"@id\":\"https:\\\/\\\/gabitel.net\\\/de\\\/dia-mundial-de-la-madre-tierra\\\/#primaryimage\"},\"thumbnailUrl\":\"https:\\\/\\\/gabitel.net\\\/wp-content\\\/uploads\\\/2021\\\/04\\\/5133097-min.jpg\",\"articleSection\":[\"Off-topic\"],\"inLanguage\":\"de\"},{\"@type\":\"WebPage\",\"@id\":\"https:\\\/\\\/gabitel.net\\\/de\\\/dia-mundial-de-la-madre-tierra\\\/\",\"url\":\"https:\\\/\\\/gabitel.net\\\/de\\\/dia-mundial-de-la-madre-tierra\\\/\",\"name\":\"D\u00eda Mundial de la Madre Tierra - Gabitel\",\"isPartOf\":{\"@id\":\"https:\\\/\\\/gabitel.net\\\/de\\\/#website\"},\"primaryImageOfPage\":{\"@id\":\"https:\\\/\\\/gabitel.net\\\/de\\\/dia-mundial-de-la-madre-tierra\\\/#primaryimage\"},\"image\":{\"@id\":\"https:\\\/\\\/gabitel.net\\\/de\\\/dia-mundial-de-la-madre-tierra\\\/#primaryimage\"},\"thumbnailUrl\":\"https:\\\/\\\/gabitel.net\\\/wp-content\\\/uploads\\\/2021\\\/04\\\/5133097-min.jpg\",\"datePublished\":\"2021-04-22T06:16:30+00:00\",\"breadcrumb\":{\"@id\":\"https:\\\/\\\/gabitel.net\\\/de\\\/dia-mundial-de-la-madre-tierra\\\/#breadcrumb\"},\"inLanguage\":\"de\",\"potentialAction\":[{\"@type\":\"ReadAction\",\"target\":[\"https:\\\/\\\/gabitel.net\\\/de\\\/dia-mundial-de-la-madre-tierra\\\/\"]}]},{\"@type\":\"ImageObject\",\"inLanguage\":\"de\",\"@id\":\"https:\\\/\\\/gabitel.net\\\/de\\\/dia-mundial-de-la-madre-tierra\\\/#primaryimage\",\"url\":\"https:\\\/\\\/gabitel.net\\\/wp-content\\\/uploads\\\/2021\\\/04\\\/5133097-min.jpg\",\"contentUrl\":\"https:\\\/\\\/gabitel.net\\\/wp-content\\\/uploads\\\/2021\\\/04\\\/5133097-min.jpg\",\"width\":2000,\"height\":2000,\"caption\":\"dia_mundial_tierra\"},{\"@type\":\"BreadcrumbList\",\"@id\":\"https:\\\/\\\/gabitel.net\\\/de\\\/dia-mundial-de-la-madre-tierra\\\/#breadcrumb\",\"itemListElement\":[{\"@type\":\"ListItem\",\"position\":1,\"name\":\"Portada\",\"item\":\"https:\\\/\\\/gabitel.net\\\/de\\\/\"},{\"@type\":\"ListItem\",\"position\":2,\"name\":\"D\u00eda Mundial de la Madre Tierra\"}]},{\"@type\":\"WebSite\",\"@id\":\"https:\\\/\\\/gabitel.net\\\/de\\\/#website\",\"url\":\"https:\\\/\\\/gabitel.net\\\/de\\\/\",\"name\":\"Gabitel\",\"description\":\"\",\"publisher\":{\"@id\":\"https:\\\/\\\/gabitel.net\\\/de\\\/#organization\"},\"potentialAction\":[{\"@type\":\"SearchAction\",\"target\":{\"@type\":\"EntryPoint\",\"urlTemplate\":\"https:\\\/\\\/gabitel.net\\\/de\\\/?s={search_term_string}\"},\"query-input\":{\"@type\":\"PropertyValueSpecification\",\"valueRequired\":true,\"valueName\":\"search_term_string\"}}],\"inLanguage\":\"de\"},{\"@type\":\"Organization\",\"@id\":\"https:\\\/\\\/gabitel.net\\\/de\\\/#organization\",\"name\":\"Gabitel\",\"url\":\"https:\\\/\\\/gabitel.net\\\/de\\\/\",\"logo\":{\"@type\":\"ImageObject\",\"inLanguage\":\"de\",\"@id\":\"https:\\\/\\\/gabitel.net\\\/de\\\/#\\\/schema\\\/logo\\\/image\\\/\",\"url\":\"https:\\\/\\\/gabitel.net\\\/wp-content\\\/uploads\\\/2025\\\/05\\\/logo_gabitel.jpg\",\"contentUrl\":\"https:\\\/\\\/gabitel.net\\\/wp-content\\\/uploads\\\/2025\\\/05\\\/logo_gabitel.jpg\",\"width\":2560,\"height\":1330,\"caption\":\"Gabitel\"},\"image\":{\"@id\":\"https:\\\/\\\/gabitel.net\\\/de\\\/#\\\/schema\\\/logo\\\/image\\\/\"},\"sameAs\":[\"https:\\\/\\\/www.facebook.com\\\/gabitelingenieros\\\/\",\"https:\\\/\\\/es.linkedin.com\\\/company\\\/gabitel-ingenieros\"]},{\"@type\":\"Person\",\"@id\":\"https:\\\/\\\/gabitel.net\\\/de\\\/#\\\/schema\\\/person\\\/37ba53714c3fedb9c7d22f4bc781465c\",\"name\":\"user.autor\",\"url\":\"https:\\\/\\\/gabitel.net\\\/de\\\/author\\\/user-autor\\\/\"}]}<\/script>\n<!-- \/ Yoast SEO plugin. -->","yoast_head_json":{"title":"D\u00eda Mundial de la Madre Tierra - Gabitel","robots":{"index":"index","follow":"follow","max-snippet":"max-snippet:-1","max-image-preview":"max-image-preview:large","max-video-preview":"max-video-preview:-1"},"canonical":"https:\/\/gabitel.net\/de\/dia-mundial-de-la-madre-tierra\/","og_locale":"de_DE","og_type":"article","og_title":"D\u00eda Mundial de la Madre Tierra - Gabitel","og_description":"Este jueves 22 de abril se celebra como cada a\u00f1o desde 1970 el conocido como \u201cEarth Day\u201d o \u201cD\u00eda Mundial de la Madre Tierra\u201d; que promovido por el senador estadounidense Gaylord Nelson y precedido por el multitudinario movimiento ambientalista que \u00e9ste organiz\u00f3 a favor del medio ambiente, se posiciona como un d\u00eda para tomar conciencia [&hellip;]","og_url":"https:\/\/gabitel.net\/de\/dia-mundial-de-la-madre-tierra\/","og_site_name":"Gabitel","article_publisher":"https:\/\/www.facebook.com\/gabitelingenieros\/","article_published_time":"2021-04-22T06:16:30+00:00","og_image":[{"url":"https:\/\/gabitelingenieros.com\/wp-content\/uploads\/2021\/04\/satellite-image-of-earth-original-from-nasa-digitally-enhanced-by-rawpixel-free-image-by-rawpix-min-scaled.jpg","type":"","width":"","height":""}],"author":"user.autor","twitter_card":"summary_large_image","twitter_misc":{"Verfasst von":"user.autor","Gesch\u00e4tzte Lesezeit":"2\u00a0Minuten"},"schema":{"@context":"https:\/\/schema.org","@graph":[{"@type":["Article","BlogPosting"],"@id":"https:\/\/gabitel.net\/de\/dia-mundial-de-la-madre-tierra\/#article","isPartOf":{"@id":"https:\/\/gabitel.net\/de\/dia-mundial-de-la-madre-tierra\/"},"author":{"name":"user.autor","@id":"https:\/\/gabitel.net\/de\/#\/schema\/person\/37ba53714c3fedb9c7d22f4bc781465c"},"headline":"D\u00eda Mundial de la Madre Tierra","datePublished":"2021-04-22T06:16:30+00:00","mainEntityOfPage":{"@id":"https:\/\/gabitel.net\/de\/dia-mundial-de-la-madre-tierra\/"},"wordCount":423,"publisher":{"@id":"https:\/\/gabitel.net\/de\/#organization"},"image":{"@id":"https:\/\/gabitel.net\/de\/dia-mundial-de-la-madre-tierra\/#primaryimage"},"thumbnailUrl":"https:\/\/gabitel.net\/wp-content\/uploads\/2021\/04\/5133097-min.jpg","articleSection":["Off-topic"],"inLanguage":"de"},{"@type":"WebPage","@id":"https:\/\/gabitel.net\/de\/dia-mundial-de-la-madre-tierra\/","url":"https:\/\/gabitel.net\/de\/dia-mundial-de-la-madre-tierra\/","name":"D\u00eda Mundial de la Madre Tierra - Gabitel","isPartOf":{"@id":"https:\/\/gabitel.net\/de\/#website"},"primaryImageOfPage":{"@id":"https:\/\/gabitel.net\/de\/dia-mundial-de-la-madre-tierra\/#primaryimage"},"image":{"@id":"https:\/\/gabitel.net\/de\/dia-mundial-de-la-madre-tierra\/#primaryimage"},"thumbnailUrl":"https:\/\/gabitel.net\/wp-content\/uploads\/2021\/04\/5133097-min.jpg","datePublished":"2021-04-22T06:16:30+00:00","breadcrumb":{"@id":"https:\/\/gabitel.net\/de\/dia-mundial-de-la-madre-tierra\/#breadcrumb"},"inLanguage":"de","potentialAction":[{"@type":"ReadAction","target":["https:\/\/gabitel.net\/de\/dia-mundial-de-la-madre-tierra\/"]}]},{"@type":"ImageObject","inLanguage":"de","@id":"https:\/\/gabitel.net\/de\/dia-mundial-de-la-madre-tierra\/#primaryimage","url":"https:\/\/gabitel.net\/wp-content\/uploads\/2021\/04\/5133097-min.jpg","contentUrl":"https:\/\/gabitel.net\/wp-content\/uploads\/2021\/04\/5133097-min.jpg","width":2000,"height":2000,"caption":"dia_mundial_tierra"},{"@type":"BreadcrumbList","@id":"https:\/\/gabitel.net\/de\/dia-mundial-de-la-madre-tierra\/#breadcrumb","itemListElement":[{"@type":"ListItem","position":1,"name":"Portada","item":"https:\/\/gabitel.net\/de\/"},{"@type":"ListItem","position":2,"name":"D\u00eda Mundial de la Madre Tierra"}]},{"@type":"WebSite","@id":"https:\/\/gabitel.net\/de\/#website","url":"https:\/\/gabitel.net\/de\/","name":"Gabitel","description":"","publisher":{"@id":"https:\/\/gabitel.net\/de\/#organization"},"potentialAction":[{"@type":"SearchAction","target":{"@type":"EntryPoint","urlTemplate":"https:\/\/gabitel.net\/de\/?s={search_term_string}"},"query-input":{"@type":"PropertyValueSpecification","valueRequired":true,"valueName":"search_term_string"}}],"inLanguage":"de"},{"@type":"Organization","@id":"https:\/\/gabitel.net\/de\/#organization","name":"Gabitel","url":"https:\/\/gabitel.net\/de\/","logo":{"@type":"ImageObject","inLanguage":"de","@id":"https:\/\/gabitel.net\/de\/#\/schema\/logo\/image\/","url":"https:\/\/gabitel.net\/wp-content\/uploads\/2025\/05\/logo_gabitel.jpg","contentUrl":"https:\/\/gabitel.net\/wp-content\/uploads\/2025\/05\/logo_gabitel.jpg","width":2560,"height":1330,"caption":"Gabitel"},"image":{"@id":"https:\/\/gabitel.net\/de\/#\/schema\/logo\/image\/"},"sameAs":["https:\/\/www.facebook.com\/gabitelingenieros\/","https:\/\/es.linkedin.com\/company\/gabitel-ingenieros"]},{"@type":"Person","@id":"https:\/\/gabitel.net\/de\/#\/schema\/person\/37ba53714c3fedb9c7d22f4bc781465c","name":"user.autor","url":"https:\/\/gabitel.net\/de\/author\/user-autor\/"}]}},"_links":{"self":[{"href":"https:\/\/gabitel.net\/de\/wp-json\/wp\/v2\/posts\/33070","targetHints":{"allow":["GET"]}}],"collection":[{"href":"https:\/\/gabitel.net\/de\/wp-json\/wp\/v2\/posts"}],"about":[{"href":"https:\/\/gabitel.net\/de\/wp-json\/wp\/v2\/types\/post"}],"author":[{"embeddable":true,"href":"https:\/\/gabitel.net\/de\/wp-json\/wp\/v2\/users\/3"}],"replies":[{"embeddable":true,"href":"https:\/\/gabitel.net\/de\/wp-json\/wp\/v2\/comments?post=33070"}],"version-history":[{"count":0,"href":"https:\/\/gabitel.net\/de\/wp-json\/wp\/v2\/posts\/33070\/revisions"}],"wp:featuredmedia":[{"embeddable":true,"href":"https:\/\/gabitel.net\/de\/wp-json\/wp\/v2\/media\/33844"}],"wp:attachment":[{"href":"https:\/\/gabitel.net\/de\/wp-json\/wp\/v2\/media?parent=33070"}],"wp:term":[{"taxonomy":"category","embeddable":true,"href":"https:\/\/gabitel.net\/de\/wp-json\/wp\/v2\/categories?post=33070"},{"taxonomy":"post_tag","embeddable":true,"href":"https:\/\/gabitel.net\/de\/wp-json\/wp\/v2\/tags?post=33070"}],"curies":[{"name":"wp","href":"https:\/\/api.w.org\/{rel}","templated":true}]}}