{"id":33076,"date":"2021-04-08T12:50:51","date_gmt":"2021-04-08T11:50:51","guid":{"rendered":"https:\/\/gabitel.net\/adam-eva-y-miguel\/"},"modified":"2021-04-08T12:50:51","modified_gmt":"2021-04-08T11:50:51","slug":"adam-eva-y-miguel","status":"publish","type":"post","link":"https:\/\/gabitel.net\/de\/adam-eva-y-miguel\/","title":{"rendered":"Adam, Eva y Miguel"},"content":{"rendered":"<h2><strong>NACIMIENTOS EN LA FAMILIA GABITEL<\/strong><\/h2>\n<p style=\"text-align: justify;\">Como en otras ocasiones, hemos pedido a los compa\u00f1eros que han sido papas y mamas que compartan con nosotros su experiencia y aqu\u00ed la ten\u00e9is.<\/p>\n<h4><strong>\u00c1DAM<\/strong><\/h4>\n<p style=\"text-align: justify;\">\u00c1dam Vasyl ha llegado a nuestras vidas para darnos m\u00e1s alegr\u00edas como pareja, para vivir la experiencia de ser padres, para transformar nuestras vidas y nos sentimos muy afortunados de haber tenido un embarazo y un parto sin complicaciones y muy natural, que nos permiti\u00f3 seguir trabajando, viajando y desarrollar nuestra vida normalmente, ha nacido muy sano y fuerte, esperamos que as\u00ed mismo sea su vida.<\/p>\n<p><img decoding=\"async\" src=\"https:\/\/gabitelingenieros.com\/wp-content\/uploads\/2021\/04\/adam-min-1-rotated.jpg\" alt=\"Imagen relacionada con Adam, Eva y Miguel | Gabitel Ingenieros\" \/><\/p>\n<h4><strong>EVA<\/strong><\/h4>\n<p style=\"text-align: justify;\">Hola a todos, somos Cristina y \u00c1ngel, hoy queremos presentar a la familia de Gabitel a un nuevo miembro, Eva. El d\u00eda de Navidad recibimos el mayor de los regalos, que nos ha llenado de felicidad y adem\u00e1s apenas nos ha quitado horas de sue\u00f1o (jeje). Eva es muy tranquila y muy buena por las noches y un torbellino por el d\u00eda. Aunque naci\u00f3 peque\u00f1ita crece muy bien y es una alegr\u00eda verla d\u00eda a d\u00eda.<\/p>\n<p style=\"text-align: justify;\">\u00a0Un beso a todos.<\/p>\n<p><img decoding=\"async\" src=\"https:\/\/gabitelingenieros.com\/wp-content\/uploads\/2021\/04\/eva-min.jpg\" alt=\"Imagen relacionada con Adam, Eva y Miguel | Gabitel Ingenieros\" \/><\/p>\n<h4><strong>MIGUEL<\/strong><\/h4>\n<p style=\"text-align: justify;\">Nos llena de enorme alegr\u00eda poder compartir con todo GABITEL el nacimiento de nuestro primer hijo, Miguel.\u00a0<\/p>\n<p style=\"text-align: justify;\">Tras nueve meses que poco a poco nos fueron llenando de ilusi\u00f3n y ganas de conocer al nuevo de la familia, el pasado 19 de marzo, decidi\u00f3 que hab\u00eda llegado el momento de saludarnos.\u00a0<\/p>\n<p style=\"text-align: justify;\">Somos enormemente felices con su compa\u00f1\u00eda, y aunque a\u00fan nos estamos conociendo, sabemos que ser\u00e1 una de las m\u00e1s maravillosas historias de amor.<\/p>\n<p><img decoding=\"async\" src=\"https:\/\/gabitelingenieros.com\/wp-content\/uploads\/2021\/04\/mIGUEL-min.jpg\" alt=\"Imagen relacionada con Adam, Eva y Miguel | Gabitel Ingenieros\" \/><\/p>\n","protected":false},"excerpt":{"rendered":"<p>NACIMIENTOS EN LA FAMILIA GABITEL Como en otras ocasiones, hemos pedido a los compa\u00f1eros que han sido papas y mamas que compartan con nosotros su experiencia y aqu\u00ed la ten\u00e9is. \u00c1DAM \u00c1dam Vasyl ha llegado a nuestras vidas para darnos m\u00e1s alegr\u00edas como pareja, para vivir la experiencia de ser padres, para transformar nuestras vidas [&hellip;]<\/p>\n","protected":false},"author":3,"featured_media":33826,"comment_status":"closed","ping_status":"closed","sticky":false,"template":"","format":"standard","meta":{"content-type":"","footnotes":""},"categories":[600],"tags":[],"class_list":["post-33076","post","type-post","status-publish","format-standard","has-post-thumbnail","hentry","category-off-topic-de"],"yoast_head":"<!-- This site is optimized with the Yoast SEO plugin v27.5 - https:\/\/yoast.com\/product\/yoast-seo-wordpress\/ -->\n<title>Adam, Eva y Miguel - Gabitel<\/title>\n<meta name=\"robots\" content=\"index, follow, max-snippet:-1, max-image-preview:large, max-video-preview:-1\" \/>\n<link rel=\"canonical\" href=\"https:\/\/gabitel.net\/de\/adam-eva-y-miguel\/\" \/>\n<meta property=\"og:locale\" content=\"de_DE\" \/>\n<meta property=\"og:type\" content=\"article\" \/>\n<meta property=\"og:title\" content=\"Adam, Eva y Miguel - Gabitel\" \/>\n<meta property=\"og:description\" content=\"NACIMIENTOS EN LA FAMILIA GABITEL Como en otras ocasiones, hemos pedido a los compa\u00f1eros que han sido papas y mamas que compartan con nosotros su experiencia y aqu\u00ed la ten\u00e9is. \u00c1DAM \u00c1dam Vasyl ha llegado a nuestras vidas para darnos m\u00e1s alegr\u00edas como pareja, para vivir la experiencia de ser padres, para transformar nuestras vidas [&hellip;]\" \/>\n<meta property=\"og:url\" content=\"https:\/\/gabitel.net\/de\/adam-eva-y-miguel\/\" \/>\n<meta property=\"og:site_name\" content=\"Gabitel\" \/>\n<meta property=\"article:publisher\" content=\"https:\/\/www.facebook.com\/gabitelingenieros\/\" \/>\n<meta property=\"article:published_time\" content=\"2021-04-08T11:50:51+00:00\" \/>\n<meta property=\"og:image\" content=\"https:\/\/gabitelingenieros.com\/wp-content\/uploads\/2021\/04\/adam-min-1-rotated.jpg\" \/>\n<meta name=\"author\" content=\"user.autor\" \/>\n<meta name=\"twitter:card\" content=\"summary_large_image\" \/>\n<meta name=\"twitter:label1\" content=\"Verfasst von\" \/>\n\t<meta name=\"twitter:data1\" content=\"user.autor\" \/>\n\t<meta name=\"twitter:label2\" content=\"Gesch\u00e4tzte Lesezeit\" \/>\n\t<meta name=\"twitter:data2\" content=\"1\u00a0Minute\" \/>\n<script type=\"application\/ld+json\" class=\"yoast-schema-graph\">{\"@context\":\"https:\\\/\\\/schema.org\",\"@graph\":[{\"@type\":[\"Article\",\"BlogPosting\"],\"@id\":\"https:\\\/\\\/gabitel.net\\\/de\\\/adam-eva-y-miguel\\\/#article\",\"isPartOf\":{\"@id\":\"https:\\\/\\\/gabitel.net\\\/de\\\/adam-eva-y-miguel\\\/\"},\"author\":{\"name\":\"user.autor\",\"@id\":\"https:\\\/\\\/gabitel.net\\\/de\\\/#\\\/schema\\\/person\\\/37ba53714c3fedb9c7d22f4bc781465c\"},\"headline\":\"Adam, Eva y Miguel\",\"datePublished\":\"2021-04-08T11:50:51+00:00\",\"mainEntityOfPage\":{\"@id\":\"https:\\\/\\\/gabitel.net\\\/de\\\/adam-eva-y-miguel\\\/\"},\"wordCount\":274,\"publisher\":{\"@id\":\"https:\\\/\\\/gabitel.net\\\/de\\\/#organization\"},\"image\":{\"@id\":\"https:\\\/\\\/gabitel.net\\\/de\\\/adam-eva-y-miguel\\\/#primaryimage\"},\"thumbnailUrl\":\"https:\\\/\\\/gabitel.net\\\/wp-content\\\/uploads\\\/2021\\\/04\\\/bebe.jpg\",\"articleSection\":[\"Off-topic\"],\"inLanguage\":\"de\"},{\"@type\":\"WebPage\",\"@id\":\"https:\\\/\\\/gabitel.net\\\/de\\\/adam-eva-y-miguel\\\/\",\"url\":\"https:\\\/\\\/gabitel.net\\\/de\\\/adam-eva-y-miguel\\\/\",\"name\":\"Adam, Eva y Miguel - Gabitel\",\"isPartOf\":{\"@id\":\"https:\\\/\\\/gabitel.net\\\/de\\\/#website\"},\"primaryImageOfPage\":{\"@id\":\"https:\\\/\\\/gabitel.net\\\/de\\\/adam-eva-y-miguel\\\/#primaryimage\"},\"image\":{\"@id\":\"https:\\\/\\\/gabitel.net\\\/de\\\/adam-eva-y-miguel\\\/#primaryimage\"},\"thumbnailUrl\":\"https:\\\/\\\/gabitel.net\\\/wp-content\\\/uploads\\\/2021\\\/04\\\/bebe.jpg\",\"datePublished\":\"2021-04-08T11:50:51+00:00\",\"breadcrumb\":{\"@id\":\"https:\\\/\\\/gabitel.net\\\/de\\\/adam-eva-y-miguel\\\/#breadcrumb\"},\"inLanguage\":\"de\",\"potentialAction\":[{\"@type\":\"ReadAction\",\"target\":[\"https:\\\/\\\/gabitel.net\\\/de\\\/adam-eva-y-miguel\\\/\"]}]},{\"@type\":\"ImageObject\",\"inLanguage\":\"de\",\"@id\":\"https:\\\/\\\/gabitel.net\\\/de\\\/adam-eva-y-miguel\\\/#primaryimage\",\"url\":\"https:\\\/\\\/gabitel.net\\\/wp-content\\\/uploads\\\/2021\\\/04\\\/bebe.jpg\",\"contentUrl\":\"https:\\\/\\\/gabitel.net\\\/wp-content\\\/uploads\\\/2021\\\/04\\\/bebe.jpg\",\"width\":2000,\"height\":2000,\"caption\":\"bebe\"},{\"@type\":\"BreadcrumbList\",\"@id\":\"https:\\\/\\\/gabitel.net\\\/de\\\/adam-eva-y-miguel\\\/#breadcrumb\",\"itemListElement\":[{\"@type\":\"ListItem\",\"position\":1,\"name\":\"Portada\",\"item\":\"https:\\\/\\\/gabitel.net\\\/de\\\/\"},{\"@type\":\"ListItem\",\"position\":2,\"name\":\"Adam, Eva y Miguel\"}]},{\"@type\":\"WebSite\",\"@id\":\"https:\\\/\\\/gabitel.net\\\/de\\\/#website\",\"url\":\"https:\\\/\\\/gabitel.net\\\/de\\\/\",\"name\":\"Gabitel\",\"description\":\"\",\"publisher\":{\"@id\":\"https:\\\/\\\/gabitel.net\\\/de\\\/#organization\"},\"potentialAction\":[{\"@type\":\"SearchAction\",\"target\":{\"@type\":\"EntryPoint\",\"urlTemplate\":\"https:\\\/\\\/gabitel.net\\\/de\\\/?s={search_term_string}\"},\"query-input\":{\"@type\":\"PropertyValueSpecification\",\"valueRequired\":true,\"valueName\":\"search_term_string\"}}],\"inLanguage\":\"de\"},{\"@type\":\"Organization\",\"@id\":\"https:\\\/\\\/gabitel.net\\\/de\\\/#organization\",\"name\":\"Gabitel\",\"url\":\"https:\\\/\\\/gabitel.net\\\/de\\\/\",\"logo\":{\"@type\":\"ImageObject\",\"inLanguage\":\"de\",\"@id\":\"https:\\\/\\\/gabitel.net\\\/de\\\/#\\\/schema\\\/logo\\\/image\\\/\",\"url\":\"https:\\\/\\\/gabitel.net\\\/wp-content\\\/uploads\\\/2025\\\/05\\\/logo_gabitel.jpg\",\"contentUrl\":\"https:\\\/\\\/gabitel.net\\\/wp-content\\\/uploads\\\/2025\\\/05\\\/logo_gabitel.jpg\",\"width\":2560,\"height\":1330,\"caption\":\"Gabitel\"},\"image\":{\"@id\":\"https:\\\/\\\/gabitel.net\\\/de\\\/#\\\/schema\\\/logo\\\/image\\\/\"},\"sameAs\":[\"https:\\\/\\\/www.facebook.com\\\/gabitelingenieros\\\/\",\"https:\\\/\\\/es.linkedin.com\\\/company\\\/gabitel-ingenieros\"]},{\"@type\":\"Person\",\"@id\":\"https:\\\/\\\/gabitel.net\\\/de\\\/#\\\/schema\\\/person\\\/37ba53714c3fedb9c7d22f4bc781465c\",\"name\":\"user.autor\",\"url\":\"https:\\\/\\\/gabitel.net\\\/de\\\/author\\\/user-autor\\\/\"}]}<\/script>\n<!-- \/ Yoast SEO plugin. -->","yoast_head_json":{"title":"Adam, Eva y Miguel - Gabitel","robots":{"index":"index","follow":"follow","max-snippet":"max-snippet:-1","max-image-preview":"max-image-preview:large","max-video-preview":"max-video-preview:-1"},"canonical":"https:\/\/gabitel.net\/de\/adam-eva-y-miguel\/","og_locale":"de_DE","og_type":"article","og_title":"Adam, Eva y Miguel - Gabitel","og_description":"NACIMIENTOS EN LA FAMILIA GABITEL Como en otras ocasiones, hemos pedido a los compa\u00f1eros que han sido papas y mamas que compartan con nosotros su experiencia y aqu\u00ed la ten\u00e9is. \u00c1DAM \u00c1dam Vasyl ha llegado a nuestras vidas para darnos m\u00e1s alegr\u00edas como pareja, para vivir la experiencia de ser padres, para transformar nuestras vidas [&hellip;]","og_url":"https:\/\/gabitel.net\/de\/adam-eva-y-miguel\/","og_site_name":"Gabitel","article_publisher":"https:\/\/www.facebook.com\/gabitelingenieros\/","article_published_time":"2021-04-08T11:50:51+00:00","og_image":[{"url":"https:\/\/gabitelingenieros.com\/wp-content\/uploads\/2021\/04\/adam-min-1-rotated.jpg","type":"","width":"","height":""}],"author":"user.autor","twitter_card":"summary_large_image","twitter_misc":{"Verfasst von":"user.autor","Gesch\u00e4tzte Lesezeit":"1\u00a0Minute"},"schema":{"@context":"https:\/\/schema.org","@graph":[{"@type":["Article","BlogPosting"],"@id":"https:\/\/gabitel.net\/de\/adam-eva-y-miguel\/#article","isPartOf":{"@id":"https:\/\/gabitel.net\/de\/adam-eva-y-miguel\/"},"author":{"name":"user.autor","@id":"https:\/\/gabitel.net\/de\/#\/schema\/person\/37ba53714c3fedb9c7d22f4bc781465c"},"headline":"Adam, Eva y Miguel","datePublished":"2021-04-08T11:50:51+00:00","mainEntityOfPage":{"@id":"https:\/\/gabitel.net\/de\/adam-eva-y-miguel\/"},"wordCount":274,"publisher":{"@id":"https:\/\/gabitel.net\/de\/#organization"},"image":{"@id":"https:\/\/gabitel.net\/de\/adam-eva-y-miguel\/#primaryimage"},"thumbnailUrl":"https:\/\/gabitel.net\/wp-content\/uploads\/2021\/04\/bebe.jpg","articleSection":["Off-topic"],"inLanguage":"de"},{"@type":"WebPage","@id":"https:\/\/gabitel.net\/de\/adam-eva-y-miguel\/","url":"https:\/\/gabitel.net\/de\/adam-eva-y-miguel\/","name":"Adam, Eva y Miguel - Gabitel","isPartOf":{"@id":"https:\/\/gabitel.net\/de\/#website"},"primaryImageOfPage":{"@id":"https:\/\/gabitel.net\/de\/adam-eva-y-miguel\/#primaryimage"},"image":{"@id":"https:\/\/gabitel.net\/de\/adam-eva-y-miguel\/#primaryimage"},"thumbnailUrl":"https:\/\/gabitel.net\/wp-content\/uploads\/2021\/04\/bebe.jpg","datePublished":"2021-04-08T11:50:51+00:00","breadcrumb":{"@id":"https:\/\/gabitel.net\/de\/adam-eva-y-miguel\/#breadcrumb"},"inLanguage":"de","potentialAction":[{"@type":"ReadAction","target":["https:\/\/gabitel.net\/de\/adam-eva-y-miguel\/"]}]},{"@type":"ImageObject","inLanguage":"de","@id":"https:\/\/gabitel.net\/de\/adam-eva-y-miguel\/#primaryimage","url":"https:\/\/gabitel.net\/wp-content\/uploads\/2021\/04\/bebe.jpg","contentUrl":"https:\/\/gabitel.net\/wp-content\/uploads\/2021\/04\/bebe.jpg","width":2000,"height":2000,"caption":"bebe"},{"@type":"BreadcrumbList","@id":"https:\/\/gabitel.net\/de\/adam-eva-y-miguel\/#breadcrumb","itemListElement":[{"@type":"ListItem","position":1,"name":"Portada","item":"https:\/\/gabitel.net\/de\/"},{"@type":"ListItem","position":2,"name":"Adam, Eva y Miguel"}]},{"@type":"WebSite","@id":"https:\/\/gabitel.net\/de\/#website","url":"https:\/\/gabitel.net\/de\/","name":"Gabitel","description":"","publisher":{"@id":"https:\/\/gabitel.net\/de\/#organization"},"potentialAction":[{"@type":"SearchAction","target":{"@type":"EntryPoint","urlTemplate":"https:\/\/gabitel.net\/de\/?s={search_term_string}"},"query-input":{"@type":"PropertyValueSpecification","valueRequired":true,"valueName":"search_term_string"}}],"inLanguage":"de"},{"@type":"Organization","@id":"https:\/\/gabitel.net\/de\/#organization","name":"Gabitel","url":"https:\/\/gabitel.net\/de\/","logo":{"@type":"ImageObject","inLanguage":"de","@id":"https:\/\/gabitel.net\/de\/#\/schema\/logo\/image\/","url":"https:\/\/gabitel.net\/wp-content\/uploads\/2025\/05\/logo_gabitel.jpg","contentUrl":"https:\/\/gabitel.net\/wp-content\/uploads\/2025\/05\/logo_gabitel.jpg","width":2560,"height":1330,"caption":"Gabitel"},"image":{"@id":"https:\/\/gabitel.net\/de\/#\/schema\/logo\/image\/"},"sameAs":["https:\/\/www.facebook.com\/gabitelingenieros\/","https:\/\/es.linkedin.com\/company\/gabitel-ingenieros"]},{"@type":"Person","@id":"https:\/\/gabitel.net\/de\/#\/schema\/person\/37ba53714c3fedb9c7d22f4bc781465c","name":"user.autor","url":"https:\/\/gabitel.net\/de\/author\/user-autor\/"}]}},"_links":{"self":[{"href":"https:\/\/gabitel.net\/de\/wp-json\/wp\/v2\/posts\/33076","targetHints":{"allow":["GET"]}}],"collection":[{"href":"https:\/\/gabitel.net\/de\/wp-json\/wp\/v2\/posts"}],"about":[{"href":"https:\/\/gabitel.net\/de\/wp-json\/wp\/v2\/types\/post"}],"author":[{"embeddable":true,"href":"https:\/\/gabitel.net\/de\/wp-json\/wp\/v2\/users\/3"}],"replies":[{"embeddable":true,"href":"https:\/\/gabitel.net\/de\/wp-json\/wp\/v2\/comments?post=33076"}],"version-history":[{"count":0,"href":"https:\/\/gabitel.net\/de\/wp-json\/wp\/v2\/posts\/33076\/revisions"}],"wp:featuredmedia":[{"embeddable":true,"href":"https:\/\/gabitel.net\/de\/wp-json\/wp\/v2\/media\/33826"}],"wp:attachment":[{"href":"https:\/\/gabitel.net\/de\/wp-json\/wp\/v2\/media?parent=33076"}],"wp:term":[{"taxonomy":"category","embeddable":true,"href":"https:\/\/gabitel.net\/de\/wp-json\/wp\/v2\/categories?post=33076"},{"taxonomy":"post_tag","embeddable":true,"href":"https:\/\/gabitel.net\/de\/wp-json\/wp\/v2\/tags?post=33076"}],"curies":[{"name":"wp","href":"https:\/\/api.w.org\/{rel}","templated":true}]}}