{"id":33078,"date":"2021-04-08T12:47:31","date_gmt":"2021-04-08T11:47:31","guid":{"rendered":"https:\/\/gabitel.net\/practicas-del-alumnado-de-los-c-f-g-s-de-telecomunicaciones-y-electricidad\/"},"modified":"2021-04-08T12:47:31","modified_gmt":"2021-04-08T11:47:31","slug":"practicas-del-alumnado-de-los-c-f-g-s-de-telecomunicaciones-y-electricidad","status":"publish","type":"post","link":"https:\/\/gabitel.net\/de\/practicas-del-alumnado-de-los-c-f-g-s-de-telecomunicaciones-y-electricidad\/","title":{"rendered":"Pr\u00e1cticas del alumnado de los C.F.G.S de Telecomunicaciones y Electricidad"},"content":{"rendered":"<h4>GABITEL COLABORA CON 5 INSTITUTOS PARA EL DESARROLLO DE LAS FCT DE SU ALUMNADO<\/h4>\n<p style=\"text-align: justify;\">Un a\u00f1o m\u00e1s, Gabitel ha querido ser part\u00edcipe, como empresa colaborada, en la formaci\u00f3n de aquellos j\u00f3venes que ven en la Formaci\u00f3n Profesional una opci\u00f3n para acceder al mercado laboral. Desde nuestros inicios, siempre hemos podido contar con alumnos que han querido formarse e iniciar su andadura profesional de nuestra mano. Durante este a\u00f1o 2021, han sido varios acuerdos de colaboraci\u00f3n ya firmados con diferentes institutos de la provincia de Sevilla, los cuales, han comenzado a desarrollar a finales del mes de marzo.<\/p>\n<p style=\"text-align: justify;\">En el departamento de Fibra, se han incorporado 7 alumnos del Ciclo Formativo de Grado Superior en Sistemas de Telecomunicaciones e Inform\u00e1ticos, procedentes de los Institutos I.E.S. Caura (Coria del Rio), I.E.S. Albert Einstein (Sevilla), I.E.S. Los Viveros (Sevilla), I.E.S. Camas (Camas), I.E.S. Torre los Herberos (Dos Hermanas). En el Departamento de Energ\u00eda, este a\u00f1o, vamos a contar, tambi\u00e9n, con un alumno del Ciclo Formativo de Grado Medio en Instalaciones El\u00e9ctricas y Autom\u00e1ticas, procedente el I.E.S Albert Einstein.<\/p>\n<p style=\"text-align: justify;\">Con la llegada de la pandemia y todo lo que ello ha conllevado, han sido muchas empresas, las que han dejado de colaborar con los centros educativos en la formaci\u00f3n de sus alumnos. Pero desde Gabitel, tomando las medidas necesarias, hemos querido continuar con esta buena pr\u00e1ctica tan gratificante y enriquecedora para nosotros.\u00a0\u00a0\u00a0\u00a0\u00a0\u00a0\u00a0\u00a0<\/p>\n<p style=\"text-align: justify;\">Desde nuestro entender, las pr\u00e1cticas profesionales son prioritarias para iniciar el desarrollo profesional y personal de los j\u00f3venes que tienen esta oportunidad, siendo una herramienta fundamental que les permite acceso al mercado laboral. Adem\u00e1s de suponer un beneficio en su proceso de formaci\u00f3n, da la posibilidad a los j\u00f3venes de convivir dentro de un entorno laboral como parte integrante del mismo. Esto le hace tener que asumir ciertas responsabilidades, desarrollar su autonom\u00eda, el cumplimiento de un horario, as\u00ed como adquirir valores, tan importantes para nosotros, basados en el compa\u00f1erismo, el respeto y trabajo en equipo.<\/p>\n<p style=\"text-align: justify;\">El compromiso adquirido por Gabitel es ofrecer a los alumnos, las herramientas y los recursos adecuados para el desarrollo de las habilidades y competencias t\u00e9cnicas que permitan su capacitaci\u00f3n profesional y darles acceso al mercado laboral, teniendo incluso, una alta probabilidad de contrataci\u00f3n por Gabitel como parte de su Equipo de trabajo.<\/p>\n","protected":false},"excerpt":{"rendered":"<p>GABITEL COLABORA CON 5 INSTITUTOS PARA EL DESARROLLO DE LAS FCT DE SU ALUMNADO Un a\u00f1o m\u00e1s, Gabitel ha querido ser part\u00edcipe, como empresa colaborada, en la formaci\u00f3n de aquellos j\u00f3venes que ven en la Formaci\u00f3n Profesional una opci\u00f3n para acceder al mercado laboral. Desde nuestros inicios, siempre hemos podido contar con alumnos que han [&hellip;]<\/p>\n","protected":false},"author":3,"featured_media":33838,"comment_status":"closed","ping_status":"closed","sticky":false,"template":"","format":"standard","meta":{"content-type":"","footnotes":""},"categories":[600],"tags":[],"class_list":["post-33078","post","type-post","status-publish","format-standard","has-post-thumbnail","hentry","category-off-topic-de"],"yoast_head":"<!-- This site is optimized with the Yoast SEO plugin v27.5 - https:\/\/yoast.com\/product\/yoast-seo-wordpress\/ -->\n<title>Pr\u00e1cticas del alumnado de los C.F.G.S de Telecomunicaciones y Electricidad - Gabitel<\/title>\n<meta name=\"robots\" content=\"index, follow, max-snippet:-1, max-image-preview:large, max-video-preview:-1\" \/>\n<link rel=\"canonical\" href=\"https:\/\/gabitel.net\/de\/practicas-del-alumnado-de-los-c-f-g-s-de-telecomunicaciones-y-electricidad\/\" \/>\n<meta property=\"og:locale\" content=\"de_DE\" \/>\n<meta property=\"og:type\" content=\"article\" \/>\n<meta property=\"og:title\" content=\"Pr\u00e1cticas del alumnado de los C.F.G.S de Telecomunicaciones y Electricidad - Gabitel\" \/>\n<meta property=\"og:description\" content=\"GABITEL COLABORA CON 5 INSTITUTOS PARA EL DESARROLLO DE LAS FCT DE SU ALUMNADO Un a\u00f1o m\u00e1s, Gabitel ha querido ser part\u00edcipe, como empresa colaborada, en la formaci\u00f3n de aquellos j\u00f3venes que ven en la Formaci\u00f3n Profesional una opci\u00f3n para acceder al mercado laboral. Desde nuestros inicios, siempre hemos podido contar con alumnos que han [&hellip;]\" \/>\n<meta property=\"og:url\" content=\"https:\/\/gabitel.net\/de\/practicas-del-alumnado-de-los-c-f-g-s-de-telecomunicaciones-y-electricidad\/\" \/>\n<meta property=\"og:site_name\" content=\"Gabitel\" \/>\n<meta property=\"article:publisher\" content=\"https:\/\/www.facebook.com\/gabitelingenieros\/\" \/>\n<meta property=\"article:published_time\" content=\"2021-04-08T11:47:31+00:00\" \/>\n<meta name=\"author\" content=\"user.autor\" \/>\n<meta name=\"twitter:card\" content=\"summary_large_image\" \/>\n<meta name=\"twitter:label1\" content=\"Verfasst von\" \/>\n\t<meta name=\"twitter:data1\" content=\"user.autor\" \/>\n\t<meta name=\"twitter:label2\" content=\"Gesch\u00e4tzte Lesezeit\" \/>\n\t<meta name=\"twitter:data2\" content=\"2\u00a0Minuten\" \/>\n<script type=\"application\/ld+json\" class=\"yoast-schema-graph\">{\"@context\":\"https:\\\/\\\/schema.org\",\"@graph\":[{\"@type\":[\"Article\",\"BlogPosting\"],\"@id\":\"https:\\\/\\\/gabitel.net\\\/de\\\/practicas-del-alumnado-de-los-c-f-g-s-de-telecomunicaciones-y-electricidad\\\/#article\",\"isPartOf\":{\"@id\":\"https:\\\/\\\/gabitel.net\\\/de\\\/practicas-del-alumnado-de-los-c-f-g-s-de-telecomunicaciones-y-electricidad\\\/\"},\"author\":{\"name\":\"user.autor\",\"@id\":\"https:\\\/\\\/gabitel.net\\\/de\\\/#\\\/schema\\\/person\\\/37ba53714c3fedb9c7d22f4bc781465c\"},\"headline\":\"Pr\u00e1cticas del alumnado de los C.F.G.S de Telecomunicaciones y Electricidad\",\"datePublished\":\"2021-04-08T11:47:31+00:00\",\"mainEntityOfPage\":{\"@id\":\"https:\\\/\\\/gabitel.net\\\/de\\\/practicas-del-alumnado-de-los-c-f-g-s-de-telecomunicaciones-y-electricidad\\\/\"},\"wordCount\":425,\"publisher\":{\"@id\":\"https:\\\/\\\/gabitel.net\\\/de\\\/#organization\"},\"image\":{\"@id\":\"https:\\\/\\\/gabitel.net\\\/de\\\/practicas-del-alumnado-de-los-c-f-g-s-de-telecomunicaciones-y-electricidad\\\/#primaryimage\"},\"thumbnailUrl\":\"https:\\\/\\\/gabitel.net\\\/wp-content\\\/uploads\\\/2021\\\/04\\\/5836-min-scaled-1.jpg\",\"articleSection\":[\"Off-topic\"],\"inLanguage\":\"de\"},{\"@type\":\"WebPage\",\"@id\":\"https:\\\/\\\/gabitel.net\\\/de\\\/practicas-del-alumnado-de-los-c-f-g-s-de-telecomunicaciones-y-electricidad\\\/\",\"url\":\"https:\\\/\\\/gabitel.net\\\/de\\\/practicas-del-alumnado-de-los-c-f-g-s-de-telecomunicaciones-y-electricidad\\\/\",\"name\":\"Pr\u00e1cticas del alumnado de los C.F.G.S de Telecomunicaciones y Electricidad - Gabitel\",\"isPartOf\":{\"@id\":\"https:\\\/\\\/gabitel.net\\\/de\\\/#website\"},\"primaryImageOfPage\":{\"@id\":\"https:\\\/\\\/gabitel.net\\\/de\\\/practicas-del-alumnado-de-los-c-f-g-s-de-telecomunicaciones-y-electricidad\\\/#primaryimage\"},\"image\":{\"@id\":\"https:\\\/\\\/gabitel.net\\\/de\\\/practicas-del-alumnado-de-los-c-f-g-s-de-telecomunicaciones-y-electricidad\\\/#primaryimage\"},\"thumbnailUrl\":\"https:\\\/\\\/gabitel.net\\\/wp-content\\\/uploads\\\/2021\\\/04\\\/5836-min-scaled-1.jpg\",\"datePublished\":\"2021-04-08T11:47:31+00:00\",\"breadcrumb\":{\"@id\":\"https:\\\/\\\/gabitel.net\\\/de\\\/practicas-del-alumnado-de-los-c-f-g-s-de-telecomunicaciones-y-electricidad\\\/#breadcrumb\"},\"inLanguage\":\"de\",\"potentialAction\":[{\"@type\":\"ReadAction\",\"target\":[\"https:\\\/\\\/gabitel.net\\\/de\\\/practicas-del-alumnado-de-los-c-f-g-s-de-telecomunicaciones-y-electricidad\\\/\"]}]},{\"@type\":\"ImageObject\",\"inLanguage\":\"de\",\"@id\":\"https:\\\/\\\/gabitel.net\\\/de\\\/practicas-del-alumnado-de-los-c-f-g-s-de-telecomunicaciones-y-electricidad\\\/#primaryimage\",\"url\":\"https:\\\/\\\/gabitel.net\\\/wp-content\\\/uploads\\\/2021\\\/04\\\/5836-min-scaled-1.jpg\",\"contentUrl\":\"https:\\\/\\\/gabitel.net\\\/wp-content\\\/uploads\\\/2021\\\/04\\\/5836-min-scaled-1.jpg\",\"width\":2560,\"height\":1896,\"caption\":\"ALUMNOS_CFGS\"},{\"@type\":\"BreadcrumbList\",\"@id\":\"https:\\\/\\\/gabitel.net\\\/de\\\/practicas-del-alumnado-de-los-c-f-g-s-de-telecomunicaciones-y-electricidad\\\/#breadcrumb\",\"itemListElement\":[{\"@type\":\"ListItem\",\"position\":1,\"name\":\"Portada\",\"item\":\"https:\\\/\\\/gabitel.net\\\/de\\\/\"},{\"@type\":\"ListItem\",\"position\":2,\"name\":\"Pr\u00e1cticas del alumnado de los C.F.G.S de Telecomunicaciones y Electricidad\"}]},{\"@type\":\"WebSite\",\"@id\":\"https:\\\/\\\/gabitel.net\\\/de\\\/#website\",\"url\":\"https:\\\/\\\/gabitel.net\\\/de\\\/\",\"name\":\"Gabitel\",\"description\":\"\",\"publisher\":{\"@id\":\"https:\\\/\\\/gabitel.net\\\/de\\\/#organization\"},\"potentialAction\":[{\"@type\":\"SearchAction\",\"target\":{\"@type\":\"EntryPoint\",\"urlTemplate\":\"https:\\\/\\\/gabitel.net\\\/de\\\/?s={search_term_string}\"},\"query-input\":{\"@type\":\"PropertyValueSpecification\",\"valueRequired\":true,\"valueName\":\"search_term_string\"}}],\"inLanguage\":\"de\"},{\"@type\":\"Organization\",\"@id\":\"https:\\\/\\\/gabitel.net\\\/de\\\/#organization\",\"name\":\"Gabitel\",\"url\":\"https:\\\/\\\/gabitel.net\\\/de\\\/\",\"logo\":{\"@type\":\"ImageObject\",\"inLanguage\":\"de\",\"@id\":\"https:\\\/\\\/gabitel.net\\\/de\\\/#\\\/schema\\\/logo\\\/image\\\/\",\"url\":\"https:\\\/\\\/gabitel.net\\\/wp-content\\\/uploads\\\/2025\\\/05\\\/logo_gabitel.jpg\",\"contentUrl\":\"https:\\\/\\\/gabitel.net\\\/wp-content\\\/uploads\\\/2025\\\/05\\\/logo_gabitel.jpg\",\"width\":2560,\"height\":1330,\"caption\":\"Gabitel\"},\"image\":{\"@id\":\"https:\\\/\\\/gabitel.net\\\/de\\\/#\\\/schema\\\/logo\\\/image\\\/\"},\"sameAs\":[\"https:\\\/\\\/www.facebook.com\\\/gabitelingenieros\\\/\",\"https:\\\/\\\/es.linkedin.com\\\/company\\\/gabitel-ingenieros\"]},{\"@type\":\"Person\",\"@id\":\"https:\\\/\\\/gabitel.net\\\/de\\\/#\\\/schema\\\/person\\\/37ba53714c3fedb9c7d22f4bc781465c\",\"name\":\"user.autor\",\"url\":\"https:\\\/\\\/gabitel.net\\\/de\\\/author\\\/user-autor\\\/\"}]}<\/script>\n<!-- \/ Yoast SEO plugin. -->","yoast_head_json":{"title":"Pr\u00e1cticas del alumnado de los C.F.G.S de Telecomunicaciones y Electricidad - Gabitel","robots":{"index":"index","follow":"follow","max-snippet":"max-snippet:-1","max-image-preview":"max-image-preview:large","max-video-preview":"max-video-preview:-1"},"canonical":"https:\/\/gabitel.net\/de\/practicas-del-alumnado-de-los-c-f-g-s-de-telecomunicaciones-y-electricidad\/","og_locale":"de_DE","og_type":"article","og_title":"Pr\u00e1cticas del alumnado de los C.F.G.S de Telecomunicaciones y Electricidad - Gabitel","og_description":"GABITEL COLABORA CON 5 INSTITUTOS PARA EL DESARROLLO DE LAS FCT DE SU ALUMNADO Un a\u00f1o m\u00e1s, Gabitel ha querido ser part\u00edcipe, como empresa colaborada, en la formaci\u00f3n de aquellos j\u00f3venes que ven en la Formaci\u00f3n Profesional una opci\u00f3n para acceder al mercado laboral. Desde nuestros inicios, siempre hemos podido contar con alumnos que han [&hellip;]","og_url":"https:\/\/gabitel.net\/de\/practicas-del-alumnado-de-los-c-f-g-s-de-telecomunicaciones-y-electricidad\/","og_site_name":"Gabitel","article_publisher":"https:\/\/www.facebook.com\/gabitelingenieros\/","article_published_time":"2021-04-08T11:47:31+00:00","author":"user.autor","twitter_card":"summary_large_image","twitter_misc":{"Verfasst von":"user.autor","Gesch\u00e4tzte Lesezeit":"2\u00a0Minuten"},"schema":{"@context":"https:\/\/schema.org","@graph":[{"@type":["Article","BlogPosting"],"@id":"https:\/\/gabitel.net\/de\/practicas-del-alumnado-de-los-c-f-g-s-de-telecomunicaciones-y-electricidad\/#article","isPartOf":{"@id":"https:\/\/gabitel.net\/de\/practicas-del-alumnado-de-los-c-f-g-s-de-telecomunicaciones-y-electricidad\/"},"author":{"name":"user.autor","@id":"https:\/\/gabitel.net\/de\/#\/schema\/person\/37ba53714c3fedb9c7d22f4bc781465c"},"headline":"Pr\u00e1cticas del alumnado de los C.F.G.S de Telecomunicaciones y Electricidad","datePublished":"2021-04-08T11:47:31+00:00","mainEntityOfPage":{"@id":"https:\/\/gabitel.net\/de\/practicas-del-alumnado-de-los-c-f-g-s-de-telecomunicaciones-y-electricidad\/"},"wordCount":425,"publisher":{"@id":"https:\/\/gabitel.net\/de\/#organization"},"image":{"@id":"https:\/\/gabitel.net\/de\/practicas-del-alumnado-de-los-c-f-g-s-de-telecomunicaciones-y-electricidad\/#primaryimage"},"thumbnailUrl":"https:\/\/gabitel.net\/wp-content\/uploads\/2021\/04\/5836-min-scaled-1.jpg","articleSection":["Off-topic"],"inLanguage":"de"},{"@type":"WebPage","@id":"https:\/\/gabitel.net\/de\/practicas-del-alumnado-de-los-c-f-g-s-de-telecomunicaciones-y-electricidad\/","url":"https:\/\/gabitel.net\/de\/practicas-del-alumnado-de-los-c-f-g-s-de-telecomunicaciones-y-electricidad\/","name":"Pr\u00e1cticas del alumnado de los C.F.G.S de Telecomunicaciones y Electricidad - Gabitel","isPartOf":{"@id":"https:\/\/gabitel.net\/de\/#website"},"primaryImageOfPage":{"@id":"https:\/\/gabitel.net\/de\/practicas-del-alumnado-de-los-c-f-g-s-de-telecomunicaciones-y-electricidad\/#primaryimage"},"image":{"@id":"https:\/\/gabitel.net\/de\/practicas-del-alumnado-de-los-c-f-g-s-de-telecomunicaciones-y-electricidad\/#primaryimage"},"thumbnailUrl":"https:\/\/gabitel.net\/wp-content\/uploads\/2021\/04\/5836-min-scaled-1.jpg","datePublished":"2021-04-08T11:47:31+00:00","breadcrumb":{"@id":"https:\/\/gabitel.net\/de\/practicas-del-alumnado-de-los-c-f-g-s-de-telecomunicaciones-y-electricidad\/#breadcrumb"},"inLanguage":"de","potentialAction":[{"@type":"ReadAction","target":["https:\/\/gabitel.net\/de\/practicas-del-alumnado-de-los-c-f-g-s-de-telecomunicaciones-y-electricidad\/"]}]},{"@type":"ImageObject","inLanguage":"de","@id":"https:\/\/gabitel.net\/de\/practicas-del-alumnado-de-los-c-f-g-s-de-telecomunicaciones-y-electricidad\/#primaryimage","url":"https:\/\/gabitel.net\/wp-content\/uploads\/2021\/04\/5836-min-scaled-1.jpg","contentUrl":"https:\/\/gabitel.net\/wp-content\/uploads\/2021\/04\/5836-min-scaled-1.jpg","width":2560,"height":1896,"caption":"ALUMNOS_CFGS"},{"@type":"BreadcrumbList","@id":"https:\/\/gabitel.net\/de\/practicas-del-alumnado-de-los-c-f-g-s-de-telecomunicaciones-y-electricidad\/#breadcrumb","itemListElement":[{"@type":"ListItem","position":1,"name":"Portada","item":"https:\/\/gabitel.net\/de\/"},{"@type":"ListItem","position":2,"name":"Pr\u00e1cticas del alumnado de los C.F.G.S de Telecomunicaciones y Electricidad"}]},{"@type":"WebSite","@id":"https:\/\/gabitel.net\/de\/#website","url":"https:\/\/gabitel.net\/de\/","name":"Gabitel","description":"","publisher":{"@id":"https:\/\/gabitel.net\/de\/#organization"},"potentialAction":[{"@type":"SearchAction","target":{"@type":"EntryPoint","urlTemplate":"https:\/\/gabitel.net\/de\/?s={search_term_string}"},"query-input":{"@type":"PropertyValueSpecification","valueRequired":true,"valueName":"search_term_string"}}],"inLanguage":"de"},{"@type":"Organization","@id":"https:\/\/gabitel.net\/de\/#organization","name":"Gabitel","url":"https:\/\/gabitel.net\/de\/","logo":{"@type":"ImageObject","inLanguage":"de","@id":"https:\/\/gabitel.net\/de\/#\/schema\/logo\/image\/","url":"https:\/\/gabitel.net\/wp-content\/uploads\/2025\/05\/logo_gabitel.jpg","contentUrl":"https:\/\/gabitel.net\/wp-content\/uploads\/2025\/05\/logo_gabitel.jpg","width":2560,"height":1330,"caption":"Gabitel"},"image":{"@id":"https:\/\/gabitel.net\/de\/#\/schema\/logo\/image\/"},"sameAs":["https:\/\/www.facebook.com\/gabitelingenieros\/","https:\/\/es.linkedin.com\/company\/gabitel-ingenieros"]},{"@type":"Person","@id":"https:\/\/gabitel.net\/de\/#\/schema\/person\/37ba53714c3fedb9c7d22f4bc781465c","name":"user.autor","url":"https:\/\/gabitel.net\/de\/author\/user-autor\/"}]}},"_links":{"self":[{"href":"https:\/\/gabitel.net\/de\/wp-json\/wp\/v2\/posts\/33078","targetHints":{"allow":["GET"]}}],"collection":[{"href":"https:\/\/gabitel.net\/de\/wp-json\/wp\/v2\/posts"}],"about":[{"href":"https:\/\/gabitel.net\/de\/wp-json\/wp\/v2\/types\/post"}],"author":[{"embeddable":true,"href":"https:\/\/gabitel.net\/de\/wp-json\/wp\/v2\/users\/3"}],"replies":[{"embeddable":true,"href":"https:\/\/gabitel.net\/de\/wp-json\/wp\/v2\/comments?post=33078"}],"version-history":[{"count":0,"href":"https:\/\/gabitel.net\/de\/wp-json\/wp\/v2\/posts\/33078\/revisions"}],"wp:featuredmedia":[{"embeddable":true,"href":"https:\/\/gabitel.net\/de\/wp-json\/wp\/v2\/media\/33838"}],"wp:attachment":[{"href":"https:\/\/gabitel.net\/de\/wp-json\/wp\/v2\/media?parent=33078"}],"wp:term":[{"taxonomy":"category","embeddable":true,"href":"https:\/\/gabitel.net\/de\/wp-json\/wp\/v2\/categories?post=33078"},{"taxonomy":"post_tag","embeddable":true,"href":"https:\/\/gabitel.net\/de\/wp-json\/wp\/v2\/tags?post=33078"}],"curies":[{"name":"wp","href":"https:\/\/api.w.org\/{rel}","templated":true}]}}