{"id":33080,"date":"2021-04-08T12:45:53","date_gmt":"2021-04-08T11:45:53","guid":{"rendered":"https:\/\/gabitel.net\/como-dar-el-salto-al-negocio-internacional\/"},"modified":"2021-04-08T12:45:53","modified_gmt":"2021-04-08T11:45:53","slug":"como-dar-el-salto-al-negocio-internacional","status":"publish","type":"post","link":"https:\/\/gabitel.net\/de\/como-dar-el-salto-al-negocio-internacional\/","title":{"rendered":"C\u00f3mo dar el salto al negocio internacional"},"content":{"rendered":"<p style=\"text-align: justify;\">El pasado jueves, 25 de marzo, Pablo Garcia, Director T\u00e9cnico de Gabitel, particip\u00f3 en el encuentro \u00a0digital patrocinado por BBVA y organizado por el Grupo Joly Digital. El tema principal tratado en esta mesa redonda virtual fu\u00e9 sobre el proceso de internlizaci\u00f3n en la empresa, \u00a0<em>C\u00f3mo dar el salto al Negocio Internacional. <\/em><\/p>\n<p>En esta sesi\u00f3n se cont\u00f3, tambi\u00e9n, con la participaci\u00f3n de responsables de entidades como, \u00a0<a href=\"https:\/\/www.linkedin.com\/in\/ACoAAAbAik8BVV-1nh93XvVJKtLla2y8WJSSDmY\">Sigfrido Molina Molina<\/a>\u00a0(Director T\u00e9cnico <a href=\"https:\/\/www.linkedin.com\/company\/sigfridofruit\/\">Sigfrido Fruit<\/a>),\u00a0<a href=\"https:\/\/www.linkedin.com\/in\/ACoAAA1DuwoBbCR5PyQNN8fzR4xxDqODyD7_M5U\">Manuel Fernandez Padilla<\/a>\u00a0(Gerente de Manud). Cada uno de los participantes, tuvo la oportunidad de dar su visi\u00f3n sobre el proceso de internacionalizaci\u00f3n, comentando las dificultades y problemas a los cuales se puede enfrentar un empresario durante este proceso, pero tambi\u00e9n, animando y tratando de eliminar tab\u00faes sobre este necesario paso, tras el \u00e9xito experimentado de primera mano, por las compa\u00f1\u00edas participantes.<\/p>\n<p style=\"text-align: justify;\">Tambi\u00e9n estuvo presente el\u00a0<a href=\"https:\/\/www.linkedin.com\/company\/icex\/\">ICEX<\/a>\u00a0en la persona de\u00a0<a href=\"https:\/\/www.linkedin.com\/in\/ACoAABlNZYMBHSxuDha8gfLnEHAjE9ICtB6m_7o\">Rafael Fuentes Candau<\/a>\u00a0indicando de manera pragm\u00e1tica c\u00f3mo pueden ellos ayudarnos a salir al extranjero.<br \/>Por su parte,\u00a0<a href=\"https:\/\/www.linkedin.com\/in\/ACoAAA_wuN4BTNQBLhAPoHBSqy75fpMDVlKOHm0\">Juan Jos\u00e9 Fuentes SAIZ de BUSTAMANTE<\/a>\u00a0(<a href=\"https:\/\/www.linkedin.com\/company\/bbva\/\">BBVA<\/a>) proporcion\u00f3 informaci\u00f3n sobre las herramientas que ponen a disposici\u00f3n de las empresas para ayudarlas a salir a la vez que a acotar los riesgos de este importante proyecto.<\/p>\n<p style=\"text-align: justify;\">\n<p style=\"text-align: justify;\">Una vez m\u00e1s, la experiencia de Gabitel, sirve de ejemplo para otras empresas en este proceso de internalizaci\u00f3n, especialmente, en estos tiempos tan dif\u00edciles, tras tener que lidiar con una pandemia mundial y el BREXIT, como ha sido nuestro caso. Tras el \u00e9xito alcanzado, seguiremos apostando e invirtiendo todos los recursos necesarios para continuar garantizando nuestro posicionamiento en el mercado internacional.<\/p>\n","protected":false},"excerpt":{"rendered":"<p>El pasado jueves, 25 de marzo, Pablo Garcia, Director T\u00e9cnico de Gabitel, particip\u00f3 en el encuentro \u00a0digital patrocinado por BBVA y organizado por el Grupo Joly Digital. El tema principal tratado en esta mesa redonda virtual fu\u00e9 sobre el proceso de internlizaci\u00f3n en la empresa, \u00a0C\u00f3mo dar el salto al Negocio Internacional. En esta sesi\u00f3n [&hellip;]<\/p>\n","protected":false},"author":3,"featured_media":33818,"comment_status":"closed","ping_status":"closed","sticky":false,"template":"","format":"standard","meta":{"content-type":"","footnotes":""},"categories":[600],"tags":[],"class_list":["post-33080","post","type-post","status-publish","format-standard","has-post-thumbnail","hentry","category-off-topic-de"],"yoast_head":"<!-- This site is optimized with the Yoast SEO plugin v27.5 - https:\/\/yoast.com\/product\/yoast-seo-wordpress\/ -->\n<title>C\u00f3mo dar el salto al negocio internacional - Gabitel<\/title>\n<meta name=\"robots\" content=\"index, follow, max-snippet:-1, max-image-preview:large, max-video-preview:-1\" \/>\n<link rel=\"canonical\" href=\"https:\/\/gabitel.net\/de\/como-dar-el-salto-al-negocio-internacional\/\" \/>\n<meta property=\"og:locale\" content=\"de_DE\" \/>\n<meta property=\"og:type\" content=\"article\" \/>\n<meta property=\"og:title\" content=\"C\u00f3mo dar el salto al negocio internacional - Gabitel\" \/>\n<meta property=\"og:description\" content=\"El pasado jueves, 25 de marzo, Pablo Garcia, Director T\u00e9cnico de Gabitel, particip\u00f3 en el encuentro \u00a0digital patrocinado por BBVA y organizado por el Grupo Joly Digital. El tema principal tratado en esta mesa redonda virtual fu\u00e9 sobre el proceso de internlizaci\u00f3n en la empresa, \u00a0C\u00f3mo dar el salto al Negocio Internacional. En esta sesi\u00f3n [&hellip;]\" \/>\n<meta property=\"og:url\" content=\"https:\/\/gabitel.net\/de\/como-dar-el-salto-al-negocio-internacional\/\" \/>\n<meta property=\"og:site_name\" content=\"Gabitel\" \/>\n<meta property=\"article:publisher\" content=\"https:\/\/www.facebook.com\/gabitelingenieros\/\" \/>\n<meta property=\"article:published_time\" content=\"2021-04-08T11:45:53+00:00\" \/>\n<meta name=\"author\" content=\"user.autor\" \/>\n<meta name=\"twitter:card\" content=\"summary_large_image\" \/>\n<meta name=\"twitter:label1\" content=\"Verfasst von\" \/>\n\t<meta name=\"twitter:data1\" content=\"user.autor\" \/>\n\t<meta name=\"twitter:label2\" content=\"Gesch\u00e4tzte Lesezeit\" \/>\n\t<meta name=\"twitter:data2\" content=\"1\u00a0Minute\" \/>\n<script type=\"application\/ld+json\" class=\"yoast-schema-graph\">{\"@context\":\"https:\\\/\\\/schema.org\",\"@graph\":[{\"@type\":[\"Article\",\"BlogPosting\"],\"@id\":\"https:\\\/\\\/gabitel.net\\\/de\\\/como-dar-el-salto-al-negocio-internacional\\\/#article\",\"isPartOf\":{\"@id\":\"https:\\\/\\\/gabitel.net\\\/de\\\/como-dar-el-salto-al-negocio-internacional\\\/\"},\"author\":{\"name\":\"user.autor\",\"@id\":\"https:\\\/\\\/gabitel.net\\\/de\\\/#\\\/schema\\\/person\\\/37ba53714c3fedb9c7d22f4bc781465c\"},\"headline\":\"C\u00f3mo dar el salto al negocio internacional\",\"datePublished\":\"2021-04-08T11:45:53+00:00\",\"mainEntityOfPage\":{\"@id\":\"https:\\\/\\\/gabitel.net\\\/de\\\/como-dar-el-salto-al-negocio-internacional\\\/\"},\"wordCount\":285,\"publisher\":{\"@id\":\"https:\\\/\\\/gabitel.net\\\/de\\\/#organization\"},\"image\":{\"@id\":\"https:\\\/\\\/gabitel.net\\\/de\\\/como-dar-el-salto-al-negocio-internacional\\\/#primaryimage\"},\"thumbnailUrl\":\"https:\\\/\\\/gabitel.net\\\/wp-content\\\/uploads\\\/2021\\\/03\\\/dar_salto_negocio_internacional-min.png\",\"articleSection\":[\"Off-topic\"],\"inLanguage\":\"de\"},{\"@type\":\"WebPage\",\"@id\":\"https:\\\/\\\/gabitel.net\\\/de\\\/como-dar-el-salto-al-negocio-internacional\\\/\",\"url\":\"https:\\\/\\\/gabitel.net\\\/de\\\/como-dar-el-salto-al-negocio-internacional\\\/\",\"name\":\"C\u00f3mo dar el salto al negocio internacional - Gabitel\",\"isPartOf\":{\"@id\":\"https:\\\/\\\/gabitel.net\\\/de\\\/#website\"},\"primaryImageOfPage\":{\"@id\":\"https:\\\/\\\/gabitel.net\\\/de\\\/como-dar-el-salto-al-negocio-internacional\\\/#primaryimage\"},\"image\":{\"@id\":\"https:\\\/\\\/gabitel.net\\\/de\\\/como-dar-el-salto-al-negocio-internacional\\\/#primaryimage\"},\"thumbnailUrl\":\"https:\\\/\\\/gabitel.net\\\/wp-content\\\/uploads\\\/2021\\\/03\\\/dar_salto_negocio_internacional-min.png\",\"datePublished\":\"2021-04-08T11:45:53+00:00\",\"breadcrumb\":{\"@id\":\"https:\\\/\\\/gabitel.net\\\/de\\\/como-dar-el-salto-al-negocio-internacional\\\/#breadcrumb\"},\"inLanguage\":\"de\",\"potentialAction\":[{\"@type\":\"ReadAction\",\"target\":[\"https:\\\/\\\/gabitel.net\\\/de\\\/como-dar-el-salto-al-negocio-internacional\\\/\"]}]},{\"@type\":\"ImageObject\",\"inLanguage\":\"de\",\"@id\":\"https:\\\/\\\/gabitel.net\\\/de\\\/como-dar-el-salto-al-negocio-internacional\\\/#primaryimage\",\"url\":\"https:\\\/\\\/gabitel.net\\\/wp-content\\\/uploads\\\/2021\\\/03\\\/dar_salto_negocio_internacional-min.png\",\"contentUrl\":\"https:\\\/\\\/gabitel.net\\\/wp-content\\\/uploads\\\/2021\\\/03\\\/dar_salto_negocio_internacional-min.png\",\"width\":1893,\"height\":1058,\"caption\":\"dar_salto_negocio_internacional\"},{\"@type\":\"BreadcrumbList\",\"@id\":\"https:\\\/\\\/gabitel.net\\\/de\\\/como-dar-el-salto-al-negocio-internacional\\\/#breadcrumb\",\"itemListElement\":[{\"@type\":\"ListItem\",\"position\":1,\"name\":\"Portada\",\"item\":\"https:\\\/\\\/gabitel.net\\\/de\\\/\"},{\"@type\":\"ListItem\",\"position\":2,\"name\":\"C\u00f3mo dar el salto al negocio internacional\"}]},{\"@type\":\"WebSite\",\"@id\":\"https:\\\/\\\/gabitel.net\\\/de\\\/#website\",\"url\":\"https:\\\/\\\/gabitel.net\\\/de\\\/\",\"name\":\"Gabitel\",\"description\":\"\",\"publisher\":{\"@id\":\"https:\\\/\\\/gabitel.net\\\/de\\\/#organization\"},\"potentialAction\":[{\"@type\":\"SearchAction\",\"target\":{\"@type\":\"EntryPoint\",\"urlTemplate\":\"https:\\\/\\\/gabitel.net\\\/de\\\/?s={search_term_string}\"},\"query-input\":{\"@type\":\"PropertyValueSpecification\",\"valueRequired\":true,\"valueName\":\"search_term_string\"}}],\"inLanguage\":\"de\"},{\"@type\":\"Organization\",\"@id\":\"https:\\\/\\\/gabitel.net\\\/de\\\/#organization\",\"name\":\"Gabitel\",\"url\":\"https:\\\/\\\/gabitel.net\\\/de\\\/\",\"logo\":{\"@type\":\"ImageObject\",\"inLanguage\":\"de\",\"@id\":\"https:\\\/\\\/gabitel.net\\\/de\\\/#\\\/schema\\\/logo\\\/image\\\/\",\"url\":\"https:\\\/\\\/gabitel.net\\\/wp-content\\\/uploads\\\/2025\\\/05\\\/logo_gabitel.jpg\",\"contentUrl\":\"https:\\\/\\\/gabitel.net\\\/wp-content\\\/uploads\\\/2025\\\/05\\\/logo_gabitel.jpg\",\"width\":2560,\"height\":1330,\"caption\":\"Gabitel\"},\"image\":{\"@id\":\"https:\\\/\\\/gabitel.net\\\/de\\\/#\\\/schema\\\/logo\\\/image\\\/\"},\"sameAs\":[\"https:\\\/\\\/www.facebook.com\\\/gabitelingenieros\\\/\",\"https:\\\/\\\/es.linkedin.com\\\/company\\\/gabitel-ingenieros\"]},{\"@type\":\"Person\",\"@id\":\"https:\\\/\\\/gabitel.net\\\/de\\\/#\\\/schema\\\/person\\\/37ba53714c3fedb9c7d22f4bc781465c\",\"name\":\"user.autor\",\"url\":\"https:\\\/\\\/gabitel.net\\\/de\\\/author\\\/user-autor\\\/\"}]}<\/script>\n<!-- \/ Yoast SEO plugin. -->","yoast_head_json":{"title":"C\u00f3mo dar el salto al negocio internacional - Gabitel","robots":{"index":"index","follow":"follow","max-snippet":"max-snippet:-1","max-image-preview":"max-image-preview:large","max-video-preview":"max-video-preview:-1"},"canonical":"https:\/\/gabitel.net\/de\/como-dar-el-salto-al-negocio-internacional\/","og_locale":"de_DE","og_type":"article","og_title":"C\u00f3mo dar el salto al negocio internacional - Gabitel","og_description":"El pasado jueves, 25 de marzo, Pablo Garcia, Director T\u00e9cnico de Gabitel, particip\u00f3 en el encuentro \u00a0digital patrocinado por BBVA y organizado por el Grupo Joly Digital. El tema principal tratado en esta mesa redonda virtual fu\u00e9 sobre el proceso de internlizaci\u00f3n en la empresa, \u00a0C\u00f3mo dar el salto al Negocio Internacional. En esta sesi\u00f3n [&hellip;]","og_url":"https:\/\/gabitel.net\/de\/como-dar-el-salto-al-negocio-internacional\/","og_site_name":"Gabitel","article_publisher":"https:\/\/www.facebook.com\/gabitelingenieros\/","article_published_time":"2021-04-08T11:45:53+00:00","author":"user.autor","twitter_card":"summary_large_image","twitter_misc":{"Verfasst von":"user.autor","Gesch\u00e4tzte Lesezeit":"1\u00a0Minute"},"schema":{"@context":"https:\/\/schema.org","@graph":[{"@type":["Article","BlogPosting"],"@id":"https:\/\/gabitel.net\/de\/como-dar-el-salto-al-negocio-internacional\/#article","isPartOf":{"@id":"https:\/\/gabitel.net\/de\/como-dar-el-salto-al-negocio-internacional\/"},"author":{"name":"user.autor","@id":"https:\/\/gabitel.net\/de\/#\/schema\/person\/37ba53714c3fedb9c7d22f4bc781465c"},"headline":"C\u00f3mo dar el salto al negocio internacional","datePublished":"2021-04-08T11:45:53+00:00","mainEntityOfPage":{"@id":"https:\/\/gabitel.net\/de\/como-dar-el-salto-al-negocio-internacional\/"},"wordCount":285,"publisher":{"@id":"https:\/\/gabitel.net\/de\/#organization"},"image":{"@id":"https:\/\/gabitel.net\/de\/como-dar-el-salto-al-negocio-internacional\/#primaryimage"},"thumbnailUrl":"https:\/\/gabitel.net\/wp-content\/uploads\/2021\/03\/dar_salto_negocio_internacional-min.png","articleSection":["Off-topic"],"inLanguage":"de"},{"@type":"WebPage","@id":"https:\/\/gabitel.net\/de\/como-dar-el-salto-al-negocio-internacional\/","url":"https:\/\/gabitel.net\/de\/como-dar-el-salto-al-negocio-internacional\/","name":"C\u00f3mo dar el salto al negocio internacional - Gabitel","isPartOf":{"@id":"https:\/\/gabitel.net\/de\/#website"},"primaryImageOfPage":{"@id":"https:\/\/gabitel.net\/de\/como-dar-el-salto-al-negocio-internacional\/#primaryimage"},"image":{"@id":"https:\/\/gabitel.net\/de\/como-dar-el-salto-al-negocio-internacional\/#primaryimage"},"thumbnailUrl":"https:\/\/gabitel.net\/wp-content\/uploads\/2021\/03\/dar_salto_negocio_internacional-min.png","datePublished":"2021-04-08T11:45:53+00:00","breadcrumb":{"@id":"https:\/\/gabitel.net\/de\/como-dar-el-salto-al-negocio-internacional\/#breadcrumb"},"inLanguage":"de","potentialAction":[{"@type":"ReadAction","target":["https:\/\/gabitel.net\/de\/como-dar-el-salto-al-negocio-internacional\/"]}]},{"@type":"ImageObject","inLanguage":"de","@id":"https:\/\/gabitel.net\/de\/como-dar-el-salto-al-negocio-internacional\/#primaryimage","url":"https:\/\/gabitel.net\/wp-content\/uploads\/2021\/03\/dar_salto_negocio_internacional-min.png","contentUrl":"https:\/\/gabitel.net\/wp-content\/uploads\/2021\/03\/dar_salto_negocio_internacional-min.png","width":1893,"height":1058,"caption":"dar_salto_negocio_internacional"},{"@type":"BreadcrumbList","@id":"https:\/\/gabitel.net\/de\/como-dar-el-salto-al-negocio-internacional\/#breadcrumb","itemListElement":[{"@type":"ListItem","position":1,"name":"Portada","item":"https:\/\/gabitel.net\/de\/"},{"@type":"ListItem","position":2,"name":"C\u00f3mo dar el salto al negocio internacional"}]},{"@type":"WebSite","@id":"https:\/\/gabitel.net\/de\/#website","url":"https:\/\/gabitel.net\/de\/","name":"Gabitel","description":"","publisher":{"@id":"https:\/\/gabitel.net\/de\/#organization"},"potentialAction":[{"@type":"SearchAction","target":{"@type":"EntryPoint","urlTemplate":"https:\/\/gabitel.net\/de\/?s={search_term_string}"},"query-input":{"@type":"PropertyValueSpecification","valueRequired":true,"valueName":"search_term_string"}}],"inLanguage":"de"},{"@type":"Organization","@id":"https:\/\/gabitel.net\/de\/#organization","name":"Gabitel","url":"https:\/\/gabitel.net\/de\/","logo":{"@type":"ImageObject","inLanguage":"de","@id":"https:\/\/gabitel.net\/de\/#\/schema\/logo\/image\/","url":"https:\/\/gabitel.net\/wp-content\/uploads\/2025\/05\/logo_gabitel.jpg","contentUrl":"https:\/\/gabitel.net\/wp-content\/uploads\/2025\/05\/logo_gabitel.jpg","width":2560,"height":1330,"caption":"Gabitel"},"image":{"@id":"https:\/\/gabitel.net\/de\/#\/schema\/logo\/image\/"},"sameAs":["https:\/\/www.facebook.com\/gabitelingenieros\/","https:\/\/es.linkedin.com\/company\/gabitel-ingenieros"]},{"@type":"Person","@id":"https:\/\/gabitel.net\/de\/#\/schema\/person\/37ba53714c3fedb9c7d22f4bc781465c","name":"user.autor","url":"https:\/\/gabitel.net\/de\/author\/user-autor\/"}]}},"_links":{"self":[{"href":"https:\/\/gabitel.net\/de\/wp-json\/wp\/v2\/posts\/33080","targetHints":{"allow":["GET"]}}],"collection":[{"href":"https:\/\/gabitel.net\/de\/wp-json\/wp\/v2\/posts"}],"about":[{"href":"https:\/\/gabitel.net\/de\/wp-json\/wp\/v2\/types\/post"}],"author":[{"embeddable":true,"href":"https:\/\/gabitel.net\/de\/wp-json\/wp\/v2\/users\/3"}],"replies":[{"embeddable":true,"href":"https:\/\/gabitel.net\/de\/wp-json\/wp\/v2\/comments?post=33080"}],"version-history":[{"count":0,"href":"https:\/\/gabitel.net\/de\/wp-json\/wp\/v2\/posts\/33080\/revisions"}],"wp:featuredmedia":[{"embeddable":true,"href":"https:\/\/gabitel.net\/de\/wp-json\/wp\/v2\/media\/33818"}],"wp:attachment":[{"href":"https:\/\/gabitel.net\/de\/wp-json\/wp\/v2\/media?parent=33080"}],"wp:term":[{"taxonomy":"category","embeddable":true,"href":"https:\/\/gabitel.net\/de\/wp-json\/wp\/v2\/categories?post=33080"},{"taxonomy":"post_tag","embeddable":true,"href":"https:\/\/gabitel.net\/de\/wp-json\/wp\/v2\/tags?post=33080"}],"curies":[{"name":"wp","href":"https:\/\/api.w.org\/{rel}","templated":true}]}}