{"id":33084,"date":"2021-03-22T13:29:47","date_gmt":"2021-03-22T12:29:47","guid":{"rendered":"https:\/\/gabitel.net\/dia-mundial-del-agua\/"},"modified":"2021-03-22T13:29:47","modified_gmt":"2021-03-22T12:29:47","slug":"dia-mundial-del-agua","status":"publish","type":"post","link":"https:\/\/gabitel.net\/de\/dia-mundial-del-agua\/","title":{"rendered":"D\u00eda Mundial del agua"},"content":{"rendered":"<p>Con motivo del D\u00eda del Agua queremos destacar el papel tan importante que juegan las Comunidades de Regantes en la gesti\u00f3n del agua en la agricultura, as\u00ed como aprovecha para felicitar a las de nuestra provincia por su labor e implicaci\u00f3n diarias que permiten llevar el agua a nuestros campos, siempre de la mejor manera posible. En especial a aquellas con las que trabajamos m\u00e1s estrechamente:<\/p>\n<p><a href=\"https:\/\/gabitelingenieros.com\/proyecto-comunidad-de-regantes-andevalo-fronterizo\/\">Comunidad de Regantes And\u00e9valo Fronterizo<\/a><\/p>\n<p>Comunidad de Regantes And\u00e9valo Pedro Arco<\/p>\n<p>Comunidad de Regantes Chanza y Piedras<\/p>\n<p>Comunidad de Regantes Condado de Huelva<\/p>\n<p>Comunidad de Regantes Piedras Guadiana,<\/p>\n<p>Comunidad de Regantes Surand\u00e9valo<\/p>\n<p style=\"text-align: justify;\">Aunque nuestro planeta lleva el sobre nombre del \u201cplaneta azul\u201d por las grandes extensiones de aguas que se ven desde el espacio, \u00e9ste es un recurso muy limitado y esencial para la vida. Del total del agua del planeta tan solo un 3% es agua dulce, apta para el consumo humano y riego de cultivos.<\/p>\n<p style=\"text-align: justify;\"> Dentro de este 3%, aproximadamente un 70% del agua se encuentra congelada formando glaciares, uy un 30% se encuentra bajo el suelo en forma de acu\u00edferos. El agua que circula por r\u00edos y arroyos, no representa m\u00e1s de un 1% del total del agua dulce.<\/p>\n<p><img decoding=\"async\" src=\"https:\/\/gabitelingenieros.com\/wp-content\/uploads\/2021\/03\/wallpaper-concept-flow-element-force-min-scaled.jpg\" alt=\"Imagen relacionada con 'D\u00eda Mundial del agua' | Gabitel Ingenieros\" \/><\/p>\n<p style=\"text-align: justify;\">Por ello, es muy importante un uso eficaz y responsable de este recurso. En Gabitel Ingenieros, de la mano de nuestro departamento de Ingenieria Agroalimentaria, se desarrollan proyectos de riego tanto para particulares como para Comunidades de Regantes.<\/p>\n<p style=\"text-align: justify;\"> En todos estos proyectos se realiza un estudio individualizado del cultivo a implantar y sus necesidades de riego, as\u00ed como el lugar de implantaci\u00f3n para desarrollar un dise\u00f1o de las red de riego que optimice el uso del agua.<\/p>\n","protected":false},"excerpt":{"rendered":"<p>Con motivo del D\u00eda del Agua queremos destacar el papel tan importante que juegan las Comunidades de Regantes en la gesti\u00f3n del agua en la agricultura, as\u00ed como aprovecha para felicitar a las de nuestra provincia por su labor e implicaci\u00f3n diarias que permiten llevar el agua a nuestros campos, siempre de la mejor manera [&hellip;]<\/p>\n","protected":false},"author":3,"featured_media":33802,"comment_status":"closed","ping_status":"closed","sticky":false,"template":"","format":"standard","meta":{"content-type":"","footnotes":""},"categories":[600],"tags":[],"class_list":["post-33084","post","type-post","status-publish","format-standard","has-post-thumbnail","hentry","category-off-topic-de"],"yoast_head":"<!-- This site is optimized with the Yoast SEO plugin v27.5 - https:\/\/yoast.com\/product\/yoast-seo-wordpress\/ -->\n<title>D\u00eda Mundial del agua - Gabitel<\/title>\n<meta name=\"robots\" content=\"index, follow, max-snippet:-1, max-image-preview:large, max-video-preview:-1\" \/>\n<link rel=\"canonical\" href=\"https:\/\/gabitel.net\/de\/dia-mundial-del-agua\/\" \/>\n<meta property=\"og:locale\" content=\"de_DE\" \/>\n<meta property=\"og:type\" content=\"article\" \/>\n<meta property=\"og:title\" content=\"D\u00eda Mundial del agua - Gabitel\" \/>\n<meta property=\"og:description\" content=\"Con motivo del D\u00eda del Agua queremos destacar el papel tan importante que juegan las Comunidades de Regantes en la gesti\u00f3n del agua en la agricultura, as\u00ed como aprovecha para felicitar a las de nuestra provincia por su labor e implicaci\u00f3n diarias que permiten llevar el agua a nuestros campos, siempre de la mejor manera [&hellip;]\" \/>\n<meta property=\"og:url\" content=\"https:\/\/gabitel.net\/de\/dia-mundial-del-agua\/\" \/>\n<meta property=\"og:site_name\" content=\"Gabitel\" \/>\n<meta property=\"article:publisher\" content=\"https:\/\/www.facebook.com\/gabitelingenieros\/\" \/>\n<meta property=\"article:published_time\" content=\"2021-03-22T12:29:47+00:00\" \/>\n<meta property=\"og:image\" content=\"https:\/\/gabitelingenieros.com\/wp-content\/uploads\/2021\/03\/wallpaper-concept-flow-element-force-min-scaled.jpg\" \/>\n<meta name=\"author\" content=\"user.autor\" \/>\n<meta name=\"twitter:card\" content=\"summary_large_image\" \/>\n<meta name=\"twitter:label1\" content=\"Verfasst von\" \/>\n\t<meta name=\"twitter:data1\" content=\"user.autor\" \/>\n\t<meta name=\"twitter:label2\" content=\"Gesch\u00e4tzte Lesezeit\" \/>\n\t<meta name=\"twitter:data2\" content=\"1\u00a0Minute\" \/>\n<script type=\"application\/ld+json\" class=\"yoast-schema-graph\">{\"@context\":\"https:\\\/\\\/schema.org\",\"@graph\":[{\"@type\":[\"Article\",\"BlogPosting\"],\"@id\":\"https:\\\/\\\/gabitel.net\\\/de\\\/dia-mundial-del-agua\\\/#article\",\"isPartOf\":{\"@id\":\"https:\\\/\\\/gabitel.net\\\/de\\\/dia-mundial-del-agua\\\/\"},\"author\":{\"name\":\"user.autor\",\"@id\":\"https:\\\/\\\/gabitel.net\\\/de\\\/#\\\/schema\\\/person\\\/37ba53714c3fedb9c7d22f4bc781465c\"},\"headline\":\"D\u00eda Mundial del agua\",\"datePublished\":\"2021-03-22T12:29:47+00:00\",\"mainEntityOfPage\":{\"@id\":\"https:\\\/\\\/gabitel.net\\\/de\\\/dia-mundial-del-agua\\\/\"},\"wordCount\":287,\"publisher\":{\"@id\":\"https:\\\/\\\/gabitel.net\\\/de\\\/#organization\"},\"image\":{\"@id\":\"https:\\\/\\\/gabitel.net\\\/de\\\/dia-mundial-del-agua\\\/#primaryimage\"},\"thumbnailUrl\":\"https:\\\/\\\/gabitel.net\\\/wp-content\\\/uploads\\\/2021\\\/03\\\/dia_agua-min.jpg\",\"articleSection\":[\"Off-topic\"],\"inLanguage\":\"de\"},{\"@type\":\"WebPage\",\"@id\":\"https:\\\/\\\/gabitel.net\\\/de\\\/dia-mundial-del-agua\\\/\",\"url\":\"https:\\\/\\\/gabitel.net\\\/de\\\/dia-mundial-del-agua\\\/\",\"name\":\"D\u00eda Mundial del agua - Gabitel\",\"isPartOf\":{\"@id\":\"https:\\\/\\\/gabitel.net\\\/de\\\/#website\"},\"primaryImageOfPage\":{\"@id\":\"https:\\\/\\\/gabitel.net\\\/de\\\/dia-mundial-del-agua\\\/#primaryimage\"},\"image\":{\"@id\":\"https:\\\/\\\/gabitel.net\\\/de\\\/dia-mundial-del-agua\\\/#primaryimage\"},\"thumbnailUrl\":\"https:\\\/\\\/gabitel.net\\\/wp-content\\\/uploads\\\/2021\\\/03\\\/dia_agua-min.jpg\",\"datePublished\":\"2021-03-22T12:29:47+00:00\",\"breadcrumb\":{\"@id\":\"https:\\\/\\\/gabitel.net\\\/de\\\/dia-mundial-del-agua\\\/#breadcrumb\"},\"inLanguage\":\"de\",\"potentialAction\":[{\"@type\":\"ReadAction\",\"target\":[\"https:\\\/\\\/gabitel.net\\\/de\\\/dia-mundial-del-agua\\\/\"]}]},{\"@type\":\"ImageObject\",\"inLanguage\":\"de\",\"@id\":\"https:\\\/\\\/gabitel.net\\\/de\\\/dia-mundial-del-agua\\\/#primaryimage\",\"url\":\"https:\\\/\\\/gabitel.net\\\/wp-content\\\/uploads\\\/2021\\\/03\\\/dia_agua-min.jpg\",\"contentUrl\":\"https:\\\/\\\/gabitel.net\\\/wp-content\\\/uploads\\\/2021\\\/03\\\/dia_agua-min.jpg\",\"width\":2093,\"height\":2084,\"caption\":\"dia_mundial_agua\"},{\"@type\":\"BreadcrumbList\",\"@id\":\"https:\\\/\\\/gabitel.net\\\/de\\\/dia-mundial-del-agua\\\/#breadcrumb\",\"itemListElement\":[{\"@type\":\"ListItem\",\"position\":1,\"name\":\"Portada\",\"item\":\"https:\\\/\\\/gabitel.net\\\/de\\\/\"},{\"@type\":\"ListItem\",\"position\":2,\"name\":\"D\u00eda Mundial del agua\"}]},{\"@type\":\"WebSite\",\"@id\":\"https:\\\/\\\/gabitel.net\\\/de\\\/#website\",\"url\":\"https:\\\/\\\/gabitel.net\\\/de\\\/\",\"name\":\"Gabitel\",\"description\":\"\",\"publisher\":{\"@id\":\"https:\\\/\\\/gabitel.net\\\/de\\\/#organization\"},\"potentialAction\":[{\"@type\":\"SearchAction\",\"target\":{\"@type\":\"EntryPoint\",\"urlTemplate\":\"https:\\\/\\\/gabitel.net\\\/de\\\/?s={search_term_string}\"},\"query-input\":{\"@type\":\"PropertyValueSpecification\",\"valueRequired\":true,\"valueName\":\"search_term_string\"}}],\"inLanguage\":\"de\"},{\"@type\":\"Organization\",\"@id\":\"https:\\\/\\\/gabitel.net\\\/de\\\/#organization\",\"name\":\"Gabitel\",\"url\":\"https:\\\/\\\/gabitel.net\\\/de\\\/\",\"logo\":{\"@type\":\"ImageObject\",\"inLanguage\":\"de\",\"@id\":\"https:\\\/\\\/gabitel.net\\\/de\\\/#\\\/schema\\\/logo\\\/image\\\/\",\"url\":\"https:\\\/\\\/gabitel.net\\\/wp-content\\\/uploads\\\/2025\\\/05\\\/logo_gabitel.jpg\",\"contentUrl\":\"https:\\\/\\\/gabitel.net\\\/wp-content\\\/uploads\\\/2025\\\/05\\\/logo_gabitel.jpg\",\"width\":2560,\"height\":1330,\"caption\":\"Gabitel\"},\"image\":{\"@id\":\"https:\\\/\\\/gabitel.net\\\/de\\\/#\\\/schema\\\/logo\\\/image\\\/\"},\"sameAs\":[\"https:\\\/\\\/www.facebook.com\\\/gabitelingenieros\\\/\",\"https:\\\/\\\/es.linkedin.com\\\/company\\\/gabitel-ingenieros\"]},{\"@type\":\"Person\",\"@id\":\"https:\\\/\\\/gabitel.net\\\/de\\\/#\\\/schema\\\/person\\\/37ba53714c3fedb9c7d22f4bc781465c\",\"name\":\"user.autor\",\"url\":\"https:\\\/\\\/gabitel.net\\\/de\\\/author\\\/user-autor\\\/\"}]}<\/script>\n<!-- \/ Yoast SEO plugin. -->","yoast_head_json":{"title":"D\u00eda Mundial del agua - Gabitel","robots":{"index":"index","follow":"follow","max-snippet":"max-snippet:-1","max-image-preview":"max-image-preview:large","max-video-preview":"max-video-preview:-1"},"canonical":"https:\/\/gabitel.net\/de\/dia-mundial-del-agua\/","og_locale":"de_DE","og_type":"article","og_title":"D\u00eda Mundial del agua - Gabitel","og_description":"Con motivo del D\u00eda del Agua queremos destacar el papel tan importante que juegan las Comunidades de Regantes en la gesti\u00f3n del agua en la agricultura, as\u00ed como aprovecha para felicitar a las de nuestra provincia por su labor e implicaci\u00f3n diarias que permiten llevar el agua a nuestros campos, siempre de la mejor manera [&hellip;]","og_url":"https:\/\/gabitel.net\/de\/dia-mundial-del-agua\/","og_site_name":"Gabitel","article_publisher":"https:\/\/www.facebook.com\/gabitelingenieros\/","article_published_time":"2021-03-22T12:29:47+00:00","og_image":[{"url":"https:\/\/gabitelingenieros.com\/wp-content\/uploads\/2021\/03\/wallpaper-concept-flow-element-force-min-scaled.jpg","type":"","width":"","height":""}],"author":"user.autor","twitter_card":"summary_large_image","twitter_misc":{"Verfasst von":"user.autor","Gesch\u00e4tzte Lesezeit":"1\u00a0Minute"},"schema":{"@context":"https:\/\/schema.org","@graph":[{"@type":["Article","BlogPosting"],"@id":"https:\/\/gabitel.net\/de\/dia-mundial-del-agua\/#article","isPartOf":{"@id":"https:\/\/gabitel.net\/de\/dia-mundial-del-agua\/"},"author":{"name":"user.autor","@id":"https:\/\/gabitel.net\/de\/#\/schema\/person\/37ba53714c3fedb9c7d22f4bc781465c"},"headline":"D\u00eda Mundial del agua","datePublished":"2021-03-22T12:29:47+00:00","mainEntityOfPage":{"@id":"https:\/\/gabitel.net\/de\/dia-mundial-del-agua\/"},"wordCount":287,"publisher":{"@id":"https:\/\/gabitel.net\/de\/#organization"},"image":{"@id":"https:\/\/gabitel.net\/de\/dia-mundial-del-agua\/#primaryimage"},"thumbnailUrl":"https:\/\/gabitel.net\/wp-content\/uploads\/2021\/03\/dia_agua-min.jpg","articleSection":["Off-topic"],"inLanguage":"de"},{"@type":"WebPage","@id":"https:\/\/gabitel.net\/de\/dia-mundial-del-agua\/","url":"https:\/\/gabitel.net\/de\/dia-mundial-del-agua\/","name":"D\u00eda Mundial del agua - Gabitel","isPartOf":{"@id":"https:\/\/gabitel.net\/de\/#website"},"primaryImageOfPage":{"@id":"https:\/\/gabitel.net\/de\/dia-mundial-del-agua\/#primaryimage"},"image":{"@id":"https:\/\/gabitel.net\/de\/dia-mundial-del-agua\/#primaryimage"},"thumbnailUrl":"https:\/\/gabitel.net\/wp-content\/uploads\/2021\/03\/dia_agua-min.jpg","datePublished":"2021-03-22T12:29:47+00:00","breadcrumb":{"@id":"https:\/\/gabitel.net\/de\/dia-mundial-del-agua\/#breadcrumb"},"inLanguage":"de","potentialAction":[{"@type":"ReadAction","target":["https:\/\/gabitel.net\/de\/dia-mundial-del-agua\/"]}]},{"@type":"ImageObject","inLanguage":"de","@id":"https:\/\/gabitel.net\/de\/dia-mundial-del-agua\/#primaryimage","url":"https:\/\/gabitel.net\/wp-content\/uploads\/2021\/03\/dia_agua-min.jpg","contentUrl":"https:\/\/gabitel.net\/wp-content\/uploads\/2021\/03\/dia_agua-min.jpg","width":2093,"height":2084,"caption":"dia_mundial_agua"},{"@type":"BreadcrumbList","@id":"https:\/\/gabitel.net\/de\/dia-mundial-del-agua\/#breadcrumb","itemListElement":[{"@type":"ListItem","position":1,"name":"Portada","item":"https:\/\/gabitel.net\/de\/"},{"@type":"ListItem","position":2,"name":"D\u00eda Mundial del agua"}]},{"@type":"WebSite","@id":"https:\/\/gabitel.net\/de\/#website","url":"https:\/\/gabitel.net\/de\/","name":"Gabitel","description":"","publisher":{"@id":"https:\/\/gabitel.net\/de\/#organization"},"potentialAction":[{"@type":"SearchAction","target":{"@type":"EntryPoint","urlTemplate":"https:\/\/gabitel.net\/de\/?s={search_term_string}"},"query-input":{"@type":"PropertyValueSpecification","valueRequired":true,"valueName":"search_term_string"}}],"inLanguage":"de"},{"@type":"Organization","@id":"https:\/\/gabitel.net\/de\/#organization","name":"Gabitel","url":"https:\/\/gabitel.net\/de\/","logo":{"@type":"ImageObject","inLanguage":"de","@id":"https:\/\/gabitel.net\/de\/#\/schema\/logo\/image\/","url":"https:\/\/gabitel.net\/wp-content\/uploads\/2025\/05\/logo_gabitel.jpg","contentUrl":"https:\/\/gabitel.net\/wp-content\/uploads\/2025\/05\/logo_gabitel.jpg","width":2560,"height":1330,"caption":"Gabitel"},"image":{"@id":"https:\/\/gabitel.net\/de\/#\/schema\/logo\/image\/"},"sameAs":["https:\/\/www.facebook.com\/gabitelingenieros\/","https:\/\/es.linkedin.com\/company\/gabitel-ingenieros"]},{"@type":"Person","@id":"https:\/\/gabitel.net\/de\/#\/schema\/person\/37ba53714c3fedb9c7d22f4bc781465c","name":"user.autor","url":"https:\/\/gabitel.net\/de\/author\/user-autor\/"}]}},"_links":{"self":[{"href":"https:\/\/gabitel.net\/de\/wp-json\/wp\/v2\/posts\/33084","targetHints":{"allow":["GET"]}}],"collection":[{"href":"https:\/\/gabitel.net\/de\/wp-json\/wp\/v2\/posts"}],"about":[{"href":"https:\/\/gabitel.net\/de\/wp-json\/wp\/v2\/types\/post"}],"author":[{"embeddable":true,"href":"https:\/\/gabitel.net\/de\/wp-json\/wp\/v2\/users\/3"}],"replies":[{"embeddable":true,"href":"https:\/\/gabitel.net\/de\/wp-json\/wp\/v2\/comments?post=33084"}],"version-history":[{"count":0,"href":"https:\/\/gabitel.net\/de\/wp-json\/wp\/v2\/posts\/33084\/revisions"}],"wp:featuredmedia":[{"embeddable":true,"href":"https:\/\/gabitel.net\/de\/wp-json\/wp\/v2\/media\/33802"}],"wp:attachment":[{"href":"https:\/\/gabitel.net\/de\/wp-json\/wp\/v2\/media?parent=33084"}],"wp:term":[{"taxonomy":"category","embeddable":true,"href":"https:\/\/gabitel.net\/de\/wp-json\/wp\/v2\/categories?post=33084"},{"taxonomy":"post_tag","embeddable":true,"href":"https:\/\/gabitel.net\/de\/wp-json\/wp\/v2\/tags?post=33084"}],"curies":[{"name":"wp","href":"https:\/\/api.w.org\/{rel}","templated":true}]}}