{"id":33088,"date":"2021-03-05T14:38:54","date_gmt":"2021-03-05T13:38:54","guid":{"rendered":"https:\/\/gabitel.net\/familia_de_gabitel_sigue_creciendo\/"},"modified":"2021-03-05T14:38:54","modified_gmt":"2021-03-05T13:38:54","slug":"familia_de_gabitel_sigue_creciendo","status":"publish","type":"post","link":"https:\/\/gabitel.net\/de\/familia_de_gabitel_sigue_creciendo\/","title":{"rendered":"La familia de Gabitel sigue creciendo"},"content":{"rendered":"<p>Tras el fin del confinamiento del COVID \u2013 19, el regreso a la \u201cnormalidad\u201d est\u00e1 resultando m\u00e1s lento de lo que en un principio esper\u00e1bamos. Este hecho hace que los diferentes sectores econ\u00f3micos se tengan que replantear c\u00f3mo seguir\u00e1 siendo las condiciones del mercado laboral.<\/p>\n<p>En Espa\u00f1a se ha alcanzado una cifra superior a 3.8 millones de personas en situaci\u00f3n de desempleo. Las nuevas contrataciones, en estos momentos de crisis econ\u00f3mica, siguen siendo uno de los aspectos m\u00e1s controvertidos. Son numerosas empresas las que han tenido que optar por acogerse a los ya famosos ERTEs o verse obligadas a aplicar reducciones de jornadas o bajadas de salarios pactadas, como medidas a evitar despidos masivos.<\/p>\n<p>Es evidente que el mercado laboral y la actividad empresarial, ha vivido un antes y un despu\u00e9s a ra\u00edz de esta pandemia global, la cual, ha afectado duramente a todos los sectores, en una medida u otra, hasta tal punto, que muchos negocios se han vistos forzados a cerrar y cesar su actividad de forma definitiva.<\/p>\n<p>Con todo ello y a pesar que el mercado del trabajo se ha visto notablemente alterado, el equipo de Gabitel ha sabido adaptarse a la nueva realidad, continuando desarrollando su actividad en un contexto nada sencillo, por los tiempos vividos, para continuar desarrollando nuestra carrera profesional. Es m\u00e1s, intentamos seguir creciendo para adaptarnos a las necesidades de nuestros clientes y por ello, hemos apostado por seguir aumentando nuestra plantilla.<\/p>\n<p>Durante el mes de febrero y la primera semana de marzo, han sido un total de 17 compa\u00f1eros los que se han unido a nuestro equipo. Los cuales a continuaci\u00f3n os presentamos.<\/p>\n<p><img decoding=\"async\" src=\"https:\/\/gabitelingenieros.com\/wp-content\/uploads\/2021\/03\/belen-correa.png\" alt=\"Imagen relacionada con 'La familia de Gabitel sigue creciendo' | Gabitel Ingenieros\" \/><\/p>\n<ul>\n<li>Bel\u00e9n Correa Ortiz<\/li>\n<li>Oficina de Huelva<\/li>\n<li>Proyecto Ute<\/li>\n<\/ul>\n<p><img decoding=\"async\" src=\"https:\/\/gabitelingenieros.com\/wp-content\/uploads\/2021\/03\/Sergio-Romero.jpg\" alt=\"Imagen relacionada con 'La familia de Gabitel sigue creciendo' | Gabitel Ingenieros\" \/><\/p>\n<ul>\n<li>Sergio Romero Vique<\/li>\n<li>Oficina de Huelva<\/li>\n<li>Proyecto Ute<\/li>\n<\/ul>\n<p><img decoding=\"async\" src=\"https:\/\/gabitelingenieros.com\/wp-content\/uploads\/2021\/03\/adrian-rodriguez.jpg\" alt=\"Imagen relacionada con 'La familia de Gabitel sigue creciendo' | Gabitel Ingenieros\" \/><\/p>\n<ul>\n<li>Adri\u00e1n Rodriguez V\u00e1zquez<\/li>\n<li>Oficina de Huelva<\/li>\n<li>Proyecto Ute<\/li>\n<\/ul>\n<p><img decoding=\"async\" src=\"https:\/\/gabitelingenieros.com\/wp-content\/uploads\/2021\/03\/daniel-suarez.jpg\" alt=\"Imagen relacionada con 'La familia de Gabitel sigue creciendo' | Gabitel Ingenieros\" \/><\/p>\n<ul>\n<li>Daniel Su\u00e1rez Le\u00f3n<\/li>\n<li>Oficina de Huelva<\/li>\n<li>Proyecto Ute<\/li>\n<\/ul>\n<p><img decoding=\"async\" src=\"https:\/\/gabitelingenieros.com\/wp-content\/uploads\/2021\/03\/victor-lopez.png\" alt=\"Imagen relacionada con 'La familia de Gabitel sigue creciendo' | Gabitel Ingenieros\" \/><\/p>\n<ul>\n<li>Victor L\u00f3pez Pusada<\/li>\n<li>Oficina de Huelva<\/li>\n<li>Proyecto Ute<\/li>\n<\/ul>\n<p><img decoding=\"async\" src=\"https:\/\/gabitelingenieros.com\/wp-content\/uploads\/2021\/03\/miguel-angel-cornejo.jpg\" alt=\"Imagen relacionada con 'La familia de Gabitel sigue creciendo' | Gabitel Ingenieros\" \/><\/p>\n<ul>\n<li>Miguel Angel Cornejo Peinado<\/li>\n<li>Oficina de Huelva<\/li>\n<li>Proyecto Ute<\/li>\n<\/ul>\n<p><img decoding=\"async\" src=\"https:\/\/gabitelingenieros.com\/wp-content\/uploads\/2021\/03\/gema-vega.jpg\" alt=\"Imagen relacionada con 'La familia de Gabitel sigue creciendo' | Gabitel Ingenieros\" \/><\/p>\n<ul>\n<li>Gema Vega Garc\u00eda<\/li>\n<li>Oficina de Sevilla<\/li>\n<li>Proyecto UTE<\/li>\n<\/ul>\n<p><img decoding=\"async\" src=\"https:\/\/gabitelingenieros.com\/wp-content\/uploads\/2021\/03\/jero-chaco.jpg\" alt=\"Imagen relacionada con 'La familia de Gabitel sigue creciendo' | Gabitel Ingenieros\" \/><\/p>\n<ul>\n<li>Jer\u00f3nimo Chacopino Garc\u00eda<\/li>\n<li>Oficina de Sevilla<\/li>\n<li>Proyecto UTE<\/li>\n<\/ul>\n<p><img decoding=\"async\" src=\"https:\/\/gabitelingenieros.com\/wp-content\/uploads\/2021\/03\/antonio-median.jpg\" alt=\"Imagen relacionada con 'La familia de Gabitel sigue creciendo' | Gabitel Ingenieros\" \/><\/p>\n<ul>\n<li>Antonio Medina V\u00e1zquez<\/li>\n<li>Oficina de Sevilla<\/li>\n<li>Proyecto UTE<\/li>\n<\/ul>\n<p><img decoding=\"async\" src=\"https:\/\/gabitelingenieros.com\/wp-content\/uploads\/2021\/03\/jcarlos-bejarano.png\" alt=\"Imagen relacionada con 'La familia de Gabitel sigue creciendo' | Gabitel Ingenieros\" \/><\/p>\n<ul>\n<li>Jose Carlos Bejarano Mu\u00f1oz<\/li>\n<li>Oficina de Huelva<\/li>\n<li>Proyecto UTE<\/li>\n<\/ul>\n<p><img decoding=\"async\" src=\"https:\/\/gabitelingenieros.com\/wp-content\/uploads\/2021\/03\/victor-vazquez.jpg\" alt=\"Imagen relacionada con 'La familia de Gabitel sigue creciendo' | Gabitel Ingenieros\" \/><\/p>\n<ul>\n<li>V\u00edctor V\u00e1zquez Toscano<\/li>\n<li>Oficina de Huelva<\/li>\n<li>Proyecto UTE<\/li>\n<\/ul>\n<p><img decoding=\"async\" src=\"https:\/\/gabitelingenieros.com\/wp-content\/uploads\/2021\/03\/rafel-recio.jpg\" alt=\"Imagen relacionada con 'La familia de Gabitel sigue creciendo' | Gabitel Ingenieros\" \/><\/p>\n<ul>\n<li>Rafael Mart\u00edn-Recio\u00a0 Moreno<\/li>\n<li>Oficina de Sevilla<\/li>\n<li>Proyecto UTE<\/li>\n<\/ul>\n<p><img decoding=\"async\" src=\"https:\/\/gabitelingenieros.com\/wp-content\/uploads\/2021\/03\/enrique-fern.png\" alt=\"Imagen relacionada con 'La familia de Gabitel sigue creciendo' | Gabitel Ingenieros\" \/><\/p>\n<ul>\n<li>Enrique Fern\u00e1ndez Otero<\/li>\n<li>Oficina de Sevilla<\/li>\n<li>Proyecto UTE<\/li>\n<\/ul>\n<p><img decoding=\"async\" src=\"https:\/\/gabitelingenieros.com\/wp-content\/uploads\/2021\/03\/aurora-pascual.png\" alt=\"Imagen relacionada con 'La familia de Gabitel sigue creciendo' | Gabitel Ingenieros\" \/><\/p>\n<ul>\n<li>Aurora Pascual Hidalgo<\/li>\n<li>Oficina de Sevilla<\/li>\n<li>Proyecto UTE<\/li>\n<\/ul>\n<p><img decoding=\"async\" src=\"https:\/\/gabitelingenieros.com\/wp-content\/uploads\/2021\/03\/alejandro-hernandez.jpg\" alt=\"Imagen relacionada con 'La familia de Gabitel sigue creciendo' | Gabitel Ingenieros\" \/><\/p>\n<ul>\n<li>Alejandro Hern\u00e1ndez G\u00f3mez<\/li>\n<li>Oficina de Huelva<\/li>\n<li>Proyecto UTE<\/li>\n<\/ul>\n<p><img decoding=\"async\" src=\"https:\/\/gabitelingenieros.com\/wp-content\/uploads\/2021\/03\/samuel-carrillo.png\" alt=\"Imagen relacionada con 'La familia de Gabitel sigue creciendo' | Gabitel Ingenieros\" \/><\/p>\n<ul>\n<li>Samuel Carrillo<\/li>\n<li>Oficina de Huelva<\/li>\n<li>Proyecto UTE<\/li>\n<\/ul>\n<p><img decoding=\"async\" src=\"https:\/\/gabitelingenieros.com\/wp-content\/uploads\/2021\/03\/abdela.jpg\" alt=\"Imagen relacionada con 'La familia de Gabitel sigue creciendo' | Gabitel Ingenieros\" \/><\/p>\n<ul>\n<li>Abdelhak Mechallal<\/li>\n<li>Oficina de Huelva<\/li>\n<li>Proyecto UTE<\/li>\n<\/ul>\n","protected":false},"excerpt":{"rendered":"<p>Tras el fin del confinamiento del COVID \u2013 19, el regreso a la \u201cnormalidad\u201d est\u00e1 resultando m\u00e1s lento de lo que en un principio esper\u00e1bamos. Este hecho hace que los diferentes sectores econ\u00f3micos se tengan que replantear c\u00f3mo seguir\u00e1 siendo las condiciones del mercado laboral. En Espa\u00f1a se ha alcanzado una cifra superior a 3.8 [&hellip;]<\/p>\n","protected":false},"author":3,"featured_media":33792,"comment_status":"closed","ping_status":"closed","sticky":false,"template":"","format":"standard","meta":{"content-type":"","footnotes":""},"categories":[600],"tags":[],"class_list":["post-33088","post","type-post","status-publish","format-standard","has-post-thumbnail","hentry","category-off-topic-de"],"yoast_head":"<!-- This site is optimized with the Yoast SEO plugin v27.5 - https:\/\/yoast.com\/product\/yoast-seo-wordpress\/ -->\n<title>La familia de Gabitel sigue creciendo - Gabitel<\/title>\n<meta name=\"robots\" content=\"index, follow, max-snippet:-1, max-image-preview:large, max-video-preview:-1\" \/>\n<link rel=\"canonical\" href=\"https:\/\/gabitel.net\/de\/familia_de_gabitel_sigue_creciendo\/\" \/>\n<meta property=\"og:locale\" content=\"de_DE\" \/>\n<meta property=\"og:type\" content=\"article\" \/>\n<meta property=\"og:title\" content=\"La familia de Gabitel sigue creciendo - Gabitel\" \/>\n<meta property=\"og:description\" content=\"Tras el fin del confinamiento del COVID \u2013 19, el regreso a la \u201cnormalidad\u201d est\u00e1 resultando m\u00e1s lento de lo que en un principio esper\u00e1bamos. Este hecho hace que los diferentes sectores econ\u00f3micos se tengan que replantear c\u00f3mo seguir\u00e1 siendo las condiciones del mercado laboral. En Espa\u00f1a se ha alcanzado una cifra superior a 3.8 [&hellip;]\" \/>\n<meta property=\"og:url\" content=\"https:\/\/gabitel.net\/de\/familia_de_gabitel_sigue_creciendo\/\" \/>\n<meta property=\"og:site_name\" content=\"Gabitel\" \/>\n<meta property=\"article:publisher\" content=\"https:\/\/www.facebook.com\/gabitelingenieros\/\" \/>\n<meta property=\"article:published_time\" content=\"2021-03-05T13:38:54+00:00\" \/>\n<meta property=\"og:image\" content=\"https:\/\/gabitelingenieros.com\/wp-content\/uploads\/2021\/03\/belen-correa.png\" \/>\n<meta name=\"author\" content=\"user.autor\" \/>\n<meta name=\"twitter:card\" content=\"summary_large_image\" \/>\n<meta name=\"twitter:label1\" content=\"Verfasst von\" \/>\n\t<meta name=\"twitter:data1\" content=\"user.autor\" \/>\n\t<meta name=\"twitter:label2\" content=\"Gesch\u00e4tzte Lesezeit\" \/>\n\t<meta name=\"twitter:data2\" content=\"2\u00a0Minuten\" \/>\n<script type=\"application\/ld+json\" class=\"yoast-schema-graph\">{\"@context\":\"https:\\\/\\\/schema.org\",\"@graph\":[{\"@type\":[\"Article\",\"BlogPosting\"],\"@id\":\"https:\\\/\\\/gabitel.net\\\/de\\\/familia_de_gabitel_sigue_creciendo\\\/#article\",\"isPartOf\":{\"@id\":\"https:\\\/\\\/gabitel.net\\\/de\\\/familia_de_gabitel_sigue_creciendo\\\/\"},\"author\":{\"name\":\"user.autor\",\"@id\":\"https:\\\/\\\/gabitel.net\\\/de\\\/#\\\/schema\\\/person\\\/37ba53714c3fedb9c7d22f4bc781465c\"},\"headline\":\"La familia de Gabitel sigue creciendo\",\"datePublished\":\"2021-03-05T13:38:54+00:00\",\"mainEntityOfPage\":{\"@id\":\"https:\\\/\\\/gabitel.net\\\/de\\\/familia_de_gabitel_sigue_creciendo\\\/\"},\"wordCount\":439,\"publisher\":{\"@id\":\"https:\\\/\\\/gabitel.net\\\/de\\\/#organization\"},\"image\":{\"@id\":\"https:\\\/\\\/gabitel.net\\\/de\\\/familia_de_gabitel_sigue_creciendo\\\/#primaryimage\"},\"thumbnailUrl\":\"https:\\\/\\\/gabitel.net\\\/wp-content\\\/uploads\\\/2021\\\/03\\\/trabajo-colaborativo-min.jpg\",\"articleSection\":[\"Off-topic\"],\"inLanguage\":\"de\"},{\"@type\":\"WebPage\",\"@id\":\"https:\\\/\\\/gabitel.net\\\/de\\\/familia_de_gabitel_sigue_creciendo\\\/\",\"url\":\"https:\\\/\\\/gabitel.net\\\/de\\\/familia_de_gabitel_sigue_creciendo\\\/\",\"name\":\"La familia de Gabitel sigue creciendo - Gabitel\",\"isPartOf\":{\"@id\":\"https:\\\/\\\/gabitel.net\\\/de\\\/#website\"},\"primaryImageOfPage\":{\"@id\":\"https:\\\/\\\/gabitel.net\\\/de\\\/familia_de_gabitel_sigue_creciendo\\\/#primaryimage\"},\"image\":{\"@id\":\"https:\\\/\\\/gabitel.net\\\/de\\\/familia_de_gabitel_sigue_creciendo\\\/#primaryimage\"},\"thumbnailUrl\":\"https:\\\/\\\/gabitel.net\\\/wp-content\\\/uploads\\\/2021\\\/03\\\/trabajo-colaborativo-min.jpg\",\"datePublished\":\"2021-03-05T13:38:54+00:00\",\"breadcrumb\":{\"@id\":\"https:\\\/\\\/gabitel.net\\\/de\\\/familia_de_gabitel_sigue_creciendo\\\/#breadcrumb\"},\"inLanguage\":\"de\",\"potentialAction\":[{\"@type\":\"ReadAction\",\"target\":[\"https:\\\/\\\/gabitel.net\\\/de\\\/familia_de_gabitel_sigue_creciendo\\\/\"]}]},{\"@type\":\"ImageObject\",\"inLanguage\":\"de\",\"@id\":\"https:\\\/\\\/gabitel.net\\\/de\\\/familia_de_gabitel_sigue_creciendo\\\/#primaryimage\",\"url\":\"https:\\\/\\\/gabitel.net\\\/wp-content\\\/uploads\\\/2021\\\/03\\\/trabajo-colaborativo-min.jpg\",\"contentUrl\":\"https:\\\/\\\/gabitel.net\\\/wp-content\\\/uploads\\\/2021\\\/03\\\/trabajo-colaborativo-min.jpg\",\"width\":2048,\"height\":1446,\"caption\":\"equipo_de_gabitel\"},{\"@type\":\"BreadcrumbList\",\"@id\":\"https:\\\/\\\/gabitel.net\\\/de\\\/familia_de_gabitel_sigue_creciendo\\\/#breadcrumb\",\"itemListElement\":[{\"@type\":\"ListItem\",\"position\":1,\"name\":\"Portada\",\"item\":\"https:\\\/\\\/gabitel.net\\\/de\\\/\"},{\"@type\":\"ListItem\",\"position\":2,\"name\":\"La familia de Gabitel sigue creciendo\"}]},{\"@type\":\"WebSite\",\"@id\":\"https:\\\/\\\/gabitel.net\\\/de\\\/#website\",\"url\":\"https:\\\/\\\/gabitel.net\\\/de\\\/\",\"name\":\"Gabitel\",\"description\":\"\",\"publisher\":{\"@id\":\"https:\\\/\\\/gabitel.net\\\/de\\\/#organization\"},\"potentialAction\":[{\"@type\":\"SearchAction\",\"target\":{\"@type\":\"EntryPoint\",\"urlTemplate\":\"https:\\\/\\\/gabitel.net\\\/de\\\/?s={search_term_string}\"},\"query-input\":{\"@type\":\"PropertyValueSpecification\",\"valueRequired\":true,\"valueName\":\"search_term_string\"}}],\"inLanguage\":\"de\"},{\"@type\":\"Organization\",\"@id\":\"https:\\\/\\\/gabitel.net\\\/de\\\/#organization\",\"name\":\"Gabitel\",\"url\":\"https:\\\/\\\/gabitel.net\\\/de\\\/\",\"logo\":{\"@type\":\"ImageObject\",\"inLanguage\":\"de\",\"@id\":\"https:\\\/\\\/gabitel.net\\\/de\\\/#\\\/schema\\\/logo\\\/image\\\/\",\"url\":\"https:\\\/\\\/gabitel.net\\\/wp-content\\\/uploads\\\/2025\\\/05\\\/logo_gabitel.jpg\",\"contentUrl\":\"https:\\\/\\\/gabitel.net\\\/wp-content\\\/uploads\\\/2025\\\/05\\\/logo_gabitel.jpg\",\"width\":2560,\"height\":1330,\"caption\":\"Gabitel\"},\"image\":{\"@id\":\"https:\\\/\\\/gabitel.net\\\/de\\\/#\\\/schema\\\/logo\\\/image\\\/\"},\"sameAs\":[\"https:\\\/\\\/www.facebook.com\\\/gabitelingenieros\\\/\",\"https:\\\/\\\/es.linkedin.com\\\/company\\\/gabitel-ingenieros\"]},{\"@type\":\"Person\",\"@id\":\"https:\\\/\\\/gabitel.net\\\/de\\\/#\\\/schema\\\/person\\\/37ba53714c3fedb9c7d22f4bc781465c\",\"name\":\"user.autor\",\"url\":\"https:\\\/\\\/gabitel.net\\\/de\\\/author\\\/user-autor\\\/\"}]}<\/script>\n<!-- \/ Yoast SEO plugin. -->","yoast_head_json":{"title":"La familia de Gabitel sigue creciendo - Gabitel","robots":{"index":"index","follow":"follow","max-snippet":"max-snippet:-1","max-image-preview":"max-image-preview:large","max-video-preview":"max-video-preview:-1"},"canonical":"https:\/\/gabitel.net\/de\/familia_de_gabitel_sigue_creciendo\/","og_locale":"de_DE","og_type":"article","og_title":"La familia de Gabitel sigue creciendo - Gabitel","og_description":"Tras el fin del confinamiento del COVID \u2013 19, el regreso a la \u201cnormalidad\u201d est\u00e1 resultando m\u00e1s lento de lo que en un principio esper\u00e1bamos. Este hecho hace que los diferentes sectores econ\u00f3micos se tengan que replantear c\u00f3mo seguir\u00e1 siendo las condiciones del mercado laboral. En Espa\u00f1a se ha alcanzado una cifra superior a 3.8 [&hellip;]","og_url":"https:\/\/gabitel.net\/de\/familia_de_gabitel_sigue_creciendo\/","og_site_name":"Gabitel","article_publisher":"https:\/\/www.facebook.com\/gabitelingenieros\/","article_published_time":"2021-03-05T13:38:54+00:00","og_image":[{"url":"https:\/\/gabitelingenieros.com\/wp-content\/uploads\/2021\/03\/belen-correa.png","type":"","width":"","height":""}],"author":"user.autor","twitter_card":"summary_large_image","twitter_misc":{"Verfasst von":"user.autor","Gesch\u00e4tzte Lesezeit":"2\u00a0Minuten"},"schema":{"@context":"https:\/\/schema.org","@graph":[{"@type":["Article","BlogPosting"],"@id":"https:\/\/gabitel.net\/de\/familia_de_gabitel_sigue_creciendo\/#article","isPartOf":{"@id":"https:\/\/gabitel.net\/de\/familia_de_gabitel_sigue_creciendo\/"},"author":{"name":"user.autor","@id":"https:\/\/gabitel.net\/de\/#\/schema\/person\/37ba53714c3fedb9c7d22f4bc781465c"},"headline":"La familia de Gabitel sigue creciendo","datePublished":"2021-03-05T13:38:54+00:00","mainEntityOfPage":{"@id":"https:\/\/gabitel.net\/de\/familia_de_gabitel_sigue_creciendo\/"},"wordCount":439,"publisher":{"@id":"https:\/\/gabitel.net\/de\/#organization"},"image":{"@id":"https:\/\/gabitel.net\/de\/familia_de_gabitel_sigue_creciendo\/#primaryimage"},"thumbnailUrl":"https:\/\/gabitel.net\/wp-content\/uploads\/2021\/03\/trabajo-colaborativo-min.jpg","articleSection":["Off-topic"],"inLanguage":"de"},{"@type":"WebPage","@id":"https:\/\/gabitel.net\/de\/familia_de_gabitel_sigue_creciendo\/","url":"https:\/\/gabitel.net\/de\/familia_de_gabitel_sigue_creciendo\/","name":"La familia de Gabitel sigue creciendo - Gabitel","isPartOf":{"@id":"https:\/\/gabitel.net\/de\/#website"},"primaryImageOfPage":{"@id":"https:\/\/gabitel.net\/de\/familia_de_gabitel_sigue_creciendo\/#primaryimage"},"image":{"@id":"https:\/\/gabitel.net\/de\/familia_de_gabitel_sigue_creciendo\/#primaryimage"},"thumbnailUrl":"https:\/\/gabitel.net\/wp-content\/uploads\/2021\/03\/trabajo-colaborativo-min.jpg","datePublished":"2021-03-05T13:38:54+00:00","breadcrumb":{"@id":"https:\/\/gabitel.net\/de\/familia_de_gabitel_sigue_creciendo\/#breadcrumb"},"inLanguage":"de","potentialAction":[{"@type":"ReadAction","target":["https:\/\/gabitel.net\/de\/familia_de_gabitel_sigue_creciendo\/"]}]},{"@type":"ImageObject","inLanguage":"de","@id":"https:\/\/gabitel.net\/de\/familia_de_gabitel_sigue_creciendo\/#primaryimage","url":"https:\/\/gabitel.net\/wp-content\/uploads\/2021\/03\/trabajo-colaborativo-min.jpg","contentUrl":"https:\/\/gabitel.net\/wp-content\/uploads\/2021\/03\/trabajo-colaborativo-min.jpg","width":2048,"height":1446,"caption":"equipo_de_gabitel"},{"@type":"BreadcrumbList","@id":"https:\/\/gabitel.net\/de\/familia_de_gabitel_sigue_creciendo\/#breadcrumb","itemListElement":[{"@type":"ListItem","position":1,"name":"Portada","item":"https:\/\/gabitel.net\/de\/"},{"@type":"ListItem","position":2,"name":"La familia de Gabitel sigue creciendo"}]},{"@type":"WebSite","@id":"https:\/\/gabitel.net\/de\/#website","url":"https:\/\/gabitel.net\/de\/","name":"Gabitel","description":"","publisher":{"@id":"https:\/\/gabitel.net\/de\/#organization"},"potentialAction":[{"@type":"SearchAction","target":{"@type":"EntryPoint","urlTemplate":"https:\/\/gabitel.net\/de\/?s={search_term_string}"},"query-input":{"@type":"PropertyValueSpecification","valueRequired":true,"valueName":"search_term_string"}}],"inLanguage":"de"},{"@type":"Organization","@id":"https:\/\/gabitel.net\/de\/#organization","name":"Gabitel","url":"https:\/\/gabitel.net\/de\/","logo":{"@type":"ImageObject","inLanguage":"de","@id":"https:\/\/gabitel.net\/de\/#\/schema\/logo\/image\/","url":"https:\/\/gabitel.net\/wp-content\/uploads\/2025\/05\/logo_gabitel.jpg","contentUrl":"https:\/\/gabitel.net\/wp-content\/uploads\/2025\/05\/logo_gabitel.jpg","width":2560,"height":1330,"caption":"Gabitel"},"image":{"@id":"https:\/\/gabitel.net\/de\/#\/schema\/logo\/image\/"},"sameAs":["https:\/\/www.facebook.com\/gabitelingenieros\/","https:\/\/es.linkedin.com\/company\/gabitel-ingenieros"]},{"@type":"Person","@id":"https:\/\/gabitel.net\/de\/#\/schema\/person\/37ba53714c3fedb9c7d22f4bc781465c","name":"user.autor","url":"https:\/\/gabitel.net\/de\/author\/user-autor\/"}]}},"_links":{"self":[{"href":"https:\/\/gabitel.net\/de\/wp-json\/wp\/v2\/posts\/33088","targetHints":{"allow":["GET"]}}],"collection":[{"href":"https:\/\/gabitel.net\/de\/wp-json\/wp\/v2\/posts"}],"about":[{"href":"https:\/\/gabitel.net\/de\/wp-json\/wp\/v2\/types\/post"}],"author":[{"embeddable":true,"href":"https:\/\/gabitel.net\/de\/wp-json\/wp\/v2\/users\/3"}],"replies":[{"embeddable":true,"href":"https:\/\/gabitel.net\/de\/wp-json\/wp\/v2\/comments?post=33088"}],"version-history":[{"count":0,"href":"https:\/\/gabitel.net\/de\/wp-json\/wp\/v2\/posts\/33088\/revisions"}],"wp:featuredmedia":[{"embeddable":true,"href":"https:\/\/gabitel.net\/de\/wp-json\/wp\/v2\/media\/33792"}],"wp:attachment":[{"href":"https:\/\/gabitel.net\/de\/wp-json\/wp\/v2\/media?parent=33088"}],"wp:term":[{"taxonomy":"category","embeddable":true,"href":"https:\/\/gabitel.net\/de\/wp-json\/wp\/v2\/categories?post=33088"},{"taxonomy":"post_tag","embeddable":true,"href":"https:\/\/gabitel.net\/de\/wp-json\/wp\/v2\/tags?post=33088"}],"curies":[{"name":"wp","href":"https:\/\/api.w.org\/{rel}","templated":true}]}}