{"id":33094,"date":"2021-03-05T12:28:38","date_gmt":"2021-03-05T11:28:38","guid":{"rendered":"https:\/\/gabitel.net\/planes-de-formacion-idiomas\/"},"modified":"2021-03-05T12:28:38","modified_gmt":"2021-03-05T11:28:38","slug":"planes-de-formacion-idiomas","status":"publish","type":"post","link":"https:\/\/gabitel.net\/de\/planes-de-formacion-idiomas\/","title":{"rendered":"Planes de formaci\u00f3n: Idiomas"},"content":{"rendered":"<p style=\"text-align: justify;\">Las acciones formativas desarrolladas para el Equipo de Gabitel, tienen como principal finalidad favorecer el desarrollo profesional y personal de cada uno de nuestros compa\u00f1eros, para garantizar la m\u00e1xima especializaci\u00f3n posible y productividad en cada uno de los proyectos. Entendemos, que un continuo proceso de formaci\u00f3n que favorezca el reciclaje profesional, es imprescindible para poder seguir progresando y conseguir los objetivos que nuestros clientes nos van marcando de manera simult\u00e1nea, acorde al mercado actual. As\u00ed mismo, es para la empresa una herramienta de motivaci\u00f3n y compromiso con nuestro equipo.<\/p>\n<p>&nbsp;<\/p>\n<p style=\"text-align: justify;\">En la actualidad, teniendo en cuenta el proceso de internalizaci\u00f3n en el que Gabitel est\u00e1 inmerso, el aprendizaje de idiomas es esencial para establecer unas adecuadas relaciones con nuestros clientes. A parte, nos permite desenvolvernos con soltura en cualquier \u00e1mbito de nuestra vida personal. Es por ello, que durante este a\u00f1o 2021, la apuesta en la formaci\u00f3n de idiomas se ampl\u00eda:<\/p>\n<p>&nbsp;<\/p>\n<ul style=\"text-align: justify;\">\n<li>Formaci\u00f3n en ingl\u00e9s de negocios dentro del Sector de la Ingenieria y Telecomunicaciones<\/li>\n<\/ul>\n<ul style=\"text-align: justify;\">\n<li>Formaci\u00f3n en alem\u00e1n de negocios dentro del Sector de la Ingenieria y Telecomunicaciones.<\/li>\n<\/ul>\n<p style=\"text-align: justify;\">\n<p style=\"text-align: justify;\">Estos cursos estar\u00e1n destinados para aquellos empleados que ya tengan cierto dominio del idioma, pero necesiten profesionalizarlo acorde a los proyectos que se est\u00e9n desarrollando por cada departamento. Para ello, la organizaci\u00f3n del curso se basar\u00e1 en una metodolog\u00eda pr\u00e1ctica. La din\u00e1mica de las clases se fundamentar\u00e1, principalmente, a trav\u00e9s de role plays sobre situaciones cotidianas que se puedan presentar en el transcurso de nuestro trabajo, tipo reuniones con clientes, env\u00edos de email de trabajo formal, exposiciones y presentaciones de trabajo realizado, llamadas de negocios\u2026 Adem\u00e1s, se har\u00e1 uso de vocabulario, frases espec\u00edficas y estructuras gramaticales que podremos utilizar en nuestro contexto profesional, siendo dicha formaci\u00f3n lo m\u00e1s personalizada posible.<\/p>\n<p style=\"text-align: justify;\">\n<p style=\"text-align: justify;\">Desde nuestro Departamento de Recursos Humanos nos pondremos en contacto con todos los compa\u00f1eros, para informar del inicio del curso, requisitos a tener en cuenta y proceso de gesti\u00f3n de solicitudes.<\/p>\n<p><!--  --><\/li>\n<p><!--  --><\/ul>\n<p><!--  --><!--  --><!--  --><!--  --><\/li>\n<p><!--  --><\/ul>\n<p><!--  --><!--  --><!--  --><!--  --><\/li>\n<p><!--  --><\/ul>\n<p><!--  --><!--  --><!--  --><!--  --><!--  --><!--  --><\/p>\n","protected":false},"excerpt":{"rendered":"<p>Las acciones formativas desarrolladas para el Equipo de Gabitel, tienen como principal finalidad favorecer el desarrollo profesional y personal de cada uno de nuestros compa\u00f1eros, para garantizar la m\u00e1xima especializaci\u00f3n posible y productividad en cada uno de los proyectos. Entendemos, que un continuo proceso de formaci\u00f3n que favorezca el reciclaje profesional, es imprescindible para poder [&hellip;]<\/p>\n","protected":false},"author":3,"featured_media":33778,"comment_status":"closed","ping_status":"closed","sticky":false,"template":"","format":"standard","meta":{"content-type":"","footnotes":""},"categories":[600],"tags":[],"class_list":["post-33094","post","type-post","status-publish","format-standard","has-post-thumbnail","hentry","category-off-topic-de"],"yoast_head":"<!-- This site is optimized with the Yoast SEO plugin v27.5 - https:\/\/yoast.com\/product\/yoast-seo-wordpress\/ -->\n<title>Planes de formaci\u00f3n: Idiomas - Gabitel<\/title>\n<meta name=\"robots\" content=\"index, follow, max-snippet:-1, max-image-preview:large, max-video-preview:-1\" \/>\n<link rel=\"canonical\" href=\"https:\/\/gabitel.net\/de\/planes-de-formacion-idiomas\/\" \/>\n<meta property=\"og:locale\" content=\"de_DE\" \/>\n<meta property=\"og:type\" content=\"article\" \/>\n<meta property=\"og:title\" content=\"Planes de formaci\u00f3n: Idiomas - Gabitel\" \/>\n<meta property=\"og:description\" content=\"Las acciones formativas desarrolladas para el Equipo de Gabitel, tienen como principal finalidad favorecer el desarrollo profesional y personal de cada uno de nuestros compa\u00f1eros, para garantizar la m\u00e1xima especializaci\u00f3n posible y productividad en cada uno de los proyectos. Entendemos, que un continuo proceso de formaci\u00f3n que favorezca el reciclaje profesional, es imprescindible para poder [&hellip;]\" \/>\n<meta property=\"og:url\" content=\"https:\/\/gabitel.net\/de\/planes-de-formacion-idiomas\/\" \/>\n<meta property=\"og:site_name\" content=\"Gabitel\" \/>\n<meta property=\"article:publisher\" content=\"https:\/\/www.facebook.com\/gabitelingenieros\/\" \/>\n<meta property=\"article:published_time\" content=\"2021-03-05T11:28:38+00:00\" \/>\n<meta name=\"author\" content=\"user.autor\" \/>\n<meta name=\"twitter:card\" content=\"summary_large_image\" \/>\n<meta name=\"twitter:label1\" content=\"Verfasst von\" \/>\n\t<meta name=\"twitter:data1\" content=\"user.autor\" \/>\n\t<meta name=\"twitter:label2\" content=\"Gesch\u00e4tzte Lesezeit\" \/>\n\t<meta name=\"twitter:data2\" content=\"2\u00a0Minuten\" \/>\n<script type=\"application\/ld+json\" class=\"yoast-schema-graph\">{\"@context\":\"https:\\\/\\\/schema.org\",\"@graph\":[{\"@type\":[\"Article\",\"BlogPosting\"],\"@id\":\"https:\\\/\\\/gabitel.net\\\/de\\\/planes-de-formacion-idiomas\\\/#article\",\"isPartOf\":{\"@id\":\"https:\\\/\\\/gabitel.net\\\/de\\\/planes-de-formacion-idiomas\\\/\"},\"author\":{\"name\":\"user.autor\",\"@id\":\"https:\\\/\\\/gabitel.net\\\/de\\\/#\\\/schema\\\/person\\\/37ba53714c3fedb9c7d22f4bc781465c\"},\"headline\":\"Planes de formaci\u00f3n: Idiomas\",\"datePublished\":\"2021-03-05T11:28:38+00:00\",\"mainEntityOfPage\":{\"@id\":\"https:\\\/\\\/gabitel.net\\\/de\\\/planes-de-formacion-idiomas\\\/\"},\"wordCount\":351,\"publisher\":{\"@id\":\"https:\\\/\\\/gabitel.net\\\/de\\\/#organization\"},\"image\":{\"@id\":\"https:\\\/\\\/gabitel.net\\\/de\\\/planes-de-formacion-idiomas\\\/#primaryimage\"},\"thumbnailUrl\":\"https:\\\/\\\/gabitel.net\\\/wp-content\\\/uploads\\\/2021\\\/03\\\/Captura-de-pantalla-2021-03-05-122407.png\",\"articleSection\":[\"Off-topic\"],\"inLanguage\":\"de\"},{\"@type\":\"WebPage\",\"@id\":\"https:\\\/\\\/gabitel.net\\\/de\\\/planes-de-formacion-idiomas\\\/\",\"url\":\"https:\\\/\\\/gabitel.net\\\/de\\\/planes-de-formacion-idiomas\\\/\",\"name\":\"Planes de formaci\u00f3n: Idiomas - Gabitel\",\"isPartOf\":{\"@id\":\"https:\\\/\\\/gabitel.net\\\/de\\\/#website\"},\"primaryImageOfPage\":{\"@id\":\"https:\\\/\\\/gabitel.net\\\/de\\\/planes-de-formacion-idiomas\\\/#primaryimage\"},\"image\":{\"@id\":\"https:\\\/\\\/gabitel.net\\\/de\\\/planes-de-formacion-idiomas\\\/#primaryimage\"},\"thumbnailUrl\":\"https:\\\/\\\/gabitel.net\\\/wp-content\\\/uploads\\\/2021\\\/03\\\/Captura-de-pantalla-2021-03-05-122407.png\",\"datePublished\":\"2021-03-05T11:28:38+00:00\",\"breadcrumb\":{\"@id\":\"https:\\\/\\\/gabitel.net\\\/de\\\/planes-de-formacion-idiomas\\\/#breadcrumb\"},\"inLanguage\":\"de\",\"potentialAction\":[{\"@type\":\"ReadAction\",\"target\":[\"https:\\\/\\\/gabitel.net\\\/de\\\/planes-de-formacion-idiomas\\\/\"]}]},{\"@type\":\"ImageObject\",\"inLanguage\":\"de\",\"@id\":\"https:\\\/\\\/gabitel.net\\\/de\\\/planes-de-formacion-idiomas\\\/#primaryimage\",\"url\":\"https:\\\/\\\/gabitel.net\\\/wp-content\\\/uploads\\\/2021\\\/03\\\/Captura-de-pantalla-2021-03-05-122407.png\",\"contentUrl\":\"https:\\\/\\\/gabitel.net\\\/wp-content\\\/uploads\\\/2021\\\/03\\\/Captura-de-pantalla-2021-03-05-122407.png\",\"width\":942,\"height\":594,\"caption\":\"uk_ale_logo\"},{\"@type\":\"BreadcrumbList\",\"@id\":\"https:\\\/\\\/gabitel.net\\\/de\\\/planes-de-formacion-idiomas\\\/#breadcrumb\",\"itemListElement\":[{\"@type\":\"ListItem\",\"position\":1,\"name\":\"Portada\",\"item\":\"https:\\\/\\\/gabitel.net\\\/de\\\/\"},{\"@type\":\"ListItem\",\"position\":2,\"name\":\"Planes de formaci\u00f3n: Idiomas\"}]},{\"@type\":\"WebSite\",\"@id\":\"https:\\\/\\\/gabitel.net\\\/de\\\/#website\",\"url\":\"https:\\\/\\\/gabitel.net\\\/de\\\/\",\"name\":\"Gabitel\",\"description\":\"\",\"publisher\":{\"@id\":\"https:\\\/\\\/gabitel.net\\\/de\\\/#organization\"},\"potentialAction\":[{\"@type\":\"SearchAction\",\"target\":{\"@type\":\"EntryPoint\",\"urlTemplate\":\"https:\\\/\\\/gabitel.net\\\/de\\\/?s={search_term_string}\"},\"query-input\":{\"@type\":\"PropertyValueSpecification\",\"valueRequired\":true,\"valueName\":\"search_term_string\"}}],\"inLanguage\":\"de\"},{\"@type\":\"Organization\",\"@id\":\"https:\\\/\\\/gabitel.net\\\/de\\\/#organization\",\"name\":\"Gabitel\",\"url\":\"https:\\\/\\\/gabitel.net\\\/de\\\/\",\"logo\":{\"@type\":\"ImageObject\",\"inLanguage\":\"de\",\"@id\":\"https:\\\/\\\/gabitel.net\\\/de\\\/#\\\/schema\\\/logo\\\/image\\\/\",\"url\":\"https:\\\/\\\/gabitel.net\\\/wp-content\\\/uploads\\\/2025\\\/05\\\/logo_gabitel.jpg\",\"contentUrl\":\"https:\\\/\\\/gabitel.net\\\/wp-content\\\/uploads\\\/2025\\\/05\\\/logo_gabitel.jpg\",\"width\":2560,\"height\":1330,\"caption\":\"Gabitel\"},\"image\":{\"@id\":\"https:\\\/\\\/gabitel.net\\\/de\\\/#\\\/schema\\\/logo\\\/image\\\/\"},\"sameAs\":[\"https:\\\/\\\/www.facebook.com\\\/gabitelingenieros\\\/\",\"https:\\\/\\\/es.linkedin.com\\\/company\\\/gabitel-ingenieros\"]},{\"@type\":\"Person\",\"@id\":\"https:\\\/\\\/gabitel.net\\\/de\\\/#\\\/schema\\\/person\\\/37ba53714c3fedb9c7d22f4bc781465c\",\"name\":\"user.autor\",\"url\":\"https:\\\/\\\/gabitel.net\\\/de\\\/author\\\/user-autor\\\/\"}]}<\/script>\n<!-- \/ Yoast SEO plugin. -->","yoast_head_json":{"title":"Planes de formaci\u00f3n: Idiomas - Gabitel","robots":{"index":"index","follow":"follow","max-snippet":"max-snippet:-1","max-image-preview":"max-image-preview:large","max-video-preview":"max-video-preview:-1"},"canonical":"https:\/\/gabitel.net\/de\/planes-de-formacion-idiomas\/","og_locale":"de_DE","og_type":"article","og_title":"Planes de formaci\u00f3n: Idiomas - Gabitel","og_description":"Las acciones formativas desarrolladas para el Equipo de Gabitel, tienen como principal finalidad favorecer el desarrollo profesional y personal de cada uno de nuestros compa\u00f1eros, para garantizar la m\u00e1xima especializaci\u00f3n posible y productividad en cada uno de los proyectos. Entendemos, que un continuo proceso de formaci\u00f3n que favorezca el reciclaje profesional, es imprescindible para poder [&hellip;]","og_url":"https:\/\/gabitel.net\/de\/planes-de-formacion-idiomas\/","og_site_name":"Gabitel","article_publisher":"https:\/\/www.facebook.com\/gabitelingenieros\/","article_published_time":"2021-03-05T11:28:38+00:00","author":"user.autor","twitter_card":"summary_large_image","twitter_misc":{"Verfasst von":"user.autor","Gesch\u00e4tzte Lesezeit":"2\u00a0Minuten"},"schema":{"@context":"https:\/\/schema.org","@graph":[{"@type":["Article","BlogPosting"],"@id":"https:\/\/gabitel.net\/de\/planes-de-formacion-idiomas\/#article","isPartOf":{"@id":"https:\/\/gabitel.net\/de\/planes-de-formacion-idiomas\/"},"author":{"name":"user.autor","@id":"https:\/\/gabitel.net\/de\/#\/schema\/person\/37ba53714c3fedb9c7d22f4bc781465c"},"headline":"Planes de formaci\u00f3n: Idiomas","datePublished":"2021-03-05T11:28:38+00:00","mainEntityOfPage":{"@id":"https:\/\/gabitel.net\/de\/planes-de-formacion-idiomas\/"},"wordCount":351,"publisher":{"@id":"https:\/\/gabitel.net\/de\/#organization"},"image":{"@id":"https:\/\/gabitel.net\/de\/planes-de-formacion-idiomas\/#primaryimage"},"thumbnailUrl":"https:\/\/gabitel.net\/wp-content\/uploads\/2021\/03\/Captura-de-pantalla-2021-03-05-122407.png","articleSection":["Off-topic"],"inLanguage":"de"},{"@type":"WebPage","@id":"https:\/\/gabitel.net\/de\/planes-de-formacion-idiomas\/","url":"https:\/\/gabitel.net\/de\/planes-de-formacion-idiomas\/","name":"Planes de formaci\u00f3n: Idiomas - Gabitel","isPartOf":{"@id":"https:\/\/gabitel.net\/de\/#website"},"primaryImageOfPage":{"@id":"https:\/\/gabitel.net\/de\/planes-de-formacion-idiomas\/#primaryimage"},"image":{"@id":"https:\/\/gabitel.net\/de\/planes-de-formacion-idiomas\/#primaryimage"},"thumbnailUrl":"https:\/\/gabitel.net\/wp-content\/uploads\/2021\/03\/Captura-de-pantalla-2021-03-05-122407.png","datePublished":"2021-03-05T11:28:38+00:00","breadcrumb":{"@id":"https:\/\/gabitel.net\/de\/planes-de-formacion-idiomas\/#breadcrumb"},"inLanguage":"de","potentialAction":[{"@type":"ReadAction","target":["https:\/\/gabitel.net\/de\/planes-de-formacion-idiomas\/"]}]},{"@type":"ImageObject","inLanguage":"de","@id":"https:\/\/gabitel.net\/de\/planes-de-formacion-idiomas\/#primaryimage","url":"https:\/\/gabitel.net\/wp-content\/uploads\/2021\/03\/Captura-de-pantalla-2021-03-05-122407.png","contentUrl":"https:\/\/gabitel.net\/wp-content\/uploads\/2021\/03\/Captura-de-pantalla-2021-03-05-122407.png","width":942,"height":594,"caption":"uk_ale_logo"},{"@type":"BreadcrumbList","@id":"https:\/\/gabitel.net\/de\/planes-de-formacion-idiomas\/#breadcrumb","itemListElement":[{"@type":"ListItem","position":1,"name":"Portada","item":"https:\/\/gabitel.net\/de\/"},{"@type":"ListItem","position":2,"name":"Planes de formaci\u00f3n: Idiomas"}]},{"@type":"WebSite","@id":"https:\/\/gabitel.net\/de\/#website","url":"https:\/\/gabitel.net\/de\/","name":"Gabitel","description":"","publisher":{"@id":"https:\/\/gabitel.net\/de\/#organization"},"potentialAction":[{"@type":"SearchAction","target":{"@type":"EntryPoint","urlTemplate":"https:\/\/gabitel.net\/de\/?s={search_term_string}"},"query-input":{"@type":"PropertyValueSpecification","valueRequired":true,"valueName":"search_term_string"}}],"inLanguage":"de"},{"@type":"Organization","@id":"https:\/\/gabitel.net\/de\/#organization","name":"Gabitel","url":"https:\/\/gabitel.net\/de\/","logo":{"@type":"ImageObject","inLanguage":"de","@id":"https:\/\/gabitel.net\/de\/#\/schema\/logo\/image\/","url":"https:\/\/gabitel.net\/wp-content\/uploads\/2025\/05\/logo_gabitel.jpg","contentUrl":"https:\/\/gabitel.net\/wp-content\/uploads\/2025\/05\/logo_gabitel.jpg","width":2560,"height":1330,"caption":"Gabitel"},"image":{"@id":"https:\/\/gabitel.net\/de\/#\/schema\/logo\/image\/"},"sameAs":["https:\/\/www.facebook.com\/gabitelingenieros\/","https:\/\/es.linkedin.com\/company\/gabitel-ingenieros"]},{"@type":"Person","@id":"https:\/\/gabitel.net\/de\/#\/schema\/person\/37ba53714c3fedb9c7d22f4bc781465c","name":"user.autor","url":"https:\/\/gabitel.net\/de\/author\/user-autor\/"}]}},"_links":{"self":[{"href":"https:\/\/gabitel.net\/de\/wp-json\/wp\/v2\/posts\/33094","targetHints":{"allow":["GET"]}}],"collection":[{"href":"https:\/\/gabitel.net\/de\/wp-json\/wp\/v2\/posts"}],"about":[{"href":"https:\/\/gabitel.net\/de\/wp-json\/wp\/v2\/types\/post"}],"author":[{"embeddable":true,"href":"https:\/\/gabitel.net\/de\/wp-json\/wp\/v2\/users\/3"}],"replies":[{"embeddable":true,"href":"https:\/\/gabitel.net\/de\/wp-json\/wp\/v2\/comments?post=33094"}],"version-history":[{"count":0,"href":"https:\/\/gabitel.net\/de\/wp-json\/wp\/v2\/posts\/33094\/revisions"}],"wp:featuredmedia":[{"embeddable":true,"href":"https:\/\/gabitel.net\/de\/wp-json\/wp\/v2\/media\/33778"}],"wp:attachment":[{"href":"https:\/\/gabitel.net\/de\/wp-json\/wp\/v2\/media?parent=33094"}],"wp:term":[{"taxonomy":"category","embeddable":true,"href":"https:\/\/gabitel.net\/de\/wp-json\/wp\/v2\/categories?post=33094"},{"taxonomy":"post_tag","embeddable":true,"href":"https:\/\/gabitel.net\/de\/wp-json\/wp\/v2\/tags?post=33094"}],"curies":[{"name":"wp","href":"https:\/\/api.w.org\/{rel}","templated":true}]}}