{"id":33104,"date":"2021-02-05T14:34:23","date_gmt":"2021-02-05T13:34:23","guid":{"rendered":"https:\/\/gabitel.net\/nuestro-equipo-entrevista-a-carlos-abollado\/"},"modified":"2021-02-05T14:34:23","modified_gmt":"2021-02-05T13:34:23","slug":"nuestro-equipo-entrevista-a-carlos-abollado","status":"publish","type":"post","link":"https:\/\/gabitel.net\/de\/nuestro-equipo-entrevista-a-carlos-abollado\/","title":{"rendered":"Nuestro equipo. Entrevista a  Carlos Abollado"},"content":{"rendered":"<ul>\n<li style=\"text-align: justify;\"><strong>Sabemos que llevas poco tiempo en Gabitel, pero nos podr\u00edas explicar en qu\u00e9 consiste tu puesto de trabajo?<\/strong><\/li>\n<\/ul>\n<p style=\"text-align: justify;\">Me he incorporado a Gabitel a mediados de noviembre pasado. Actualmente soy el responsable de los proyectos de fibra \u00f3ptica de Gabitel en Alemania. Como estamos intentando introducirnos en el mercado alem\u00e1n, mis principales tareas consisten en contactar con empresas alemanas que pudieran ser potenciales clientes, y hacer un seguimiento de las relaciones que conseguimos establecer, para llevarlas a buen t\u00e9rmino y poder contratar con ellas alg\u00fan proyecto de ingenier\u00eda FTTH (Fiber To The Home). Tambi\u00e9n estoy realizando un importante esfuerzo en conocer la situaci\u00f3n del mercado alem\u00e1n, sus actores principales, las previsiones de su evoluci\u00f3n, los objetivos pol\u00edticos respecto de la banda ancha. Para ello, me ayudo de conferencias del sector, informes y estudios sectoriales, noticias, etc.<\/p>\n<p style=\"text-align: justify;\">\n<ul style=\"text-align: justify;\">\n<li><strong>Que es lo que m\u00e1s valoras de tu trabajo en Gabitel?<\/strong><\/li>\n<\/ul>\n<p style=\"text-align: justify;\">Lo que m\u00e1s valoro es el potencial de crecimiento que tiene tanto mi puesto como Gabitel en general, y la experiencia que puedo aportar al proyecto.<\/p>\n<p style=\"text-align: justify;\">\n<ul style=\"text-align: justify;\">\n<li><strong>Como crees que podr\u00edas mejorar tu trabajo desarrollado?<\/strong><\/li>\n<\/ul>\n<p style=\"text-align: justify;\">Casi todo el trabajo se desarrolla en ingl\u00e9s y alem\u00e1n. Aunque me defiendo bastante bien, me ayudar\u00eda un refuerzo pr\u00e1ctico, especialmente en alem\u00e1n.<\/p>\n<p style=\"text-align: justify;\">\n<ul style=\"text-align: justify;\">\n<li><strong>Para poder conocerte un poco mejor, nos gustar\u00eda saber un defecto y una virtud de tu personalidad<\/strong><\/li>\n<\/ul>\n<p style=\"text-align: justify;\">Un defecto: mi mitad alemana me hace bastante cuadriculado. Una virtud: se me da bien organizar, optimizar y resolver, adem\u00e1s soy proactivo y me gusta aportar ideas diferentes.<\/p>\n<p style=\"text-align: justify;\">\n<ul style=\"text-align: justify;\">\n<li><strong>Te planteamos un reto, eres capaz de describirte con cuatro adjetivos?<\/strong><\/li>\n<\/ul>\n<p style=\"text-align: justify;\">Soy una persona que le gusta aprender cosas nuevas, con alta capacidad creativa y por tanto de aportar innovaci\u00f3n, reflexivo y leal.<\/p>\n<p style=\"text-align: justify;\">\n<ul style=\"text-align: justify;\">\n<li><strong>La pregunta que te env\u00eda el compa\u00f1ero anterior :Que aspectos consideras que debe tener una empresa para que te sientas interesado para trabajar en ella?<\/strong><\/li>\n<\/ul>\n<p style=\"text-align: justify;\">Para m\u00ed es importante, por un lado, el ambiente de trabajo y, por otro, el potencial de crecimiento de la empresa en el \u00e1rea que me interesa, en este caso las telecomunicaciones, y concretamente los proyectos de fibra \u00f3ptica. Y por supuesto, estar involucrado en dicho crecimiento.<\/p>\n<p style=\"text-align: justify;\">\n<ul style=\"text-align: justify;\">\n<li><strong>Env\u00eda una pregunta a la pr\u00f3xima persona en ser entrevistada.<\/strong><\/li>\n<\/ul>\n<p>\u00bfC\u00f3mo te gustar\u00eda que fuese tu desarrollo profesional dentro de Gabitel, por qu\u00e9 ruta te gustar\u00eda evolucionar?<\/p>\n","protected":false},"excerpt":{"rendered":"<p>Sabemos que llevas poco tiempo en Gabitel, pero nos podr\u00edas explicar en qu\u00e9 consiste tu puesto de trabajo? Me he incorporado a Gabitel a mediados de noviembre pasado. Actualmente soy el responsable de los proyectos de fibra \u00f3ptica de Gabitel en Alemania. Como estamos intentando introducirnos en el mercado alem\u00e1n, mis principales tareas consisten en [&hellip;]<\/p>\n","protected":false},"author":3,"featured_media":33748,"comment_status":"closed","ping_status":"closed","sticky":false,"template":"","format":"standard","meta":{"content-type":"","footnotes":""},"categories":[600],"tags":[],"class_list":["post-33104","post","type-post","status-publish","format-standard","has-post-thumbnail","hentry","category-off-topic-de"],"yoast_head":"<!-- This site is optimized with the Yoast SEO plugin v27.5 - https:\/\/yoast.com\/product\/yoast-seo-wordpress\/ -->\n<title>Nuestro equipo. Entrevista a Carlos Abollado - Gabitel<\/title>\n<meta name=\"robots\" content=\"index, follow, max-snippet:-1, max-image-preview:large, max-video-preview:-1\" \/>\n<link rel=\"canonical\" href=\"https:\/\/gabitel.net\/de\/nuestro-equipo-entrevista-a-carlos-abollado\/\" \/>\n<meta property=\"og:locale\" content=\"de_DE\" \/>\n<meta property=\"og:type\" content=\"article\" \/>\n<meta property=\"og:title\" content=\"Nuestro equipo. Entrevista a Carlos Abollado - Gabitel\" \/>\n<meta property=\"og:description\" content=\"Sabemos que llevas poco tiempo en Gabitel, pero nos podr\u00edas explicar en qu\u00e9 consiste tu puesto de trabajo? Me he incorporado a Gabitel a mediados de noviembre pasado. Actualmente soy el responsable de los proyectos de fibra \u00f3ptica de Gabitel en Alemania. Como estamos intentando introducirnos en el mercado alem\u00e1n, mis principales tareas consisten en [&hellip;]\" \/>\n<meta property=\"og:url\" content=\"https:\/\/gabitel.net\/de\/nuestro-equipo-entrevista-a-carlos-abollado\/\" \/>\n<meta property=\"og:site_name\" content=\"Gabitel\" \/>\n<meta property=\"article:publisher\" content=\"https:\/\/www.facebook.com\/gabitelingenieros\/\" \/>\n<meta property=\"article:published_time\" content=\"2021-02-05T13:34:23+00:00\" \/>\n<meta name=\"author\" content=\"user.autor\" \/>\n<meta name=\"twitter:card\" content=\"summary_large_image\" \/>\n<meta name=\"twitter:label1\" content=\"Verfasst von\" \/>\n\t<meta name=\"twitter:data1\" content=\"user.autor\" \/>\n\t<meta name=\"twitter:label2\" content=\"Gesch\u00e4tzte Lesezeit\" \/>\n\t<meta name=\"twitter:data2\" content=\"2\u00a0Minuten\" \/>\n<script type=\"application\/ld+json\" class=\"yoast-schema-graph\">{\"@context\":\"https:\\\/\\\/schema.org\",\"@graph\":[{\"@type\":[\"Article\",\"BlogPosting\"],\"@id\":\"https:\\\/\\\/gabitel.net\\\/de\\\/nuestro-equipo-entrevista-a-carlos-abollado\\\/#article\",\"isPartOf\":{\"@id\":\"https:\\\/\\\/gabitel.net\\\/de\\\/nuestro-equipo-entrevista-a-carlos-abollado\\\/\"},\"author\":{\"name\":\"user.autor\",\"@id\":\"https:\\\/\\\/gabitel.net\\\/de\\\/#\\\/schema\\\/person\\\/37ba53714c3fedb9c7d22f4bc781465c\"},\"headline\":\"Nuestro equipo. Entrevista a Carlos Abollado\",\"datePublished\":\"2021-02-05T13:34:23+00:00\",\"mainEntityOfPage\":{\"@id\":\"https:\\\/\\\/gabitel.net\\\/de\\\/nuestro-equipo-entrevista-a-carlos-abollado\\\/\"},\"wordCount\":415,\"publisher\":{\"@id\":\"https:\\\/\\\/gabitel.net\\\/de\\\/#organization\"},\"image\":{\"@id\":\"https:\\\/\\\/gabitel.net\\\/de\\\/nuestro-equipo-entrevista-a-carlos-abollado\\\/#primaryimage\"},\"thumbnailUrl\":\"https:\\\/\\\/gabitel.net\\\/wp-content\\\/uploads\\\/2021\\\/02\\\/1612268557545-scaled-1.jpg\",\"articleSection\":[\"Off-topic\"],\"inLanguage\":\"de\"},{\"@type\":\"WebPage\",\"@id\":\"https:\\\/\\\/gabitel.net\\\/de\\\/nuestro-equipo-entrevista-a-carlos-abollado\\\/\",\"url\":\"https:\\\/\\\/gabitel.net\\\/de\\\/nuestro-equipo-entrevista-a-carlos-abollado\\\/\",\"name\":\"Nuestro equipo. Entrevista a Carlos Abollado - Gabitel\",\"isPartOf\":{\"@id\":\"https:\\\/\\\/gabitel.net\\\/de\\\/#website\"},\"primaryImageOfPage\":{\"@id\":\"https:\\\/\\\/gabitel.net\\\/de\\\/nuestro-equipo-entrevista-a-carlos-abollado\\\/#primaryimage\"},\"image\":{\"@id\":\"https:\\\/\\\/gabitel.net\\\/de\\\/nuestro-equipo-entrevista-a-carlos-abollado\\\/#primaryimage\"},\"thumbnailUrl\":\"https:\\\/\\\/gabitel.net\\\/wp-content\\\/uploads\\\/2021\\\/02\\\/1612268557545-scaled-1.jpg\",\"datePublished\":\"2021-02-05T13:34:23+00:00\",\"breadcrumb\":{\"@id\":\"https:\\\/\\\/gabitel.net\\\/de\\\/nuestro-equipo-entrevista-a-carlos-abollado\\\/#breadcrumb\"},\"inLanguage\":\"de\",\"potentialAction\":[{\"@type\":\"ReadAction\",\"target\":[\"https:\\\/\\\/gabitel.net\\\/de\\\/nuestro-equipo-entrevista-a-carlos-abollado\\\/\"]}]},{\"@type\":\"ImageObject\",\"inLanguage\":\"de\",\"@id\":\"https:\\\/\\\/gabitel.net\\\/de\\\/nuestro-equipo-entrevista-a-carlos-abollado\\\/#primaryimage\",\"url\":\"https:\\\/\\\/gabitel.net\\\/wp-content\\\/uploads\\\/2021\\\/02\\\/1612268557545-scaled-1.jpg\",\"contentUrl\":\"https:\\\/\\\/gabitel.net\\\/wp-content\\\/uploads\\\/2021\\\/02\\\/1612268557545-scaled-1.jpg\",\"width\":2560,\"height\":1922,\"caption\":\"pablo_abollado\"},{\"@type\":\"BreadcrumbList\",\"@id\":\"https:\\\/\\\/gabitel.net\\\/de\\\/nuestro-equipo-entrevista-a-carlos-abollado\\\/#breadcrumb\",\"itemListElement\":[{\"@type\":\"ListItem\",\"position\":1,\"name\":\"Portada\",\"item\":\"https:\\\/\\\/gabitel.net\\\/de\\\/\"},{\"@type\":\"ListItem\",\"position\":2,\"name\":\"Nuestro equipo. Entrevista a Carlos Abollado\"}]},{\"@type\":\"WebSite\",\"@id\":\"https:\\\/\\\/gabitel.net\\\/de\\\/#website\",\"url\":\"https:\\\/\\\/gabitel.net\\\/de\\\/\",\"name\":\"Gabitel\",\"description\":\"\",\"publisher\":{\"@id\":\"https:\\\/\\\/gabitel.net\\\/de\\\/#organization\"},\"potentialAction\":[{\"@type\":\"SearchAction\",\"target\":{\"@type\":\"EntryPoint\",\"urlTemplate\":\"https:\\\/\\\/gabitel.net\\\/de\\\/?s={search_term_string}\"},\"query-input\":{\"@type\":\"PropertyValueSpecification\",\"valueRequired\":true,\"valueName\":\"search_term_string\"}}],\"inLanguage\":\"de\"},{\"@type\":\"Organization\",\"@id\":\"https:\\\/\\\/gabitel.net\\\/de\\\/#organization\",\"name\":\"Gabitel\",\"url\":\"https:\\\/\\\/gabitel.net\\\/de\\\/\",\"logo\":{\"@type\":\"ImageObject\",\"inLanguage\":\"de\",\"@id\":\"https:\\\/\\\/gabitel.net\\\/de\\\/#\\\/schema\\\/logo\\\/image\\\/\",\"url\":\"https:\\\/\\\/gabitel.net\\\/wp-content\\\/uploads\\\/2025\\\/05\\\/logo_gabitel.jpg\",\"contentUrl\":\"https:\\\/\\\/gabitel.net\\\/wp-content\\\/uploads\\\/2025\\\/05\\\/logo_gabitel.jpg\",\"width\":2560,\"height\":1330,\"caption\":\"Gabitel\"},\"image\":{\"@id\":\"https:\\\/\\\/gabitel.net\\\/de\\\/#\\\/schema\\\/logo\\\/image\\\/\"},\"sameAs\":[\"https:\\\/\\\/www.facebook.com\\\/gabitelingenieros\\\/\",\"https:\\\/\\\/es.linkedin.com\\\/company\\\/gabitel-ingenieros\"]},{\"@type\":\"Person\",\"@id\":\"https:\\\/\\\/gabitel.net\\\/de\\\/#\\\/schema\\\/person\\\/37ba53714c3fedb9c7d22f4bc781465c\",\"name\":\"user.autor\",\"url\":\"https:\\\/\\\/gabitel.net\\\/de\\\/author\\\/user-autor\\\/\"}]}<\/script>\n<!-- \/ Yoast SEO plugin. -->","yoast_head_json":{"title":"Nuestro equipo. Entrevista a Carlos Abollado - Gabitel","robots":{"index":"index","follow":"follow","max-snippet":"max-snippet:-1","max-image-preview":"max-image-preview:large","max-video-preview":"max-video-preview:-1"},"canonical":"https:\/\/gabitel.net\/de\/nuestro-equipo-entrevista-a-carlos-abollado\/","og_locale":"de_DE","og_type":"article","og_title":"Nuestro equipo. Entrevista a Carlos Abollado - Gabitel","og_description":"Sabemos que llevas poco tiempo en Gabitel, pero nos podr\u00edas explicar en qu\u00e9 consiste tu puesto de trabajo? Me he incorporado a Gabitel a mediados de noviembre pasado. Actualmente soy el responsable de los proyectos de fibra \u00f3ptica de Gabitel en Alemania. Como estamos intentando introducirnos en el mercado alem\u00e1n, mis principales tareas consisten en [&hellip;]","og_url":"https:\/\/gabitel.net\/de\/nuestro-equipo-entrevista-a-carlos-abollado\/","og_site_name":"Gabitel","article_publisher":"https:\/\/www.facebook.com\/gabitelingenieros\/","article_published_time":"2021-02-05T13:34:23+00:00","author":"user.autor","twitter_card":"summary_large_image","twitter_misc":{"Verfasst von":"user.autor","Gesch\u00e4tzte Lesezeit":"2\u00a0Minuten"},"schema":{"@context":"https:\/\/schema.org","@graph":[{"@type":["Article","BlogPosting"],"@id":"https:\/\/gabitel.net\/de\/nuestro-equipo-entrevista-a-carlos-abollado\/#article","isPartOf":{"@id":"https:\/\/gabitel.net\/de\/nuestro-equipo-entrevista-a-carlos-abollado\/"},"author":{"name":"user.autor","@id":"https:\/\/gabitel.net\/de\/#\/schema\/person\/37ba53714c3fedb9c7d22f4bc781465c"},"headline":"Nuestro equipo. Entrevista a Carlos Abollado","datePublished":"2021-02-05T13:34:23+00:00","mainEntityOfPage":{"@id":"https:\/\/gabitel.net\/de\/nuestro-equipo-entrevista-a-carlos-abollado\/"},"wordCount":415,"publisher":{"@id":"https:\/\/gabitel.net\/de\/#organization"},"image":{"@id":"https:\/\/gabitel.net\/de\/nuestro-equipo-entrevista-a-carlos-abollado\/#primaryimage"},"thumbnailUrl":"https:\/\/gabitel.net\/wp-content\/uploads\/2021\/02\/1612268557545-scaled-1.jpg","articleSection":["Off-topic"],"inLanguage":"de"},{"@type":"WebPage","@id":"https:\/\/gabitel.net\/de\/nuestro-equipo-entrevista-a-carlos-abollado\/","url":"https:\/\/gabitel.net\/de\/nuestro-equipo-entrevista-a-carlos-abollado\/","name":"Nuestro equipo. Entrevista a Carlos Abollado - Gabitel","isPartOf":{"@id":"https:\/\/gabitel.net\/de\/#website"},"primaryImageOfPage":{"@id":"https:\/\/gabitel.net\/de\/nuestro-equipo-entrevista-a-carlos-abollado\/#primaryimage"},"image":{"@id":"https:\/\/gabitel.net\/de\/nuestro-equipo-entrevista-a-carlos-abollado\/#primaryimage"},"thumbnailUrl":"https:\/\/gabitel.net\/wp-content\/uploads\/2021\/02\/1612268557545-scaled-1.jpg","datePublished":"2021-02-05T13:34:23+00:00","breadcrumb":{"@id":"https:\/\/gabitel.net\/de\/nuestro-equipo-entrevista-a-carlos-abollado\/#breadcrumb"},"inLanguage":"de","potentialAction":[{"@type":"ReadAction","target":["https:\/\/gabitel.net\/de\/nuestro-equipo-entrevista-a-carlos-abollado\/"]}]},{"@type":"ImageObject","inLanguage":"de","@id":"https:\/\/gabitel.net\/de\/nuestro-equipo-entrevista-a-carlos-abollado\/#primaryimage","url":"https:\/\/gabitel.net\/wp-content\/uploads\/2021\/02\/1612268557545-scaled-1.jpg","contentUrl":"https:\/\/gabitel.net\/wp-content\/uploads\/2021\/02\/1612268557545-scaled-1.jpg","width":2560,"height":1922,"caption":"pablo_abollado"},{"@type":"BreadcrumbList","@id":"https:\/\/gabitel.net\/de\/nuestro-equipo-entrevista-a-carlos-abollado\/#breadcrumb","itemListElement":[{"@type":"ListItem","position":1,"name":"Portada","item":"https:\/\/gabitel.net\/de\/"},{"@type":"ListItem","position":2,"name":"Nuestro equipo. Entrevista a Carlos Abollado"}]},{"@type":"WebSite","@id":"https:\/\/gabitel.net\/de\/#website","url":"https:\/\/gabitel.net\/de\/","name":"Gabitel","description":"","publisher":{"@id":"https:\/\/gabitel.net\/de\/#organization"},"potentialAction":[{"@type":"SearchAction","target":{"@type":"EntryPoint","urlTemplate":"https:\/\/gabitel.net\/de\/?s={search_term_string}"},"query-input":{"@type":"PropertyValueSpecification","valueRequired":true,"valueName":"search_term_string"}}],"inLanguage":"de"},{"@type":"Organization","@id":"https:\/\/gabitel.net\/de\/#organization","name":"Gabitel","url":"https:\/\/gabitel.net\/de\/","logo":{"@type":"ImageObject","inLanguage":"de","@id":"https:\/\/gabitel.net\/de\/#\/schema\/logo\/image\/","url":"https:\/\/gabitel.net\/wp-content\/uploads\/2025\/05\/logo_gabitel.jpg","contentUrl":"https:\/\/gabitel.net\/wp-content\/uploads\/2025\/05\/logo_gabitel.jpg","width":2560,"height":1330,"caption":"Gabitel"},"image":{"@id":"https:\/\/gabitel.net\/de\/#\/schema\/logo\/image\/"},"sameAs":["https:\/\/www.facebook.com\/gabitelingenieros\/","https:\/\/es.linkedin.com\/company\/gabitel-ingenieros"]},{"@type":"Person","@id":"https:\/\/gabitel.net\/de\/#\/schema\/person\/37ba53714c3fedb9c7d22f4bc781465c","name":"user.autor","url":"https:\/\/gabitel.net\/de\/author\/user-autor\/"}]}},"_links":{"self":[{"href":"https:\/\/gabitel.net\/de\/wp-json\/wp\/v2\/posts\/33104","targetHints":{"allow":["GET"]}}],"collection":[{"href":"https:\/\/gabitel.net\/de\/wp-json\/wp\/v2\/posts"}],"about":[{"href":"https:\/\/gabitel.net\/de\/wp-json\/wp\/v2\/types\/post"}],"author":[{"embeddable":true,"href":"https:\/\/gabitel.net\/de\/wp-json\/wp\/v2\/users\/3"}],"replies":[{"embeddable":true,"href":"https:\/\/gabitel.net\/de\/wp-json\/wp\/v2\/comments?post=33104"}],"version-history":[{"count":0,"href":"https:\/\/gabitel.net\/de\/wp-json\/wp\/v2\/posts\/33104\/revisions"}],"wp:featuredmedia":[{"embeddable":true,"href":"https:\/\/gabitel.net\/de\/wp-json\/wp\/v2\/media\/33748"}],"wp:attachment":[{"href":"https:\/\/gabitel.net\/de\/wp-json\/wp\/v2\/media?parent=33104"}],"wp:term":[{"taxonomy":"category","embeddable":true,"href":"https:\/\/gabitel.net\/de\/wp-json\/wp\/v2\/categories?post=33104"},{"taxonomy":"post_tag","embeddable":true,"href":"https:\/\/gabitel.net\/de\/wp-json\/wp\/v2\/tags?post=33104"}],"curies":[{"name":"wp","href":"https:\/\/api.w.org\/{rel}","templated":true}]}}