{"id":33118,"date":"2021-01-26T13:20:39","date_gmt":"2021-01-26T12:20:39","guid":{"rendered":"https:\/\/gabitel.net\/feliz-dia-de-la-educacion-ambiental-2\/"},"modified":"2021-01-26T13:20:39","modified_gmt":"2021-01-26T12:20:39","slug":"feliz-dia-de-la-educacion-ambiental-2","status":"publish","type":"post","link":"https:\/\/gabitel.net\/de\/feliz-dia-de-la-educacion-ambiental-2\/","title":{"rendered":"Feliz D\u00eda de la Educaci\u00f3n Ambiental"},"content":{"rendered":"<p style=\"text-align: justify;\">Desde sus or\u00edgenes, Gabitel Ingenieros ha contado un equipo multidisciplinar en el que se incluye un Departamento de Medioambiente, que contribuye a que nuestros proyectos sean m\u00e1s sostenibles y respetuosos con el medio ambiente, aportando las mejores soluciones t\u00e9cnicas a nuestros clientes.<\/p>\n<p style=\"text-align: justify;\">En nuestra pol\u00edtica ambiental, hemos plasmado nuestro compromiso con la protecci\u00f3n del medio ambiente, y la prevenci\u00f3n y reducci\u00f3n de la contaminaci\u00f3n. Queremos hacer este compromiso efectivo, dando un paso m\u00e1s y contribuir a los objetivos de la educaci\u00f3n ambiental con una serie de publicaciones que nuestras compa\u00f1eras del departamento de medio ambiente ir\u00e1n realizando peri\u00f3dicamente.<\/p>\n<p style=\"text-align: justify;\">Y que mejor d\u00eda que hoy para comenzar esta secci\u00f3n. Hoy se celebra el d\u00eda de la educaci\u00f3n ambiental. Esta d\u00eda mundial tiene su origen en la Conferencia de las Naciones Unidas sobre el Medio Ambiente celebrada en Estocolmo en junio de 1972 cuyo resultado fue tres a\u00f1os despu\u00e9s,\u00a0 la publicaci\u00f3n de la Carta de Belgrado, en la que se plasman las reivindicaciones fundamentales de la educaci\u00f3n ambiental<\/p>\n<p style=\"text-align: justify;\"><em>La Carta de Belgrado establece como meta de la Educaci\u00f3n Ambiental \u201cformar una poblaci\u00f3n mundial consciente y preocupada con el medio ambiente y con los problemas asociados, y q<\/em><em>ue tenga conocimiento, aptitud, actitud, motivaci\u00f3n y compromiso para trabajar individual y colectivamente en la b\u00fasqueda de soluciones para los problemas existentes y para prevenir nuevos\u201d.<\/em><\/p>\n<p style=\"text-align: justify;\">A menudo sentimos que hay tantos problemas ambientales son muy complejos y que nuestras acciones individuales no aportan nada a la solucionarlos. Pero precisamente son nuestras acciones individuales las que pueden poner soluci\u00f3n a muchos de estos problemas. En esta serie de publicaciones os demostraremos como la soluci\u00f3n a los distintos problemas ambientales est\u00e1 en mano de todos de forma sencilla y asequible.<\/p>\n<p style=\"text-align: justify;\">Nuestra siguiente publicaci\u00f3n ser\u00e1 el pr\u00f3ximo d\u00eda 28 de enero, d\u00eda mundial para la reducci\u00f3n de emisiones de CO<sub>2<\/sub>.<\/p>\n<p style=\"text-align: justify;\">Estad atento a nuestras redes sociales, y no olvid\u00e9is la m\u00e1xima de la educaci\u00f3n ambiental: \u00a1piensa globalmente, act\u00faa localmente!<\/p>\n<p style=\"text-align: justify;\"><em><strong>#EA26<\/strong><\/em>,<\/p>\n","protected":false},"excerpt":{"rendered":"<p>Desde sus or\u00edgenes, Gabitel Ingenieros ha contado un equipo multidisciplinar en el que se incluye un Departamento de Medioambiente, que contribuye a que nuestros proyectos sean m\u00e1s sostenibles y respetuosos con el medio ambiente, aportando las mejores soluciones t\u00e9cnicas a nuestros clientes. En nuestra pol\u00edtica ambiental, hemos plasmado nuestro compromiso con la protecci\u00f3n del medio [&hellip;]<\/p>\n","protected":false},"author":3,"featured_media":33726,"comment_status":"closed","ping_status":"closed","sticky":false,"template":"","format":"standard","meta":{"content-type":"","footnotes":""},"categories":[600],"tags":[],"class_list":["post-33118","post","type-post","status-publish","format-standard","has-post-thumbnail","hentry","category-off-topic-de"],"yoast_head":"<!-- This site is optimized with the Yoast SEO plugin v27.5 - https:\/\/yoast.com\/product\/yoast-seo-wordpress\/ -->\n<title>Feliz D\u00eda de la Educaci\u00f3n Ambiental - Gabitel<\/title>\n<meta name=\"robots\" content=\"index, follow, max-snippet:-1, max-image-preview:large, max-video-preview:-1\" \/>\n<link rel=\"canonical\" href=\"https:\/\/gabitel.net\/de\/feliz-dia-de-la-educacion-ambiental-2\/\" \/>\n<meta property=\"og:locale\" content=\"de_DE\" \/>\n<meta property=\"og:type\" content=\"article\" \/>\n<meta property=\"og:title\" content=\"Feliz D\u00eda de la Educaci\u00f3n Ambiental - Gabitel\" \/>\n<meta property=\"og:description\" content=\"Desde sus or\u00edgenes, Gabitel Ingenieros ha contado un equipo multidisciplinar en el que se incluye un Departamento de Medioambiente, que contribuye a que nuestros proyectos sean m\u00e1s sostenibles y respetuosos con el medio ambiente, aportando las mejores soluciones t\u00e9cnicas a nuestros clientes. En nuestra pol\u00edtica ambiental, hemos plasmado nuestro compromiso con la protecci\u00f3n del medio [&hellip;]\" \/>\n<meta property=\"og:url\" content=\"https:\/\/gabitel.net\/de\/feliz-dia-de-la-educacion-ambiental-2\/\" \/>\n<meta property=\"og:site_name\" content=\"Gabitel\" \/>\n<meta property=\"article:publisher\" content=\"https:\/\/www.facebook.com\/gabitelingenieros\/\" \/>\n<meta property=\"article:published_time\" content=\"2021-01-26T12:20:39+00:00\" \/>\n<meta name=\"author\" content=\"user.autor\" \/>\n<meta name=\"twitter:card\" content=\"summary_large_image\" \/>\n<meta name=\"twitter:label1\" content=\"Verfasst von\" \/>\n\t<meta name=\"twitter:data1\" content=\"user.autor\" \/>\n\t<meta name=\"twitter:label2\" content=\"Gesch\u00e4tzte Lesezeit\" \/>\n\t<meta name=\"twitter:data2\" content=\"2\u00a0Minuten\" \/>\n<script type=\"application\/ld+json\" class=\"yoast-schema-graph\">{\"@context\":\"https:\\\/\\\/schema.org\",\"@graph\":[{\"@type\":[\"Article\",\"BlogPosting\"],\"@id\":\"https:\\\/\\\/gabitel.net\\\/de\\\/feliz-dia-de-la-educacion-ambiental-2\\\/#article\",\"isPartOf\":{\"@id\":\"https:\\\/\\\/gabitel.net\\\/de\\\/feliz-dia-de-la-educacion-ambiental-2\\\/\"},\"author\":{\"name\":\"user.autor\",\"@id\":\"https:\\\/\\\/gabitel.net\\\/de\\\/#\\\/schema\\\/person\\\/37ba53714c3fedb9c7d22f4bc781465c\"},\"headline\":\"Feliz D\u00eda de la Educaci\u00f3n Ambiental\",\"datePublished\":\"2021-01-26T12:20:39+00:00\",\"mainEntityOfPage\":{\"@id\":\"https:\\\/\\\/gabitel.net\\\/de\\\/feliz-dia-de-la-educacion-ambiental-2\\\/\"},\"wordCount\":366,\"publisher\":{\"@id\":\"https:\\\/\\\/gabitel.net\\\/de\\\/#organization\"},\"image\":{\"@id\":\"https:\\\/\\\/gabitel.net\\\/de\\\/feliz-dia-de-la-educacion-ambiental-2\\\/#primaryimage\"},\"thumbnailUrl\":\"https:\\\/\\\/gabitel.net\\\/wp-content\\\/uploads\\\/2021\\\/01\\\/enviroment-1-scaled-1.jpg\",\"articleSection\":[\"Off-topic\"],\"inLanguage\":\"de\"},{\"@type\":\"WebPage\",\"@id\":\"https:\\\/\\\/gabitel.net\\\/de\\\/feliz-dia-de-la-educacion-ambiental-2\\\/\",\"url\":\"https:\\\/\\\/gabitel.net\\\/de\\\/feliz-dia-de-la-educacion-ambiental-2\\\/\",\"name\":\"Feliz D\u00eda de la Educaci\u00f3n Ambiental - Gabitel\",\"isPartOf\":{\"@id\":\"https:\\\/\\\/gabitel.net\\\/de\\\/#website\"},\"primaryImageOfPage\":{\"@id\":\"https:\\\/\\\/gabitel.net\\\/de\\\/feliz-dia-de-la-educacion-ambiental-2\\\/#primaryimage\"},\"image\":{\"@id\":\"https:\\\/\\\/gabitel.net\\\/de\\\/feliz-dia-de-la-educacion-ambiental-2\\\/#primaryimage\"},\"thumbnailUrl\":\"https:\\\/\\\/gabitel.net\\\/wp-content\\\/uploads\\\/2021\\\/01\\\/enviroment-1-scaled-1.jpg\",\"datePublished\":\"2021-01-26T12:20:39+00:00\",\"breadcrumb\":{\"@id\":\"https:\\\/\\\/gabitel.net\\\/de\\\/feliz-dia-de-la-educacion-ambiental-2\\\/#breadcrumb\"},\"inLanguage\":\"de\",\"potentialAction\":[{\"@type\":\"ReadAction\",\"target\":[\"https:\\\/\\\/gabitel.net\\\/de\\\/feliz-dia-de-la-educacion-ambiental-2\\\/\"]}]},{\"@type\":\"ImageObject\",\"inLanguage\":\"de\",\"@id\":\"https:\\\/\\\/gabitel.net\\\/de\\\/feliz-dia-de-la-educacion-ambiental-2\\\/#primaryimage\",\"url\":\"https:\\\/\\\/gabitel.net\\\/wp-content\\\/uploads\\\/2021\\\/01\\\/enviroment-1-scaled-1.jpg\",\"contentUrl\":\"https:\\\/\\\/gabitel.net\\\/wp-content\\\/uploads\\\/2021\\\/01\\\/enviroment-1-scaled-1.jpg\",\"width\":2560,\"height\":1709,\"caption\":\"Planta_creciendo_dentro_de_bombilla_en_la_tierra\"},{\"@type\":\"BreadcrumbList\",\"@id\":\"https:\\\/\\\/gabitel.net\\\/de\\\/feliz-dia-de-la-educacion-ambiental-2\\\/#breadcrumb\",\"itemListElement\":[{\"@type\":\"ListItem\",\"position\":1,\"name\":\"Portada\",\"item\":\"https:\\\/\\\/gabitel.net\\\/de\\\/\"},{\"@type\":\"ListItem\",\"position\":2,\"name\":\"Feliz D\u00eda de la Educaci\u00f3n Ambiental\"}]},{\"@type\":\"WebSite\",\"@id\":\"https:\\\/\\\/gabitel.net\\\/de\\\/#website\",\"url\":\"https:\\\/\\\/gabitel.net\\\/de\\\/\",\"name\":\"Gabitel\",\"description\":\"\",\"publisher\":{\"@id\":\"https:\\\/\\\/gabitel.net\\\/de\\\/#organization\"},\"potentialAction\":[{\"@type\":\"SearchAction\",\"target\":{\"@type\":\"EntryPoint\",\"urlTemplate\":\"https:\\\/\\\/gabitel.net\\\/de\\\/?s={search_term_string}\"},\"query-input\":{\"@type\":\"PropertyValueSpecification\",\"valueRequired\":true,\"valueName\":\"search_term_string\"}}],\"inLanguage\":\"de\"},{\"@type\":\"Organization\",\"@id\":\"https:\\\/\\\/gabitel.net\\\/de\\\/#organization\",\"name\":\"Gabitel\",\"url\":\"https:\\\/\\\/gabitel.net\\\/de\\\/\",\"logo\":{\"@type\":\"ImageObject\",\"inLanguage\":\"de\",\"@id\":\"https:\\\/\\\/gabitel.net\\\/de\\\/#\\\/schema\\\/logo\\\/image\\\/\",\"url\":\"https:\\\/\\\/gabitel.net\\\/wp-content\\\/uploads\\\/2025\\\/05\\\/logo_gabitel.jpg\",\"contentUrl\":\"https:\\\/\\\/gabitel.net\\\/wp-content\\\/uploads\\\/2025\\\/05\\\/logo_gabitel.jpg\",\"width\":2560,\"height\":1330,\"caption\":\"Gabitel\"},\"image\":{\"@id\":\"https:\\\/\\\/gabitel.net\\\/de\\\/#\\\/schema\\\/logo\\\/image\\\/\"},\"sameAs\":[\"https:\\\/\\\/www.facebook.com\\\/gabitelingenieros\\\/\",\"https:\\\/\\\/es.linkedin.com\\\/company\\\/gabitel-ingenieros\"]},{\"@type\":\"Person\",\"@id\":\"https:\\\/\\\/gabitel.net\\\/de\\\/#\\\/schema\\\/person\\\/37ba53714c3fedb9c7d22f4bc781465c\",\"name\":\"user.autor\",\"url\":\"https:\\\/\\\/gabitel.net\\\/de\\\/author\\\/user-autor\\\/\"}]}<\/script>\n<!-- \/ Yoast SEO plugin. -->","yoast_head_json":{"title":"Feliz D\u00eda de la Educaci\u00f3n Ambiental - Gabitel","robots":{"index":"index","follow":"follow","max-snippet":"max-snippet:-1","max-image-preview":"max-image-preview:large","max-video-preview":"max-video-preview:-1"},"canonical":"https:\/\/gabitel.net\/de\/feliz-dia-de-la-educacion-ambiental-2\/","og_locale":"de_DE","og_type":"article","og_title":"Feliz D\u00eda de la Educaci\u00f3n Ambiental - Gabitel","og_description":"Desde sus or\u00edgenes, Gabitel Ingenieros ha contado un equipo multidisciplinar en el que se incluye un Departamento de Medioambiente, que contribuye a que nuestros proyectos sean m\u00e1s sostenibles y respetuosos con el medio ambiente, aportando las mejores soluciones t\u00e9cnicas a nuestros clientes. En nuestra pol\u00edtica ambiental, hemos plasmado nuestro compromiso con la protecci\u00f3n del medio [&hellip;]","og_url":"https:\/\/gabitel.net\/de\/feliz-dia-de-la-educacion-ambiental-2\/","og_site_name":"Gabitel","article_publisher":"https:\/\/www.facebook.com\/gabitelingenieros\/","article_published_time":"2021-01-26T12:20:39+00:00","author":"user.autor","twitter_card":"summary_large_image","twitter_misc":{"Verfasst von":"user.autor","Gesch\u00e4tzte Lesezeit":"2\u00a0Minuten"},"schema":{"@context":"https:\/\/schema.org","@graph":[{"@type":["Article","BlogPosting"],"@id":"https:\/\/gabitel.net\/de\/feliz-dia-de-la-educacion-ambiental-2\/#article","isPartOf":{"@id":"https:\/\/gabitel.net\/de\/feliz-dia-de-la-educacion-ambiental-2\/"},"author":{"name":"user.autor","@id":"https:\/\/gabitel.net\/de\/#\/schema\/person\/37ba53714c3fedb9c7d22f4bc781465c"},"headline":"Feliz D\u00eda de la Educaci\u00f3n Ambiental","datePublished":"2021-01-26T12:20:39+00:00","mainEntityOfPage":{"@id":"https:\/\/gabitel.net\/de\/feliz-dia-de-la-educacion-ambiental-2\/"},"wordCount":366,"publisher":{"@id":"https:\/\/gabitel.net\/de\/#organization"},"image":{"@id":"https:\/\/gabitel.net\/de\/feliz-dia-de-la-educacion-ambiental-2\/#primaryimage"},"thumbnailUrl":"https:\/\/gabitel.net\/wp-content\/uploads\/2021\/01\/enviroment-1-scaled-1.jpg","articleSection":["Off-topic"],"inLanguage":"de"},{"@type":"WebPage","@id":"https:\/\/gabitel.net\/de\/feliz-dia-de-la-educacion-ambiental-2\/","url":"https:\/\/gabitel.net\/de\/feliz-dia-de-la-educacion-ambiental-2\/","name":"Feliz D\u00eda de la Educaci\u00f3n Ambiental - Gabitel","isPartOf":{"@id":"https:\/\/gabitel.net\/de\/#website"},"primaryImageOfPage":{"@id":"https:\/\/gabitel.net\/de\/feliz-dia-de-la-educacion-ambiental-2\/#primaryimage"},"image":{"@id":"https:\/\/gabitel.net\/de\/feliz-dia-de-la-educacion-ambiental-2\/#primaryimage"},"thumbnailUrl":"https:\/\/gabitel.net\/wp-content\/uploads\/2021\/01\/enviroment-1-scaled-1.jpg","datePublished":"2021-01-26T12:20:39+00:00","breadcrumb":{"@id":"https:\/\/gabitel.net\/de\/feliz-dia-de-la-educacion-ambiental-2\/#breadcrumb"},"inLanguage":"de","potentialAction":[{"@type":"ReadAction","target":["https:\/\/gabitel.net\/de\/feliz-dia-de-la-educacion-ambiental-2\/"]}]},{"@type":"ImageObject","inLanguage":"de","@id":"https:\/\/gabitel.net\/de\/feliz-dia-de-la-educacion-ambiental-2\/#primaryimage","url":"https:\/\/gabitel.net\/wp-content\/uploads\/2021\/01\/enviroment-1-scaled-1.jpg","contentUrl":"https:\/\/gabitel.net\/wp-content\/uploads\/2021\/01\/enviroment-1-scaled-1.jpg","width":2560,"height":1709,"caption":"Planta_creciendo_dentro_de_bombilla_en_la_tierra"},{"@type":"BreadcrumbList","@id":"https:\/\/gabitel.net\/de\/feliz-dia-de-la-educacion-ambiental-2\/#breadcrumb","itemListElement":[{"@type":"ListItem","position":1,"name":"Portada","item":"https:\/\/gabitel.net\/de\/"},{"@type":"ListItem","position":2,"name":"Feliz D\u00eda de la Educaci\u00f3n Ambiental"}]},{"@type":"WebSite","@id":"https:\/\/gabitel.net\/de\/#website","url":"https:\/\/gabitel.net\/de\/","name":"Gabitel","description":"","publisher":{"@id":"https:\/\/gabitel.net\/de\/#organization"},"potentialAction":[{"@type":"SearchAction","target":{"@type":"EntryPoint","urlTemplate":"https:\/\/gabitel.net\/de\/?s={search_term_string}"},"query-input":{"@type":"PropertyValueSpecification","valueRequired":true,"valueName":"search_term_string"}}],"inLanguage":"de"},{"@type":"Organization","@id":"https:\/\/gabitel.net\/de\/#organization","name":"Gabitel","url":"https:\/\/gabitel.net\/de\/","logo":{"@type":"ImageObject","inLanguage":"de","@id":"https:\/\/gabitel.net\/de\/#\/schema\/logo\/image\/","url":"https:\/\/gabitel.net\/wp-content\/uploads\/2025\/05\/logo_gabitel.jpg","contentUrl":"https:\/\/gabitel.net\/wp-content\/uploads\/2025\/05\/logo_gabitel.jpg","width":2560,"height":1330,"caption":"Gabitel"},"image":{"@id":"https:\/\/gabitel.net\/de\/#\/schema\/logo\/image\/"},"sameAs":["https:\/\/www.facebook.com\/gabitelingenieros\/","https:\/\/es.linkedin.com\/company\/gabitel-ingenieros"]},{"@type":"Person","@id":"https:\/\/gabitel.net\/de\/#\/schema\/person\/37ba53714c3fedb9c7d22f4bc781465c","name":"user.autor","url":"https:\/\/gabitel.net\/de\/author\/user-autor\/"}]}},"_links":{"self":[{"href":"https:\/\/gabitel.net\/de\/wp-json\/wp\/v2\/posts\/33118","targetHints":{"allow":["GET"]}}],"collection":[{"href":"https:\/\/gabitel.net\/de\/wp-json\/wp\/v2\/posts"}],"about":[{"href":"https:\/\/gabitel.net\/de\/wp-json\/wp\/v2\/types\/post"}],"author":[{"embeddable":true,"href":"https:\/\/gabitel.net\/de\/wp-json\/wp\/v2\/users\/3"}],"replies":[{"embeddable":true,"href":"https:\/\/gabitel.net\/de\/wp-json\/wp\/v2\/comments?post=33118"}],"version-history":[{"count":0,"href":"https:\/\/gabitel.net\/de\/wp-json\/wp\/v2\/posts\/33118\/revisions"}],"wp:featuredmedia":[{"embeddable":true,"href":"https:\/\/gabitel.net\/de\/wp-json\/wp\/v2\/media\/33726"}],"wp:attachment":[{"href":"https:\/\/gabitel.net\/de\/wp-json\/wp\/v2\/media?parent=33118"}],"wp:term":[{"taxonomy":"category","embeddable":true,"href":"https:\/\/gabitel.net\/de\/wp-json\/wp\/v2\/categories?post=33118"},{"taxonomy":"post_tag","embeddable":true,"href":"https:\/\/gabitel.net\/de\/wp-json\/wp\/v2\/tags?post=33118"}],"curies":[{"name":"wp","href":"https:\/\/api.w.org\/{rel}","templated":true}]}}