{"id":33120,"date":"2021-01-08T10:03:06","date_gmt":"2021-01-08T09:03:06","guid":{"rendered":"https:\/\/gabitel.net\/proyecto-de-red-electrica-de-espana\/"},"modified":"2021-01-08T10:03:06","modified_gmt":"2021-01-08T09:03:06","slug":"proyecto-de-red-electrica-de-espana","status":"publish","type":"post","link":"https:\/\/gabitel.net\/de\/proyecto-de-red-electrica-de-espana\/","title":{"rendered":"Proyecto de Red El\u00e9ctrica de Espa\u00f1a"},"content":{"rendered":"<p style=\"text-align: justify;\">Los drones son aeronaves que vuelan sin tripulaci\u00f3n. Aunque historicamente tras su aparici\u00f3n se emple\u00f3 este t\u00e9rmino\u00a0principalmente para veh\u00edculos no tripulados de uso militar que ten\u00edan forma de avi\u00f3n, en los \u00faltimos tiempos este tipo de aparatos se han desarrollado ampliamente, apareciendo\u00a0numerosos modelos con formas y funcionalidades muy diferentes. Actualmente estamos acostumbrados a ver este tipo de aparatos colaborando con campos tan distintos como pueden ser la cinematograf\u00eda o el salvamento de personas.<\/p>\n<p style=\"text-align: justify;\">Dado el af\u00e1n de Gabitel Ingenieros por mantenerse\u00a0a la vanguardia en el desarrollo tecnol\u00f3gico, hemos considerado que era necesario incorporar los drones a aquellas metodolog\u00edas de trabajo en las que mayores ventajas ofrecen, teniendo en cuenta el gran potencial que poseen.<\/p>\n<p style=\"text-align: justify;\">Por esta raz\u00f3n hace algunas semanas parte de personal fue formado en el\u00a0Curso Oficial de Piloto Profesional de Drones.\u00a0Gracias a este t\u00edtulo podremos emplear esta herramienta para facilitar\u00a0trabajos de ingenier\u00eda de todo tipo (industrial, energ\u00e9tica, agroalimentaria&#8230;) consiguiendo aproximarnos a puntos poco accesibles, reduciendo riesgos y accidentes laborales, obteniendo gran precisi\u00f3n en los resultados y mayor rapidez en la toma de datos, lo que repercute en un trabajo de mayor calidad.\u00a0<\/p>\n<p style=\"text-align: justify;\">\u00a0<\/p>\n<p><img decoding=\"async\" src=\"https:\/\/gabitelingenieros.com\/wp-content\/uploads\/2017\/02\/2016-11-03-PHOTO-00000447-1.jpg\" alt=\"Imagen relacionada con 'Proyecto de Red El\u00e9ctrica de Espa\u00f1a' | Gabitel Ingenieros\" \/> <\/p>\n<p><img decoding=\"async\" src=\"https:\/\/gabitelingenieros.com\/wp-content\/uploads\/2017\/02\/2016-11-03-PHOTO-00000444-1.jpg\" alt=\"Imagen relacionada con 'Proyecto de Red El\u00e9ctrica de Espa\u00f1a' | Gabitel Ingenieros\" \/> <\/p>\n","protected":false},"excerpt":{"rendered":"<p>Los drones son aeronaves que vuelan sin tripulaci\u00f3n. Aunque historicamente tras su aparici\u00f3n se emple\u00f3 este t\u00e9rmino\u00a0principalmente para veh\u00edculos no tripulados de uso militar que ten\u00edan forma de avi\u00f3n, en los \u00faltimos tiempos este tipo de aparatos se han desarrollado ampliamente, apareciendo\u00a0numerosos modelos con formas y funcionalidades muy diferentes. Actualmente estamos acostumbrados a ver este [&hellip;]<\/p>\n","protected":false},"author":3,"featured_media":33714,"comment_status":"closed","ping_status":"closed","sticky":false,"template":"","format":"standard","meta":{"content-type":"","footnotes":""},"categories":[600],"tags":[],"class_list":["post-33120","post","type-post","status-publish","format-standard","has-post-thumbnail","hentry","category-off-topic-de"],"yoast_head":"<!-- This site is optimized with the Yoast SEO plugin v27.5 - https:\/\/yoast.com\/product\/yoast-seo-wordpress\/ -->\n<title>Proyecto de Red El\u00e9ctrica de Espa\u00f1a - Gabitel<\/title>\n<meta name=\"robots\" content=\"index, follow, max-snippet:-1, max-image-preview:large, max-video-preview:-1\" \/>\n<link rel=\"canonical\" href=\"https:\/\/gabitel.net\/de\/proyecto-de-red-electrica-de-espana\/\" \/>\n<meta property=\"og:locale\" content=\"de_DE\" \/>\n<meta property=\"og:type\" content=\"article\" \/>\n<meta property=\"og:title\" content=\"Proyecto de Red El\u00e9ctrica de Espa\u00f1a - Gabitel\" \/>\n<meta property=\"og:description\" content=\"Los drones son aeronaves que vuelan sin tripulaci\u00f3n. Aunque historicamente tras su aparici\u00f3n se emple\u00f3 este t\u00e9rmino\u00a0principalmente para veh\u00edculos no tripulados de uso militar que ten\u00edan forma de avi\u00f3n, en los \u00faltimos tiempos este tipo de aparatos se han desarrollado ampliamente, apareciendo\u00a0numerosos modelos con formas y funcionalidades muy diferentes. Actualmente estamos acostumbrados a ver este [&hellip;]\" \/>\n<meta property=\"og:url\" content=\"https:\/\/gabitel.net\/de\/proyecto-de-red-electrica-de-espana\/\" \/>\n<meta property=\"og:site_name\" content=\"Gabitel\" \/>\n<meta property=\"article:publisher\" content=\"https:\/\/www.facebook.com\/gabitelingenieros\/\" \/>\n<meta property=\"article:published_time\" content=\"2021-01-08T09:03:06+00:00\" \/>\n<meta property=\"og:image\" content=\"https:\/\/gabitelingenieros.com\/wp-content\/uploads\/2017\/02\/2016-11-03-PHOTO-00000447-1.jpg\" \/>\n<meta name=\"author\" content=\"user.autor\" \/>\n<meta name=\"twitter:card\" content=\"summary_large_image\" \/>\n<meta name=\"twitter:label1\" content=\"Verfasst von\" \/>\n\t<meta name=\"twitter:data1\" content=\"user.autor\" \/>\n\t<meta name=\"twitter:label2\" content=\"Gesch\u00e4tzte Lesezeit\" \/>\n\t<meta name=\"twitter:data2\" content=\"1\u00a0Minute\" \/>\n<script type=\"application\/ld+json\" class=\"yoast-schema-graph\">{\"@context\":\"https:\\\/\\\/schema.org\",\"@graph\":[{\"@type\":[\"Article\",\"BlogPosting\"],\"@id\":\"https:\\\/\\\/gabitel.net\\\/de\\\/proyecto-de-red-electrica-de-espana\\\/#article\",\"isPartOf\":{\"@id\":\"https:\\\/\\\/gabitel.net\\\/de\\\/proyecto-de-red-electrica-de-espana\\\/\"},\"author\":{\"name\":\"user.autor\",\"@id\":\"https:\\\/\\\/gabitel.net\\\/de\\\/#\\\/schema\\\/person\\\/37ba53714c3fedb9c7d22f4bc781465c\"},\"headline\":\"Proyecto de Red El\u00e9ctrica de Espa\u00f1a\",\"datePublished\":\"2021-01-08T09:03:06+00:00\",\"mainEntityOfPage\":{\"@id\":\"https:\\\/\\\/gabitel.net\\\/de\\\/proyecto-de-red-electrica-de-espana\\\/\"},\"wordCount\":213,\"publisher\":{\"@id\":\"https:\\\/\\\/gabitel.net\\\/de\\\/#organization\"},\"image\":{\"@id\":\"https:\\\/\\\/gabitel.net\\\/de\\\/proyecto-de-red-electrica-de-espana\\\/#primaryimage\"},\"thumbnailUrl\":\"https:\\\/\\\/gabitel.net\\\/wp-content\\\/uploads\\\/2021\\\/01\\\/3d-drone-flying-above-sunset-sea-min-scaled-1.jpg\",\"articleSection\":[\"Off-topic\"],\"inLanguage\":\"de\"},{\"@type\":\"WebPage\",\"@id\":\"https:\\\/\\\/gabitel.net\\\/de\\\/proyecto-de-red-electrica-de-espana\\\/\",\"url\":\"https:\\\/\\\/gabitel.net\\\/de\\\/proyecto-de-red-electrica-de-espana\\\/\",\"name\":\"Proyecto de Red El\u00e9ctrica de Espa\u00f1a - Gabitel\",\"isPartOf\":{\"@id\":\"https:\\\/\\\/gabitel.net\\\/de\\\/#website\"},\"primaryImageOfPage\":{\"@id\":\"https:\\\/\\\/gabitel.net\\\/de\\\/proyecto-de-red-electrica-de-espana\\\/#primaryimage\"},\"image\":{\"@id\":\"https:\\\/\\\/gabitel.net\\\/de\\\/proyecto-de-red-electrica-de-espana\\\/#primaryimage\"},\"thumbnailUrl\":\"https:\\\/\\\/gabitel.net\\\/wp-content\\\/uploads\\\/2021\\\/01\\\/3d-drone-flying-above-sunset-sea-min-scaled-1.jpg\",\"datePublished\":\"2021-01-08T09:03:06+00:00\",\"breadcrumb\":{\"@id\":\"https:\\\/\\\/gabitel.net\\\/de\\\/proyecto-de-red-electrica-de-espana\\\/#breadcrumb\"},\"inLanguage\":\"de\",\"potentialAction\":[{\"@type\":\"ReadAction\",\"target\":[\"https:\\\/\\\/gabitel.net\\\/de\\\/proyecto-de-red-electrica-de-espana\\\/\"]}]},{\"@type\":\"ImageObject\",\"inLanguage\":\"de\",\"@id\":\"https:\\\/\\\/gabitel.net\\\/de\\\/proyecto-de-red-electrica-de-espana\\\/#primaryimage\",\"url\":\"https:\\\/\\\/gabitel.net\\\/wp-content\\\/uploads\\\/2021\\\/01\\\/3d-drone-flying-above-sunset-sea-min-scaled-1.jpg\",\"contentUrl\":\"https:\\\/\\\/gabitel.net\\\/wp-content\\\/uploads\\\/2021\\\/01\\\/3d-drone-flying-above-sunset-sea-min-scaled-1.jpg\",\"width\":2560,\"height\":1600,\"caption\":\"dron_red_electrica\"},{\"@type\":\"BreadcrumbList\",\"@id\":\"https:\\\/\\\/gabitel.net\\\/de\\\/proyecto-de-red-electrica-de-espana\\\/#breadcrumb\",\"itemListElement\":[{\"@type\":\"ListItem\",\"position\":1,\"name\":\"Portada\",\"item\":\"https:\\\/\\\/gabitel.net\\\/de\\\/\"},{\"@type\":\"ListItem\",\"position\":2,\"name\":\"Proyecto de Red El\u00e9ctrica de Espa\u00f1a\"}]},{\"@type\":\"WebSite\",\"@id\":\"https:\\\/\\\/gabitel.net\\\/de\\\/#website\",\"url\":\"https:\\\/\\\/gabitel.net\\\/de\\\/\",\"name\":\"Gabitel\",\"description\":\"\",\"publisher\":{\"@id\":\"https:\\\/\\\/gabitel.net\\\/de\\\/#organization\"},\"potentialAction\":[{\"@type\":\"SearchAction\",\"target\":{\"@type\":\"EntryPoint\",\"urlTemplate\":\"https:\\\/\\\/gabitel.net\\\/de\\\/?s={search_term_string}\"},\"query-input\":{\"@type\":\"PropertyValueSpecification\",\"valueRequired\":true,\"valueName\":\"search_term_string\"}}],\"inLanguage\":\"de\"},{\"@type\":\"Organization\",\"@id\":\"https:\\\/\\\/gabitel.net\\\/de\\\/#organization\",\"name\":\"Gabitel\",\"url\":\"https:\\\/\\\/gabitel.net\\\/de\\\/\",\"logo\":{\"@type\":\"ImageObject\",\"inLanguage\":\"de\",\"@id\":\"https:\\\/\\\/gabitel.net\\\/de\\\/#\\\/schema\\\/logo\\\/image\\\/\",\"url\":\"https:\\\/\\\/gabitel.net\\\/wp-content\\\/uploads\\\/2025\\\/05\\\/logo_gabitel.jpg\",\"contentUrl\":\"https:\\\/\\\/gabitel.net\\\/wp-content\\\/uploads\\\/2025\\\/05\\\/logo_gabitel.jpg\",\"width\":2560,\"height\":1330,\"caption\":\"Gabitel\"},\"image\":{\"@id\":\"https:\\\/\\\/gabitel.net\\\/de\\\/#\\\/schema\\\/logo\\\/image\\\/\"},\"sameAs\":[\"https:\\\/\\\/www.facebook.com\\\/gabitelingenieros\\\/\",\"https:\\\/\\\/es.linkedin.com\\\/company\\\/gabitel-ingenieros\"]},{\"@type\":\"Person\",\"@id\":\"https:\\\/\\\/gabitel.net\\\/de\\\/#\\\/schema\\\/person\\\/37ba53714c3fedb9c7d22f4bc781465c\",\"name\":\"user.autor\",\"url\":\"https:\\\/\\\/gabitel.net\\\/de\\\/author\\\/user-autor\\\/\"}]}<\/script>\n<!-- \/ Yoast SEO plugin. -->","yoast_head_json":{"title":"Proyecto de Red El\u00e9ctrica de Espa\u00f1a - Gabitel","robots":{"index":"index","follow":"follow","max-snippet":"max-snippet:-1","max-image-preview":"max-image-preview:large","max-video-preview":"max-video-preview:-1"},"canonical":"https:\/\/gabitel.net\/de\/proyecto-de-red-electrica-de-espana\/","og_locale":"de_DE","og_type":"article","og_title":"Proyecto de Red El\u00e9ctrica de Espa\u00f1a - Gabitel","og_description":"Los drones son aeronaves que vuelan sin tripulaci\u00f3n. Aunque historicamente tras su aparici\u00f3n se emple\u00f3 este t\u00e9rmino\u00a0principalmente para veh\u00edculos no tripulados de uso militar que ten\u00edan forma de avi\u00f3n, en los \u00faltimos tiempos este tipo de aparatos se han desarrollado ampliamente, apareciendo\u00a0numerosos modelos con formas y funcionalidades muy diferentes. Actualmente estamos acostumbrados a ver este [&hellip;]","og_url":"https:\/\/gabitel.net\/de\/proyecto-de-red-electrica-de-espana\/","og_site_name":"Gabitel","article_publisher":"https:\/\/www.facebook.com\/gabitelingenieros\/","article_published_time":"2021-01-08T09:03:06+00:00","og_image":[{"url":"https:\/\/gabitelingenieros.com\/wp-content\/uploads\/2017\/02\/2016-11-03-PHOTO-00000447-1.jpg","type":"","width":"","height":""}],"author":"user.autor","twitter_card":"summary_large_image","twitter_misc":{"Verfasst von":"user.autor","Gesch\u00e4tzte Lesezeit":"1\u00a0Minute"},"schema":{"@context":"https:\/\/schema.org","@graph":[{"@type":["Article","BlogPosting"],"@id":"https:\/\/gabitel.net\/de\/proyecto-de-red-electrica-de-espana\/#article","isPartOf":{"@id":"https:\/\/gabitel.net\/de\/proyecto-de-red-electrica-de-espana\/"},"author":{"name":"user.autor","@id":"https:\/\/gabitel.net\/de\/#\/schema\/person\/37ba53714c3fedb9c7d22f4bc781465c"},"headline":"Proyecto de Red El\u00e9ctrica de Espa\u00f1a","datePublished":"2021-01-08T09:03:06+00:00","mainEntityOfPage":{"@id":"https:\/\/gabitel.net\/de\/proyecto-de-red-electrica-de-espana\/"},"wordCount":213,"publisher":{"@id":"https:\/\/gabitel.net\/de\/#organization"},"image":{"@id":"https:\/\/gabitel.net\/de\/proyecto-de-red-electrica-de-espana\/#primaryimage"},"thumbnailUrl":"https:\/\/gabitel.net\/wp-content\/uploads\/2021\/01\/3d-drone-flying-above-sunset-sea-min-scaled-1.jpg","articleSection":["Off-topic"],"inLanguage":"de"},{"@type":"WebPage","@id":"https:\/\/gabitel.net\/de\/proyecto-de-red-electrica-de-espana\/","url":"https:\/\/gabitel.net\/de\/proyecto-de-red-electrica-de-espana\/","name":"Proyecto de Red El\u00e9ctrica de Espa\u00f1a - Gabitel","isPartOf":{"@id":"https:\/\/gabitel.net\/de\/#website"},"primaryImageOfPage":{"@id":"https:\/\/gabitel.net\/de\/proyecto-de-red-electrica-de-espana\/#primaryimage"},"image":{"@id":"https:\/\/gabitel.net\/de\/proyecto-de-red-electrica-de-espana\/#primaryimage"},"thumbnailUrl":"https:\/\/gabitel.net\/wp-content\/uploads\/2021\/01\/3d-drone-flying-above-sunset-sea-min-scaled-1.jpg","datePublished":"2021-01-08T09:03:06+00:00","breadcrumb":{"@id":"https:\/\/gabitel.net\/de\/proyecto-de-red-electrica-de-espana\/#breadcrumb"},"inLanguage":"de","potentialAction":[{"@type":"ReadAction","target":["https:\/\/gabitel.net\/de\/proyecto-de-red-electrica-de-espana\/"]}]},{"@type":"ImageObject","inLanguage":"de","@id":"https:\/\/gabitel.net\/de\/proyecto-de-red-electrica-de-espana\/#primaryimage","url":"https:\/\/gabitel.net\/wp-content\/uploads\/2021\/01\/3d-drone-flying-above-sunset-sea-min-scaled-1.jpg","contentUrl":"https:\/\/gabitel.net\/wp-content\/uploads\/2021\/01\/3d-drone-flying-above-sunset-sea-min-scaled-1.jpg","width":2560,"height":1600,"caption":"dron_red_electrica"},{"@type":"BreadcrumbList","@id":"https:\/\/gabitel.net\/de\/proyecto-de-red-electrica-de-espana\/#breadcrumb","itemListElement":[{"@type":"ListItem","position":1,"name":"Portada","item":"https:\/\/gabitel.net\/de\/"},{"@type":"ListItem","position":2,"name":"Proyecto de Red El\u00e9ctrica de Espa\u00f1a"}]},{"@type":"WebSite","@id":"https:\/\/gabitel.net\/de\/#website","url":"https:\/\/gabitel.net\/de\/","name":"Gabitel","description":"","publisher":{"@id":"https:\/\/gabitel.net\/de\/#organization"},"potentialAction":[{"@type":"SearchAction","target":{"@type":"EntryPoint","urlTemplate":"https:\/\/gabitel.net\/de\/?s={search_term_string}"},"query-input":{"@type":"PropertyValueSpecification","valueRequired":true,"valueName":"search_term_string"}}],"inLanguage":"de"},{"@type":"Organization","@id":"https:\/\/gabitel.net\/de\/#organization","name":"Gabitel","url":"https:\/\/gabitel.net\/de\/","logo":{"@type":"ImageObject","inLanguage":"de","@id":"https:\/\/gabitel.net\/de\/#\/schema\/logo\/image\/","url":"https:\/\/gabitel.net\/wp-content\/uploads\/2025\/05\/logo_gabitel.jpg","contentUrl":"https:\/\/gabitel.net\/wp-content\/uploads\/2025\/05\/logo_gabitel.jpg","width":2560,"height":1330,"caption":"Gabitel"},"image":{"@id":"https:\/\/gabitel.net\/de\/#\/schema\/logo\/image\/"},"sameAs":["https:\/\/www.facebook.com\/gabitelingenieros\/","https:\/\/es.linkedin.com\/company\/gabitel-ingenieros"]},{"@type":"Person","@id":"https:\/\/gabitel.net\/de\/#\/schema\/person\/37ba53714c3fedb9c7d22f4bc781465c","name":"user.autor","url":"https:\/\/gabitel.net\/de\/author\/user-autor\/"}]}},"_links":{"self":[{"href":"https:\/\/gabitel.net\/de\/wp-json\/wp\/v2\/posts\/33120","targetHints":{"allow":["GET"]}}],"collection":[{"href":"https:\/\/gabitel.net\/de\/wp-json\/wp\/v2\/posts"}],"about":[{"href":"https:\/\/gabitel.net\/de\/wp-json\/wp\/v2\/types\/post"}],"author":[{"embeddable":true,"href":"https:\/\/gabitel.net\/de\/wp-json\/wp\/v2\/users\/3"}],"replies":[{"embeddable":true,"href":"https:\/\/gabitel.net\/de\/wp-json\/wp\/v2\/comments?post=33120"}],"version-history":[{"count":0,"href":"https:\/\/gabitel.net\/de\/wp-json\/wp\/v2\/posts\/33120\/revisions"}],"wp:featuredmedia":[{"embeddable":true,"href":"https:\/\/gabitel.net\/de\/wp-json\/wp\/v2\/media\/33714"}],"wp:attachment":[{"href":"https:\/\/gabitel.net\/de\/wp-json\/wp\/v2\/media?parent=33120"}],"wp:term":[{"taxonomy":"category","embeddable":true,"href":"https:\/\/gabitel.net\/de\/wp-json\/wp\/v2\/categories?post=33120"},{"taxonomy":"post_tag","embeddable":true,"href":"https:\/\/gabitel.net\/de\/wp-json\/wp\/v2\/tags?post=33120"}],"curies":[{"name":"wp","href":"https:\/\/api.w.org\/{rel}","templated":true}]}}