{"id":33138,"date":"2020-12-04T13:27:04","date_gmt":"2020-12-04T12:27:04","guid":{"rendered":"https:\/\/gabitel.net\/al-trabajo-hay-que-ir-feliz\/"},"modified":"2020-12-04T13:27:04","modified_gmt":"2020-12-04T12:27:04","slug":"al-trabajo-hay-que-ir-feliz","status":"publish","type":"post","link":"https:\/\/gabitel.net\/de\/al-trabajo-hay-que-ir-feliz\/","title":{"rendered":"Al trabajo hay que ir feliz."},"content":{"rendered":"<p>Hoy es un d\u00eda especial para la familia de Gabitel.<\/p>\n<p>Hoy hace un a\u00f1o que, en pleno crecimiento personal, profesional y empresarial Gonzalo Leandro, Gerente de Gabitel, nos dejara repentinamente. Es una fecha que todos recordaremos con tristeza, puesto que Gonzalo era algo m\u00e1s que la cabeza de Gabitel, era un compa\u00f1ero y un amigo. Con su cercan\u00eda se gan\u00f3 un poquito de nuestro coraz\u00f3n, y ese trocito lo tendremos reservado a su memoria para siempre.<\/p>\n<p>Sentimos que desde arriba nos sigue guiando y trasmitiendo fuerza y energ\u00eda para que continuemos su labor. \u00c9l se fue pero su memoria y sus ideas siguen m\u00e1s vivos que nunca con Gabitel, no hay m\u00e1s que ver que pese a todas las dificultades del presente a\u00f1o nuestra empresa, la suya, continua por la senda del crecimiento y esto en buena parte es gracias a la labor que realiz\u00f3 al frente de Gabitel.<\/p>\n<p>Su trabajo y trayectoria se han visto recompensados en numerosas ocasiones. La \u00faltima el pasado Noviembre, Galardonado en los premios Andaluces de Telecomunicaciones, uno de los m\u00e1s importantes en Andaluc\u00eda, por <span class=\"fontstyle0\"> la Asociaci\u00f3n Andaluza de Ingenieros de Telecomunicaci\u00f3n de Andaluc\u00eda Occidental (ASITANO), con la especial colaboraci\u00f3n del Colegio Oficial de Ingenieros de Telecomunicaci\u00f3n de Andaluc\u00eda Occidental y Ceuta (COITAOC)<\/span><\/p>\n<p>Os dejamos con el del acto de entrega de tan merecido galard\u00f3n.<\/p>\n<p>&nbsp;<\/p>\n","protected":false},"excerpt":{"rendered":"<p>Hoy es un d\u00eda especial para la familia de Gabitel. Hoy hace un a\u00f1o que, en pleno crecimiento personal, profesional y empresarial Gonzalo Leandro, Gerente de Gabitel, nos dejara repentinamente. Es una fecha que todos recordaremos con tristeza, puesto que Gonzalo era algo m\u00e1s que la cabeza de Gabitel, era un compa\u00f1ero y un amigo. [&hellip;]<\/p>\n","protected":false},"author":3,"featured_media":33690,"comment_status":"closed","ping_status":"closed","sticky":false,"template":"","format":"standard","meta":{"content-type":"","footnotes":""},"categories":[600],"tags":[],"class_list":["post-33138","post","type-post","status-publish","format-standard","has-post-thumbnail","hentry","category-off-topic-de"],"yoast_head":"<!-- This site is optimized with the Yoast SEO plugin v27.5 - https:\/\/yoast.com\/product\/yoast-seo-wordpress\/ -->\n<title>Al trabajo hay que ir feliz. - Gabitel<\/title>\n<meta name=\"robots\" content=\"index, follow, max-snippet:-1, max-image-preview:large, max-video-preview:-1\" \/>\n<link rel=\"canonical\" href=\"https:\/\/gabitel.net\/de\/al-trabajo-hay-que-ir-feliz\/\" \/>\n<meta property=\"og:locale\" content=\"de_DE\" \/>\n<meta property=\"og:type\" content=\"article\" \/>\n<meta property=\"og:title\" content=\"Al trabajo hay que ir feliz. - Gabitel\" \/>\n<meta property=\"og:description\" content=\"Hoy es un d\u00eda especial para la familia de Gabitel. Hoy hace un a\u00f1o que, en pleno crecimiento personal, profesional y empresarial Gonzalo Leandro, Gerente de Gabitel, nos dejara repentinamente. Es una fecha que todos recordaremos con tristeza, puesto que Gonzalo era algo m\u00e1s que la cabeza de Gabitel, era un compa\u00f1ero y un amigo. [&hellip;]\" \/>\n<meta property=\"og:url\" content=\"https:\/\/gabitel.net\/de\/al-trabajo-hay-que-ir-feliz\/\" \/>\n<meta property=\"og:site_name\" content=\"Gabitel\" \/>\n<meta property=\"article:publisher\" content=\"https:\/\/www.facebook.com\/gabitelingenieros\/\" \/>\n<meta property=\"article:published_time\" content=\"2020-12-04T12:27:04+00:00\" \/>\n<meta name=\"author\" content=\"user.autor\" \/>\n<meta name=\"twitter:card\" content=\"summary_large_image\" \/>\n<meta name=\"twitter:label1\" content=\"Verfasst von\" \/>\n\t<meta name=\"twitter:data1\" content=\"user.autor\" \/>\n\t<meta name=\"twitter:label2\" content=\"Gesch\u00e4tzte Lesezeit\" \/>\n\t<meta name=\"twitter:data2\" content=\"1\u00a0Minute\" \/>\n<script type=\"application\/ld+json\" class=\"yoast-schema-graph\">{\"@context\":\"https:\\\/\\\/schema.org\",\"@graph\":[{\"@type\":[\"Article\",\"BlogPosting\"],\"@id\":\"https:\\\/\\\/gabitel.net\\\/de\\\/al-trabajo-hay-que-ir-feliz\\\/#article\",\"isPartOf\":{\"@id\":\"https:\\\/\\\/gabitel.net\\\/de\\\/al-trabajo-hay-que-ir-feliz\\\/\"},\"author\":{\"name\":\"user.autor\",\"@id\":\"https:\\\/\\\/gabitel.net\\\/de\\\/#\\\/schema\\\/person\\\/37ba53714c3fedb9c7d22f4bc781465c\"},\"headline\":\"Al trabajo hay que ir feliz.\",\"datePublished\":\"2020-12-04T12:27:04+00:00\",\"mainEntityOfPage\":{\"@id\":\"https:\\\/\\\/gabitel.net\\\/de\\\/al-trabajo-hay-que-ir-feliz\\\/\"},\"wordCount\":246,\"publisher\":{\"@id\":\"https:\\\/\\\/gabitel.net\\\/de\\\/#organization\"},\"image\":{\"@id\":\"https:\\\/\\\/gabitel.net\\\/de\\\/al-trabajo-hay-que-ir-feliz\\\/#primaryimage\"},\"thumbnailUrl\":\"https:\\\/\\\/gabitel.net\\\/wp-content\\\/uploads\\\/2020\\\/12\\\/ELBOho3XUAMdR32-min.jpg\",\"articleSection\":[\"Off-topic\"],\"inLanguage\":\"de\"},{\"@type\":\"WebPage\",\"@id\":\"https:\\\/\\\/gabitel.net\\\/de\\\/al-trabajo-hay-que-ir-feliz\\\/\",\"url\":\"https:\\\/\\\/gabitel.net\\\/de\\\/al-trabajo-hay-que-ir-feliz\\\/\",\"name\":\"Al trabajo hay que ir feliz. - Gabitel\",\"isPartOf\":{\"@id\":\"https:\\\/\\\/gabitel.net\\\/de\\\/#website\"},\"primaryImageOfPage\":{\"@id\":\"https:\\\/\\\/gabitel.net\\\/de\\\/al-trabajo-hay-que-ir-feliz\\\/#primaryimage\"},\"image\":{\"@id\":\"https:\\\/\\\/gabitel.net\\\/de\\\/al-trabajo-hay-que-ir-feliz\\\/#primaryimage\"},\"thumbnailUrl\":\"https:\\\/\\\/gabitel.net\\\/wp-content\\\/uploads\\\/2020\\\/12\\\/ELBOho3XUAMdR32-min.jpg\",\"datePublished\":\"2020-12-04T12:27:04+00:00\",\"breadcrumb\":{\"@id\":\"https:\\\/\\\/gabitel.net\\\/de\\\/al-trabajo-hay-que-ir-feliz\\\/#breadcrumb\"},\"inLanguage\":\"de\",\"potentialAction\":[{\"@type\":\"ReadAction\",\"target\":[\"https:\\\/\\\/gabitel.net\\\/de\\\/al-trabajo-hay-que-ir-feliz\\\/\"]}]},{\"@type\":\"ImageObject\",\"inLanguage\":\"de\",\"@id\":\"https:\\\/\\\/gabitel.net\\\/de\\\/al-trabajo-hay-que-ir-feliz\\\/#primaryimage\",\"url\":\"https:\\\/\\\/gabitel.net\\\/wp-content\\\/uploads\\\/2020\\\/12\\\/ELBOho3XUAMdR32-min.jpg\",\"contentUrl\":\"https:\\\/\\\/gabitel.net\\\/wp-content\\\/uploads\\\/2020\\\/12\\\/ELBOho3XUAMdR32-min.jpg\",\"width\":1024,\"height\":682,\"caption\":\"gonzalo_leandro_galardo_teleco_andaluc\u00eda\"},{\"@type\":\"BreadcrumbList\",\"@id\":\"https:\\\/\\\/gabitel.net\\\/de\\\/al-trabajo-hay-que-ir-feliz\\\/#breadcrumb\",\"itemListElement\":[{\"@type\":\"ListItem\",\"position\":1,\"name\":\"Portada\",\"item\":\"https:\\\/\\\/gabitel.net\\\/de\\\/\"},{\"@type\":\"ListItem\",\"position\":2,\"name\":\"Al trabajo hay que ir feliz.\"}]},{\"@type\":\"WebSite\",\"@id\":\"https:\\\/\\\/gabitel.net\\\/de\\\/#website\",\"url\":\"https:\\\/\\\/gabitel.net\\\/de\\\/\",\"name\":\"Gabitel\",\"description\":\"\",\"publisher\":{\"@id\":\"https:\\\/\\\/gabitel.net\\\/de\\\/#organization\"},\"potentialAction\":[{\"@type\":\"SearchAction\",\"target\":{\"@type\":\"EntryPoint\",\"urlTemplate\":\"https:\\\/\\\/gabitel.net\\\/de\\\/?s={search_term_string}\"},\"query-input\":{\"@type\":\"PropertyValueSpecification\",\"valueRequired\":true,\"valueName\":\"search_term_string\"}}],\"inLanguage\":\"de\"},{\"@type\":\"Organization\",\"@id\":\"https:\\\/\\\/gabitel.net\\\/de\\\/#organization\",\"name\":\"Gabitel\",\"url\":\"https:\\\/\\\/gabitel.net\\\/de\\\/\",\"logo\":{\"@type\":\"ImageObject\",\"inLanguage\":\"de\",\"@id\":\"https:\\\/\\\/gabitel.net\\\/de\\\/#\\\/schema\\\/logo\\\/image\\\/\",\"url\":\"https:\\\/\\\/gabitel.net\\\/wp-content\\\/uploads\\\/2025\\\/05\\\/logo_gabitel.jpg\",\"contentUrl\":\"https:\\\/\\\/gabitel.net\\\/wp-content\\\/uploads\\\/2025\\\/05\\\/logo_gabitel.jpg\",\"width\":2560,\"height\":1330,\"caption\":\"Gabitel\"},\"image\":{\"@id\":\"https:\\\/\\\/gabitel.net\\\/de\\\/#\\\/schema\\\/logo\\\/image\\\/\"},\"sameAs\":[\"https:\\\/\\\/www.facebook.com\\\/gabitelingenieros\\\/\",\"https:\\\/\\\/es.linkedin.com\\\/company\\\/gabitel-ingenieros\"]},{\"@type\":\"Person\",\"@id\":\"https:\\\/\\\/gabitel.net\\\/de\\\/#\\\/schema\\\/person\\\/37ba53714c3fedb9c7d22f4bc781465c\",\"name\":\"user.autor\",\"url\":\"https:\\\/\\\/gabitel.net\\\/de\\\/author\\\/user-autor\\\/\"}]}<\/script>\n<!-- \/ Yoast SEO plugin. -->","yoast_head_json":{"title":"Al trabajo hay que ir feliz. - Gabitel","robots":{"index":"index","follow":"follow","max-snippet":"max-snippet:-1","max-image-preview":"max-image-preview:large","max-video-preview":"max-video-preview:-1"},"canonical":"https:\/\/gabitel.net\/de\/al-trabajo-hay-que-ir-feliz\/","og_locale":"de_DE","og_type":"article","og_title":"Al trabajo hay que ir feliz. - Gabitel","og_description":"Hoy es un d\u00eda especial para la familia de Gabitel. Hoy hace un a\u00f1o que, en pleno crecimiento personal, profesional y empresarial Gonzalo Leandro, Gerente de Gabitel, nos dejara repentinamente. Es una fecha que todos recordaremos con tristeza, puesto que Gonzalo era algo m\u00e1s que la cabeza de Gabitel, era un compa\u00f1ero y un amigo. [&hellip;]","og_url":"https:\/\/gabitel.net\/de\/al-trabajo-hay-que-ir-feliz\/","og_site_name":"Gabitel","article_publisher":"https:\/\/www.facebook.com\/gabitelingenieros\/","article_published_time":"2020-12-04T12:27:04+00:00","author":"user.autor","twitter_card":"summary_large_image","twitter_misc":{"Verfasst von":"user.autor","Gesch\u00e4tzte Lesezeit":"1\u00a0Minute"},"schema":{"@context":"https:\/\/schema.org","@graph":[{"@type":["Article","BlogPosting"],"@id":"https:\/\/gabitel.net\/de\/al-trabajo-hay-que-ir-feliz\/#article","isPartOf":{"@id":"https:\/\/gabitel.net\/de\/al-trabajo-hay-que-ir-feliz\/"},"author":{"name":"user.autor","@id":"https:\/\/gabitel.net\/de\/#\/schema\/person\/37ba53714c3fedb9c7d22f4bc781465c"},"headline":"Al trabajo hay que ir feliz.","datePublished":"2020-12-04T12:27:04+00:00","mainEntityOfPage":{"@id":"https:\/\/gabitel.net\/de\/al-trabajo-hay-que-ir-feliz\/"},"wordCount":246,"publisher":{"@id":"https:\/\/gabitel.net\/de\/#organization"},"image":{"@id":"https:\/\/gabitel.net\/de\/al-trabajo-hay-que-ir-feliz\/#primaryimage"},"thumbnailUrl":"https:\/\/gabitel.net\/wp-content\/uploads\/2020\/12\/ELBOho3XUAMdR32-min.jpg","articleSection":["Off-topic"],"inLanguage":"de"},{"@type":"WebPage","@id":"https:\/\/gabitel.net\/de\/al-trabajo-hay-que-ir-feliz\/","url":"https:\/\/gabitel.net\/de\/al-trabajo-hay-que-ir-feliz\/","name":"Al trabajo hay que ir feliz. - Gabitel","isPartOf":{"@id":"https:\/\/gabitel.net\/de\/#website"},"primaryImageOfPage":{"@id":"https:\/\/gabitel.net\/de\/al-trabajo-hay-que-ir-feliz\/#primaryimage"},"image":{"@id":"https:\/\/gabitel.net\/de\/al-trabajo-hay-que-ir-feliz\/#primaryimage"},"thumbnailUrl":"https:\/\/gabitel.net\/wp-content\/uploads\/2020\/12\/ELBOho3XUAMdR32-min.jpg","datePublished":"2020-12-04T12:27:04+00:00","breadcrumb":{"@id":"https:\/\/gabitel.net\/de\/al-trabajo-hay-que-ir-feliz\/#breadcrumb"},"inLanguage":"de","potentialAction":[{"@type":"ReadAction","target":["https:\/\/gabitel.net\/de\/al-trabajo-hay-que-ir-feliz\/"]}]},{"@type":"ImageObject","inLanguage":"de","@id":"https:\/\/gabitel.net\/de\/al-trabajo-hay-que-ir-feliz\/#primaryimage","url":"https:\/\/gabitel.net\/wp-content\/uploads\/2020\/12\/ELBOho3XUAMdR32-min.jpg","contentUrl":"https:\/\/gabitel.net\/wp-content\/uploads\/2020\/12\/ELBOho3XUAMdR32-min.jpg","width":1024,"height":682,"caption":"gonzalo_leandro_galardo_teleco_andaluc\u00eda"},{"@type":"BreadcrumbList","@id":"https:\/\/gabitel.net\/de\/al-trabajo-hay-que-ir-feliz\/#breadcrumb","itemListElement":[{"@type":"ListItem","position":1,"name":"Portada","item":"https:\/\/gabitel.net\/de\/"},{"@type":"ListItem","position":2,"name":"Al trabajo hay que ir feliz."}]},{"@type":"WebSite","@id":"https:\/\/gabitel.net\/de\/#website","url":"https:\/\/gabitel.net\/de\/","name":"Gabitel","description":"","publisher":{"@id":"https:\/\/gabitel.net\/de\/#organization"},"potentialAction":[{"@type":"SearchAction","target":{"@type":"EntryPoint","urlTemplate":"https:\/\/gabitel.net\/de\/?s={search_term_string}"},"query-input":{"@type":"PropertyValueSpecification","valueRequired":true,"valueName":"search_term_string"}}],"inLanguage":"de"},{"@type":"Organization","@id":"https:\/\/gabitel.net\/de\/#organization","name":"Gabitel","url":"https:\/\/gabitel.net\/de\/","logo":{"@type":"ImageObject","inLanguage":"de","@id":"https:\/\/gabitel.net\/de\/#\/schema\/logo\/image\/","url":"https:\/\/gabitel.net\/wp-content\/uploads\/2025\/05\/logo_gabitel.jpg","contentUrl":"https:\/\/gabitel.net\/wp-content\/uploads\/2025\/05\/logo_gabitel.jpg","width":2560,"height":1330,"caption":"Gabitel"},"image":{"@id":"https:\/\/gabitel.net\/de\/#\/schema\/logo\/image\/"},"sameAs":["https:\/\/www.facebook.com\/gabitelingenieros\/","https:\/\/es.linkedin.com\/company\/gabitel-ingenieros"]},{"@type":"Person","@id":"https:\/\/gabitel.net\/de\/#\/schema\/person\/37ba53714c3fedb9c7d22f4bc781465c","name":"user.autor","url":"https:\/\/gabitel.net\/de\/author\/user-autor\/"}]}},"_links":{"self":[{"href":"https:\/\/gabitel.net\/de\/wp-json\/wp\/v2\/posts\/33138","targetHints":{"allow":["GET"]}}],"collection":[{"href":"https:\/\/gabitel.net\/de\/wp-json\/wp\/v2\/posts"}],"about":[{"href":"https:\/\/gabitel.net\/de\/wp-json\/wp\/v2\/types\/post"}],"author":[{"embeddable":true,"href":"https:\/\/gabitel.net\/de\/wp-json\/wp\/v2\/users\/3"}],"replies":[{"embeddable":true,"href":"https:\/\/gabitel.net\/de\/wp-json\/wp\/v2\/comments?post=33138"}],"version-history":[{"count":0,"href":"https:\/\/gabitel.net\/de\/wp-json\/wp\/v2\/posts\/33138\/revisions"}],"wp:featuredmedia":[{"embeddable":true,"href":"https:\/\/gabitel.net\/de\/wp-json\/wp\/v2\/media\/33690"}],"wp:attachment":[{"href":"https:\/\/gabitel.net\/de\/wp-json\/wp\/v2\/media?parent=33138"}],"wp:term":[{"taxonomy":"category","embeddable":true,"href":"https:\/\/gabitel.net\/de\/wp-json\/wp\/v2\/categories?post=33138"},{"taxonomy":"post_tag","embeddable":true,"href":"https:\/\/gabitel.net\/de\/wp-json\/wp\/v2\/tags?post=33138"}],"curies":[{"name":"wp","href":"https:\/\/api.w.org\/{rel}","templated":true}]}}