{"id":33178,"date":"2020-10-01T19:52:33","date_gmt":"2020-10-01T18:52:33","guid":{"rendered":"https:\/\/gabitel.net\/prl-tecnico-especialista-ii\/"},"modified":"2020-10-01T19:52:33","modified_gmt":"2020-10-01T18:52:33","slug":"prl-tecnico-especialista-ii","status":"publish","type":"post","link":"https:\/\/gabitel.net\/de\/prl-tecnico-especialista-ii\/","title":{"rendered":"PRL: Riesgos para \u201cT\u00e9cnico Especialista\u201d (II)"},"content":{"rendered":"<p style=\"text-align: justify;\">En esta segunda entrega de los riesgos m\u00e1s frecuentes que se presentan en el desempe\u00f1o del puesto T\u00c9CNICO ESPECIALISTA analizamos la seguridad vial, los trabajos en exteriores y el estr\u00e9s laboral.<\/p>\n<p style=\"text-align: justify;\"><strong>SEGURIDAD VIAL<\/strong><\/p>\n<p style=\"text-align: justify;\">En el caso de nuestra empresa este es un riesgo a tener especialmente en cuenta, ya que en la historia de Gabitel los accidentes laborales que se han producido, que afortunadamente han sido pocos, casi todos han sido por accidentes de tr\u00e1fico.<\/p>\n<p style=\"text-align: justify;\">Lo cierto es que nuestro personal pasa muchas horas en carretera, por lo que la probabilidad de que se produzcan accidentes de este tipo aumente, pero precisamente por esta raz\u00f3n es importante que se respeten en todo momento las se\u00f1ales de circulaci\u00f3n y extreme las precauciones.<\/p>\n<p style=\"text-align: justify;\">Moderar la velocidad y respetar las distancias de seguridad son dos precauciones con las que se pueden evitar la mayor parte de los accidentes de tr\u00e1fico.<\/p>\n<p style=\"text-align: justify;\">Respecto al veh\u00edculo, cuide en todo momento de su estado, como neum\u00e1ticos, frenos, l\u00e1mparas, cinturones de seguridad, etc.<\/p>\n<p style=\"text-align: justify;\">En relaci\u00f3n al factor humano, se\u00f1alice con suficiente antelaci\u00f3n, respete los sem\u00e1foros, el cintur\u00f3n de seguridad es una opci\u00f3n obligatoria y no ingiera alcohol u otras drogas.<\/p>\n<p style=\"text-align: justify;\">Recuerda: Cumplir las normas de circulaci\u00f3n no s\u00f3lo evita sanciones: evita accidentes.<\/p>\n<p>En el trayecto desde nuestros domicilios hasta el trabajo y viceversa, los conocidos desplazamientos in it\u00ednere, deben extremarse tambi\u00e9n el cuidado de las medidas anteriormente descritas,<\/p>\n<p style=\"text-align: justify;\"><strong>TRABAJOS EN EXTERIORES<\/strong><\/p>\n<p style=\"text-align: justify;\">Uno de los riesgos que supone los Trabajos en el Exterior es la exposici\u00f3n al Calor y con ello recibir un golpe de calor, agotamiento f\u00edsico o mental o recibir calambres.<\/p>\n<p style=\"text-align: justify;\">Para evitar todo ello, hay que ingerir agua fresca, llevar ropa de trabajo ligera que permita la transpiraci\u00f3n y modificar las pr\u00e1cticas de trabajo para reducir la carga de calor por esfuerzo.<\/p>\n<p style=\"text-align: justify;\">Otro riesgo es la exposici\u00f3n al fr\u00edo, con las consecuencias de hipotermia o p\u00e9rdida de calor corporal. Por tanto, hay que llevar equipos de protecci\u00f3n adecuados, hidrataci\u00f3n y nutrici\u00f3n.<\/p>\n<p style=\"text-align: justify;\"><strong>ESTR\u00c9S LABORAL<\/strong><\/p>\n<p style=\"text-align: justify;\">Las personas experimentan estr\u00e9s cuando sienten que existe un desequilibrio entre lo que se les pide y los recursos personales y del entorno que poseen para hacer frente a esa demanda.<\/p>\n<p style=\"text-align: justify;\">Existen dos tipos de factores del ambiente laboral que pueden causar estr\u00e9s: riesgos f\u00edsicos (ruido,temperatura, falta de iluminaci\u00f3n\u2026) y riesgos psicosociales (aspectos del dise\u00f1o, del trabajo, gesti\u00f3n y organizaci\u00f3n).<\/p>\n<p style=\"text-align: justify;\">Para solucionar esto, desde la empresa hay que Reordenar las tareas y Promover la participaci\u00f3n, y desde el trabajador es necesario un manejo eficaz del tiempo, practicar t\u00e9cnicas de relajaci\u00f3n o tomar peque\u00f1os descansos durante la jornada, entre otras.<\/p>\n","protected":false},"excerpt":{"rendered":"<p>En esta segunda entrega de los riesgos m\u00e1s frecuentes que se presentan en el desempe\u00f1o del puesto T\u00c9CNICO ESPECIALISTA analizamos la seguridad vial, los trabajos en exteriores y el estr\u00e9s laboral. SEGURIDAD VIAL En el caso de nuestra empresa este es un riesgo a tener especialmente en cuenta, ya que en la historia de Gabitel [&hellip;]<\/p>\n","protected":false},"author":3,"featured_media":33630,"comment_status":"closed","ping_status":"closed","sticky":false,"template":"","format":"standard","meta":{"content-type":"","footnotes":""},"categories":[600],"tags":[],"class_list":["post-33178","post","type-post","status-publish","format-standard","has-post-thumbnail","hentry","category-off-topic-de"],"yoast_head":"<!-- This site is optimized with the Yoast SEO plugin v27.5 - https:\/\/yoast.com\/product\/yoast-seo-wordpress\/ -->\n<title>PRL: Riesgos para \u201cT\u00e9cnico Especialista\u201d (II) - Gabitel<\/title>\n<meta name=\"robots\" content=\"index, follow, max-snippet:-1, max-image-preview:large, max-video-preview:-1\" \/>\n<link rel=\"canonical\" href=\"https:\/\/gabitel.net\/de\/prl-tecnico-especialista-ii\/\" \/>\n<meta property=\"og:locale\" content=\"de_DE\" \/>\n<meta property=\"og:type\" content=\"article\" \/>\n<meta property=\"og:title\" content=\"PRL: Riesgos para \u201cT\u00e9cnico Especialista\u201d (II) - Gabitel\" \/>\n<meta property=\"og:description\" content=\"En esta segunda entrega de los riesgos m\u00e1s frecuentes que se presentan en el desempe\u00f1o del puesto T\u00c9CNICO ESPECIALISTA analizamos la seguridad vial, los trabajos en exteriores y el estr\u00e9s laboral. SEGURIDAD VIAL En el caso de nuestra empresa este es un riesgo a tener especialmente en cuenta, ya que en la historia de Gabitel [&hellip;]\" \/>\n<meta property=\"og:url\" content=\"https:\/\/gabitel.net\/de\/prl-tecnico-especialista-ii\/\" \/>\n<meta property=\"og:site_name\" content=\"Gabitel\" \/>\n<meta property=\"article:publisher\" content=\"https:\/\/www.facebook.com\/gabitelingenieros\/\" \/>\n<meta property=\"article:published_time\" content=\"2020-10-01T18:52:33+00:00\" \/>\n<meta name=\"author\" content=\"user.autor\" \/>\n<meta name=\"twitter:card\" content=\"summary_large_image\" \/>\n<meta name=\"twitter:label1\" content=\"Verfasst von\" \/>\n\t<meta name=\"twitter:data1\" content=\"user.autor\" \/>\n\t<meta name=\"twitter:label2\" content=\"Gesch\u00e4tzte Lesezeit\" \/>\n\t<meta name=\"twitter:data2\" content=\"2\u00a0Minuten\" \/>\n<script type=\"application\/ld+json\" class=\"yoast-schema-graph\">{\"@context\":\"https:\\\/\\\/schema.org\",\"@graph\":[{\"@type\":[\"Article\",\"BlogPosting\"],\"@id\":\"https:\\\/\\\/gabitel.net\\\/de\\\/prl-tecnico-especialista-ii\\\/#article\",\"isPartOf\":{\"@id\":\"https:\\\/\\\/gabitel.net\\\/de\\\/prl-tecnico-especialista-ii\\\/\"},\"author\":{\"name\":\"user.autor\",\"@id\":\"https:\\\/\\\/gabitel.net\\\/de\\\/#\\\/schema\\\/person\\\/37ba53714c3fedb9c7d22f4bc781465c\"},\"headline\":\"PRL: Riesgos para \u201cT\u00e9cnico Especialista\u201d (II)\",\"datePublished\":\"2020-10-01T18:52:33+00:00\",\"mainEntityOfPage\":{\"@id\":\"https:\\\/\\\/gabitel.net\\\/de\\\/prl-tecnico-especialista-ii\\\/\"},\"wordCount\":478,\"publisher\":{\"@id\":\"https:\\\/\\\/gabitel.net\\\/de\\\/#organization\"},\"image\":{\"@id\":\"https:\\\/\\\/gabitel.net\\\/de\\\/prl-tecnico-especialista-ii\\\/#primaryimage\"},\"thumbnailUrl\":\"https:\\\/\\\/gabitel.net\\\/wp-content\\\/uploads\\\/2020\\\/10\\\/prl-scaled-1.jpg\",\"articleSection\":[\"Off-topic\"],\"inLanguage\":\"de\"},{\"@type\":\"WebPage\",\"@id\":\"https:\\\/\\\/gabitel.net\\\/de\\\/prl-tecnico-especialista-ii\\\/\",\"url\":\"https:\\\/\\\/gabitel.net\\\/de\\\/prl-tecnico-especialista-ii\\\/\",\"name\":\"PRL: Riesgos para \u201cT\u00e9cnico Especialista\u201d (II) - Gabitel\",\"isPartOf\":{\"@id\":\"https:\\\/\\\/gabitel.net\\\/de\\\/#website\"},\"primaryImageOfPage\":{\"@id\":\"https:\\\/\\\/gabitel.net\\\/de\\\/prl-tecnico-especialista-ii\\\/#primaryimage\"},\"image\":{\"@id\":\"https:\\\/\\\/gabitel.net\\\/de\\\/prl-tecnico-especialista-ii\\\/#primaryimage\"},\"thumbnailUrl\":\"https:\\\/\\\/gabitel.net\\\/wp-content\\\/uploads\\\/2020\\\/10\\\/prl-scaled-1.jpg\",\"datePublished\":\"2020-10-01T18:52:33+00:00\",\"breadcrumb\":{\"@id\":\"https:\\\/\\\/gabitel.net\\\/de\\\/prl-tecnico-especialista-ii\\\/#breadcrumb\"},\"inLanguage\":\"de\",\"potentialAction\":[{\"@type\":\"ReadAction\",\"target\":[\"https:\\\/\\\/gabitel.net\\\/de\\\/prl-tecnico-especialista-ii\\\/\"]}]},{\"@type\":\"ImageObject\",\"inLanguage\":\"de\",\"@id\":\"https:\\\/\\\/gabitel.net\\\/de\\\/prl-tecnico-especialista-ii\\\/#primaryimage\",\"url\":\"https:\\\/\\\/gabitel.net\\\/wp-content\\\/uploads\\\/2020\\\/10\\\/prl-scaled-1.jpg\",\"contentUrl\":\"https:\\\/\\\/gabitel.net\\\/wp-content\\\/uploads\\\/2020\\\/10\\\/prl-scaled-1.jpg\",\"width\":2560,\"height\":1707,\"caption\":\"prl\"},{\"@type\":\"BreadcrumbList\",\"@id\":\"https:\\\/\\\/gabitel.net\\\/de\\\/prl-tecnico-especialista-ii\\\/#breadcrumb\",\"itemListElement\":[{\"@type\":\"ListItem\",\"position\":1,\"name\":\"Portada\",\"item\":\"https:\\\/\\\/gabitel.net\\\/de\\\/\"},{\"@type\":\"ListItem\",\"position\":2,\"name\":\"PRL: Riesgos para \u201cT\u00e9cnico Especialista\u201d (II)\"}]},{\"@type\":\"WebSite\",\"@id\":\"https:\\\/\\\/gabitel.net\\\/de\\\/#website\",\"url\":\"https:\\\/\\\/gabitel.net\\\/de\\\/\",\"name\":\"Gabitel\",\"description\":\"\",\"publisher\":{\"@id\":\"https:\\\/\\\/gabitel.net\\\/de\\\/#organization\"},\"potentialAction\":[{\"@type\":\"SearchAction\",\"target\":{\"@type\":\"EntryPoint\",\"urlTemplate\":\"https:\\\/\\\/gabitel.net\\\/de\\\/?s={search_term_string}\"},\"query-input\":{\"@type\":\"PropertyValueSpecification\",\"valueRequired\":true,\"valueName\":\"search_term_string\"}}],\"inLanguage\":\"de\"},{\"@type\":\"Organization\",\"@id\":\"https:\\\/\\\/gabitel.net\\\/de\\\/#organization\",\"name\":\"Gabitel\",\"url\":\"https:\\\/\\\/gabitel.net\\\/de\\\/\",\"logo\":{\"@type\":\"ImageObject\",\"inLanguage\":\"de\",\"@id\":\"https:\\\/\\\/gabitel.net\\\/de\\\/#\\\/schema\\\/logo\\\/image\\\/\",\"url\":\"https:\\\/\\\/gabitel.net\\\/wp-content\\\/uploads\\\/2025\\\/05\\\/logo_gabitel.jpg\",\"contentUrl\":\"https:\\\/\\\/gabitel.net\\\/wp-content\\\/uploads\\\/2025\\\/05\\\/logo_gabitel.jpg\",\"width\":2560,\"height\":1330,\"caption\":\"Gabitel\"},\"image\":{\"@id\":\"https:\\\/\\\/gabitel.net\\\/de\\\/#\\\/schema\\\/logo\\\/image\\\/\"},\"sameAs\":[\"https:\\\/\\\/www.facebook.com\\\/gabitelingenieros\\\/\",\"https:\\\/\\\/es.linkedin.com\\\/company\\\/gabitel-ingenieros\"]},{\"@type\":\"Person\",\"@id\":\"https:\\\/\\\/gabitel.net\\\/de\\\/#\\\/schema\\\/person\\\/37ba53714c3fedb9c7d22f4bc781465c\",\"name\":\"user.autor\",\"url\":\"https:\\\/\\\/gabitel.net\\\/de\\\/author\\\/user-autor\\\/\"}]}<\/script>\n<!-- \/ Yoast SEO plugin. -->","yoast_head_json":{"title":"PRL: Riesgos para \u201cT\u00e9cnico Especialista\u201d (II) - Gabitel","robots":{"index":"index","follow":"follow","max-snippet":"max-snippet:-1","max-image-preview":"max-image-preview:large","max-video-preview":"max-video-preview:-1"},"canonical":"https:\/\/gabitel.net\/de\/prl-tecnico-especialista-ii\/","og_locale":"de_DE","og_type":"article","og_title":"PRL: Riesgos para \u201cT\u00e9cnico Especialista\u201d (II) - Gabitel","og_description":"En esta segunda entrega de los riesgos m\u00e1s frecuentes que se presentan en el desempe\u00f1o del puesto T\u00c9CNICO ESPECIALISTA analizamos la seguridad vial, los trabajos en exteriores y el estr\u00e9s laboral. SEGURIDAD VIAL En el caso de nuestra empresa este es un riesgo a tener especialmente en cuenta, ya que en la historia de Gabitel [&hellip;]","og_url":"https:\/\/gabitel.net\/de\/prl-tecnico-especialista-ii\/","og_site_name":"Gabitel","article_publisher":"https:\/\/www.facebook.com\/gabitelingenieros\/","article_published_time":"2020-10-01T18:52:33+00:00","author":"user.autor","twitter_card":"summary_large_image","twitter_misc":{"Verfasst von":"user.autor","Gesch\u00e4tzte Lesezeit":"2\u00a0Minuten"},"schema":{"@context":"https:\/\/schema.org","@graph":[{"@type":["Article","BlogPosting"],"@id":"https:\/\/gabitel.net\/de\/prl-tecnico-especialista-ii\/#article","isPartOf":{"@id":"https:\/\/gabitel.net\/de\/prl-tecnico-especialista-ii\/"},"author":{"name":"user.autor","@id":"https:\/\/gabitel.net\/de\/#\/schema\/person\/37ba53714c3fedb9c7d22f4bc781465c"},"headline":"PRL: Riesgos para \u201cT\u00e9cnico Especialista\u201d (II)","datePublished":"2020-10-01T18:52:33+00:00","mainEntityOfPage":{"@id":"https:\/\/gabitel.net\/de\/prl-tecnico-especialista-ii\/"},"wordCount":478,"publisher":{"@id":"https:\/\/gabitel.net\/de\/#organization"},"image":{"@id":"https:\/\/gabitel.net\/de\/prl-tecnico-especialista-ii\/#primaryimage"},"thumbnailUrl":"https:\/\/gabitel.net\/wp-content\/uploads\/2020\/10\/prl-scaled-1.jpg","articleSection":["Off-topic"],"inLanguage":"de"},{"@type":"WebPage","@id":"https:\/\/gabitel.net\/de\/prl-tecnico-especialista-ii\/","url":"https:\/\/gabitel.net\/de\/prl-tecnico-especialista-ii\/","name":"PRL: Riesgos para \u201cT\u00e9cnico Especialista\u201d (II) - Gabitel","isPartOf":{"@id":"https:\/\/gabitel.net\/de\/#website"},"primaryImageOfPage":{"@id":"https:\/\/gabitel.net\/de\/prl-tecnico-especialista-ii\/#primaryimage"},"image":{"@id":"https:\/\/gabitel.net\/de\/prl-tecnico-especialista-ii\/#primaryimage"},"thumbnailUrl":"https:\/\/gabitel.net\/wp-content\/uploads\/2020\/10\/prl-scaled-1.jpg","datePublished":"2020-10-01T18:52:33+00:00","breadcrumb":{"@id":"https:\/\/gabitel.net\/de\/prl-tecnico-especialista-ii\/#breadcrumb"},"inLanguage":"de","potentialAction":[{"@type":"ReadAction","target":["https:\/\/gabitel.net\/de\/prl-tecnico-especialista-ii\/"]}]},{"@type":"ImageObject","inLanguage":"de","@id":"https:\/\/gabitel.net\/de\/prl-tecnico-especialista-ii\/#primaryimage","url":"https:\/\/gabitel.net\/wp-content\/uploads\/2020\/10\/prl-scaled-1.jpg","contentUrl":"https:\/\/gabitel.net\/wp-content\/uploads\/2020\/10\/prl-scaled-1.jpg","width":2560,"height":1707,"caption":"prl"},{"@type":"BreadcrumbList","@id":"https:\/\/gabitel.net\/de\/prl-tecnico-especialista-ii\/#breadcrumb","itemListElement":[{"@type":"ListItem","position":1,"name":"Portada","item":"https:\/\/gabitel.net\/de\/"},{"@type":"ListItem","position":2,"name":"PRL: Riesgos para \u201cT\u00e9cnico Especialista\u201d (II)"}]},{"@type":"WebSite","@id":"https:\/\/gabitel.net\/de\/#website","url":"https:\/\/gabitel.net\/de\/","name":"Gabitel","description":"","publisher":{"@id":"https:\/\/gabitel.net\/de\/#organization"},"potentialAction":[{"@type":"SearchAction","target":{"@type":"EntryPoint","urlTemplate":"https:\/\/gabitel.net\/de\/?s={search_term_string}"},"query-input":{"@type":"PropertyValueSpecification","valueRequired":true,"valueName":"search_term_string"}}],"inLanguage":"de"},{"@type":"Organization","@id":"https:\/\/gabitel.net\/de\/#organization","name":"Gabitel","url":"https:\/\/gabitel.net\/de\/","logo":{"@type":"ImageObject","inLanguage":"de","@id":"https:\/\/gabitel.net\/de\/#\/schema\/logo\/image\/","url":"https:\/\/gabitel.net\/wp-content\/uploads\/2025\/05\/logo_gabitel.jpg","contentUrl":"https:\/\/gabitel.net\/wp-content\/uploads\/2025\/05\/logo_gabitel.jpg","width":2560,"height":1330,"caption":"Gabitel"},"image":{"@id":"https:\/\/gabitel.net\/de\/#\/schema\/logo\/image\/"},"sameAs":["https:\/\/www.facebook.com\/gabitelingenieros\/","https:\/\/es.linkedin.com\/company\/gabitel-ingenieros"]},{"@type":"Person","@id":"https:\/\/gabitel.net\/de\/#\/schema\/person\/37ba53714c3fedb9c7d22f4bc781465c","name":"user.autor","url":"https:\/\/gabitel.net\/de\/author\/user-autor\/"}]}},"_links":{"self":[{"href":"https:\/\/gabitel.net\/de\/wp-json\/wp\/v2\/posts\/33178","targetHints":{"allow":["GET"]}}],"collection":[{"href":"https:\/\/gabitel.net\/de\/wp-json\/wp\/v2\/posts"}],"about":[{"href":"https:\/\/gabitel.net\/de\/wp-json\/wp\/v2\/types\/post"}],"author":[{"embeddable":true,"href":"https:\/\/gabitel.net\/de\/wp-json\/wp\/v2\/users\/3"}],"replies":[{"embeddable":true,"href":"https:\/\/gabitel.net\/de\/wp-json\/wp\/v2\/comments?post=33178"}],"version-history":[{"count":0,"href":"https:\/\/gabitel.net\/de\/wp-json\/wp\/v2\/posts\/33178\/revisions"}],"wp:featuredmedia":[{"embeddable":true,"href":"https:\/\/gabitel.net\/de\/wp-json\/wp\/v2\/media\/33630"}],"wp:attachment":[{"href":"https:\/\/gabitel.net\/de\/wp-json\/wp\/v2\/media?parent=33178"}],"wp:term":[{"taxonomy":"category","embeddable":true,"href":"https:\/\/gabitel.net\/de\/wp-json\/wp\/v2\/categories?post=33178"},{"taxonomy":"post_tag","embeddable":true,"href":"https:\/\/gabitel.net\/de\/wp-json\/wp\/v2\/tags?post=33178"}],"curies":[{"name":"wp","href":"https:\/\/api.w.org\/{rel}","templated":true}]}}