{"id":33180,"date":"2020-10-01T12:43:12","date_gmt":"2020-10-01T11:43:12","guid":{"rendered":"https:\/\/gabitel.net\/james-teare\/"},"modified":"2020-10-01T12:43:12","modified_gmt":"2020-10-01T11:43:12","slug":"james-teare","status":"publish","type":"post","link":"https:\/\/gabitel.net\/de\/james-teare\/","title":{"rendered":"Nuestro equipo. Entrevista a James Teare"},"content":{"rendered":"<p style=\"text-align: justify;\">Este mes en nuestro apartado de entrevistas vamos a conocer a James, un compa\u00f1ero que lleg\u00f3 de Chile y que en su primera etapa trabajando en Gabitel estuvo afincado en Huelva, pero que en la actualidad trabaja en C\u00f3rdoba.<\/p>\n<p>&nbsp;<\/p>\n<p style=\"text-align: justify;\"><strong>\u00bfCu\u00e1nto tiempo llevas trabajando en Gabitel y en que consiste tu trabajo?<\/strong><\/p>\n<p style=\"text-align: justify;\"><em>Sumando mis dos contrataciones con Gabitel llevo un poco m\u00e1s de 2 a\u00f1os, consistiendo mi trabajo en las revisiones de calidad de las l\u00edneas de media tension o RPR en C\u00f3rdoba.<\/em><\/p>\n<p>&nbsp;<\/p>\n<p style=\"text-align: justify;\"><strong>Si tuvieras otra profesi\u00f3n, \u00bfcu\u00e1l te gustar\u00eda que fuera?<\/strong><\/p>\n<p style=\"text-align: justify;\"><em>Bueno si pudiera elegir creo que me gustar\u00eda ser director de orquesta, porque aparte de ser una profesi\u00f3n que requiere un nivel de capacidades muy extenso, te da la posibilidad de tener contacto tanto de historia de la m\u00fasica como de un escenario internacional muy curioso.<\/em><\/p>\n<p style=\"text-align: justify;\"><em>\u00a0<\/em><\/p>\n<p style=\"text-align: justify;\"><strong>\u00bfQu\u00e9 es lo que m\u00e1s te gusta de trabajar en Gabitel Ingenieros?<\/strong><\/p>\n<p style=\"text-align: justify;\"><em>\u00a0<\/em><em>\u00a0Lo que m\u00e1s me gusta de Gabriel es el respeto que tienen con la vida personal de los trabajadores y la preocupaci\u00f3n de que el tiempo que dedicamos en ella no seas menos importante que el tiempo que dedicamos al trabajo.<\/em><\/p>\n<p>&nbsp;<\/p>\n<p style=\"text-align: justify;\"><em>\u00a0<\/em><strong>\u00bfC\u00f3mo crees que podr\u00eda mejorar tu trabajo en Gabitel?<\/strong><\/p>\n<p style=\"text-align: justify;\"><strong>\u00a0<\/strong><em>En este momento yo creo que ser\u00eda ideal un espacio en donde el trabajador de campo, quien hace una labor muy solitaria, pueda conocer m\u00e1s a la gente de oficina, y tenga oportunidad de ser sentirse parte de la gente que se ve todos los dias en las instalaciones de Gabitel.<\/em><\/p>\n<p>&nbsp;<\/p>\n<p style=\"text-align: justify;\"><strong>\u00bfCu\u00e1l ser\u00eda el viaje de tus sue\u00f1os y por qu\u00e9?<\/strong><\/p>\n<p style=\"text-align: justify;\"><em>El viaje de mis sue\u00f1os yo creo que consistir\u00eda en un viaje a Noruega a ver la aurora boreal,\u00a0 me encanta el fen\u00f3meno que se produce y lo exclusivo que es aparte de los maravillosos paisajes que cuenta este pa\u00eds.<\/em><\/p>\n<p>&nbsp;<\/p>\n<p style=\"text-align: justify;\"><strong>Para poder conocerte un poquito mejor, \u00bfpodr\u00edas decirnos sobre t\u00fa un defecto y una virtud?<\/strong><\/p>\n<p style=\"text-align: justify;\"><em>Un defecto ser\u00eda que soy muy quisquilloso con mis cosas,\u00a0 me gusta que se utilicen como yo creo que se deber\u00eda. Como virtud cuento con una empat\u00eda muy grande que me permite comunicarme de manera agradable con quien yo quiera. <\/em><\/p>\n<p style=\"text-align: justify;\"><em>\u00a0<\/em><\/p>\n<p style=\"text-align: justify;\"><strong>Recomi\u00e9ndanos una pel\u00edcula \/ un libro \/ una canci\u00f3n.<\/strong><\/p>\n<p style=\"text-align: justify;\"><em>Gladiador\/Hitchhiker guide to the galaxy\/Cant help\u00a0 falling in love &#8211; Elvis<\/em><\/p>\n<p>&nbsp;<\/p>\n<p style=\"text-align: justify;\"><strong>\u00bfCu\u00e1l es el objeto m\u00e1s raro que tienes en tu bolso\/cartera\/bolsillo\/escritorio?<\/strong><\/p>\n<p style=\"text-align: justify;\"><em>Un giroscopio<\/em><\/p>\n<p>&nbsp;<\/p>\n<p style=\"text-align: justify;\"><strong>Pregunta que te env\u00eda el compa\u00f1ero anterior: \u00bfQu\u00e9 te gustar\u00eda hacer tras el COVID con la plantilla de trabajadores de tu empresa para confraternizar m\u00e1s y que fuera algo distinto a lo habitual?<\/strong><\/p>\n<p style=\"text-align: justify;\"><em>Una competencia de alianzas las t\u00edpicas en que se ganan puntos por actividades y se divide por colores.<\/em><\/p>\n<p>&nbsp;<\/p>\n<p style=\"text-align: justify;\"><strong>Env\u00eda una pregunta a la pr\u00f3xima persona en ser entrevistada:<\/strong><\/p>\n<p style=\"text-align: justify;\"><strong>\u00a0<\/strong><em>\u00bfCu\u00e1l es tu plato favorito y a quien se lo cocinarias en Gabitel?<\/em><\/p>\n<p>&nbsp;<\/p>\n<p>Muchas gracias por tu colaboraci\u00f3n James, nos ha encantado conocerte un poco mejor.<\/p>\n","protected":false},"excerpt":{"rendered":"<p>Este mes en nuestro apartado de entrevistas vamos a conocer a James, un compa\u00f1ero que lleg\u00f3 de Chile y que en su primera etapa trabajando en Gabitel estuvo afincado en Huelva, pero que en la actualidad trabaja en C\u00f3rdoba. &nbsp; \u00bfCu\u00e1nto tiempo llevas trabajando en Gabitel y en que consiste tu trabajo? Sumando mis dos [&hellip;]<\/p>\n","protected":false},"author":3,"featured_media":33622,"comment_status":"closed","ping_status":"closed","sticky":false,"template":"","format":"standard","meta":{"content-type":"","footnotes":""},"categories":[600],"tags":[],"class_list":["post-33180","post","type-post","status-publish","format-standard","has-post-thumbnail","hentry","category-off-topic-de"],"yoast_head":"<!-- This site is optimized with the Yoast SEO plugin v27.5 - https:\/\/yoast.com\/product\/yoast-seo-wordpress\/ -->\n<title>Nuestro equipo. Entrevista a James Teare - Gabitel<\/title>\n<meta name=\"robots\" content=\"index, follow, max-snippet:-1, max-image-preview:large, max-video-preview:-1\" \/>\n<link rel=\"canonical\" href=\"https:\/\/gabitel.net\/de\/james-teare\/\" \/>\n<meta property=\"og:locale\" content=\"de_DE\" \/>\n<meta property=\"og:type\" content=\"article\" \/>\n<meta property=\"og:title\" content=\"Nuestro equipo. Entrevista a James Teare - Gabitel\" \/>\n<meta property=\"og:description\" content=\"Este mes en nuestro apartado de entrevistas vamos a conocer a James, un compa\u00f1ero que lleg\u00f3 de Chile y que en su primera etapa trabajando en Gabitel estuvo afincado en Huelva, pero que en la actualidad trabaja en C\u00f3rdoba. &nbsp; \u00bfCu\u00e1nto tiempo llevas trabajando en Gabitel y en que consiste tu trabajo? Sumando mis dos [&hellip;]\" \/>\n<meta property=\"og:url\" content=\"https:\/\/gabitel.net\/de\/james-teare\/\" \/>\n<meta property=\"og:site_name\" content=\"Gabitel\" \/>\n<meta property=\"article:publisher\" content=\"https:\/\/www.facebook.com\/gabitelingenieros\/\" \/>\n<meta property=\"article:published_time\" content=\"2020-10-01T11:43:12+00:00\" \/>\n<meta name=\"author\" content=\"user.autor\" \/>\n<meta name=\"twitter:card\" content=\"summary_large_image\" \/>\n<meta name=\"twitter:label1\" content=\"Verfasst von\" \/>\n\t<meta name=\"twitter:data1\" content=\"user.autor\" \/>\n\t<meta name=\"twitter:label2\" content=\"Gesch\u00e4tzte Lesezeit\" \/>\n\t<meta name=\"twitter:data2\" content=\"3\u00a0Minuten\" \/>\n<script type=\"application\/ld+json\" class=\"yoast-schema-graph\">{\"@context\":\"https:\\\/\\\/schema.org\",\"@graph\":[{\"@type\":[\"Article\",\"BlogPosting\"],\"@id\":\"https:\\\/\\\/gabitel.net\\\/de\\\/james-teare\\\/#article\",\"isPartOf\":{\"@id\":\"https:\\\/\\\/gabitel.net\\\/de\\\/james-teare\\\/\"},\"author\":{\"name\":\"user.autor\",\"@id\":\"https:\\\/\\\/gabitel.net\\\/de\\\/#\\\/schema\\\/person\\\/37ba53714c3fedb9c7d22f4bc781465c\"},\"headline\":\"Nuestro equipo. Entrevista a James Teare\",\"datePublished\":\"2020-10-01T11:43:12+00:00\",\"mainEntityOfPage\":{\"@id\":\"https:\\\/\\\/gabitel.net\\\/de\\\/james-teare\\\/\"},\"wordCount\":537,\"publisher\":{\"@id\":\"https:\\\/\\\/gabitel.net\\\/de\\\/#organization\"},\"image\":{\"@id\":\"https:\\\/\\\/gabitel.net\\\/de\\\/james-teare\\\/#primaryimage\"},\"thumbnailUrl\":\"https:\\\/\\\/gabitel.net\\\/wp-content\\\/uploads\\\/2020\\\/10\\\/ENTREVISTA-RECORTADA.jpg\",\"articleSection\":[\"Off-topic\"],\"inLanguage\":\"de\"},{\"@type\":\"WebPage\",\"@id\":\"https:\\\/\\\/gabitel.net\\\/de\\\/james-teare\\\/\",\"url\":\"https:\\\/\\\/gabitel.net\\\/de\\\/james-teare\\\/\",\"name\":\"Nuestro equipo. Entrevista a James Teare - Gabitel\",\"isPartOf\":{\"@id\":\"https:\\\/\\\/gabitel.net\\\/de\\\/#website\"},\"primaryImageOfPage\":{\"@id\":\"https:\\\/\\\/gabitel.net\\\/de\\\/james-teare\\\/#primaryimage\"},\"image\":{\"@id\":\"https:\\\/\\\/gabitel.net\\\/de\\\/james-teare\\\/#primaryimage\"},\"thumbnailUrl\":\"https:\\\/\\\/gabitel.net\\\/wp-content\\\/uploads\\\/2020\\\/10\\\/ENTREVISTA-RECORTADA.jpg\",\"datePublished\":\"2020-10-01T11:43:12+00:00\",\"breadcrumb\":{\"@id\":\"https:\\\/\\\/gabitel.net\\\/de\\\/james-teare\\\/#breadcrumb\"},\"inLanguage\":\"de\",\"potentialAction\":[{\"@type\":\"ReadAction\",\"target\":[\"https:\\\/\\\/gabitel.net\\\/de\\\/james-teare\\\/\"]}]},{\"@type\":\"ImageObject\",\"inLanguage\":\"de\",\"@id\":\"https:\\\/\\\/gabitel.net\\\/de\\\/james-teare\\\/#primaryimage\",\"url\":\"https:\\\/\\\/gabitel.net\\\/wp-content\\\/uploads\\\/2020\\\/10\\\/ENTREVISTA-RECORTADA.jpg\",\"contentUrl\":\"https:\\\/\\\/gabitel.net\\\/wp-content\\\/uploads\\\/2020\\\/10\\\/ENTREVISTA-RECORTADA.jpg\",\"width\":676,\"height\":617,\"caption\":\"ENTREVISTA_imagen\"},{\"@type\":\"BreadcrumbList\",\"@id\":\"https:\\\/\\\/gabitel.net\\\/de\\\/james-teare\\\/#breadcrumb\",\"itemListElement\":[{\"@type\":\"ListItem\",\"position\":1,\"name\":\"Portada\",\"item\":\"https:\\\/\\\/gabitel.net\\\/de\\\/\"},{\"@type\":\"ListItem\",\"position\":2,\"name\":\"Nuestro equipo. Entrevista a James Teare\"}]},{\"@type\":\"WebSite\",\"@id\":\"https:\\\/\\\/gabitel.net\\\/de\\\/#website\",\"url\":\"https:\\\/\\\/gabitel.net\\\/de\\\/\",\"name\":\"Gabitel\",\"description\":\"\",\"publisher\":{\"@id\":\"https:\\\/\\\/gabitel.net\\\/de\\\/#organization\"},\"potentialAction\":[{\"@type\":\"SearchAction\",\"target\":{\"@type\":\"EntryPoint\",\"urlTemplate\":\"https:\\\/\\\/gabitel.net\\\/de\\\/?s={search_term_string}\"},\"query-input\":{\"@type\":\"PropertyValueSpecification\",\"valueRequired\":true,\"valueName\":\"search_term_string\"}}],\"inLanguage\":\"de\"},{\"@type\":\"Organization\",\"@id\":\"https:\\\/\\\/gabitel.net\\\/de\\\/#organization\",\"name\":\"Gabitel\",\"url\":\"https:\\\/\\\/gabitel.net\\\/de\\\/\",\"logo\":{\"@type\":\"ImageObject\",\"inLanguage\":\"de\",\"@id\":\"https:\\\/\\\/gabitel.net\\\/de\\\/#\\\/schema\\\/logo\\\/image\\\/\",\"url\":\"https:\\\/\\\/gabitel.net\\\/wp-content\\\/uploads\\\/2025\\\/05\\\/logo_gabitel.jpg\",\"contentUrl\":\"https:\\\/\\\/gabitel.net\\\/wp-content\\\/uploads\\\/2025\\\/05\\\/logo_gabitel.jpg\",\"width\":2560,\"height\":1330,\"caption\":\"Gabitel\"},\"image\":{\"@id\":\"https:\\\/\\\/gabitel.net\\\/de\\\/#\\\/schema\\\/logo\\\/image\\\/\"},\"sameAs\":[\"https:\\\/\\\/www.facebook.com\\\/gabitelingenieros\\\/\",\"https:\\\/\\\/es.linkedin.com\\\/company\\\/gabitel-ingenieros\"]},{\"@type\":\"Person\",\"@id\":\"https:\\\/\\\/gabitel.net\\\/de\\\/#\\\/schema\\\/person\\\/37ba53714c3fedb9c7d22f4bc781465c\",\"name\":\"user.autor\",\"url\":\"https:\\\/\\\/gabitel.net\\\/de\\\/author\\\/user-autor\\\/\"}]}<\/script>\n<!-- \/ Yoast SEO plugin. -->","yoast_head_json":{"title":"Nuestro equipo. Entrevista a James Teare - Gabitel","robots":{"index":"index","follow":"follow","max-snippet":"max-snippet:-1","max-image-preview":"max-image-preview:large","max-video-preview":"max-video-preview:-1"},"canonical":"https:\/\/gabitel.net\/de\/james-teare\/","og_locale":"de_DE","og_type":"article","og_title":"Nuestro equipo. Entrevista a James Teare - Gabitel","og_description":"Este mes en nuestro apartado de entrevistas vamos a conocer a James, un compa\u00f1ero que lleg\u00f3 de Chile y que en su primera etapa trabajando en Gabitel estuvo afincado en Huelva, pero que en la actualidad trabaja en C\u00f3rdoba. &nbsp; \u00bfCu\u00e1nto tiempo llevas trabajando en Gabitel y en que consiste tu trabajo? Sumando mis dos [&hellip;]","og_url":"https:\/\/gabitel.net\/de\/james-teare\/","og_site_name":"Gabitel","article_publisher":"https:\/\/www.facebook.com\/gabitelingenieros\/","article_published_time":"2020-10-01T11:43:12+00:00","author":"user.autor","twitter_card":"summary_large_image","twitter_misc":{"Verfasst von":"user.autor","Gesch\u00e4tzte Lesezeit":"3\u00a0Minuten"},"schema":{"@context":"https:\/\/schema.org","@graph":[{"@type":["Article","BlogPosting"],"@id":"https:\/\/gabitel.net\/de\/james-teare\/#article","isPartOf":{"@id":"https:\/\/gabitel.net\/de\/james-teare\/"},"author":{"name":"user.autor","@id":"https:\/\/gabitel.net\/de\/#\/schema\/person\/37ba53714c3fedb9c7d22f4bc781465c"},"headline":"Nuestro equipo. Entrevista a James Teare","datePublished":"2020-10-01T11:43:12+00:00","mainEntityOfPage":{"@id":"https:\/\/gabitel.net\/de\/james-teare\/"},"wordCount":537,"publisher":{"@id":"https:\/\/gabitel.net\/de\/#organization"},"image":{"@id":"https:\/\/gabitel.net\/de\/james-teare\/#primaryimage"},"thumbnailUrl":"https:\/\/gabitel.net\/wp-content\/uploads\/2020\/10\/ENTREVISTA-RECORTADA.jpg","articleSection":["Off-topic"],"inLanguage":"de"},{"@type":"WebPage","@id":"https:\/\/gabitel.net\/de\/james-teare\/","url":"https:\/\/gabitel.net\/de\/james-teare\/","name":"Nuestro equipo. Entrevista a James Teare - Gabitel","isPartOf":{"@id":"https:\/\/gabitel.net\/de\/#website"},"primaryImageOfPage":{"@id":"https:\/\/gabitel.net\/de\/james-teare\/#primaryimage"},"image":{"@id":"https:\/\/gabitel.net\/de\/james-teare\/#primaryimage"},"thumbnailUrl":"https:\/\/gabitel.net\/wp-content\/uploads\/2020\/10\/ENTREVISTA-RECORTADA.jpg","datePublished":"2020-10-01T11:43:12+00:00","breadcrumb":{"@id":"https:\/\/gabitel.net\/de\/james-teare\/#breadcrumb"},"inLanguage":"de","potentialAction":[{"@type":"ReadAction","target":["https:\/\/gabitel.net\/de\/james-teare\/"]}]},{"@type":"ImageObject","inLanguage":"de","@id":"https:\/\/gabitel.net\/de\/james-teare\/#primaryimage","url":"https:\/\/gabitel.net\/wp-content\/uploads\/2020\/10\/ENTREVISTA-RECORTADA.jpg","contentUrl":"https:\/\/gabitel.net\/wp-content\/uploads\/2020\/10\/ENTREVISTA-RECORTADA.jpg","width":676,"height":617,"caption":"ENTREVISTA_imagen"},{"@type":"BreadcrumbList","@id":"https:\/\/gabitel.net\/de\/james-teare\/#breadcrumb","itemListElement":[{"@type":"ListItem","position":1,"name":"Portada","item":"https:\/\/gabitel.net\/de\/"},{"@type":"ListItem","position":2,"name":"Nuestro equipo. Entrevista a James Teare"}]},{"@type":"WebSite","@id":"https:\/\/gabitel.net\/de\/#website","url":"https:\/\/gabitel.net\/de\/","name":"Gabitel","description":"","publisher":{"@id":"https:\/\/gabitel.net\/de\/#organization"},"potentialAction":[{"@type":"SearchAction","target":{"@type":"EntryPoint","urlTemplate":"https:\/\/gabitel.net\/de\/?s={search_term_string}"},"query-input":{"@type":"PropertyValueSpecification","valueRequired":true,"valueName":"search_term_string"}}],"inLanguage":"de"},{"@type":"Organization","@id":"https:\/\/gabitel.net\/de\/#organization","name":"Gabitel","url":"https:\/\/gabitel.net\/de\/","logo":{"@type":"ImageObject","inLanguage":"de","@id":"https:\/\/gabitel.net\/de\/#\/schema\/logo\/image\/","url":"https:\/\/gabitel.net\/wp-content\/uploads\/2025\/05\/logo_gabitel.jpg","contentUrl":"https:\/\/gabitel.net\/wp-content\/uploads\/2025\/05\/logo_gabitel.jpg","width":2560,"height":1330,"caption":"Gabitel"},"image":{"@id":"https:\/\/gabitel.net\/de\/#\/schema\/logo\/image\/"},"sameAs":["https:\/\/www.facebook.com\/gabitelingenieros\/","https:\/\/es.linkedin.com\/company\/gabitel-ingenieros"]},{"@type":"Person","@id":"https:\/\/gabitel.net\/de\/#\/schema\/person\/37ba53714c3fedb9c7d22f4bc781465c","name":"user.autor","url":"https:\/\/gabitel.net\/de\/author\/user-autor\/"}]}},"_links":{"self":[{"href":"https:\/\/gabitel.net\/de\/wp-json\/wp\/v2\/posts\/33180","targetHints":{"allow":["GET"]}}],"collection":[{"href":"https:\/\/gabitel.net\/de\/wp-json\/wp\/v2\/posts"}],"about":[{"href":"https:\/\/gabitel.net\/de\/wp-json\/wp\/v2\/types\/post"}],"author":[{"embeddable":true,"href":"https:\/\/gabitel.net\/de\/wp-json\/wp\/v2\/users\/3"}],"replies":[{"embeddable":true,"href":"https:\/\/gabitel.net\/de\/wp-json\/wp\/v2\/comments?post=33180"}],"version-history":[{"count":0,"href":"https:\/\/gabitel.net\/de\/wp-json\/wp\/v2\/posts\/33180\/revisions"}],"wp:featuredmedia":[{"embeddable":true,"href":"https:\/\/gabitel.net\/de\/wp-json\/wp\/v2\/media\/33622"}],"wp:attachment":[{"href":"https:\/\/gabitel.net\/de\/wp-json\/wp\/v2\/media?parent=33180"}],"wp:term":[{"taxonomy":"category","embeddable":true,"href":"https:\/\/gabitel.net\/de\/wp-json\/wp\/v2\/categories?post=33180"},{"taxonomy":"post_tag","embeddable":true,"href":"https:\/\/gabitel.net\/de\/wp-json\/wp\/v2\/tags?post=33180"}],"curies":[{"name":"wp","href":"https:\/\/api.w.org\/{rel}","templated":true}]}}