{"id":33182,"date":"2020-10-01T12:19:10","date_gmt":"2020-10-01T11:19:10","guid":{"rendered":"https:\/\/gabitel.net\/enlace-ana-campos-antonio-diaz\/"},"modified":"2020-10-01T12:19:10","modified_gmt":"2020-10-01T11:19:10","slug":"enlace-ana-campos-antonio-diaz","status":"publish","type":"post","link":"https:\/\/gabitel.net\/de\/enlace-ana-campos-antonio-diaz\/","title":{"rendered":"Enlace Ana Campos y Antonio D\u00edaz"},"content":{"rendered":"<p style=\"text-align: justify;\">Fue en <strong>Gabitel <\/strong>donde se conocieron los que, el pasado s\u00e1bado d\u00eda 19 de septiembre, contrajeron matrimonio, nuestros queridos <strong>Ana Campos<\/strong> y <strong>Antonio D\u00edaz.<\/strong><\/p>\n<p style=\"text-align: justify;\">La boda, que tuvo lugar en Huelva, fue un evento cargado de momentos emotivos que hicieron que los afortunados que pudieron asistir disfrutaran de un maravilloso d\u00eda. Es sin duda un acto de valent\u00eda casarse en los tiempos que corren, con las dificultades que esto conlleva, pero ninguna de las restricciones rest\u00f3 emoci\u00f3n al evento.<\/p>\n<p><img decoding=\"async\" src=\"https:\/\/gabitelingenieros.com\/wp-content\/uploads\/2020\/10\/IMG_20200919_154257-scaled.jpg\" alt=\"Enlace Ana Campos y Antonio D\u00edaz | Foto de Gabitel Ingenieros\" \/><\/p>\n<p><img decoding=\"async\" src=\"https:\/\/gabitelingenieros.com\/wp-content\/uploads\/2020\/10\/IMG_20200919_190748-scaled.jpg\" alt=\"Enlace Ana Campos y Antonio D\u00edaz | Foto de Gabitel Ingenieros\" \/><\/p>\n<p style=\"text-align: justify;\">Una muestra de lo rom\u00e1ntico del d\u00eda os la dejamos en este fragmento de las palabras que el hermano del novio dedic\u00f3 a la pareja:<\/p>\n<p style=\"text-align: justify;\"><em>\u201cPodr\u00edamos seguir el gui\u00f3n t\u00edpico de estas ceremonias y empezar a narrar como Antonio conoci\u00f3 a Ana, o en qu\u00e9 circunstancias la luna los hechiz\u00f3 para que se miraran a los ojos o\u2026 .o comentar como fue Sevilla la ciudad que los uni\u00f3 y les di\u00f3 sentido como pareja. El destino es caprichoso y une a dos personas de Huelva en la preciosa ciudad vecina. El destino siempre jugando a los dados con nuestras sencillas sombras. Haciendo y deshaciendo a su gusto, las cosas y las causas. Bienvenido lo que por amor viene\u2026\u201d<\/em><\/p>\n<p style=\"text-align: justify;\">Enhorabuena pareja, os deseamos, y sin duda os lo merec\u00e9is, toda la felicidad del mundo.<\/p>\n<p><img decoding=\"async\" src=\"https:\/\/gabitelingenieros.com\/wp-content\/uploads\/2020\/10\/IMG_20200919_141720-scaled.jpg\" alt=\"Enlace Ana Campos y Antonio D\u00edaz | Foto de Gabitel Ingenieros\" \/><\/p>\n","protected":false},"excerpt":{"rendered":"<p>Fue en Gabitel donde se conocieron los que, el pasado s\u00e1bado d\u00eda 19 de septiembre, contrajeron matrimonio, nuestros queridos Ana Campos y Antonio D\u00edaz.<br \/>\nLa boda, que tuvo lugar en Huelva, fue un evento cargado de momentos emotivos que hicieron que los afortunados que pudieron asistir disfrutaran de un maravilloso d\u00eda. Es sin duda un acto de valent\u00eda casarse en los tiempos que corren, con las dificultades que esto conlleva, pero ninguna de las restricciones rest\u00f3 emoci\u00f3n al evento.<\/p>\n","protected":false},"author":3,"featured_media":33616,"comment_status":"closed","ping_status":"closed","sticky":false,"template":"","format":"standard","meta":{"content-type":"","footnotes":""},"categories":[600],"tags":[],"class_list":["post-33182","post","type-post","status-publish","format-standard","has-post-thumbnail","hentry","category-off-topic-de"],"yoast_head":"<!-- This site is optimized with the Yoast SEO plugin v27.5 - https:\/\/yoast.com\/product\/yoast-seo-wordpress\/ -->\n<title>Enlace Ana Campos y Antonio D\u00edaz - Gabitel<\/title>\n<meta name=\"robots\" content=\"index, follow, max-snippet:-1, max-image-preview:large, max-video-preview:-1\" \/>\n<link rel=\"canonical\" href=\"https:\/\/gabitel.net\/de\/enlace-ana-campos-antonio-diaz\/\" \/>\n<meta property=\"og:locale\" content=\"de_DE\" \/>\n<meta property=\"og:type\" content=\"article\" \/>\n<meta property=\"og:title\" content=\"Enlace Ana Campos y Antonio D\u00edaz - Gabitel\" \/>\n<meta property=\"og:description\" content=\"Fue en Gabitel donde se conocieron los que, el pasado s\u00e1bado d\u00eda 19 de septiembre, contrajeron matrimonio, nuestros queridos Ana Campos y Antonio D\u00edaz. La boda, que tuvo lugar en Huelva, fue un evento cargado de momentos emotivos que hicieron que los afortunados que pudieron asistir disfrutaran de un maravilloso d\u00eda. Es sin duda un acto de valent\u00eda casarse en los tiempos que corren, con las dificultades que esto conlleva, pero ninguna de las restricciones rest\u00f3 emoci\u00f3n al evento.\" \/>\n<meta property=\"og:url\" content=\"https:\/\/gabitel.net\/de\/enlace-ana-campos-antonio-diaz\/\" \/>\n<meta property=\"og:site_name\" content=\"Gabitel\" \/>\n<meta property=\"article:publisher\" content=\"https:\/\/www.facebook.com\/gabitelingenieros\/\" \/>\n<meta property=\"article:published_time\" content=\"2020-10-01T11:19:10+00:00\" \/>\n<meta property=\"og:image\" content=\"https:\/\/gabitelingenieros.com\/wp-content\/uploads\/2020\/10\/IMG_20200919_154257-scaled.jpg\" \/>\n<meta name=\"author\" content=\"user.autor\" \/>\n<meta name=\"twitter:card\" content=\"summary_large_image\" \/>\n<meta name=\"twitter:label1\" content=\"Verfasst von\" \/>\n\t<meta name=\"twitter:data1\" content=\"user.autor\" \/>\n\t<meta name=\"twitter:label2\" content=\"Gesch\u00e4tzte Lesezeit\" \/>\n\t<meta name=\"twitter:data2\" content=\"1\u00a0Minute\" \/>\n<script type=\"application\/ld+json\" class=\"yoast-schema-graph\">{\"@context\":\"https:\\\/\\\/schema.org\",\"@graph\":[{\"@type\":[\"Article\",\"BlogPosting\"],\"@id\":\"https:\\\/\\\/gabitel.net\\\/de\\\/enlace-ana-campos-antonio-diaz\\\/#article\",\"isPartOf\":{\"@id\":\"https:\\\/\\\/gabitel.net\\\/de\\\/enlace-ana-campos-antonio-diaz\\\/\"},\"author\":{\"name\":\"user.autor\",\"@id\":\"https:\\\/\\\/gabitel.net\\\/de\\\/#\\\/schema\\\/person\\\/37ba53714c3fedb9c7d22f4bc781465c\"},\"headline\":\"Enlace Ana Campos y Antonio D\u00edaz\",\"datePublished\":\"2020-10-01T11:19:10+00:00\",\"mainEntityOfPage\":{\"@id\":\"https:\\\/\\\/gabitel.net\\\/de\\\/enlace-ana-campos-antonio-diaz\\\/\"},\"wordCount\":230,\"publisher\":{\"@id\":\"https:\\\/\\\/gabitel.net\\\/de\\\/#organization\"},\"image\":{\"@id\":\"https:\\\/\\\/gabitel.net\\\/de\\\/enlace-ana-campos-antonio-diaz\\\/#primaryimage\"},\"thumbnailUrl\":\"https:\\\/\\\/gabitel.net\\\/wp-content\\\/uploads\\\/2020\\\/10\\\/imagen-cabecera.jpg\",\"articleSection\":[\"Off-topic\"],\"inLanguage\":\"de\"},{\"@type\":\"WebPage\",\"@id\":\"https:\\\/\\\/gabitel.net\\\/de\\\/enlace-ana-campos-antonio-diaz\\\/\",\"url\":\"https:\\\/\\\/gabitel.net\\\/de\\\/enlace-ana-campos-antonio-diaz\\\/\",\"name\":\"Enlace Ana Campos y Antonio D\u00edaz - Gabitel\",\"isPartOf\":{\"@id\":\"https:\\\/\\\/gabitel.net\\\/de\\\/#website\"},\"primaryImageOfPage\":{\"@id\":\"https:\\\/\\\/gabitel.net\\\/de\\\/enlace-ana-campos-antonio-diaz\\\/#primaryimage\"},\"image\":{\"@id\":\"https:\\\/\\\/gabitel.net\\\/de\\\/enlace-ana-campos-antonio-diaz\\\/#primaryimage\"},\"thumbnailUrl\":\"https:\\\/\\\/gabitel.net\\\/wp-content\\\/uploads\\\/2020\\\/10\\\/imagen-cabecera.jpg\",\"datePublished\":\"2020-10-01T11:19:10+00:00\",\"breadcrumb\":{\"@id\":\"https:\\\/\\\/gabitel.net\\\/de\\\/enlace-ana-campos-antonio-diaz\\\/#breadcrumb\"},\"inLanguage\":\"de\",\"potentialAction\":[{\"@type\":\"ReadAction\",\"target\":[\"https:\\\/\\\/gabitel.net\\\/de\\\/enlace-ana-campos-antonio-diaz\\\/\"]}]},{\"@type\":\"ImageObject\",\"inLanguage\":\"de\",\"@id\":\"https:\\\/\\\/gabitel.net\\\/de\\\/enlace-ana-campos-antonio-diaz\\\/#primaryimage\",\"url\":\"https:\\\/\\\/gabitel.net\\\/wp-content\\\/uploads\\\/2020\\\/10\\\/imagen-cabecera.jpg\",\"contentUrl\":\"https:\\\/\\\/gabitel.net\\\/wp-content\\\/uploads\\\/2020\\\/10\\\/imagen-cabecera.jpg\",\"width\":1062,\"height\":872,\"caption\":\"boda\"},{\"@type\":\"BreadcrumbList\",\"@id\":\"https:\\\/\\\/gabitel.net\\\/de\\\/enlace-ana-campos-antonio-diaz\\\/#breadcrumb\",\"itemListElement\":[{\"@type\":\"ListItem\",\"position\":1,\"name\":\"Portada\",\"item\":\"https:\\\/\\\/gabitel.net\\\/de\\\/\"},{\"@type\":\"ListItem\",\"position\":2,\"name\":\"Enlace Ana Campos y Antonio D\u00edaz\"}]},{\"@type\":\"WebSite\",\"@id\":\"https:\\\/\\\/gabitel.net\\\/de\\\/#website\",\"url\":\"https:\\\/\\\/gabitel.net\\\/de\\\/\",\"name\":\"Gabitel\",\"description\":\"\",\"publisher\":{\"@id\":\"https:\\\/\\\/gabitel.net\\\/de\\\/#organization\"},\"potentialAction\":[{\"@type\":\"SearchAction\",\"target\":{\"@type\":\"EntryPoint\",\"urlTemplate\":\"https:\\\/\\\/gabitel.net\\\/de\\\/?s={search_term_string}\"},\"query-input\":{\"@type\":\"PropertyValueSpecification\",\"valueRequired\":true,\"valueName\":\"search_term_string\"}}],\"inLanguage\":\"de\"},{\"@type\":\"Organization\",\"@id\":\"https:\\\/\\\/gabitel.net\\\/de\\\/#organization\",\"name\":\"Gabitel\",\"url\":\"https:\\\/\\\/gabitel.net\\\/de\\\/\",\"logo\":{\"@type\":\"ImageObject\",\"inLanguage\":\"de\",\"@id\":\"https:\\\/\\\/gabitel.net\\\/de\\\/#\\\/schema\\\/logo\\\/image\\\/\",\"url\":\"https:\\\/\\\/gabitel.net\\\/wp-content\\\/uploads\\\/2025\\\/05\\\/logo_gabitel.jpg\",\"contentUrl\":\"https:\\\/\\\/gabitel.net\\\/wp-content\\\/uploads\\\/2025\\\/05\\\/logo_gabitel.jpg\",\"width\":2560,\"height\":1330,\"caption\":\"Gabitel\"},\"image\":{\"@id\":\"https:\\\/\\\/gabitel.net\\\/de\\\/#\\\/schema\\\/logo\\\/image\\\/\"},\"sameAs\":[\"https:\\\/\\\/www.facebook.com\\\/gabitelingenieros\\\/\",\"https:\\\/\\\/es.linkedin.com\\\/company\\\/gabitel-ingenieros\"]},{\"@type\":\"Person\",\"@id\":\"https:\\\/\\\/gabitel.net\\\/de\\\/#\\\/schema\\\/person\\\/37ba53714c3fedb9c7d22f4bc781465c\",\"name\":\"user.autor\",\"url\":\"https:\\\/\\\/gabitel.net\\\/de\\\/author\\\/user-autor\\\/\"}]}<\/script>\n<!-- \/ Yoast SEO plugin. -->","yoast_head_json":{"title":"Enlace Ana Campos y Antonio D\u00edaz - Gabitel","robots":{"index":"index","follow":"follow","max-snippet":"max-snippet:-1","max-image-preview":"max-image-preview:large","max-video-preview":"max-video-preview:-1"},"canonical":"https:\/\/gabitel.net\/de\/enlace-ana-campos-antonio-diaz\/","og_locale":"de_DE","og_type":"article","og_title":"Enlace Ana Campos y Antonio D\u00edaz - Gabitel","og_description":"Fue en Gabitel donde se conocieron los que, el pasado s\u00e1bado d\u00eda 19 de septiembre, contrajeron matrimonio, nuestros queridos Ana Campos y Antonio D\u00edaz. La boda, que tuvo lugar en Huelva, fue un evento cargado de momentos emotivos que hicieron que los afortunados que pudieron asistir disfrutaran de un maravilloso d\u00eda. Es sin duda un acto de valent\u00eda casarse en los tiempos que corren, con las dificultades que esto conlleva, pero ninguna de las restricciones rest\u00f3 emoci\u00f3n al evento.","og_url":"https:\/\/gabitel.net\/de\/enlace-ana-campos-antonio-diaz\/","og_site_name":"Gabitel","article_publisher":"https:\/\/www.facebook.com\/gabitelingenieros\/","article_published_time":"2020-10-01T11:19:10+00:00","og_image":[{"url":"https:\/\/gabitelingenieros.com\/wp-content\/uploads\/2020\/10\/IMG_20200919_154257-scaled.jpg","type":"","width":"","height":""}],"author":"user.autor","twitter_card":"summary_large_image","twitter_misc":{"Verfasst von":"user.autor","Gesch\u00e4tzte Lesezeit":"1\u00a0Minute"},"schema":{"@context":"https:\/\/schema.org","@graph":[{"@type":["Article","BlogPosting"],"@id":"https:\/\/gabitel.net\/de\/enlace-ana-campos-antonio-diaz\/#article","isPartOf":{"@id":"https:\/\/gabitel.net\/de\/enlace-ana-campos-antonio-diaz\/"},"author":{"name":"user.autor","@id":"https:\/\/gabitel.net\/de\/#\/schema\/person\/37ba53714c3fedb9c7d22f4bc781465c"},"headline":"Enlace Ana Campos y Antonio D\u00edaz","datePublished":"2020-10-01T11:19:10+00:00","mainEntityOfPage":{"@id":"https:\/\/gabitel.net\/de\/enlace-ana-campos-antonio-diaz\/"},"wordCount":230,"publisher":{"@id":"https:\/\/gabitel.net\/de\/#organization"},"image":{"@id":"https:\/\/gabitel.net\/de\/enlace-ana-campos-antonio-diaz\/#primaryimage"},"thumbnailUrl":"https:\/\/gabitel.net\/wp-content\/uploads\/2020\/10\/imagen-cabecera.jpg","articleSection":["Off-topic"],"inLanguage":"de"},{"@type":"WebPage","@id":"https:\/\/gabitel.net\/de\/enlace-ana-campos-antonio-diaz\/","url":"https:\/\/gabitel.net\/de\/enlace-ana-campos-antonio-diaz\/","name":"Enlace Ana Campos y Antonio D\u00edaz - Gabitel","isPartOf":{"@id":"https:\/\/gabitel.net\/de\/#website"},"primaryImageOfPage":{"@id":"https:\/\/gabitel.net\/de\/enlace-ana-campos-antonio-diaz\/#primaryimage"},"image":{"@id":"https:\/\/gabitel.net\/de\/enlace-ana-campos-antonio-diaz\/#primaryimage"},"thumbnailUrl":"https:\/\/gabitel.net\/wp-content\/uploads\/2020\/10\/imagen-cabecera.jpg","datePublished":"2020-10-01T11:19:10+00:00","breadcrumb":{"@id":"https:\/\/gabitel.net\/de\/enlace-ana-campos-antonio-diaz\/#breadcrumb"},"inLanguage":"de","potentialAction":[{"@type":"ReadAction","target":["https:\/\/gabitel.net\/de\/enlace-ana-campos-antonio-diaz\/"]}]},{"@type":"ImageObject","inLanguage":"de","@id":"https:\/\/gabitel.net\/de\/enlace-ana-campos-antonio-diaz\/#primaryimage","url":"https:\/\/gabitel.net\/wp-content\/uploads\/2020\/10\/imagen-cabecera.jpg","contentUrl":"https:\/\/gabitel.net\/wp-content\/uploads\/2020\/10\/imagen-cabecera.jpg","width":1062,"height":872,"caption":"boda"},{"@type":"BreadcrumbList","@id":"https:\/\/gabitel.net\/de\/enlace-ana-campos-antonio-diaz\/#breadcrumb","itemListElement":[{"@type":"ListItem","position":1,"name":"Portada","item":"https:\/\/gabitel.net\/de\/"},{"@type":"ListItem","position":2,"name":"Enlace Ana Campos y Antonio D\u00edaz"}]},{"@type":"WebSite","@id":"https:\/\/gabitel.net\/de\/#website","url":"https:\/\/gabitel.net\/de\/","name":"Gabitel","description":"","publisher":{"@id":"https:\/\/gabitel.net\/de\/#organization"},"potentialAction":[{"@type":"SearchAction","target":{"@type":"EntryPoint","urlTemplate":"https:\/\/gabitel.net\/de\/?s={search_term_string}"},"query-input":{"@type":"PropertyValueSpecification","valueRequired":true,"valueName":"search_term_string"}}],"inLanguage":"de"},{"@type":"Organization","@id":"https:\/\/gabitel.net\/de\/#organization","name":"Gabitel","url":"https:\/\/gabitel.net\/de\/","logo":{"@type":"ImageObject","inLanguage":"de","@id":"https:\/\/gabitel.net\/de\/#\/schema\/logo\/image\/","url":"https:\/\/gabitel.net\/wp-content\/uploads\/2025\/05\/logo_gabitel.jpg","contentUrl":"https:\/\/gabitel.net\/wp-content\/uploads\/2025\/05\/logo_gabitel.jpg","width":2560,"height":1330,"caption":"Gabitel"},"image":{"@id":"https:\/\/gabitel.net\/de\/#\/schema\/logo\/image\/"},"sameAs":["https:\/\/www.facebook.com\/gabitelingenieros\/","https:\/\/es.linkedin.com\/company\/gabitel-ingenieros"]},{"@type":"Person","@id":"https:\/\/gabitel.net\/de\/#\/schema\/person\/37ba53714c3fedb9c7d22f4bc781465c","name":"user.autor","url":"https:\/\/gabitel.net\/de\/author\/user-autor\/"}]}},"_links":{"self":[{"href":"https:\/\/gabitel.net\/de\/wp-json\/wp\/v2\/posts\/33182","targetHints":{"allow":["GET"]}}],"collection":[{"href":"https:\/\/gabitel.net\/de\/wp-json\/wp\/v2\/posts"}],"about":[{"href":"https:\/\/gabitel.net\/de\/wp-json\/wp\/v2\/types\/post"}],"author":[{"embeddable":true,"href":"https:\/\/gabitel.net\/de\/wp-json\/wp\/v2\/users\/3"}],"replies":[{"embeddable":true,"href":"https:\/\/gabitel.net\/de\/wp-json\/wp\/v2\/comments?post=33182"}],"version-history":[{"count":0,"href":"https:\/\/gabitel.net\/de\/wp-json\/wp\/v2\/posts\/33182\/revisions"}],"wp:featuredmedia":[{"embeddable":true,"href":"https:\/\/gabitel.net\/de\/wp-json\/wp\/v2\/media\/33616"}],"wp:attachment":[{"href":"https:\/\/gabitel.net\/de\/wp-json\/wp\/v2\/media?parent=33182"}],"wp:term":[{"taxonomy":"category","embeddable":true,"href":"https:\/\/gabitel.net\/de\/wp-json\/wp\/v2\/categories?post=33182"},{"taxonomy":"post_tag","embeddable":true,"href":"https:\/\/gabitel.net\/de\/wp-json\/wp\/v2\/tags?post=33182"}],"curies":[{"name":"wp","href":"https:\/\/api.w.org\/{rel}","templated":true}]}}