{"id":33220,"date":"2019-01-09T14:46:13","date_gmt":"2019-01-09T13:46:13","guid":{"rendered":"https:\/\/gabitel.net\/jornadas-formacion\/"},"modified":"2019-01-09T14:46:13","modified_gmt":"2019-01-09T13:46:13","slug":"jornadas-formacion","status":"publish","type":"post","link":"https:\/\/gabitel.net\/de\/jornadas-formacion\/","title":{"rendered":"Jornadas de formaci\u00f3n para cerrar el a\u00f1o"},"content":{"rendered":"<p style=\"text-align: justify;\">2018 ha terminado para nosotros cargado de acciones formativas que hemos puesto a disposici\u00f3n de nuestros empleados. En la filosof\u00eda de Gabitel Ingenieros, la formaci\u00f3n juega un papel muy importante, no s\u00f3lo para capacitar a nuestra plantilla para el trabajo que van a desempe\u00f1ar, sino tambi\u00e9n para darles herramientas que consideramos que pueden serles \u00fatiles en la vida.<\/p>\n<p style=\"text-align: justify;\">De esta forma durante los meses de noviembre y diciembre han tenido lugar una serie de jornadas en las que nuestro personal ha recibido formaci\u00f3n en Mindfulness y Inteligencia Emocional, impartidos por NR Psicolog\u00eda Positiva, y Primeros Auxilios, de la mano de t\u00e9cnicos del 061.<\/p>\n<p style=\"text-align: justify;\">El Mindfulness es una pr\u00e1ctica basada en la conciencia plena que consiste en prestar atenci\u00f3n a emociones, sensaciones corporales, pensamientos, bas\u00e1ndose simplemente en lo que se percibe y que permite a las personas que lo practican reducir la ansiedad y acrecentar la capacidad de concentraci\u00f3n, a la vez que mejora las relaciones interpersonales y favorece la creatividad. Por otra parte la Inteligencia Emocional es la capacidad que tenemos para comprender, gestionar y aceptar nuestras emociones, a diferencia del coeficiente intelectual la este tipo de inteligencia puede desarrollarse siguiendo unas determinadas pautas. Durante las jornadas en las que NR Psicolog\u00eda Positiva pasaron con nuestros empleados les ense\u00f1aron las bases de ambos conceptos y c\u00f3mo beneficiarse de ellos en el plano profesional, pero sobre todo en el personal.<\/p>\n<p style=\"text-align: justify;\">Respecto al curso de Soporte Vital B\u00e1sico, todos lo asistentes coincidieron en la importancia que tiene adquirir estos conocimientos y que incluso deber\u00edan convertirse en una materia obligatoria, y es que la aplicaci\u00f3n de determinadas maniobras puede suponer realmente la diferencia entre la vida y la muerte.<\/p>\n<p style=\"text-align: justify;\">La sensaci\u00f3n una vez terminadas todas estas jornadas no puede haber sido m\u00e1s favorable, por lo que, aunque nadie sabe con certeza qu\u00e9 puede depararle el 2019, nosotros s\u00ed estamos seguros de que Gabitel Ingenieros seguir\u00e1 apostando por la formaci\u00f3n de su plantilla en este nuevo a\u00f1o.<\/p>\n<p><img decoding=\"async\" src=\"https:\/\/gabitelingenieros.com\/wp-content\/uploads\/2019\/01\/IMG_20181129_135851_2.jpg\" alt=\"Jornadas de formaci\u00f3n para | Gabitel Ingenieros\" \/> <\/p>\n<p><img decoding=\"async\" src=\"https:\/\/gabitelingenieros.com\/wp-content\/uploads\/2019\/01\/IMG_20181129_143650_2.jpg\" alt=\"Jornadas de formaci\u00f3n para | Gabitel Ingenieros\" \/> <\/p>\n<p style=\"text-align: justify;\">El d\u00eda 25 de noviembre se celebra el D\u00eda Internacional contra la Violencia de G\u00e9nero y, conmemorando esta fecha, se ha presentado en la sede de Huelva de Gabitel Ingenieros la exposici\u00f3n &#8222;Practica la igualdad, marca la diferencia&#8220;, enmarcada en una campa\u00f1a de sensibilizaci\u00f3n promovida por la Fundaci\u00f3n <a href=\"http:\/\/cepaim.org\/\">CEPAIM<\/a> a trav\u00e9s de su programa &#8222;Adelante&#8220;.<\/p>\n<p style=\"text-align: justify;\">Este programa, financiado por el Fondo Social Europeo, busca aumentar la integraci\u00f3n socio-laboral de las mujeres que se encuentran en colectivos m\u00e1s vulnerables, a trav\u00e9s de actuaciones que fomenten la igualdad de genero y la conciliaci\u00f3n de la vida personal y laboral, y evitando la discriminaci\u00f3n m\u00faltiple. Una de estas acciones es la exposici\u00f3n itinerante que se ha instalado en las oficinas de Gabitel, en la que se presentan 18 paneles principalmente dirigidos al p\u00fablico masculino, en los que se trata de llegar al espectador y plantear una reflexi\u00f3n sobre los roles y actitudes adquiridas principalmente por la herencia cultural.<\/p>\n<p style=\"text-align: justify;\">Durante la inauguraci\u00f3n de la exposici\u00f3n se anim\u00f3 a los presentes a abrir sus mentes, cambiar la perspectiva y romper con las ideas preconcebidas que marcan las diferencias de g\u00e9nero presentes en nuestra sociedad.<\/p>\n<p style=\"text-align: justify;\">En Gabitel pensamos que muestras como esta, que podr\u00e1 visitarse durante los d\u00edas 27, 28 y 29 de noviembre, colaboran en la creaci\u00f3n de una sociedad m\u00e1s igualitaria y mejor para todos, y queremos agradecer a <a href=\"http:\/\/cepaim.org\/\">CEPAIM<\/a> la labor que desarrollan para que esto sea posible.<\/p>\n<p><img decoding=\"async\" src=\"https:\/\/gabitelingenieros.com\/wp-content\/uploads\/2018\/11\/IMG_20181127_160004.jpg\" alt=\"Jornadas de formaci\u00f3n para | Gabitel Ingenieros\" \/> <\/p>\n<p><img decoding=\"async\" src=\"https:\/\/gabitelingenieros.com\/wp-content\/uploads\/2018\/11\/IMG_20181127_163934.jpg\" alt=\"Jornadas de formaci\u00f3n para | Gabitel Ingenieros\" \/> <\/p>\n<p><img decoding=\"async\" src=\"https:\/\/gabitelingenieros.com\/wp-content\/uploads\/2018\/11\/IMG_20181127_155651.jpg\" alt=\"Jornadas de formaci\u00f3n para | Gabitel Ingenieros\" \/> <\/p>\n<p><img decoding=\"async\" src=\"https:\/\/gabitelingenieros.com\/wp-content\/uploads\/2018\/11\/IMG-20181127-WA0017-mod.jpg\" alt=\"Jornadas de formaci\u00f3n para | Gabitel Ingenieros\" \/> <\/p>\n","protected":false},"excerpt":{"rendered":"<p>2018 ha terminado para nosotros cargado de acciones formativas que hemos puesto a disposici\u00f3n de nuestros empleados. En la filosof\u00eda de Gabitel Ingenieros, la formaci\u00f3n juega un papel muy importante, no s\u00f3lo para capacitar a nuestra plantilla para el trabajo que van a desempe\u00f1ar, sino tambi\u00e9n para darles herramientas que consideramos que pueden serles \u00fatiles [&hellip;]<\/p>\n","protected":false},"author":3,"featured_media":33578,"comment_status":"closed","ping_status":"closed","sticky":false,"template":"","format":"standard","meta":{"content-type":"","footnotes":""},"categories":[600],"tags":[],"class_list":["post-33220","post","type-post","status-publish","format-standard","has-post-thumbnail","hentry","category-off-topic-de"],"yoast_head":"<!-- This site is optimized with the Yoast SEO plugin v27.5 - https:\/\/yoast.com\/product\/yoast-seo-wordpress\/ -->\n<title>Jornadas de formaci\u00f3n para cerrar el a\u00f1o - Gabitel<\/title>\n<meta name=\"robots\" content=\"index, follow, max-snippet:-1, max-image-preview:large, max-video-preview:-1\" \/>\n<link rel=\"canonical\" href=\"https:\/\/gabitel.net\/de\/jornadas-formacion\/\" \/>\n<meta property=\"og:locale\" content=\"de_DE\" \/>\n<meta property=\"og:type\" content=\"article\" \/>\n<meta property=\"og:title\" content=\"Jornadas de formaci\u00f3n para cerrar el a\u00f1o - Gabitel\" \/>\n<meta property=\"og:description\" content=\"2018 ha terminado para nosotros cargado de acciones formativas que hemos puesto a disposici\u00f3n de nuestros empleados. En la filosof\u00eda de Gabitel Ingenieros, la formaci\u00f3n juega un papel muy importante, no s\u00f3lo para capacitar a nuestra plantilla para el trabajo que van a desempe\u00f1ar, sino tambi\u00e9n para darles herramientas que consideramos que pueden serles \u00fatiles [&hellip;]\" \/>\n<meta property=\"og:url\" content=\"https:\/\/gabitel.net\/de\/jornadas-formacion\/\" \/>\n<meta property=\"og:site_name\" content=\"Gabitel\" \/>\n<meta property=\"article:publisher\" content=\"https:\/\/www.facebook.com\/gabitelingenieros\/\" \/>\n<meta property=\"article:published_time\" content=\"2019-01-09T13:46:13+00:00\" \/>\n<meta property=\"og:image\" content=\"https:\/\/gabitelingenieros.com\/wp-content\/uploads\/2019\/01\/IMG_20181129_135851_2.jpg\" \/>\n<meta name=\"author\" content=\"user.autor\" \/>\n<meta name=\"twitter:card\" content=\"summary_large_image\" \/>\n<meta name=\"twitter:label1\" content=\"Verfasst von\" \/>\n\t<meta name=\"twitter:data1\" content=\"user.autor\" \/>\n\t<meta name=\"twitter:label2\" content=\"Gesch\u00e4tzte Lesezeit\" \/>\n\t<meta name=\"twitter:data2\" content=\"3\u00a0Minuten\" \/>\n<script type=\"application\/ld+json\" class=\"yoast-schema-graph\">{\"@context\":\"https:\\\/\\\/schema.org\",\"@graph\":[{\"@type\":[\"Article\",\"BlogPosting\"],\"@id\":\"https:\\\/\\\/gabitel.net\\\/de\\\/jornadas-formacion\\\/#article\",\"isPartOf\":{\"@id\":\"https:\\\/\\\/gabitel.net\\\/de\\\/jornadas-formacion\\\/\"},\"author\":{\"name\":\"user.autor\",\"@id\":\"https:\\\/\\\/gabitel.net\\\/de\\\/#\\\/schema\\\/person\\\/37ba53714c3fedb9c7d22f4bc781465c\"},\"headline\":\"Jornadas de formaci\u00f3n para cerrar el a\u00f1o\",\"datePublished\":\"2019-01-09T13:46:13+00:00\",\"mainEntityOfPage\":{\"@id\":\"https:\\\/\\\/gabitel.net\\\/de\\\/jornadas-formacion\\\/\"},\"wordCount\":605,\"publisher\":{\"@id\":\"https:\\\/\\\/gabitel.net\\\/de\\\/#organization\"},\"image\":{\"@id\":\"https:\\\/\\\/gabitel.net\\\/de\\\/jornadas-formacion\\\/#primaryimage\"},\"thumbnailUrl\":\"https:\\\/\\\/gabitel.net\\\/wp-content\\\/uploads\\\/2019\\\/01\\\/IMG_20181218_145805-002.jpg\",\"articleSection\":[\"Off-topic\"],\"inLanguage\":\"de\"},{\"@type\":\"WebPage\",\"@id\":\"https:\\\/\\\/gabitel.net\\\/de\\\/jornadas-formacion\\\/\",\"url\":\"https:\\\/\\\/gabitel.net\\\/de\\\/jornadas-formacion\\\/\",\"name\":\"Jornadas de formaci\u00f3n para cerrar el a\u00f1o - Gabitel\",\"isPartOf\":{\"@id\":\"https:\\\/\\\/gabitel.net\\\/de\\\/#website\"},\"primaryImageOfPage\":{\"@id\":\"https:\\\/\\\/gabitel.net\\\/de\\\/jornadas-formacion\\\/#primaryimage\"},\"image\":{\"@id\":\"https:\\\/\\\/gabitel.net\\\/de\\\/jornadas-formacion\\\/#primaryimage\"},\"thumbnailUrl\":\"https:\\\/\\\/gabitel.net\\\/wp-content\\\/uploads\\\/2019\\\/01\\\/IMG_20181218_145805-002.jpg\",\"datePublished\":\"2019-01-09T13:46:13+00:00\",\"breadcrumb\":{\"@id\":\"https:\\\/\\\/gabitel.net\\\/de\\\/jornadas-formacion\\\/#breadcrumb\"},\"inLanguage\":\"de\",\"potentialAction\":[{\"@type\":\"ReadAction\",\"target\":[\"https:\\\/\\\/gabitel.net\\\/de\\\/jornadas-formacion\\\/\"]}]},{\"@type\":\"ImageObject\",\"inLanguage\":\"de\",\"@id\":\"https:\\\/\\\/gabitel.net\\\/de\\\/jornadas-formacion\\\/#primaryimage\",\"url\":\"https:\\\/\\\/gabitel.net\\\/wp-content\\\/uploads\\\/2019\\\/01\\\/IMG_20181218_145805-002.jpg\",\"contentUrl\":\"https:\\\/\\\/gabitel.net\\\/wp-content\\\/uploads\\\/2019\\\/01\\\/IMG_20181218_145805-002.jpg\",\"width\":1245,\"height\":934,\"caption\":\"jornada_formacion_3\"},{\"@type\":\"BreadcrumbList\",\"@id\":\"https:\\\/\\\/gabitel.net\\\/de\\\/jornadas-formacion\\\/#breadcrumb\",\"itemListElement\":[{\"@type\":\"ListItem\",\"position\":1,\"name\":\"Portada\",\"item\":\"https:\\\/\\\/gabitel.net\\\/de\\\/\"},{\"@type\":\"ListItem\",\"position\":2,\"name\":\"Jornadas de formaci\u00f3n para cerrar el a\u00f1o\"}]},{\"@type\":\"WebSite\",\"@id\":\"https:\\\/\\\/gabitel.net\\\/de\\\/#website\",\"url\":\"https:\\\/\\\/gabitel.net\\\/de\\\/\",\"name\":\"Gabitel\",\"description\":\"\",\"publisher\":{\"@id\":\"https:\\\/\\\/gabitel.net\\\/de\\\/#organization\"},\"potentialAction\":[{\"@type\":\"SearchAction\",\"target\":{\"@type\":\"EntryPoint\",\"urlTemplate\":\"https:\\\/\\\/gabitel.net\\\/de\\\/?s={search_term_string}\"},\"query-input\":{\"@type\":\"PropertyValueSpecification\",\"valueRequired\":true,\"valueName\":\"search_term_string\"}}],\"inLanguage\":\"de\"},{\"@type\":\"Organization\",\"@id\":\"https:\\\/\\\/gabitel.net\\\/de\\\/#organization\",\"name\":\"Gabitel\",\"url\":\"https:\\\/\\\/gabitel.net\\\/de\\\/\",\"logo\":{\"@type\":\"ImageObject\",\"inLanguage\":\"de\",\"@id\":\"https:\\\/\\\/gabitel.net\\\/de\\\/#\\\/schema\\\/logo\\\/image\\\/\",\"url\":\"https:\\\/\\\/gabitel.net\\\/wp-content\\\/uploads\\\/2025\\\/05\\\/logo_gabitel.jpg\",\"contentUrl\":\"https:\\\/\\\/gabitel.net\\\/wp-content\\\/uploads\\\/2025\\\/05\\\/logo_gabitel.jpg\",\"width\":2560,\"height\":1330,\"caption\":\"Gabitel\"},\"image\":{\"@id\":\"https:\\\/\\\/gabitel.net\\\/de\\\/#\\\/schema\\\/logo\\\/image\\\/\"},\"sameAs\":[\"https:\\\/\\\/www.facebook.com\\\/gabitelingenieros\\\/\",\"https:\\\/\\\/es.linkedin.com\\\/company\\\/gabitel-ingenieros\"]},{\"@type\":\"Person\",\"@id\":\"https:\\\/\\\/gabitel.net\\\/de\\\/#\\\/schema\\\/person\\\/37ba53714c3fedb9c7d22f4bc781465c\",\"name\":\"user.autor\",\"url\":\"https:\\\/\\\/gabitel.net\\\/de\\\/author\\\/user-autor\\\/\"}]}<\/script>\n<!-- \/ Yoast SEO plugin. -->","yoast_head_json":{"title":"Jornadas de formaci\u00f3n para cerrar el a\u00f1o - Gabitel","robots":{"index":"index","follow":"follow","max-snippet":"max-snippet:-1","max-image-preview":"max-image-preview:large","max-video-preview":"max-video-preview:-1"},"canonical":"https:\/\/gabitel.net\/de\/jornadas-formacion\/","og_locale":"de_DE","og_type":"article","og_title":"Jornadas de formaci\u00f3n para cerrar el a\u00f1o - Gabitel","og_description":"2018 ha terminado para nosotros cargado de acciones formativas que hemos puesto a disposici\u00f3n de nuestros empleados. En la filosof\u00eda de Gabitel Ingenieros, la formaci\u00f3n juega un papel muy importante, no s\u00f3lo para capacitar a nuestra plantilla para el trabajo que van a desempe\u00f1ar, sino tambi\u00e9n para darles herramientas que consideramos que pueden serles \u00fatiles [&hellip;]","og_url":"https:\/\/gabitel.net\/de\/jornadas-formacion\/","og_site_name":"Gabitel","article_publisher":"https:\/\/www.facebook.com\/gabitelingenieros\/","article_published_time":"2019-01-09T13:46:13+00:00","og_image":[{"url":"https:\/\/gabitelingenieros.com\/wp-content\/uploads\/2019\/01\/IMG_20181129_135851_2.jpg","type":"","width":"","height":""}],"author":"user.autor","twitter_card":"summary_large_image","twitter_misc":{"Verfasst von":"user.autor","Gesch\u00e4tzte Lesezeit":"3\u00a0Minuten"},"schema":{"@context":"https:\/\/schema.org","@graph":[{"@type":["Article","BlogPosting"],"@id":"https:\/\/gabitel.net\/de\/jornadas-formacion\/#article","isPartOf":{"@id":"https:\/\/gabitel.net\/de\/jornadas-formacion\/"},"author":{"name":"user.autor","@id":"https:\/\/gabitel.net\/de\/#\/schema\/person\/37ba53714c3fedb9c7d22f4bc781465c"},"headline":"Jornadas de formaci\u00f3n para cerrar el a\u00f1o","datePublished":"2019-01-09T13:46:13+00:00","mainEntityOfPage":{"@id":"https:\/\/gabitel.net\/de\/jornadas-formacion\/"},"wordCount":605,"publisher":{"@id":"https:\/\/gabitel.net\/de\/#organization"},"image":{"@id":"https:\/\/gabitel.net\/de\/jornadas-formacion\/#primaryimage"},"thumbnailUrl":"https:\/\/gabitel.net\/wp-content\/uploads\/2019\/01\/IMG_20181218_145805-002.jpg","articleSection":["Off-topic"],"inLanguage":"de"},{"@type":"WebPage","@id":"https:\/\/gabitel.net\/de\/jornadas-formacion\/","url":"https:\/\/gabitel.net\/de\/jornadas-formacion\/","name":"Jornadas de formaci\u00f3n para cerrar el a\u00f1o - Gabitel","isPartOf":{"@id":"https:\/\/gabitel.net\/de\/#website"},"primaryImageOfPage":{"@id":"https:\/\/gabitel.net\/de\/jornadas-formacion\/#primaryimage"},"image":{"@id":"https:\/\/gabitel.net\/de\/jornadas-formacion\/#primaryimage"},"thumbnailUrl":"https:\/\/gabitel.net\/wp-content\/uploads\/2019\/01\/IMG_20181218_145805-002.jpg","datePublished":"2019-01-09T13:46:13+00:00","breadcrumb":{"@id":"https:\/\/gabitel.net\/de\/jornadas-formacion\/#breadcrumb"},"inLanguage":"de","potentialAction":[{"@type":"ReadAction","target":["https:\/\/gabitel.net\/de\/jornadas-formacion\/"]}]},{"@type":"ImageObject","inLanguage":"de","@id":"https:\/\/gabitel.net\/de\/jornadas-formacion\/#primaryimage","url":"https:\/\/gabitel.net\/wp-content\/uploads\/2019\/01\/IMG_20181218_145805-002.jpg","contentUrl":"https:\/\/gabitel.net\/wp-content\/uploads\/2019\/01\/IMG_20181218_145805-002.jpg","width":1245,"height":934,"caption":"jornada_formacion_3"},{"@type":"BreadcrumbList","@id":"https:\/\/gabitel.net\/de\/jornadas-formacion\/#breadcrumb","itemListElement":[{"@type":"ListItem","position":1,"name":"Portada","item":"https:\/\/gabitel.net\/de\/"},{"@type":"ListItem","position":2,"name":"Jornadas de formaci\u00f3n para cerrar el a\u00f1o"}]},{"@type":"WebSite","@id":"https:\/\/gabitel.net\/de\/#website","url":"https:\/\/gabitel.net\/de\/","name":"Gabitel","description":"","publisher":{"@id":"https:\/\/gabitel.net\/de\/#organization"},"potentialAction":[{"@type":"SearchAction","target":{"@type":"EntryPoint","urlTemplate":"https:\/\/gabitel.net\/de\/?s={search_term_string}"},"query-input":{"@type":"PropertyValueSpecification","valueRequired":true,"valueName":"search_term_string"}}],"inLanguage":"de"},{"@type":"Organization","@id":"https:\/\/gabitel.net\/de\/#organization","name":"Gabitel","url":"https:\/\/gabitel.net\/de\/","logo":{"@type":"ImageObject","inLanguage":"de","@id":"https:\/\/gabitel.net\/de\/#\/schema\/logo\/image\/","url":"https:\/\/gabitel.net\/wp-content\/uploads\/2025\/05\/logo_gabitel.jpg","contentUrl":"https:\/\/gabitel.net\/wp-content\/uploads\/2025\/05\/logo_gabitel.jpg","width":2560,"height":1330,"caption":"Gabitel"},"image":{"@id":"https:\/\/gabitel.net\/de\/#\/schema\/logo\/image\/"},"sameAs":["https:\/\/www.facebook.com\/gabitelingenieros\/","https:\/\/es.linkedin.com\/company\/gabitel-ingenieros"]},{"@type":"Person","@id":"https:\/\/gabitel.net\/de\/#\/schema\/person\/37ba53714c3fedb9c7d22f4bc781465c","name":"user.autor","url":"https:\/\/gabitel.net\/de\/author\/user-autor\/"}]}},"_links":{"self":[{"href":"https:\/\/gabitel.net\/de\/wp-json\/wp\/v2\/posts\/33220","targetHints":{"allow":["GET"]}}],"collection":[{"href":"https:\/\/gabitel.net\/de\/wp-json\/wp\/v2\/posts"}],"about":[{"href":"https:\/\/gabitel.net\/de\/wp-json\/wp\/v2\/types\/post"}],"author":[{"embeddable":true,"href":"https:\/\/gabitel.net\/de\/wp-json\/wp\/v2\/users\/3"}],"replies":[{"embeddable":true,"href":"https:\/\/gabitel.net\/de\/wp-json\/wp\/v2\/comments?post=33220"}],"version-history":[{"count":0,"href":"https:\/\/gabitel.net\/de\/wp-json\/wp\/v2\/posts\/33220\/revisions"}],"wp:featuredmedia":[{"embeddable":true,"href":"https:\/\/gabitel.net\/de\/wp-json\/wp\/v2\/media\/33578"}],"wp:attachment":[{"href":"https:\/\/gabitel.net\/de\/wp-json\/wp\/v2\/media?parent=33220"}],"wp:term":[{"taxonomy":"category","embeddable":true,"href":"https:\/\/gabitel.net\/de\/wp-json\/wp\/v2\/categories?post=33220"},{"taxonomy":"post_tag","embeddable":true,"href":"https:\/\/gabitel.net\/de\/wp-json\/wp\/v2\/tags?post=33220"}],"curies":[{"name":"wp","href":"https:\/\/api.w.org\/{rel}","templated":true}]}}