{"id":33228,"date":"2018-03-22T00:36:18","date_gmt":"2018-03-21T23:36:18","guid":{"rendered":"https:\/\/gabitel.net\/gestion-estres-automotivacion-sevilla\/"},"modified":"2018-03-22T00:36:18","modified_gmt":"2018-03-21T23:36:18","slug":"gestion-estres-automotivacion-sevilla","status":"publish","type":"post","link":"https:\/\/gabitel.net\/de\/gestion-estres-automotivacion-sevilla\/","title":{"rendered":"Cursos de Automotivaci\u00f3n y Gesti\u00f3n del Estr\u00e9s en las oficinas de Sevilla"},"content":{"rendered":"<p>Siguiendo el objetivo que nuestra empresa se ha marcado para el a\u00f1o 2018 de ayudar a que sus empleados logren alcanzar el bienestar personal, se han celebrado en nuestras oficinas de Sevilla dos interesantes jornadas, de la mano de nuevo de Gabitech Innovaci\u00f3n y NR Psicolog\u00eda Positiva.<\/p>\n<p>Durante estas dos sesiones nuestros compa\u00f1eros han trabajado, al igual que se hizo previamente en las oficinas de Huelva, la gesti\u00f3n del estr\u00e9s empleando para ello herramientas como la risoterapia.<\/p>\n<p>La otra sesi\u00f3n estuvo centrada principalmente en la b\u00fasqueda de la &#8222;Automotivaci\u00f3n: Inteligencia emocional y Mindfulness&#8220;, y gracias a ella se proporcion\u00f3 a los asistentes algunos mecanismos b\u00e1sicos para lograr mirar en nuestro interior de la forma correcta y as\u00ed encontrar lo mejor de cada uno, sin duda un aprendizaje muy \u00fatil para aplicar no s\u00f3lo en el \u00e1mbito laboral.<\/p>\n<p>&nbsp;<\/p>\n<p><img decoding=\"async\" src=\"https:\/\/gabitelingenieros.com\/wp-content\/uploads\/2018\/03\/IMG-20180309-WA0029.jpg\" alt=\"Cursos de Automotivaci\u00f3n | Gabitel Ingenieros\" \/><img decoding=\"async\" src=\"https:\/\/gabitelingenieros.com\/wp-content\/uploads\/2018\/03\/IMG-20180126-WA0004.jpg\" alt=\"Cursos de Automotivaci\u00f3n | Gabitel Ingenieros\" \/><img decoding=\"async\" src=\"https:\/\/gabitelingenieros.com\/wp-content\/uploads\/2018\/03\/IMG-20180309-WA0024.jpg\" alt=\"Cursos de Automotivaci\u00f3n | Gabitel Ingenieros\" \/><img decoding=\"async\" src=\"https:\/\/gabitelingenieros.com\/wp-content\/uploads\/2018\/03\/IMG-20180309-WA0022.jpg\" alt=\"Cursos de Automotivaci\u00f3n | Gabitel Ingenieros\" \/><img decoding=\"async\" src=\"https:\/\/gabitelingenieros.com\/wp-content\/uploads\/2018\/03\/IMG-20180126-WA0008.jpg\" alt=\"Cursos de Automotivaci\u00f3n | Gabitel Ingenieros\" \/><img decoding=\"async\" src=\"https:\/\/gabitelingenieros.com\/wp-content\/uploads\/2018\/03\/IMG-20180309-WA0026.jpg\" alt=\"Cursos de Automotivaci\u00f3n | Gabitel Ingenieros\" \/><\/p>\n","protected":false},"excerpt":{"rendered":"<p>Siguiendo el objetivo que nuestra empresa se ha marcado para el a\u00f1o 2018 de ayudar a que sus empleados logren alcanzar el bienestar personal, se han celebrado en nuestras oficinas de Sevilla dos interesantes jornadas, de la mano de nuevo de Gabitech Innovaci\u00f3n y NR Psicolog\u00eda Positiva. Durante estas dos sesiones nuestros compa\u00f1eros han trabajado, [&hellip;]<\/p>\n","protected":false},"author":3,"featured_media":33514,"comment_status":"closed","ping_status":"closed","sticky":false,"template":"","format":"standard","meta":{"content-type":"","footnotes":""},"categories":[600],"tags":[],"class_list":["post-33228","post","type-post","status-publish","format-standard","has-post-thumbnail","hentry","category-off-topic-de"],"yoast_head":"<!-- This site is optimized with the Yoast SEO plugin v27.5 - https:\/\/yoast.com\/product\/yoast-seo-wordpress\/ -->\n<title>Cursos de Automotivaci\u00f3n y Gesti\u00f3n del Estr\u00e9s en las oficinas de Sevilla - Gabitel<\/title>\n<meta name=\"robots\" content=\"index, follow, max-snippet:-1, max-image-preview:large, max-video-preview:-1\" \/>\n<link rel=\"canonical\" href=\"https:\/\/gabitel.net\/de\/gestion-estres-automotivacion-sevilla\/\" \/>\n<meta property=\"og:locale\" content=\"de_DE\" \/>\n<meta property=\"og:type\" content=\"article\" \/>\n<meta property=\"og:title\" content=\"Cursos de Automotivaci\u00f3n y Gesti\u00f3n del Estr\u00e9s en las oficinas de Sevilla - Gabitel\" \/>\n<meta property=\"og:description\" content=\"Siguiendo el objetivo que nuestra empresa se ha marcado para el a\u00f1o 2018 de ayudar a que sus empleados logren alcanzar el bienestar personal, se han celebrado en nuestras oficinas de Sevilla dos interesantes jornadas, de la mano de nuevo de Gabitech Innovaci\u00f3n y NR Psicolog\u00eda Positiva. Durante estas dos sesiones nuestros compa\u00f1eros han trabajado, [&hellip;]\" \/>\n<meta property=\"og:url\" content=\"https:\/\/gabitel.net\/de\/gestion-estres-automotivacion-sevilla\/\" \/>\n<meta property=\"og:site_name\" content=\"Gabitel\" \/>\n<meta property=\"article:publisher\" content=\"https:\/\/www.facebook.com\/gabitelingenieros\/\" \/>\n<meta property=\"article:published_time\" content=\"2018-03-21T23:36:18+00:00\" \/>\n<meta property=\"og:image\" content=\"https:\/\/gabitelingenieros.com\/wp-content\/uploads\/2018\/03\/IMG-20180309-WA0029.jpg\" \/>\n<meta name=\"author\" content=\"user.autor\" \/>\n<meta name=\"twitter:card\" content=\"summary_large_image\" \/>\n<meta name=\"twitter:label1\" content=\"Verfasst von\" \/>\n\t<meta name=\"twitter:data1\" content=\"user.autor\" \/>\n\t<meta name=\"twitter:label2\" content=\"Gesch\u00e4tzte Lesezeit\" \/>\n\t<meta name=\"twitter:data2\" content=\"1\u00a0Minute\" \/>\n<script type=\"application\/ld+json\" class=\"yoast-schema-graph\">{\"@context\":\"https:\\\/\\\/schema.org\",\"@graph\":[{\"@type\":[\"Article\",\"BlogPosting\"],\"@id\":\"https:\\\/\\\/gabitel.net\\\/de\\\/gestion-estres-automotivacion-sevilla\\\/#article\",\"isPartOf\":{\"@id\":\"https:\\\/\\\/gabitel.net\\\/de\\\/gestion-estres-automotivacion-sevilla\\\/\"},\"author\":{\"name\":\"user.autor\",\"@id\":\"https:\\\/\\\/gabitel.net\\\/de\\\/#\\\/schema\\\/person\\\/37ba53714c3fedb9c7d22f4bc781465c\"},\"headline\":\"Cursos de Automotivaci\u00f3n y Gesti\u00f3n del Estr\u00e9s en las oficinas de Sevilla\",\"datePublished\":\"2018-03-21T23:36:18+00:00\",\"mainEntityOfPage\":{\"@id\":\"https:\\\/\\\/gabitel.net\\\/de\\\/gestion-estres-automotivacion-sevilla\\\/\"},\"wordCount\":163,\"publisher\":{\"@id\":\"https:\\\/\\\/gabitel.net\\\/de\\\/#organization\"},\"image\":{\"@id\":\"https:\\\/\\\/gabitel.net\\\/de\\\/gestion-estres-automotivacion-sevilla\\\/#primaryimage\"},\"thumbnailUrl\":\"https:\\\/\\\/gabitel.net\\\/wp-content\\\/uploads\\\/2018\\\/03\\\/IMG-20180309-WA0020.jpg\",\"articleSection\":[\"Off-topic\"],\"inLanguage\":\"de\"},{\"@type\":\"WebPage\",\"@id\":\"https:\\\/\\\/gabitel.net\\\/de\\\/gestion-estres-automotivacion-sevilla\\\/\",\"url\":\"https:\\\/\\\/gabitel.net\\\/de\\\/gestion-estres-automotivacion-sevilla\\\/\",\"name\":\"Cursos de Automotivaci\u00f3n y Gesti\u00f3n del Estr\u00e9s en las oficinas de Sevilla - Gabitel\",\"isPartOf\":{\"@id\":\"https:\\\/\\\/gabitel.net\\\/de\\\/#website\"},\"primaryImageOfPage\":{\"@id\":\"https:\\\/\\\/gabitel.net\\\/de\\\/gestion-estres-automotivacion-sevilla\\\/#primaryimage\"},\"image\":{\"@id\":\"https:\\\/\\\/gabitel.net\\\/de\\\/gestion-estres-automotivacion-sevilla\\\/#primaryimage\"},\"thumbnailUrl\":\"https:\\\/\\\/gabitel.net\\\/wp-content\\\/uploads\\\/2018\\\/03\\\/IMG-20180309-WA0020.jpg\",\"datePublished\":\"2018-03-21T23:36:18+00:00\",\"breadcrumb\":{\"@id\":\"https:\\\/\\\/gabitel.net\\\/de\\\/gestion-estres-automotivacion-sevilla\\\/#breadcrumb\"},\"inLanguage\":\"de\",\"potentialAction\":[{\"@type\":\"ReadAction\",\"target\":[\"https:\\\/\\\/gabitel.net\\\/de\\\/gestion-estres-automotivacion-sevilla\\\/\"]}]},{\"@type\":\"ImageObject\",\"inLanguage\":\"de\",\"@id\":\"https:\\\/\\\/gabitel.net\\\/de\\\/gestion-estres-automotivacion-sevilla\\\/#primaryimage\",\"url\":\"https:\\\/\\\/gabitel.net\\\/wp-content\\\/uploads\\\/2018\\\/03\\\/IMG-20180309-WA0020.jpg\",\"contentUrl\":\"https:\\\/\\\/gabitel.net\\\/wp-content\\\/uploads\\\/2018\\\/03\\\/IMG-20180309-WA0020.jpg\",\"width\":1600,\"height\":1200,\"caption\":\"curso_automotivaci\u00f3n_12\"},{\"@type\":\"BreadcrumbList\",\"@id\":\"https:\\\/\\\/gabitel.net\\\/de\\\/gestion-estres-automotivacion-sevilla\\\/#breadcrumb\",\"itemListElement\":[{\"@type\":\"ListItem\",\"position\":1,\"name\":\"Portada\",\"item\":\"https:\\\/\\\/gabitel.net\\\/de\\\/\"},{\"@type\":\"ListItem\",\"position\":2,\"name\":\"Cursos de Automotivaci\u00f3n y Gesti\u00f3n del Estr\u00e9s en las oficinas de Sevilla\"}]},{\"@type\":\"WebSite\",\"@id\":\"https:\\\/\\\/gabitel.net\\\/de\\\/#website\",\"url\":\"https:\\\/\\\/gabitel.net\\\/de\\\/\",\"name\":\"Gabitel\",\"description\":\"\",\"publisher\":{\"@id\":\"https:\\\/\\\/gabitel.net\\\/de\\\/#organization\"},\"potentialAction\":[{\"@type\":\"SearchAction\",\"target\":{\"@type\":\"EntryPoint\",\"urlTemplate\":\"https:\\\/\\\/gabitel.net\\\/de\\\/?s={search_term_string}\"},\"query-input\":{\"@type\":\"PropertyValueSpecification\",\"valueRequired\":true,\"valueName\":\"search_term_string\"}}],\"inLanguage\":\"de\"},{\"@type\":\"Organization\",\"@id\":\"https:\\\/\\\/gabitel.net\\\/de\\\/#organization\",\"name\":\"Gabitel\",\"url\":\"https:\\\/\\\/gabitel.net\\\/de\\\/\",\"logo\":{\"@type\":\"ImageObject\",\"inLanguage\":\"de\",\"@id\":\"https:\\\/\\\/gabitel.net\\\/de\\\/#\\\/schema\\\/logo\\\/image\\\/\",\"url\":\"https:\\\/\\\/gabitel.net\\\/wp-content\\\/uploads\\\/2025\\\/05\\\/logo_gabitel.jpg\",\"contentUrl\":\"https:\\\/\\\/gabitel.net\\\/wp-content\\\/uploads\\\/2025\\\/05\\\/logo_gabitel.jpg\",\"width\":2560,\"height\":1330,\"caption\":\"Gabitel\"},\"image\":{\"@id\":\"https:\\\/\\\/gabitel.net\\\/de\\\/#\\\/schema\\\/logo\\\/image\\\/\"},\"sameAs\":[\"https:\\\/\\\/www.facebook.com\\\/gabitelingenieros\\\/\",\"https:\\\/\\\/es.linkedin.com\\\/company\\\/gabitel-ingenieros\"]},{\"@type\":\"Person\",\"@id\":\"https:\\\/\\\/gabitel.net\\\/de\\\/#\\\/schema\\\/person\\\/37ba53714c3fedb9c7d22f4bc781465c\",\"name\":\"user.autor\",\"url\":\"https:\\\/\\\/gabitel.net\\\/de\\\/author\\\/user-autor\\\/\"}]}<\/script>\n<!-- \/ Yoast SEO plugin. -->","yoast_head_json":{"title":"Cursos de Automotivaci\u00f3n y Gesti\u00f3n del Estr\u00e9s en las oficinas de Sevilla - Gabitel","robots":{"index":"index","follow":"follow","max-snippet":"max-snippet:-1","max-image-preview":"max-image-preview:large","max-video-preview":"max-video-preview:-1"},"canonical":"https:\/\/gabitel.net\/de\/gestion-estres-automotivacion-sevilla\/","og_locale":"de_DE","og_type":"article","og_title":"Cursos de Automotivaci\u00f3n y Gesti\u00f3n del Estr\u00e9s en las oficinas de Sevilla - Gabitel","og_description":"Siguiendo el objetivo que nuestra empresa se ha marcado para el a\u00f1o 2018 de ayudar a que sus empleados logren alcanzar el bienestar personal, se han celebrado en nuestras oficinas de Sevilla dos interesantes jornadas, de la mano de nuevo de Gabitech Innovaci\u00f3n y NR Psicolog\u00eda Positiva. Durante estas dos sesiones nuestros compa\u00f1eros han trabajado, [&hellip;]","og_url":"https:\/\/gabitel.net\/de\/gestion-estres-automotivacion-sevilla\/","og_site_name":"Gabitel","article_publisher":"https:\/\/www.facebook.com\/gabitelingenieros\/","article_published_time":"2018-03-21T23:36:18+00:00","og_image":[{"url":"https:\/\/gabitelingenieros.com\/wp-content\/uploads\/2018\/03\/IMG-20180309-WA0029.jpg","type":"","width":"","height":""}],"author":"user.autor","twitter_card":"summary_large_image","twitter_misc":{"Verfasst von":"user.autor","Gesch\u00e4tzte Lesezeit":"1\u00a0Minute"},"schema":{"@context":"https:\/\/schema.org","@graph":[{"@type":["Article","BlogPosting"],"@id":"https:\/\/gabitel.net\/de\/gestion-estres-automotivacion-sevilla\/#article","isPartOf":{"@id":"https:\/\/gabitel.net\/de\/gestion-estres-automotivacion-sevilla\/"},"author":{"name":"user.autor","@id":"https:\/\/gabitel.net\/de\/#\/schema\/person\/37ba53714c3fedb9c7d22f4bc781465c"},"headline":"Cursos de Automotivaci\u00f3n y Gesti\u00f3n del Estr\u00e9s en las oficinas de Sevilla","datePublished":"2018-03-21T23:36:18+00:00","mainEntityOfPage":{"@id":"https:\/\/gabitel.net\/de\/gestion-estres-automotivacion-sevilla\/"},"wordCount":163,"publisher":{"@id":"https:\/\/gabitel.net\/de\/#organization"},"image":{"@id":"https:\/\/gabitel.net\/de\/gestion-estres-automotivacion-sevilla\/#primaryimage"},"thumbnailUrl":"https:\/\/gabitel.net\/wp-content\/uploads\/2018\/03\/IMG-20180309-WA0020.jpg","articleSection":["Off-topic"],"inLanguage":"de"},{"@type":"WebPage","@id":"https:\/\/gabitel.net\/de\/gestion-estres-automotivacion-sevilla\/","url":"https:\/\/gabitel.net\/de\/gestion-estres-automotivacion-sevilla\/","name":"Cursos de Automotivaci\u00f3n y Gesti\u00f3n del Estr\u00e9s en las oficinas de Sevilla - Gabitel","isPartOf":{"@id":"https:\/\/gabitel.net\/de\/#website"},"primaryImageOfPage":{"@id":"https:\/\/gabitel.net\/de\/gestion-estres-automotivacion-sevilla\/#primaryimage"},"image":{"@id":"https:\/\/gabitel.net\/de\/gestion-estres-automotivacion-sevilla\/#primaryimage"},"thumbnailUrl":"https:\/\/gabitel.net\/wp-content\/uploads\/2018\/03\/IMG-20180309-WA0020.jpg","datePublished":"2018-03-21T23:36:18+00:00","breadcrumb":{"@id":"https:\/\/gabitel.net\/de\/gestion-estres-automotivacion-sevilla\/#breadcrumb"},"inLanguage":"de","potentialAction":[{"@type":"ReadAction","target":["https:\/\/gabitel.net\/de\/gestion-estres-automotivacion-sevilla\/"]}]},{"@type":"ImageObject","inLanguage":"de","@id":"https:\/\/gabitel.net\/de\/gestion-estres-automotivacion-sevilla\/#primaryimage","url":"https:\/\/gabitel.net\/wp-content\/uploads\/2018\/03\/IMG-20180309-WA0020.jpg","contentUrl":"https:\/\/gabitel.net\/wp-content\/uploads\/2018\/03\/IMG-20180309-WA0020.jpg","width":1600,"height":1200,"caption":"curso_automotivaci\u00f3n_12"},{"@type":"BreadcrumbList","@id":"https:\/\/gabitel.net\/de\/gestion-estres-automotivacion-sevilla\/#breadcrumb","itemListElement":[{"@type":"ListItem","position":1,"name":"Portada","item":"https:\/\/gabitel.net\/de\/"},{"@type":"ListItem","position":2,"name":"Cursos de Automotivaci\u00f3n y Gesti\u00f3n del Estr\u00e9s en las oficinas de Sevilla"}]},{"@type":"WebSite","@id":"https:\/\/gabitel.net\/de\/#website","url":"https:\/\/gabitel.net\/de\/","name":"Gabitel","description":"","publisher":{"@id":"https:\/\/gabitel.net\/de\/#organization"},"potentialAction":[{"@type":"SearchAction","target":{"@type":"EntryPoint","urlTemplate":"https:\/\/gabitel.net\/de\/?s={search_term_string}"},"query-input":{"@type":"PropertyValueSpecification","valueRequired":true,"valueName":"search_term_string"}}],"inLanguage":"de"},{"@type":"Organization","@id":"https:\/\/gabitel.net\/de\/#organization","name":"Gabitel","url":"https:\/\/gabitel.net\/de\/","logo":{"@type":"ImageObject","inLanguage":"de","@id":"https:\/\/gabitel.net\/de\/#\/schema\/logo\/image\/","url":"https:\/\/gabitel.net\/wp-content\/uploads\/2025\/05\/logo_gabitel.jpg","contentUrl":"https:\/\/gabitel.net\/wp-content\/uploads\/2025\/05\/logo_gabitel.jpg","width":2560,"height":1330,"caption":"Gabitel"},"image":{"@id":"https:\/\/gabitel.net\/de\/#\/schema\/logo\/image\/"},"sameAs":["https:\/\/www.facebook.com\/gabitelingenieros\/","https:\/\/es.linkedin.com\/company\/gabitel-ingenieros"]},{"@type":"Person","@id":"https:\/\/gabitel.net\/de\/#\/schema\/person\/37ba53714c3fedb9c7d22f4bc781465c","name":"user.autor","url":"https:\/\/gabitel.net\/de\/author\/user-autor\/"}]}},"_links":{"self":[{"href":"https:\/\/gabitel.net\/de\/wp-json\/wp\/v2\/posts\/33228","targetHints":{"allow":["GET"]}}],"collection":[{"href":"https:\/\/gabitel.net\/de\/wp-json\/wp\/v2\/posts"}],"about":[{"href":"https:\/\/gabitel.net\/de\/wp-json\/wp\/v2\/types\/post"}],"author":[{"embeddable":true,"href":"https:\/\/gabitel.net\/de\/wp-json\/wp\/v2\/users\/3"}],"replies":[{"embeddable":true,"href":"https:\/\/gabitel.net\/de\/wp-json\/wp\/v2\/comments?post=33228"}],"version-history":[{"count":0,"href":"https:\/\/gabitel.net\/de\/wp-json\/wp\/v2\/posts\/33228\/revisions"}],"wp:featuredmedia":[{"embeddable":true,"href":"https:\/\/gabitel.net\/de\/wp-json\/wp\/v2\/media\/33514"}],"wp:attachment":[{"href":"https:\/\/gabitel.net\/de\/wp-json\/wp\/v2\/media?parent=33228"}],"wp:term":[{"taxonomy":"category","embeddable":true,"href":"https:\/\/gabitel.net\/de\/wp-json\/wp\/v2\/categories?post=33228"},{"taxonomy":"post_tag","embeddable":true,"href":"https:\/\/gabitel.net\/de\/wp-json\/wp\/v2\/tags?post=33228"}],"curies":[{"name":"wp","href":"https:\/\/api.w.org\/{rel}","templated":true}]}}