{"id":33238,"date":"2016-11-11T14:38:00","date_gmt":"2016-11-11T13:38:00","guid":{"rendered":"https:\/\/gabitel.net\/comienzan-cursos-idiomas\/"},"modified":"2016-11-11T14:38:00","modified_gmt":"2016-11-11T13:38:00","slug":"comienzan-cursos-idiomas","status":"publish","type":"post","link":"https:\/\/gabitel.net\/de\/comienzan-cursos-idiomas\/","title":{"rendered":"Comienzan los cursos de idiomas en nuestras oficinas"},"content":{"rendered":"<p style=\"text-align: justify;\">La semana pasada empezaron en nuestras oficinas a impartirse cursos destinados a mejorar el nivel de ingl\u00e9s de nuestra plantilla. Esta actividad se enmarca en el programa de Acciones de Responsabilidad Social Corporativa planteado para 2016.<\/p>\n<p style=\"text-align: justify;\">Tras haber efectuado una serie de pruebas de nivel, para evaluar los conocimientos del equipo, se han conformado cuatro grupos, dos en Sevilla y otros dos en Huelva,\u00a0que van a recibir dos horas de clase\u00a0a la semana durante estos meses, con la intenci\u00f3n de prepararlos para presentarse a los ex\u00e1menes oficiales que tendr\u00e1n lugar en junio.<\/p>\n<p style=\"text-align: justify;\">M\u00e1s adelante, si el horario lo permite, se habilitar\u00e1n grupos para los miembros de la plantilla que, ante la diversidad de niveles existentes, no han podido ubicarse en ninguno de estos\u00a0grupos.<\/p>\n<p style=\"text-align: justify;\">En Gabitel apostamos por la formaci\u00f3n de nuestros trabajadores, al considerar\u00a0que su crecimiento, no s\u00f3lo profesional, sino tambi\u00e9n personal, es imprescindible\u00a0para el buen desarrollo de la empresa.<\/p>\n","protected":false},"excerpt":{"rendered":"<p>La semana pasada empezaron en nuestras oficinas a impartirse cursos destinados a mejorar el nivel de ingl\u00e9s de nuestra plantilla. Esta actividad se enmarca en el programa de Acciones de Responsabilidad Social Corporativa planteado para 2016. Tras haber efectuado una serie de pruebas de nivel, para evaluar los conocimientos del equipo, se han conformado cuatro [&hellip;]<\/p>\n","protected":false},"author":3,"featured_media":33414,"comment_status":"closed","ping_status":"closed","sticky":false,"template":"","format":"standard","meta":{"content-type":"","footnotes":""},"categories":[600],"tags":[],"class_list":["post-33238","post","type-post","status-publish","format-standard","has-post-thumbnail","hentry","category-off-topic-de"],"yoast_head":"<!-- This site is optimized with the Yoast SEO plugin v27.5 - https:\/\/yoast.com\/product\/yoast-seo-wordpress\/ -->\n<title>Comienzan los cursos de idiomas en nuestras oficinas - Gabitel<\/title>\n<meta name=\"robots\" content=\"index, follow, max-snippet:-1, max-image-preview:large, max-video-preview:-1\" \/>\n<link rel=\"canonical\" href=\"https:\/\/gabitel.net\/de\/comienzan-cursos-idiomas\/\" \/>\n<meta property=\"og:locale\" content=\"de_DE\" \/>\n<meta property=\"og:type\" content=\"article\" \/>\n<meta property=\"og:title\" content=\"Comienzan los cursos de idiomas en nuestras oficinas - Gabitel\" \/>\n<meta property=\"og:description\" content=\"La semana pasada empezaron en nuestras oficinas a impartirse cursos destinados a mejorar el nivel de ingl\u00e9s de nuestra plantilla. Esta actividad se enmarca en el programa de Acciones de Responsabilidad Social Corporativa planteado para 2016. Tras haber efectuado una serie de pruebas de nivel, para evaluar los conocimientos del equipo, se han conformado cuatro [&hellip;]\" \/>\n<meta property=\"og:url\" content=\"https:\/\/gabitel.net\/de\/comienzan-cursos-idiomas\/\" \/>\n<meta property=\"og:site_name\" content=\"Gabitel\" \/>\n<meta property=\"article:publisher\" content=\"https:\/\/www.facebook.com\/gabitelingenieros\/\" \/>\n<meta property=\"article:published_time\" content=\"2016-11-11T13:38:00+00:00\" \/>\n<meta name=\"author\" content=\"user.autor\" \/>\n<meta name=\"twitter:card\" content=\"summary_large_image\" \/>\n<meta name=\"twitter:label1\" content=\"Verfasst von\" \/>\n\t<meta name=\"twitter:data1\" content=\"user.autor\" \/>\n\t<meta name=\"twitter:label2\" content=\"Gesch\u00e4tzte Lesezeit\" \/>\n\t<meta name=\"twitter:data2\" content=\"1\u00a0Minute\" \/>\n<script type=\"application\/ld+json\" class=\"yoast-schema-graph\">{\"@context\":\"https:\\\/\\\/schema.org\",\"@graph\":[{\"@type\":[\"Article\",\"BlogPosting\"],\"@id\":\"https:\\\/\\\/gabitel.net\\\/de\\\/comienzan-cursos-idiomas\\\/#article\",\"isPartOf\":{\"@id\":\"https:\\\/\\\/gabitel.net\\\/de\\\/comienzan-cursos-idiomas\\\/\"},\"author\":{\"name\":\"user.autor\",\"@id\":\"https:\\\/\\\/gabitel.net\\\/de\\\/#\\\/schema\\\/person\\\/37ba53714c3fedb9c7d22f4bc781465c\"},\"headline\":\"Comienzan los cursos de idiomas en nuestras oficinas\",\"datePublished\":\"2016-11-11T13:38:00+00:00\",\"mainEntityOfPage\":{\"@id\":\"https:\\\/\\\/gabitel.net\\\/de\\\/comienzan-cursos-idiomas\\\/\"},\"wordCount\":171,\"publisher\":{\"@id\":\"https:\\\/\\\/gabitel.net\\\/de\\\/#organization\"},\"image\":{\"@id\":\"https:\\\/\\\/gabitel.net\\\/de\\\/comienzan-cursos-idiomas\\\/#primaryimage\"},\"thumbnailUrl\":\"https:\\\/\\\/gabitel.net\\\/wp-content\\\/uploads\\\/2016\\\/11\\\/IMG_20161108_140548-scaled.jpg\",\"articleSection\":[\"Off-topic\"],\"inLanguage\":\"de\"},{\"@type\":\"WebPage\",\"@id\":\"https:\\\/\\\/gabitel.net\\\/de\\\/comienzan-cursos-idiomas\\\/\",\"url\":\"https:\\\/\\\/gabitel.net\\\/de\\\/comienzan-cursos-idiomas\\\/\",\"name\":\"Comienzan los cursos de idiomas en nuestras oficinas - Gabitel\",\"isPartOf\":{\"@id\":\"https:\\\/\\\/gabitel.net\\\/de\\\/#website\"},\"primaryImageOfPage\":{\"@id\":\"https:\\\/\\\/gabitel.net\\\/de\\\/comienzan-cursos-idiomas\\\/#primaryimage\"},\"image\":{\"@id\":\"https:\\\/\\\/gabitel.net\\\/de\\\/comienzan-cursos-idiomas\\\/#primaryimage\"},\"thumbnailUrl\":\"https:\\\/\\\/gabitel.net\\\/wp-content\\\/uploads\\\/2016\\\/11\\\/IMG_20161108_140548-scaled.jpg\",\"datePublished\":\"2016-11-11T13:38:00+00:00\",\"breadcrumb\":{\"@id\":\"https:\\\/\\\/gabitel.net\\\/de\\\/comienzan-cursos-idiomas\\\/#breadcrumb\"},\"inLanguage\":\"de\",\"potentialAction\":[{\"@type\":\"ReadAction\",\"target\":[\"https:\\\/\\\/gabitel.net\\\/de\\\/comienzan-cursos-idiomas\\\/\"]}]},{\"@type\":\"ImageObject\",\"inLanguage\":\"de\",\"@id\":\"https:\\\/\\\/gabitel.net\\\/de\\\/comienzan-cursos-idiomas\\\/#primaryimage\",\"url\":\"https:\\\/\\\/gabitel.net\\\/wp-content\\\/uploads\\\/2016\\\/11\\\/IMG_20161108_140548-scaled.jpg\",\"contentUrl\":\"https:\\\/\\\/gabitel.net\\\/wp-content\\\/uploads\\\/2016\\\/11\\\/IMG_20161108_140548-scaled.jpg\",\"width\":2560,\"height\":1920,\"caption\":\"gabitel_cursos_idioma\"},{\"@type\":\"BreadcrumbList\",\"@id\":\"https:\\\/\\\/gabitel.net\\\/de\\\/comienzan-cursos-idiomas\\\/#breadcrumb\",\"itemListElement\":[{\"@type\":\"ListItem\",\"position\":1,\"name\":\"Portada\",\"item\":\"https:\\\/\\\/gabitel.net\\\/de\\\/\"},{\"@type\":\"ListItem\",\"position\":2,\"name\":\"Comienzan los cursos de idiomas en nuestras oficinas\"}]},{\"@type\":\"WebSite\",\"@id\":\"https:\\\/\\\/gabitel.net\\\/de\\\/#website\",\"url\":\"https:\\\/\\\/gabitel.net\\\/de\\\/\",\"name\":\"Gabitel\",\"description\":\"\",\"publisher\":{\"@id\":\"https:\\\/\\\/gabitel.net\\\/de\\\/#organization\"},\"potentialAction\":[{\"@type\":\"SearchAction\",\"target\":{\"@type\":\"EntryPoint\",\"urlTemplate\":\"https:\\\/\\\/gabitel.net\\\/de\\\/?s={search_term_string}\"},\"query-input\":{\"@type\":\"PropertyValueSpecification\",\"valueRequired\":true,\"valueName\":\"search_term_string\"}}],\"inLanguage\":\"de\"},{\"@type\":\"Organization\",\"@id\":\"https:\\\/\\\/gabitel.net\\\/de\\\/#organization\",\"name\":\"Gabitel\",\"url\":\"https:\\\/\\\/gabitel.net\\\/de\\\/\",\"logo\":{\"@type\":\"ImageObject\",\"inLanguage\":\"de\",\"@id\":\"https:\\\/\\\/gabitel.net\\\/de\\\/#\\\/schema\\\/logo\\\/image\\\/\",\"url\":\"https:\\\/\\\/gabitel.net\\\/wp-content\\\/uploads\\\/2025\\\/05\\\/logo_gabitel.jpg\",\"contentUrl\":\"https:\\\/\\\/gabitel.net\\\/wp-content\\\/uploads\\\/2025\\\/05\\\/logo_gabitel.jpg\",\"width\":2560,\"height\":1330,\"caption\":\"Gabitel\"},\"image\":{\"@id\":\"https:\\\/\\\/gabitel.net\\\/de\\\/#\\\/schema\\\/logo\\\/image\\\/\"},\"sameAs\":[\"https:\\\/\\\/www.facebook.com\\\/gabitelingenieros\\\/\",\"https:\\\/\\\/es.linkedin.com\\\/company\\\/gabitel-ingenieros\"]},{\"@type\":\"Person\",\"@id\":\"https:\\\/\\\/gabitel.net\\\/de\\\/#\\\/schema\\\/person\\\/37ba53714c3fedb9c7d22f4bc781465c\",\"name\":\"user.autor\",\"url\":\"https:\\\/\\\/gabitel.net\\\/de\\\/author\\\/user-autor\\\/\"}]}<\/script>\n<!-- \/ Yoast SEO plugin. -->","yoast_head_json":{"title":"Comienzan los cursos de idiomas en nuestras oficinas - Gabitel","robots":{"index":"index","follow":"follow","max-snippet":"max-snippet:-1","max-image-preview":"max-image-preview:large","max-video-preview":"max-video-preview:-1"},"canonical":"https:\/\/gabitel.net\/de\/comienzan-cursos-idiomas\/","og_locale":"de_DE","og_type":"article","og_title":"Comienzan los cursos de idiomas en nuestras oficinas - Gabitel","og_description":"La semana pasada empezaron en nuestras oficinas a impartirse cursos destinados a mejorar el nivel de ingl\u00e9s de nuestra plantilla. Esta actividad se enmarca en el programa de Acciones de Responsabilidad Social Corporativa planteado para 2016. Tras haber efectuado una serie de pruebas de nivel, para evaluar los conocimientos del equipo, se han conformado cuatro [&hellip;]","og_url":"https:\/\/gabitel.net\/de\/comienzan-cursos-idiomas\/","og_site_name":"Gabitel","article_publisher":"https:\/\/www.facebook.com\/gabitelingenieros\/","article_published_time":"2016-11-11T13:38:00+00:00","author":"user.autor","twitter_card":"summary_large_image","twitter_misc":{"Verfasst von":"user.autor","Gesch\u00e4tzte Lesezeit":"1\u00a0Minute"},"schema":{"@context":"https:\/\/schema.org","@graph":[{"@type":["Article","BlogPosting"],"@id":"https:\/\/gabitel.net\/de\/comienzan-cursos-idiomas\/#article","isPartOf":{"@id":"https:\/\/gabitel.net\/de\/comienzan-cursos-idiomas\/"},"author":{"name":"user.autor","@id":"https:\/\/gabitel.net\/de\/#\/schema\/person\/37ba53714c3fedb9c7d22f4bc781465c"},"headline":"Comienzan los cursos de idiomas en nuestras oficinas","datePublished":"2016-11-11T13:38:00+00:00","mainEntityOfPage":{"@id":"https:\/\/gabitel.net\/de\/comienzan-cursos-idiomas\/"},"wordCount":171,"publisher":{"@id":"https:\/\/gabitel.net\/de\/#organization"},"image":{"@id":"https:\/\/gabitel.net\/de\/comienzan-cursos-idiomas\/#primaryimage"},"thumbnailUrl":"https:\/\/gabitel.net\/wp-content\/uploads\/2016\/11\/IMG_20161108_140548-scaled.jpg","articleSection":["Off-topic"],"inLanguage":"de"},{"@type":"WebPage","@id":"https:\/\/gabitel.net\/de\/comienzan-cursos-idiomas\/","url":"https:\/\/gabitel.net\/de\/comienzan-cursos-idiomas\/","name":"Comienzan los cursos de idiomas en nuestras oficinas - Gabitel","isPartOf":{"@id":"https:\/\/gabitel.net\/de\/#website"},"primaryImageOfPage":{"@id":"https:\/\/gabitel.net\/de\/comienzan-cursos-idiomas\/#primaryimage"},"image":{"@id":"https:\/\/gabitel.net\/de\/comienzan-cursos-idiomas\/#primaryimage"},"thumbnailUrl":"https:\/\/gabitel.net\/wp-content\/uploads\/2016\/11\/IMG_20161108_140548-scaled.jpg","datePublished":"2016-11-11T13:38:00+00:00","breadcrumb":{"@id":"https:\/\/gabitel.net\/de\/comienzan-cursos-idiomas\/#breadcrumb"},"inLanguage":"de","potentialAction":[{"@type":"ReadAction","target":["https:\/\/gabitel.net\/de\/comienzan-cursos-idiomas\/"]}]},{"@type":"ImageObject","inLanguage":"de","@id":"https:\/\/gabitel.net\/de\/comienzan-cursos-idiomas\/#primaryimage","url":"https:\/\/gabitel.net\/wp-content\/uploads\/2016\/11\/IMG_20161108_140548-scaled.jpg","contentUrl":"https:\/\/gabitel.net\/wp-content\/uploads\/2016\/11\/IMG_20161108_140548-scaled.jpg","width":2560,"height":1920,"caption":"gabitel_cursos_idioma"},{"@type":"BreadcrumbList","@id":"https:\/\/gabitel.net\/de\/comienzan-cursos-idiomas\/#breadcrumb","itemListElement":[{"@type":"ListItem","position":1,"name":"Portada","item":"https:\/\/gabitel.net\/de\/"},{"@type":"ListItem","position":2,"name":"Comienzan los cursos de idiomas en nuestras oficinas"}]},{"@type":"WebSite","@id":"https:\/\/gabitel.net\/de\/#website","url":"https:\/\/gabitel.net\/de\/","name":"Gabitel","description":"","publisher":{"@id":"https:\/\/gabitel.net\/de\/#organization"},"potentialAction":[{"@type":"SearchAction","target":{"@type":"EntryPoint","urlTemplate":"https:\/\/gabitel.net\/de\/?s={search_term_string}"},"query-input":{"@type":"PropertyValueSpecification","valueRequired":true,"valueName":"search_term_string"}}],"inLanguage":"de"},{"@type":"Organization","@id":"https:\/\/gabitel.net\/de\/#organization","name":"Gabitel","url":"https:\/\/gabitel.net\/de\/","logo":{"@type":"ImageObject","inLanguage":"de","@id":"https:\/\/gabitel.net\/de\/#\/schema\/logo\/image\/","url":"https:\/\/gabitel.net\/wp-content\/uploads\/2025\/05\/logo_gabitel.jpg","contentUrl":"https:\/\/gabitel.net\/wp-content\/uploads\/2025\/05\/logo_gabitel.jpg","width":2560,"height":1330,"caption":"Gabitel"},"image":{"@id":"https:\/\/gabitel.net\/de\/#\/schema\/logo\/image\/"},"sameAs":["https:\/\/www.facebook.com\/gabitelingenieros\/","https:\/\/es.linkedin.com\/company\/gabitel-ingenieros"]},{"@type":"Person","@id":"https:\/\/gabitel.net\/de\/#\/schema\/person\/37ba53714c3fedb9c7d22f4bc781465c","name":"user.autor","url":"https:\/\/gabitel.net\/de\/author\/user-autor\/"}]}},"_links":{"self":[{"href":"https:\/\/gabitel.net\/de\/wp-json\/wp\/v2\/posts\/33238","targetHints":{"allow":["GET"]}}],"collection":[{"href":"https:\/\/gabitel.net\/de\/wp-json\/wp\/v2\/posts"}],"about":[{"href":"https:\/\/gabitel.net\/de\/wp-json\/wp\/v2\/types\/post"}],"author":[{"embeddable":true,"href":"https:\/\/gabitel.net\/de\/wp-json\/wp\/v2\/users\/3"}],"replies":[{"embeddable":true,"href":"https:\/\/gabitel.net\/de\/wp-json\/wp\/v2\/comments?post=33238"}],"version-history":[{"count":0,"href":"https:\/\/gabitel.net\/de\/wp-json\/wp\/v2\/posts\/33238\/revisions"}],"wp:featuredmedia":[{"embeddable":true,"href":"https:\/\/gabitel.net\/de\/wp-json\/wp\/v2\/media\/33414"}],"wp:attachment":[{"href":"https:\/\/gabitel.net\/de\/wp-json\/wp\/v2\/media?parent=33238"}],"wp:term":[{"taxonomy":"category","embeddable":true,"href":"https:\/\/gabitel.net\/de\/wp-json\/wp\/v2\/categories?post=33238"},{"taxonomy":"post_tag","embeddable":true,"href":"https:\/\/gabitel.net\/de\/wp-json\/wp\/v2\/tags?post=33238"}],"curies":[{"name":"wp","href":"https:\/\/api.w.org\/{rel}","templated":true}]}}