{"id":33244,"date":"2016-07-20T12:12:31","date_gmt":"2016-07-20T11:12:31","guid":{"rendered":"https:\/\/gabitel.net\/premios-personal-julio-2016\/"},"modified":"2016-07-20T12:12:31","modified_gmt":"2016-07-20T11:12:31","slug":"premios-personal-julio-2016","status":"publish","type":"post","link":"https:\/\/gabitel.net\/de\/premios-personal-julio-2016\/","title":{"rendered":"Premios al Personal Gabitel &#8211; Julio 2016"},"content":{"rendered":"<p>A principios del mes de julio, se analizaron las valoraciones hechas por el personal a sus compa\u00f1eros, en las que, de forma an\u00f3nima, se votaba la implicaci\u00f3n, el trabajo en equipo y los conocimientos de cada trabajador durante el primer semestre del a\u00f1o.<\/p>\n<p>Considerando dichas puntuaciones se decidi\u00f3 premiar con un pack de estancias en hoteles a las dos personas que m\u00e1s hubiesen destacado en cada categor\u00eda, as\u00ed como un reconocimiento especial\u00a0a las tres personas que, no habiendo quedado entre las antes mencionadas, hab\u00edan sido destacadas por la gerencia debido al magn\u00edfico trabajo realizado.<\/p>\n<p>Los premiados en esta ocasi\u00f3n fueron:\u00a0Javier \u00c1lvarez, Adela C\u00e1rdenas, Javier Gonz\u00e1lez, Daniel Mar\u00edn, Sara Navarro, Mar\u00eda Jos\u00e9 Pe\u00f1a, Francisco P\u00e9rez Montesinos, Jes\u00fas Rom\u00e1n y Javier Serrano.<\/p>\n<p>\u00a1Enhorabuena a todos por el buen trabajo realizado!<\/p>\n<p>&nbsp;<\/p>\n<p><img decoding=\"async\" src=\"https:\/\/gabitelingenieros.com\/wp-content\/uploads\/2016\/10\/IMG_20160720_103236.jpg\" alt=\"Premios al Personal | Gabitel Ingenieros\" \/> <img decoding=\"async\" src=\"https:\/\/gabitelingenieros.com\/wp-content\/uploads\/2016\/10\/3.jpg\" alt=\"Premios al Personal | Gabitel Ingenieros\" \/><\/p>\n","protected":false},"excerpt":{"rendered":"<p>A principios del mes de julio, se analizaron las valoraciones hechas por el personal a sus compa\u00f1eros, en las que, de forma an\u00f3nima, se votaba la implicaci\u00f3n, el trabajo en equipo y los conocimientos de cada trabajador durante el primer semestre del a\u00f1o. Considerando dichas puntuaciones se decidi\u00f3 premiar con un pack de estancias en [&hellip;]<\/p>\n","protected":false},"author":3,"featured_media":33378,"comment_status":"closed","ping_status":"closed","sticky":false,"template":"","format":"standard","meta":{"content-type":"","footnotes":""},"categories":[600],"tags":[],"class_list":["post-33244","post","type-post","status-publish","format-standard","has-post-thumbnail","hentry","category-off-topic-de"],"yoast_head":"<!-- This site is optimized with the Yoast SEO plugin v27.5 - https:\/\/yoast.com\/product\/yoast-seo-wordpress\/ -->\n<title>Premios al Personal Gabitel - Julio 2016 - Gabitel<\/title>\n<meta name=\"robots\" content=\"index, follow, max-snippet:-1, max-image-preview:large, max-video-preview:-1\" \/>\n<link rel=\"canonical\" href=\"https:\/\/gabitel.net\/de\/premios-personal-julio-2016\/\" \/>\n<meta property=\"og:locale\" content=\"de_DE\" \/>\n<meta property=\"og:type\" content=\"article\" \/>\n<meta property=\"og:title\" content=\"Premios al Personal Gabitel - Julio 2016 - Gabitel\" \/>\n<meta property=\"og:description\" content=\"A principios del mes de julio, se analizaron las valoraciones hechas por el personal a sus compa\u00f1eros, en las que, de forma an\u00f3nima, se votaba la implicaci\u00f3n, el trabajo en equipo y los conocimientos de cada trabajador durante el primer semestre del a\u00f1o. Considerando dichas puntuaciones se decidi\u00f3 premiar con un pack de estancias en [&hellip;]\" \/>\n<meta property=\"og:url\" content=\"https:\/\/gabitel.net\/de\/premios-personal-julio-2016\/\" \/>\n<meta property=\"og:site_name\" content=\"Gabitel\" \/>\n<meta property=\"article:publisher\" content=\"https:\/\/www.facebook.com\/gabitelingenieros\/\" \/>\n<meta property=\"article:published_time\" content=\"2016-07-20T11:12:31+00:00\" \/>\n<meta property=\"og:image\" content=\"https:\/\/gabitelingenieros.com\/wp-content\/uploads\/2016\/10\/IMG_20160720_103236.jpg\" \/>\n<meta name=\"author\" content=\"user.autor\" \/>\n<meta name=\"twitter:card\" content=\"summary_large_image\" \/>\n<meta name=\"twitter:label1\" content=\"Verfasst von\" \/>\n\t<meta name=\"twitter:data1\" content=\"user.autor\" \/>\n\t<meta name=\"twitter:label2\" content=\"Gesch\u00e4tzte Lesezeit\" \/>\n\t<meta name=\"twitter:data2\" content=\"1\u00a0Minute\" \/>\n<script type=\"application\/ld+json\" class=\"yoast-schema-graph\">{\"@context\":\"https:\\\/\\\/schema.org\",\"@graph\":[{\"@type\":[\"Article\",\"BlogPosting\"],\"@id\":\"https:\\\/\\\/gabitel.net\\\/de\\\/premios-personal-julio-2016\\\/#article\",\"isPartOf\":{\"@id\":\"https:\\\/\\\/gabitel.net\\\/de\\\/premios-personal-julio-2016\\\/\"},\"author\":{\"name\":\"user.autor\",\"@id\":\"https:\\\/\\\/gabitel.net\\\/de\\\/#\\\/schema\\\/person\\\/37ba53714c3fedb9c7d22f4bc781465c\"},\"headline\":\"Premios al Personal Gabitel &#8211; Julio 2016\",\"datePublished\":\"2016-07-20T11:12:31+00:00\",\"mainEntityOfPage\":{\"@id\":\"https:\\\/\\\/gabitel.net\\\/de\\\/premios-personal-julio-2016\\\/\"},\"wordCount\":154,\"publisher\":{\"@id\":\"https:\\\/\\\/gabitel.net\\\/de\\\/#organization\"},\"image\":{\"@id\":\"https:\\\/\\\/gabitel.net\\\/de\\\/premios-personal-julio-2016\\\/#primaryimage\"},\"thumbnailUrl\":\"https:\\\/\\\/gabitel.net\\\/wp-content\\\/uploads\\\/2016\\\/10\\\/13719625_842306245899717_8527896431064449456_o.jpg\",\"articleSection\":[\"Off-topic\"],\"inLanguage\":\"de\"},{\"@type\":\"WebPage\",\"@id\":\"https:\\\/\\\/gabitel.net\\\/de\\\/premios-personal-julio-2016\\\/\",\"url\":\"https:\\\/\\\/gabitel.net\\\/de\\\/premios-personal-julio-2016\\\/\",\"name\":\"Premios al Personal Gabitel - Julio 2016 - Gabitel\",\"isPartOf\":{\"@id\":\"https:\\\/\\\/gabitel.net\\\/de\\\/#website\"},\"primaryImageOfPage\":{\"@id\":\"https:\\\/\\\/gabitel.net\\\/de\\\/premios-personal-julio-2016\\\/#primaryimage\"},\"image\":{\"@id\":\"https:\\\/\\\/gabitel.net\\\/de\\\/premios-personal-julio-2016\\\/#primaryimage\"},\"thumbnailUrl\":\"https:\\\/\\\/gabitel.net\\\/wp-content\\\/uploads\\\/2016\\\/10\\\/13719625_842306245899717_8527896431064449456_o.jpg\",\"datePublished\":\"2016-07-20T11:12:31+00:00\",\"breadcrumb\":{\"@id\":\"https:\\\/\\\/gabitel.net\\\/de\\\/premios-personal-julio-2016\\\/#breadcrumb\"},\"inLanguage\":\"de\",\"potentialAction\":[{\"@type\":\"ReadAction\",\"target\":[\"https:\\\/\\\/gabitel.net\\\/de\\\/premios-personal-julio-2016\\\/\"]}]},{\"@type\":\"ImageObject\",\"inLanguage\":\"de\",\"@id\":\"https:\\\/\\\/gabitel.net\\\/de\\\/premios-personal-julio-2016\\\/#primaryimage\",\"url\":\"https:\\\/\\\/gabitel.net\\\/wp-content\\\/uploads\\\/2016\\\/10\\\/13719625_842306245899717_8527896431064449456_o.jpg\",\"contentUrl\":\"https:\\\/\\\/gabitel.net\\\/wp-content\\\/uploads\\\/2016\\\/10\\\/13719625_842306245899717_8527896431064449456_o.jpg\",\"width\":2048,\"height\":1536,\"caption\":\"premio_personal_gabitel\"},{\"@type\":\"BreadcrumbList\",\"@id\":\"https:\\\/\\\/gabitel.net\\\/de\\\/premios-personal-julio-2016\\\/#breadcrumb\",\"itemListElement\":[{\"@type\":\"ListItem\",\"position\":1,\"name\":\"Portada\",\"item\":\"https:\\\/\\\/gabitel.net\\\/de\\\/\"},{\"@type\":\"ListItem\",\"position\":2,\"name\":\"Premios al Personal Gabitel &#8211; Julio 2016\"}]},{\"@type\":\"WebSite\",\"@id\":\"https:\\\/\\\/gabitel.net\\\/de\\\/#website\",\"url\":\"https:\\\/\\\/gabitel.net\\\/de\\\/\",\"name\":\"Gabitel\",\"description\":\"\",\"publisher\":{\"@id\":\"https:\\\/\\\/gabitel.net\\\/de\\\/#organization\"},\"potentialAction\":[{\"@type\":\"SearchAction\",\"target\":{\"@type\":\"EntryPoint\",\"urlTemplate\":\"https:\\\/\\\/gabitel.net\\\/de\\\/?s={search_term_string}\"},\"query-input\":{\"@type\":\"PropertyValueSpecification\",\"valueRequired\":true,\"valueName\":\"search_term_string\"}}],\"inLanguage\":\"de\"},{\"@type\":\"Organization\",\"@id\":\"https:\\\/\\\/gabitel.net\\\/de\\\/#organization\",\"name\":\"Gabitel\",\"url\":\"https:\\\/\\\/gabitel.net\\\/de\\\/\",\"logo\":{\"@type\":\"ImageObject\",\"inLanguage\":\"de\",\"@id\":\"https:\\\/\\\/gabitel.net\\\/de\\\/#\\\/schema\\\/logo\\\/image\\\/\",\"url\":\"https:\\\/\\\/gabitel.net\\\/wp-content\\\/uploads\\\/2025\\\/05\\\/logo_gabitel.jpg\",\"contentUrl\":\"https:\\\/\\\/gabitel.net\\\/wp-content\\\/uploads\\\/2025\\\/05\\\/logo_gabitel.jpg\",\"width\":2560,\"height\":1330,\"caption\":\"Gabitel\"},\"image\":{\"@id\":\"https:\\\/\\\/gabitel.net\\\/de\\\/#\\\/schema\\\/logo\\\/image\\\/\"},\"sameAs\":[\"https:\\\/\\\/www.facebook.com\\\/gabitelingenieros\\\/\",\"https:\\\/\\\/es.linkedin.com\\\/company\\\/gabitel-ingenieros\"]},{\"@type\":\"Person\",\"@id\":\"https:\\\/\\\/gabitel.net\\\/de\\\/#\\\/schema\\\/person\\\/37ba53714c3fedb9c7d22f4bc781465c\",\"name\":\"user.autor\",\"url\":\"https:\\\/\\\/gabitel.net\\\/de\\\/author\\\/user-autor\\\/\"}]}<\/script>\n<!-- \/ Yoast SEO plugin. -->","yoast_head_json":{"title":"Premios al Personal Gabitel - Julio 2016 - Gabitel","robots":{"index":"index","follow":"follow","max-snippet":"max-snippet:-1","max-image-preview":"max-image-preview:large","max-video-preview":"max-video-preview:-1"},"canonical":"https:\/\/gabitel.net\/de\/premios-personal-julio-2016\/","og_locale":"de_DE","og_type":"article","og_title":"Premios al Personal Gabitel - Julio 2016 - Gabitel","og_description":"A principios del mes de julio, se analizaron las valoraciones hechas por el personal a sus compa\u00f1eros, en las que, de forma an\u00f3nima, se votaba la implicaci\u00f3n, el trabajo en equipo y los conocimientos de cada trabajador durante el primer semestre del a\u00f1o. Considerando dichas puntuaciones se decidi\u00f3 premiar con un pack de estancias en [&hellip;]","og_url":"https:\/\/gabitel.net\/de\/premios-personal-julio-2016\/","og_site_name":"Gabitel","article_publisher":"https:\/\/www.facebook.com\/gabitelingenieros\/","article_published_time":"2016-07-20T11:12:31+00:00","og_image":[{"url":"https:\/\/gabitelingenieros.com\/wp-content\/uploads\/2016\/10\/IMG_20160720_103236.jpg","type":"","width":"","height":""}],"author":"user.autor","twitter_card":"summary_large_image","twitter_misc":{"Verfasst von":"user.autor","Gesch\u00e4tzte Lesezeit":"1\u00a0Minute"},"schema":{"@context":"https:\/\/schema.org","@graph":[{"@type":["Article","BlogPosting"],"@id":"https:\/\/gabitel.net\/de\/premios-personal-julio-2016\/#article","isPartOf":{"@id":"https:\/\/gabitel.net\/de\/premios-personal-julio-2016\/"},"author":{"name":"user.autor","@id":"https:\/\/gabitel.net\/de\/#\/schema\/person\/37ba53714c3fedb9c7d22f4bc781465c"},"headline":"Premios al Personal Gabitel &#8211; Julio 2016","datePublished":"2016-07-20T11:12:31+00:00","mainEntityOfPage":{"@id":"https:\/\/gabitel.net\/de\/premios-personal-julio-2016\/"},"wordCount":154,"publisher":{"@id":"https:\/\/gabitel.net\/de\/#organization"},"image":{"@id":"https:\/\/gabitel.net\/de\/premios-personal-julio-2016\/#primaryimage"},"thumbnailUrl":"https:\/\/gabitel.net\/wp-content\/uploads\/2016\/10\/13719625_842306245899717_8527896431064449456_o.jpg","articleSection":["Off-topic"],"inLanguage":"de"},{"@type":"WebPage","@id":"https:\/\/gabitel.net\/de\/premios-personal-julio-2016\/","url":"https:\/\/gabitel.net\/de\/premios-personal-julio-2016\/","name":"Premios al Personal Gabitel - Julio 2016 - Gabitel","isPartOf":{"@id":"https:\/\/gabitel.net\/de\/#website"},"primaryImageOfPage":{"@id":"https:\/\/gabitel.net\/de\/premios-personal-julio-2016\/#primaryimage"},"image":{"@id":"https:\/\/gabitel.net\/de\/premios-personal-julio-2016\/#primaryimage"},"thumbnailUrl":"https:\/\/gabitel.net\/wp-content\/uploads\/2016\/10\/13719625_842306245899717_8527896431064449456_o.jpg","datePublished":"2016-07-20T11:12:31+00:00","breadcrumb":{"@id":"https:\/\/gabitel.net\/de\/premios-personal-julio-2016\/#breadcrumb"},"inLanguage":"de","potentialAction":[{"@type":"ReadAction","target":["https:\/\/gabitel.net\/de\/premios-personal-julio-2016\/"]}]},{"@type":"ImageObject","inLanguage":"de","@id":"https:\/\/gabitel.net\/de\/premios-personal-julio-2016\/#primaryimage","url":"https:\/\/gabitel.net\/wp-content\/uploads\/2016\/10\/13719625_842306245899717_8527896431064449456_o.jpg","contentUrl":"https:\/\/gabitel.net\/wp-content\/uploads\/2016\/10\/13719625_842306245899717_8527896431064449456_o.jpg","width":2048,"height":1536,"caption":"premio_personal_gabitel"},{"@type":"BreadcrumbList","@id":"https:\/\/gabitel.net\/de\/premios-personal-julio-2016\/#breadcrumb","itemListElement":[{"@type":"ListItem","position":1,"name":"Portada","item":"https:\/\/gabitel.net\/de\/"},{"@type":"ListItem","position":2,"name":"Premios al Personal Gabitel &#8211; Julio 2016"}]},{"@type":"WebSite","@id":"https:\/\/gabitel.net\/de\/#website","url":"https:\/\/gabitel.net\/de\/","name":"Gabitel","description":"","publisher":{"@id":"https:\/\/gabitel.net\/de\/#organization"},"potentialAction":[{"@type":"SearchAction","target":{"@type":"EntryPoint","urlTemplate":"https:\/\/gabitel.net\/de\/?s={search_term_string}"},"query-input":{"@type":"PropertyValueSpecification","valueRequired":true,"valueName":"search_term_string"}}],"inLanguage":"de"},{"@type":"Organization","@id":"https:\/\/gabitel.net\/de\/#organization","name":"Gabitel","url":"https:\/\/gabitel.net\/de\/","logo":{"@type":"ImageObject","inLanguage":"de","@id":"https:\/\/gabitel.net\/de\/#\/schema\/logo\/image\/","url":"https:\/\/gabitel.net\/wp-content\/uploads\/2025\/05\/logo_gabitel.jpg","contentUrl":"https:\/\/gabitel.net\/wp-content\/uploads\/2025\/05\/logo_gabitel.jpg","width":2560,"height":1330,"caption":"Gabitel"},"image":{"@id":"https:\/\/gabitel.net\/de\/#\/schema\/logo\/image\/"},"sameAs":["https:\/\/www.facebook.com\/gabitelingenieros\/","https:\/\/es.linkedin.com\/company\/gabitel-ingenieros"]},{"@type":"Person","@id":"https:\/\/gabitel.net\/de\/#\/schema\/person\/37ba53714c3fedb9c7d22f4bc781465c","name":"user.autor","url":"https:\/\/gabitel.net\/de\/author\/user-autor\/"}]}},"_links":{"self":[{"href":"https:\/\/gabitel.net\/de\/wp-json\/wp\/v2\/posts\/33244","targetHints":{"allow":["GET"]}}],"collection":[{"href":"https:\/\/gabitel.net\/de\/wp-json\/wp\/v2\/posts"}],"about":[{"href":"https:\/\/gabitel.net\/de\/wp-json\/wp\/v2\/types\/post"}],"author":[{"embeddable":true,"href":"https:\/\/gabitel.net\/de\/wp-json\/wp\/v2\/users\/3"}],"replies":[{"embeddable":true,"href":"https:\/\/gabitel.net\/de\/wp-json\/wp\/v2\/comments?post=33244"}],"version-history":[{"count":0,"href":"https:\/\/gabitel.net\/de\/wp-json\/wp\/v2\/posts\/33244\/revisions"}],"wp:featuredmedia":[{"embeddable":true,"href":"https:\/\/gabitel.net\/de\/wp-json\/wp\/v2\/media\/33378"}],"wp:attachment":[{"href":"https:\/\/gabitel.net\/de\/wp-json\/wp\/v2\/media?parent=33244"}],"wp:term":[{"taxonomy":"category","embeddable":true,"href":"https:\/\/gabitel.net\/de\/wp-json\/wp\/v2\/categories?post=33244"},{"taxonomy":"post_tag","embeddable":true,"href":"https:\/\/gabitel.net\/de\/wp-json\/wp\/v2\/tags?post=33244"}],"curies":[{"name":"wp","href":"https:\/\/api.w.org\/{rel}","templated":true}]}}