{"id":35612,"date":"2025-07-25T07:56:14","date_gmt":"2025-07-25T05:56:14","guid":{"rendered":"https:\/\/gabitel.net\/premio-catedra-gabitel-hidrogeno\/"},"modified":"2026-04-17T08:52:35","modified_gmt":"2026-04-17T06:52:35","slug":"premio-catedra-gabitel-hidrogeno","status":"publish","type":"post","link":"https:\/\/gabitel.net\/de\/premio-catedra-gabitel-hidrogeno\/","title":{"rendered":"La C\u00e1tedra Gabitel sobre el Hidr\u00f3geno, Premio Onubense del A\u00f1o 2025 en la categor\u00eda de Educaci\u00f3n"},"content":{"rendered":"\t\t<div data-elementor-type=\"wp-post\" data-elementor-id=\"35612\" class=\"elementor elementor-35612 elementor-35593\" data-elementor-post-type=\"post\">\n\t\t\t\t<div class=\"elementor-element elementor-element-c37de0f e-flex e-con-boxed e-con e-parent\" data-id=\"c37de0f\" data-element_type=\"container\" data-e-type=\"container\">\n\t\t\t\t\t<div class=\"e-con-inner\">\n\t\t\t\t<div class=\"elementor-element elementor-element-24ac20e elementor-widget elementor-widget-text-editor\" data-id=\"24ac20e\" data-element_type=\"widget\" data-e-type=\"widget\" data-widget_type=\"text-editor.default\">\n\t\t\t\t<div class=\"elementor-widget-container\">\n\t\t\t\t\t\t\t\t\t<p style=\"text-align: justify;\"><br \/>La <a href=\"https:\/\/gabitel.net\/catedra\/\" target=\"_blank\" rel=\"noopener\"><strong>C\u00e1tedra Gabitel sobre el Hidr\u00f3geno<\/strong><\/a>, iniciativa impulsada por Gabitel en colaboraci\u00f3n con la <strong>Universidad de Huelva<\/strong>, ha sido distinguida con el <strong>Premio Onubense del A\u00f1o<\/strong> en la categor\u00eda de Educaci\u00f3n. El reconocimiento llega en el marco de la 37\u00aa edici\u00f3n de estos galardones organizados por <strong>Huelva Informaci\u00f3n<\/strong> y patrocinados por <strong>CaixaBank<\/strong>.<\/p><p style=\"text-align: justify;\">Este premio, decidido tras un mes de votaciones abiertas al p\u00fablico, ha contado con la participaci\u00f3n de m\u00e1s de <strong>53.000 votos<\/strong> entre las 30 candidaturas presentadas en seis categor\u00edas. El jurado oficial proclam\u00f3 ganadores a aquellos proyectos e instituciones que, con su labor, contribuyen al progreso social, cultural y econ\u00f3mico de la provincia.<\/p><p style=\"text-align: justify;\">La C\u00e1tedra Gabitel naci\u00f3 en 2021 con un objetivo claro: <strong>promover el conocimiento y las aplicaciones del hidr\u00f3geno verde<\/strong> como fuente de energ\u00eda limpia. Desde entonces, se ha convertido en un referente en la organizaci\u00f3n de eventos de I+D+i, programas de formaci\u00f3n, seminarios, cursos de verano y encuentros nacionales e internacionales, impulsando la transferencia de conocimiento entre el \u00e1mbito universitario y el sector empresarial. Para nuestra empresa, este galard\u00f3n supone un respaldo a la estrategia de apostar por la innovaci\u00f3n y el desarrollo sostenible.<\/p><p style=\"text-align: justify;\">Desde Gabitel queremos tambi\u00e9n al resto de premiados y aspirantes en esta edici\u00f3n, as\u00ed como expresar un agradecimiento especial a todas las personas que han apoyado con sus votos y a quienes hacen posible, d\u00eda a d\u00eda, la actividad de la C\u00e1tedra.<\/p><p style=\"text-align: justify;\">Este reconocimiento refuerza nuestro compromiso de seguir trabajando por <strong>la formaci\u00f3n, la investigaci\u00f3n y la transferencia del conocimiento<\/strong>, convencidos de que el hidr\u00f3geno verde es una de las claves para un desarrollo sostenible en Huelva y en todo el pa\u00eds.<\/p>\t\t\t\t\t\t\t\t<\/div>\n\t\t\t\t<\/div>\n\t\t\t\t\t<\/div>\n\t\t\t\t<\/div>\n\t\t\t\t<\/div>\n\t\t","protected":false},"excerpt":{"rendered":"<p>La C\u00e1tedra Gabitel sobre Hidr\u00f3geno gana el Premio Onubense del A\u00f1o en Educaci\u00f3n, destacando su labor en innovaci\u00f3n y desarrollo sostenible.<\/p>\n","protected":false},"author":3,"featured_media":35597,"comment_status":"closed","ping_status":"closed","sticky":false,"template":"","format":"standard","meta":{"content-type":"","footnotes":""},"categories":[413,681,427,412],"tags":[442],"class_list":["post-35612","post","type-post","status-publish","format-standard","has-post-thumbnail","hentry","category-blog-de","category-gabitel-lehrstuhl","category-hidrogeno-de","category-news-de","tag-catedra-gabitel-de"],"yoast_head":"<!-- This site is optimized with the Yoast SEO plugin v27.4 - https:\/\/yoast.com\/product\/yoast-seo-wordpress\/ -->\n<title>Premio C\u00e1tedra Gabitel Hidr\u00f3geno | Universidad de Huelva<\/title>\n<meta name=\"description\" content=\"La C\u00e1tedra Gabitel sobre Hidr\u00f3geno gana el Premio Onubense del A\u00f1o en Educaci\u00f3n, destacando su labor en innovaci\u00f3n y desarrollo sostenible.\" \/>\n<meta name=\"robots\" content=\"index, follow, max-snippet:-1, max-image-preview:large, max-video-preview:-1\" \/>\n<link rel=\"canonical\" href=\"https:\/\/gabitel.net\/de\/premio-catedra-gabitel-hidrogeno\/\" \/>\n<meta property=\"og:locale\" content=\"de_DE\" \/>\n<meta property=\"og:type\" content=\"article\" \/>\n<meta property=\"og:title\" content=\"Premio C\u00e1tedra Gabitel Hidr\u00f3geno | Universidad de Huelva\" \/>\n<meta property=\"og:description\" content=\"La C\u00e1tedra Gabitel sobre Hidr\u00f3geno gana el Premio Onubense del A\u00f1o en Educaci\u00f3n, destacando su labor en innovaci\u00f3n y desarrollo sostenible.\" \/>\n<meta property=\"og:url\" content=\"https:\/\/gabitel.net\/de\/premio-catedra-gabitel-hidrogeno\/\" \/>\n<meta property=\"og:site_name\" content=\"Gabitel\" \/>\n<meta property=\"article:publisher\" content=\"https:\/\/www.facebook.com\/gabitelingenieros\/\" \/>\n<meta property=\"article:published_time\" content=\"2025-07-25T05:56:14+00:00\" \/>\n<meta property=\"article:modified_time\" content=\"2026-04-17T06:52:35+00:00\" \/>\n<meta property=\"og:image\" content=\"https:\/\/gabitel.net\/wp-content\/uploads\/2025\/07\/catedra2025.jpg\" \/>\n\t<meta property=\"og:image:width\" content=\"900\" \/>\n\t<meta property=\"og:image:height\" content=\"599\" \/>\n\t<meta property=\"og:image:type\" content=\"image\/jpeg\" \/>\n<meta name=\"author\" content=\"user.autor\" \/>\n<meta name=\"twitter:card\" content=\"summary_large_image\" \/>\n<meta name=\"twitter:label1\" content=\"Verfasst von\" \/>\n\t<meta name=\"twitter:data1\" content=\"user.autor\" \/>\n\t<meta name=\"twitter:label2\" content=\"Gesch\u00e4tzte Lesezeit\" \/>\n\t<meta name=\"twitter:data2\" content=\"2\u00a0Minuten\" \/>\n<script type=\"application\/ld+json\" class=\"yoast-schema-graph\">{\"@context\":\"https:\\\/\\\/schema.org\",\"@graph\":[{\"@type\":[\"Article\",\"BlogPosting\"],\"@id\":\"https:\\\/\\\/gabitel.net\\\/de\\\/premio-catedra-gabitel-hidrogeno\\\/#article\",\"isPartOf\":{\"@id\":\"https:\\\/\\\/gabitel.net\\\/de\\\/premio-catedra-gabitel-hidrogeno\\\/\"},\"author\":{\"name\":\"user.autor\",\"@id\":\"https:\\\/\\\/gabitel.net\\\/de\\\/#\\\/schema\\\/person\\\/37ba53714c3fedb9c7d22f4bc781465c\"},\"headline\":\"La C\u00e1tedra Gabitel sobre el Hidr\u00f3geno, Premio Onubense del A\u00f1o 2025 en la categor\u00eda de Educaci\u00f3n\",\"datePublished\":\"2025-07-25T05:56:14+00:00\",\"dateModified\":\"2026-04-17T06:52:35+00:00\",\"mainEntityOfPage\":{\"@id\":\"https:\\\/\\\/gabitel.net\\\/de\\\/premio-catedra-gabitel-hidrogeno\\\/\"},\"wordCount\":318,\"publisher\":{\"@id\":\"https:\\\/\\\/gabitel.net\\\/de\\\/#organization\"},\"image\":{\"@id\":\"https:\\\/\\\/gabitel.net\\\/de\\\/premio-catedra-gabitel-hidrogeno\\\/#primaryimage\"},\"thumbnailUrl\":\"https:\\\/\\\/gabitel.net\\\/wp-content\\\/uploads\\\/2025\\\/07\\\/catedra2025.jpg\",\"keywords\":[\"C\u00e1tedra Gabitel\"],\"articleSection\":[\"Blog\",\"Gabitel-Lehrstuhl\",\"Hidrogeno\",\"News\"],\"inLanguage\":\"de\"},{\"@type\":\"WebPage\",\"@id\":\"https:\\\/\\\/gabitel.net\\\/de\\\/premio-catedra-gabitel-hidrogeno\\\/\",\"url\":\"https:\\\/\\\/gabitel.net\\\/de\\\/premio-catedra-gabitel-hidrogeno\\\/\",\"name\":\"Premio C\u00e1tedra Gabitel Hidr\u00f3geno | Universidad de Huelva\",\"isPartOf\":{\"@id\":\"https:\\\/\\\/gabitel.net\\\/de\\\/#website\"},\"primaryImageOfPage\":{\"@id\":\"https:\\\/\\\/gabitel.net\\\/de\\\/premio-catedra-gabitel-hidrogeno\\\/#primaryimage\"},\"image\":{\"@id\":\"https:\\\/\\\/gabitel.net\\\/de\\\/premio-catedra-gabitel-hidrogeno\\\/#primaryimage\"},\"thumbnailUrl\":\"https:\\\/\\\/gabitel.net\\\/wp-content\\\/uploads\\\/2025\\\/07\\\/catedra2025.jpg\",\"datePublished\":\"2025-07-25T05:56:14+00:00\",\"dateModified\":\"2026-04-17T06:52:35+00:00\",\"description\":\"La C\u00e1tedra Gabitel sobre Hidr\u00f3geno gana el Premio Onubense del A\u00f1o en Educaci\u00f3n, destacando su labor en innovaci\u00f3n y desarrollo sostenible.\",\"breadcrumb\":{\"@id\":\"https:\\\/\\\/gabitel.net\\\/de\\\/premio-catedra-gabitel-hidrogeno\\\/#breadcrumb\"},\"inLanguage\":\"de\",\"potentialAction\":[{\"@type\":\"ReadAction\",\"target\":[\"https:\\\/\\\/gabitel.net\\\/de\\\/premio-catedra-gabitel-hidrogeno\\\/\"]}]},{\"@type\":\"ImageObject\",\"inLanguage\":\"de\",\"@id\":\"https:\\\/\\\/gabitel.net\\\/de\\\/premio-catedra-gabitel-hidrogeno\\\/#primaryimage\",\"url\":\"https:\\\/\\\/gabitel.net\\\/wp-content\\\/uploads\\\/2025\\\/07\\\/catedra2025.jpg\",\"contentUrl\":\"https:\\\/\\\/gabitel.net\\\/wp-content\\\/uploads\\\/2025\\\/07\\\/catedra2025.jpg\",\"width\":900,\"height\":599,\"caption\":\"catedra gabitel 2025\"},{\"@type\":\"BreadcrumbList\",\"@id\":\"https:\\\/\\\/gabitel.net\\\/de\\\/premio-catedra-gabitel-hidrogeno\\\/#breadcrumb\",\"itemListElement\":[{\"@type\":\"ListItem\",\"position\":1,\"name\":\"Portada\",\"item\":\"https:\\\/\\\/gabitel.net\\\/de\\\/\"},{\"@type\":\"ListItem\",\"position\":2,\"name\":\"La C\u00e1tedra Gabitel sobre el Hidr\u00f3geno, Premio Onubense del A\u00f1o 2025 en la categor\u00eda de Educaci\u00f3n\"}]},{\"@type\":\"WebSite\",\"@id\":\"https:\\\/\\\/gabitel.net\\\/de\\\/#website\",\"url\":\"https:\\\/\\\/gabitel.net\\\/de\\\/\",\"name\":\"Gabitel\",\"description\":\"\",\"publisher\":{\"@id\":\"https:\\\/\\\/gabitel.net\\\/de\\\/#organization\"},\"potentialAction\":[{\"@type\":\"SearchAction\",\"target\":{\"@type\":\"EntryPoint\",\"urlTemplate\":\"https:\\\/\\\/gabitel.net\\\/de\\\/?s={search_term_string}\"},\"query-input\":{\"@type\":\"PropertyValueSpecification\",\"valueRequired\":true,\"valueName\":\"search_term_string\"}}],\"inLanguage\":\"de\"},{\"@type\":\"Organization\",\"@id\":\"https:\\\/\\\/gabitel.net\\\/de\\\/#organization\",\"name\":\"Gabitel\",\"url\":\"https:\\\/\\\/gabitel.net\\\/de\\\/\",\"logo\":{\"@type\":\"ImageObject\",\"inLanguage\":\"de\",\"@id\":\"https:\\\/\\\/gabitel.net\\\/de\\\/#\\\/schema\\\/logo\\\/image\\\/\",\"url\":\"https:\\\/\\\/gabitel.net\\\/wp-content\\\/uploads\\\/2025\\\/05\\\/logo_gabitel.jpg\",\"contentUrl\":\"https:\\\/\\\/gabitel.net\\\/wp-content\\\/uploads\\\/2025\\\/05\\\/logo_gabitel.jpg\",\"width\":2560,\"height\":1330,\"caption\":\"Gabitel\"},\"image\":{\"@id\":\"https:\\\/\\\/gabitel.net\\\/de\\\/#\\\/schema\\\/logo\\\/image\\\/\"},\"sameAs\":[\"https:\\\/\\\/www.facebook.com\\\/gabitelingenieros\\\/\",\"https:\\\/\\\/es.linkedin.com\\\/company\\\/gabitel-ingenieros\"]},{\"@type\":\"Person\",\"@id\":\"https:\\\/\\\/gabitel.net\\\/de\\\/#\\\/schema\\\/person\\\/37ba53714c3fedb9c7d22f4bc781465c\",\"name\":\"user.autor\",\"url\":\"https:\\\/\\\/gabitel.net\\\/de\\\/author\\\/user-autor\\\/\"}]}<\/script>\n<!-- \/ Yoast SEO plugin. -->","yoast_head_json":{"title":"Premio C\u00e1tedra Gabitel Hidr\u00f3geno | Universidad de Huelva","description":"La C\u00e1tedra Gabitel sobre Hidr\u00f3geno gana el Premio Onubense del A\u00f1o en Educaci\u00f3n, destacando su labor en innovaci\u00f3n y desarrollo sostenible.","robots":{"index":"index","follow":"follow","max-snippet":"max-snippet:-1","max-image-preview":"max-image-preview:large","max-video-preview":"max-video-preview:-1"},"canonical":"https:\/\/gabitel.net\/de\/premio-catedra-gabitel-hidrogeno\/","og_locale":"de_DE","og_type":"article","og_title":"Premio C\u00e1tedra Gabitel Hidr\u00f3geno | Universidad de Huelva","og_description":"La C\u00e1tedra Gabitel sobre Hidr\u00f3geno gana el Premio Onubense del A\u00f1o en Educaci\u00f3n, destacando su labor en innovaci\u00f3n y desarrollo sostenible.","og_url":"https:\/\/gabitel.net\/de\/premio-catedra-gabitel-hidrogeno\/","og_site_name":"Gabitel","article_publisher":"https:\/\/www.facebook.com\/gabitelingenieros\/","article_published_time":"2025-07-25T05:56:14+00:00","article_modified_time":"2026-04-17T06:52:35+00:00","og_image":[{"width":900,"height":599,"url":"https:\/\/gabitel.net\/wp-content\/uploads\/2025\/07\/catedra2025.jpg","type":"image\/jpeg"}],"author":"user.autor","twitter_card":"summary_large_image","twitter_misc":{"Verfasst von":"user.autor","Gesch\u00e4tzte Lesezeit":"2\u00a0Minuten"},"schema":{"@context":"https:\/\/schema.org","@graph":[{"@type":["Article","BlogPosting"],"@id":"https:\/\/gabitel.net\/de\/premio-catedra-gabitel-hidrogeno\/#article","isPartOf":{"@id":"https:\/\/gabitel.net\/de\/premio-catedra-gabitel-hidrogeno\/"},"author":{"name":"user.autor","@id":"https:\/\/gabitel.net\/de\/#\/schema\/person\/37ba53714c3fedb9c7d22f4bc781465c"},"headline":"La C\u00e1tedra Gabitel sobre el Hidr\u00f3geno, Premio Onubense del A\u00f1o 2025 en la categor\u00eda de Educaci\u00f3n","datePublished":"2025-07-25T05:56:14+00:00","dateModified":"2026-04-17T06:52:35+00:00","mainEntityOfPage":{"@id":"https:\/\/gabitel.net\/de\/premio-catedra-gabitel-hidrogeno\/"},"wordCount":318,"publisher":{"@id":"https:\/\/gabitel.net\/de\/#organization"},"image":{"@id":"https:\/\/gabitel.net\/de\/premio-catedra-gabitel-hidrogeno\/#primaryimage"},"thumbnailUrl":"https:\/\/gabitel.net\/wp-content\/uploads\/2025\/07\/catedra2025.jpg","keywords":["C\u00e1tedra Gabitel"],"articleSection":["Blog","Gabitel-Lehrstuhl","Hidrogeno","News"],"inLanguage":"de"},{"@type":"WebPage","@id":"https:\/\/gabitel.net\/de\/premio-catedra-gabitel-hidrogeno\/","url":"https:\/\/gabitel.net\/de\/premio-catedra-gabitel-hidrogeno\/","name":"Premio C\u00e1tedra Gabitel Hidr\u00f3geno | Universidad de Huelva","isPartOf":{"@id":"https:\/\/gabitel.net\/de\/#website"},"primaryImageOfPage":{"@id":"https:\/\/gabitel.net\/de\/premio-catedra-gabitel-hidrogeno\/#primaryimage"},"image":{"@id":"https:\/\/gabitel.net\/de\/premio-catedra-gabitel-hidrogeno\/#primaryimage"},"thumbnailUrl":"https:\/\/gabitel.net\/wp-content\/uploads\/2025\/07\/catedra2025.jpg","datePublished":"2025-07-25T05:56:14+00:00","dateModified":"2026-04-17T06:52:35+00:00","description":"La C\u00e1tedra Gabitel sobre Hidr\u00f3geno gana el Premio Onubense del A\u00f1o en Educaci\u00f3n, destacando su labor en innovaci\u00f3n y desarrollo sostenible.","breadcrumb":{"@id":"https:\/\/gabitel.net\/de\/premio-catedra-gabitel-hidrogeno\/#breadcrumb"},"inLanguage":"de","potentialAction":[{"@type":"ReadAction","target":["https:\/\/gabitel.net\/de\/premio-catedra-gabitel-hidrogeno\/"]}]},{"@type":"ImageObject","inLanguage":"de","@id":"https:\/\/gabitel.net\/de\/premio-catedra-gabitel-hidrogeno\/#primaryimage","url":"https:\/\/gabitel.net\/wp-content\/uploads\/2025\/07\/catedra2025.jpg","contentUrl":"https:\/\/gabitel.net\/wp-content\/uploads\/2025\/07\/catedra2025.jpg","width":900,"height":599,"caption":"catedra gabitel 2025"},{"@type":"BreadcrumbList","@id":"https:\/\/gabitel.net\/de\/premio-catedra-gabitel-hidrogeno\/#breadcrumb","itemListElement":[{"@type":"ListItem","position":1,"name":"Portada","item":"https:\/\/gabitel.net\/de\/"},{"@type":"ListItem","position":2,"name":"La C\u00e1tedra Gabitel sobre el Hidr\u00f3geno, Premio Onubense del A\u00f1o 2025 en la categor\u00eda de Educaci\u00f3n"}]},{"@type":"WebSite","@id":"https:\/\/gabitel.net\/de\/#website","url":"https:\/\/gabitel.net\/de\/","name":"Gabitel","description":"","publisher":{"@id":"https:\/\/gabitel.net\/de\/#organization"},"potentialAction":[{"@type":"SearchAction","target":{"@type":"EntryPoint","urlTemplate":"https:\/\/gabitel.net\/de\/?s={search_term_string}"},"query-input":{"@type":"PropertyValueSpecification","valueRequired":true,"valueName":"search_term_string"}}],"inLanguage":"de"},{"@type":"Organization","@id":"https:\/\/gabitel.net\/de\/#organization","name":"Gabitel","url":"https:\/\/gabitel.net\/de\/","logo":{"@type":"ImageObject","inLanguage":"de","@id":"https:\/\/gabitel.net\/de\/#\/schema\/logo\/image\/","url":"https:\/\/gabitel.net\/wp-content\/uploads\/2025\/05\/logo_gabitel.jpg","contentUrl":"https:\/\/gabitel.net\/wp-content\/uploads\/2025\/05\/logo_gabitel.jpg","width":2560,"height":1330,"caption":"Gabitel"},"image":{"@id":"https:\/\/gabitel.net\/de\/#\/schema\/logo\/image\/"},"sameAs":["https:\/\/www.facebook.com\/gabitelingenieros\/","https:\/\/es.linkedin.com\/company\/gabitel-ingenieros"]},{"@type":"Person","@id":"https:\/\/gabitel.net\/de\/#\/schema\/person\/37ba53714c3fedb9c7d22f4bc781465c","name":"user.autor","url":"https:\/\/gabitel.net\/de\/author\/user-autor\/"}]}},"_links":{"self":[{"href":"https:\/\/gabitel.net\/de\/wp-json\/wp\/v2\/posts\/35612","targetHints":{"allow":["GET"]}}],"collection":[{"href":"https:\/\/gabitel.net\/de\/wp-json\/wp\/v2\/posts"}],"about":[{"href":"https:\/\/gabitel.net\/de\/wp-json\/wp\/v2\/types\/post"}],"author":[{"embeddable":true,"href":"https:\/\/gabitel.net\/de\/wp-json\/wp\/v2\/users\/3"}],"replies":[{"embeddable":true,"href":"https:\/\/gabitel.net\/de\/wp-json\/wp\/v2\/comments?post=35612"}],"version-history":[{"count":5,"href":"https:\/\/gabitel.net\/de\/wp-json\/wp\/v2\/posts\/35612\/revisions"}],"predecessor-version":[{"id":36090,"href":"https:\/\/gabitel.net\/de\/wp-json\/wp\/v2\/posts\/35612\/revisions\/36090"}],"wp:featuredmedia":[{"embeddable":true,"href":"https:\/\/gabitel.net\/de\/wp-json\/wp\/v2\/media\/35597"}],"wp:attachment":[{"href":"https:\/\/gabitel.net\/de\/wp-json\/wp\/v2\/media?parent=35612"}],"wp:term":[{"taxonomy":"category","embeddable":true,"href":"https:\/\/gabitel.net\/de\/wp-json\/wp\/v2\/categories?post=35612"},{"taxonomy":"post_tag","embeddable":true,"href":"https:\/\/gabitel.net\/de\/wp-json\/wp\/v2\/tags?post=35612"}],"curies":[{"name":"wp","href":"https:\/\/api.w.org\/{rel}","templated":true}]}}