{"id":36273,"date":"2026-01-19T10:27:33","date_gmt":"2026-01-19T09:27:33","guid":{"rendered":"https:\/\/gabitel.net\/?p=36273"},"modified":"2026-01-19T11:34:18","modified_gmt":"2026-01-19T10:34:18","slug":"gabitel-kooperiert-mit-meridiam-glasfaser-beim-glasfaserausbau-in-deutschland","status":"publish","type":"post","link":"https:\/\/gabitel.net\/de\/gabitel-kooperiert-mit-meridiam-glasfaser-beim-glasfaserausbau-in-deutschland\/","title":{"rendered":"Gabitel kooperiert mit Meridiam Glasfaser beim Glasfaserausbau in Deutschland"},"content":{"rendered":"\t\t<div data-elementor-type=\"wp-post\" data-elementor-id=\"36273\" class=\"elementor elementor-36273 elementor-36263\" data-elementor-post-type=\"post\">\n\t\t\t\t<div class=\"elementor-element elementor-element-0dd7b73 e-flex e-con-boxed e-con e-parent\" data-id=\"0dd7b73\" data-element_type=\"container\" data-e-type=\"container\">\n\t\t\t\t\t<div class=\"e-con-inner\">\n\t\t\t\t<div class=\"elementor-element elementor-element-b1c23d0 elementor-widget elementor-widget-text-editor\" data-id=\"b1c23d0\" data-element_type=\"widget\" data-e-type=\"widget\" data-widget_type=\"text-editor.default\">\n\t\t\t\t<div class=\"elementor-widget-container\">\n\t\t\t\t\t\t\t\t\t<p>Gabitel festigt seine Rolle als strategischer Partner der Meridiam Glasfaser GmbH bei der Entwicklung der Telekommunikationsinfrastruktur in Deutschland. Diese Kooperation leistet einen wesentlichen Beitrag zur Erreichung der langfristigen digitalen Konnektivit\u00e4tsziele des Landes.<\/p>\n<p>Meridiam Glasfaser treibt in Deutschland unter der Marke&nbsp;<a href=\"https:\/\/glasfaser-ffiber.de\/\" target=\"_blank\" rel=\"noopener\">Ffiber<\/a>\u202fden eigenwirtschaftlichen FTTH-Ausbau mit privatem Kapital voran &#8211; unabh\u00e4ngig von \u00f6ffentlichen F\u00f6rdermitteln und mit Fokus auf Zukunftssicherheit, Verl\u00e4sslichkeit und regionale Zusammenarbeit.\u202f<\/p>\n<p>Meridiam Glasfaser und Vodafone arbeiten in enger Partnerschaft.\u202f&nbsp;<a href=\"https:\/\/www.meridiam.com\/assets\/partnership-with-vodafone-for-german-fiber\/\" target=\"_blank\" rel=\"noopener\">Vodafone<\/a>&nbsp;\u00fcbernimmt die Produktvermarktung, den Kundenservice, die Aktivierung des Glasfaseranschlusses sowie den reibungslosen Betrieb der Glasfaserinfrastruktur.\u202fDen Ausbau der gesamten Netzinfrastruktur bis hin zur Hauseinf\u00fchrung plant und realisiert Ffiber.\u202f<\/p>\n<p><a href=\"https:\/\/gabitel.net\/ingenieria-de-telecomunicaciones\/\" target=\"_blank\" style=\"letter-spacing: 0px; word-spacing: 0em; background-color: rgb(255, 255, 255);\">Gabitel<\/a>&nbsp;bringt dabei seine umfassende Expertise in den Bereichen Telekommunikations-Engineering und technischer Support ein. Unsere Beteiligung konzentriert sich auf die technische Netzplanung (FTTH) sowie die Anpassung von L\u00f6sungen an die regulatorischen und regionalen Besonderheiten des deutschen Marktes.Durch die direkte Koordination mit Meridiam Glasfaser stellen wir als Gabitel&nbsp;<span style=\"letter-spacing: 0px; word-spacing: 0em;\">dabei sicher, dass die hohen Qualit\u00e4tsstandards f\u00fcr fortschrittliche digitale Konnektivit\u00e4tsnetze erf\u00fcllt werden.<\/span><\/p>\n<p>Die Zusammenarbeit mit Meridiam Glasfaser st\u00e4rkt die Pr\u00e4senz von Gabitel im deutschen Glasfasermarkt als technischer Referenzpartner.<\/p>\t\t\t\t\t\t\t\t<\/div>\n\t\t\t\t<\/div>\n\t\t\t\t\t<\/div>\n\t\t\t\t<\/div>\n\t\t\t\t<\/div>\n\t\t","protected":false},"excerpt":{"rendered":"<p>Gabitel st\u00e4rkt seine Position als strategischer Partner der Meridiam Glasfaser GmbH bei der Entwicklung von Telekommunikationsinfrastrukturen in Deutschland.<\/p>\n","protected":false},"author":7,"featured_media":36272,"comment_status":"closed","ping_status":"closed","sticky":false,"template":"","format":"standard","meta":{"content-type":"","footnotes":""},"categories":[413,412,397],"tags":[],"class_list":["post-36273","post","type-post","status-publish","format-standard","has-post-thumbnail","hentry","category-blog-de","category-news-de","category-nicht-kategorisiert"],"yoast_head":"<!-- This site is optimized with the Yoast SEO plugin v27.4 - https:\/\/yoast.com\/product\/yoast-seo-wordpress\/ -->\n<title>Gabitel kooperiert mit Meridiam Glasfaser beim Glasfaserausbau in Deutschland - Gabitel<\/title>\n<meta name=\"robots\" content=\"index, follow, max-snippet:-1, max-image-preview:large, max-video-preview:-1\" \/>\n<link rel=\"canonical\" href=\"https:\/\/gabitel.net\/de\/gabitel-kooperiert-mit-meridiam-glasfaser-beim-glasfaserausbau-in-deutschland\/\" \/>\n<meta property=\"og:locale\" content=\"de_DE\" \/>\n<meta property=\"og:type\" content=\"article\" \/>\n<meta property=\"og:title\" content=\"Gabitel kooperiert mit Meridiam Glasfaser beim Glasfaserausbau in Deutschland - Gabitel\" \/>\n<meta property=\"og:description\" content=\"Gabitel st\u00e4rkt seine Position als strategischer Partner der Meridiam Glasfaser GmbH bei der Entwicklung von Telekommunikationsinfrastrukturen in Deutschland.\" \/>\n<meta property=\"og:url\" content=\"https:\/\/gabitel.net\/de\/gabitel-kooperiert-mit-meridiam-glasfaser-beim-glasfaserausbau-in-deutschland\/\" \/>\n<meta property=\"og:site_name\" content=\"Gabitel\" \/>\n<meta property=\"article:publisher\" content=\"https:\/\/www.facebook.com\/gabitelingenieros\/\" \/>\n<meta property=\"article:published_time\" content=\"2026-01-19T09:27:33+00:00\" \/>\n<meta property=\"article:modified_time\" content=\"2026-01-19T10:34:18+00:00\" \/>\n<meta property=\"og:image\" content=\"https:\/\/gabitel.net\/wp-content\/uploads\/2026\/01\/meridiam.jpg\" \/>\n\t<meta property=\"og:image:width\" content=\"956\" \/>\n\t<meta property=\"og:image:height\" content=\"637\" \/>\n\t<meta property=\"og:image:type\" content=\"image\/jpeg\" \/>\n<meta name=\"author\" content=\"Marta Alc\u00e1ntara\" \/>\n<meta name=\"twitter:card\" content=\"summary_large_image\" \/>\n<meta name=\"twitter:label1\" content=\"Verfasst von\" \/>\n\t<meta name=\"twitter:data1\" content=\"Marta Alc\u00e1ntara\" \/>\n\t<meta name=\"twitter:label2\" content=\"Gesch\u00e4tzte Lesezeit\" \/>\n\t<meta name=\"twitter:data2\" content=\"1\u00a0Minute\" \/>\n<script type=\"application\/ld+json\" class=\"yoast-schema-graph\">{\"@context\":\"https:\\\/\\\/schema.org\",\"@graph\":[{\"@type\":[\"Article\",\"BlogPosting\"],\"@id\":\"https:\\\/\\\/gabitel.net\\\/de\\\/gabitel-kooperiert-mit-meridiam-glasfaser-beim-glasfaserausbau-in-deutschland\\\/#article\",\"isPartOf\":{\"@id\":\"https:\\\/\\\/gabitel.net\\\/de\\\/gabitel-kooperiert-mit-meridiam-glasfaser-beim-glasfaserausbau-in-deutschland\\\/\"},\"author\":{\"name\":\"Marta Alc\u00e1ntara\",\"@id\":\"https:\\\/\\\/gabitel.net\\\/de\\\/#\\\/schema\\\/person\\\/3f24dbfd54ab9f8ab1831217d5d17091\"},\"headline\":\"Gabitel kooperiert mit Meridiam Glasfaser beim Glasfaserausbau in Deutschland\",\"datePublished\":\"2026-01-19T09:27:33+00:00\",\"dateModified\":\"2026-01-19T10:34:18+00:00\",\"mainEntityOfPage\":{\"@id\":\"https:\\\/\\\/gabitel.net\\\/de\\\/gabitel-kooperiert-mit-meridiam-glasfaser-beim-glasfaserausbau-in-deutschland\\\/\"},\"wordCount\":201,\"publisher\":{\"@id\":\"https:\\\/\\\/gabitel.net\\\/de\\\/#organization\"},\"image\":{\"@id\":\"https:\\\/\\\/gabitel.net\\\/de\\\/gabitel-kooperiert-mit-meridiam-glasfaser-beim-glasfaserausbau-in-deutschland\\\/#primaryimage\"},\"thumbnailUrl\":\"https:\\\/\\\/gabitel.net\\\/wp-content\\\/uploads\\\/2026\\\/01\\\/meridiam.jpg\",\"articleSection\":[\"Blog\",\"News\",\"Nicht kategorisiert\"],\"inLanguage\":\"de\"},{\"@type\":\"WebPage\",\"@id\":\"https:\\\/\\\/gabitel.net\\\/de\\\/gabitel-kooperiert-mit-meridiam-glasfaser-beim-glasfaserausbau-in-deutschland\\\/\",\"url\":\"https:\\\/\\\/gabitel.net\\\/de\\\/gabitel-kooperiert-mit-meridiam-glasfaser-beim-glasfaserausbau-in-deutschland\\\/\",\"name\":\"Gabitel kooperiert mit Meridiam Glasfaser beim Glasfaserausbau in Deutschland - Gabitel\",\"isPartOf\":{\"@id\":\"https:\\\/\\\/gabitel.net\\\/de\\\/#website\"},\"primaryImageOfPage\":{\"@id\":\"https:\\\/\\\/gabitel.net\\\/de\\\/gabitel-kooperiert-mit-meridiam-glasfaser-beim-glasfaserausbau-in-deutschland\\\/#primaryimage\"},\"image\":{\"@id\":\"https:\\\/\\\/gabitel.net\\\/de\\\/gabitel-kooperiert-mit-meridiam-glasfaser-beim-glasfaserausbau-in-deutschland\\\/#primaryimage\"},\"thumbnailUrl\":\"https:\\\/\\\/gabitel.net\\\/wp-content\\\/uploads\\\/2026\\\/01\\\/meridiam.jpg\",\"datePublished\":\"2026-01-19T09:27:33+00:00\",\"dateModified\":\"2026-01-19T10:34:18+00:00\",\"breadcrumb\":{\"@id\":\"https:\\\/\\\/gabitel.net\\\/de\\\/gabitel-kooperiert-mit-meridiam-glasfaser-beim-glasfaserausbau-in-deutschland\\\/#breadcrumb\"},\"inLanguage\":\"de\",\"potentialAction\":[{\"@type\":\"ReadAction\",\"target\":[\"https:\\\/\\\/gabitel.net\\\/de\\\/gabitel-kooperiert-mit-meridiam-glasfaser-beim-glasfaserausbau-in-deutschland\\\/\"]}]},{\"@type\":\"ImageObject\",\"inLanguage\":\"de\",\"@id\":\"https:\\\/\\\/gabitel.net\\\/de\\\/gabitel-kooperiert-mit-meridiam-glasfaser-beim-glasfaserausbau-in-deutschland\\\/#primaryimage\",\"url\":\"https:\\\/\\\/gabitel.net\\\/wp-content\\\/uploads\\\/2026\\\/01\\\/meridiam.jpg\",\"contentUrl\":\"https:\\\/\\\/gabitel.net\\\/wp-content\\\/uploads\\\/2026\\\/01\\\/meridiam.jpg\",\"width\":956,\"height\":637},{\"@type\":\"BreadcrumbList\",\"@id\":\"https:\\\/\\\/gabitel.net\\\/de\\\/gabitel-kooperiert-mit-meridiam-glasfaser-beim-glasfaserausbau-in-deutschland\\\/#breadcrumb\",\"itemListElement\":[{\"@type\":\"ListItem\",\"position\":1,\"name\":\"Portada\",\"item\":\"https:\\\/\\\/gabitel.net\\\/de\\\/\"},{\"@type\":\"ListItem\",\"position\":2,\"name\":\"Gabitel kooperiert mit Meridiam Glasfaser beim Glasfaserausbau in Deutschland\"}]},{\"@type\":\"WebSite\",\"@id\":\"https:\\\/\\\/gabitel.net\\\/de\\\/#website\",\"url\":\"https:\\\/\\\/gabitel.net\\\/de\\\/\",\"name\":\"Gabitel\",\"description\":\"\",\"publisher\":{\"@id\":\"https:\\\/\\\/gabitel.net\\\/de\\\/#organization\"},\"potentialAction\":[{\"@type\":\"SearchAction\",\"target\":{\"@type\":\"EntryPoint\",\"urlTemplate\":\"https:\\\/\\\/gabitel.net\\\/de\\\/?s={search_term_string}\"},\"query-input\":{\"@type\":\"PropertyValueSpecification\",\"valueRequired\":true,\"valueName\":\"search_term_string\"}}],\"inLanguage\":\"de\"},{\"@type\":\"Organization\",\"@id\":\"https:\\\/\\\/gabitel.net\\\/de\\\/#organization\",\"name\":\"Gabitel\",\"url\":\"https:\\\/\\\/gabitel.net\\\/de\\\/\",\"logo\":{\"@type\":\"ImageObject\",\"inLanguage\":\"de\",\"@id\":\"https:\\\/\\\/gabitel.net\\\/de\\\/#\\\/schema\\\/logo\\\/image\\\/\",\"url\":\"https:\\\/\\\/gabitel.net\\\/wp-content\\\/uploads\\\/2025\\\/05\\\/logo_gabitel.jpg\",\"contentUrl\":\"https:\\\/\\\/gabitel.net\\\/wp-content\\\/uploads\\\/2025\\\/05\\\/logo_gabitel.jpg\",\"width\":2560,\"height\":1330,\"caption\":\"Gabitel\"},\"image\":{\"@id\":\"https:\\\/\\\/gabitel.net\\\/de\\\/#\\\/schema\\\/logo\\\/image\\\/\"},\"sameAs\":[\"https:\\\/\\\/www.facebook.com\\\/gabitelingenieros\\\/\",\"https:\\\/\\\/es.linkedin.com\\\/company\\\/gabitel-ingenieros\"]},{\"@type\":\"Person\",\"@id\":\"https:\\\/\\\/gabitel.net\\\/de\\\/#\\\/schema\\\/person\\\/3f24dbfd54ab9f8ab1831217d5d17091\",\"name\":\"Marta Alc\u00e1ntara\",\"url\":\"https:\\\/\\\/gabitel.net\\\/de\\\/author\\\/marta-alcantara\\\/\"}]}<\/script>\n<!-- \/ Yoast SEO plugin. -->","yoast_head_json":{"title":"Gabitel kooperiert mit Meridiam Glasfaser beim Glasfaserausbau in Deutschland - Gabitel","robots":{"index":"index","follow":"follow","max-snippet":"max-snippet:-1","max-image-preview":"max-image-preview:large","max-video-preview":"max-video-preview:-1"},"canonical":"https:\/\/gabitel.net\/de\/gabitel-kooperiert-mit-meridiam-glasfaser-beim-glasfaserausbau-in-deutschland\/","og_locale":"de_DE","og_type":"article","og_title":"Gabitel kooperiert mit Meridiam Glasfaser beim Glasfaserausbau in Deutschland - Gabitel","og_description":"Gabitel st\u00e4rkt seine Position als strategischer Partner der Meridiam Glasfaser GmbH bei der Entwicklung von Telekommunikationsinfrastrukturen in Deutschland.","og_url":"https:\/\/gabitel.net\/de\/gabitel-kooperiert-mit-meridiam-glasfaser-beim-glasfaserausbau-in-deutschland\/","og_site_name":"Gabitel","article_publisher":"https:\/\/www.facebook.com\/gabitelingenieros\/","article_published_time":"2026-01-19T09:27:33+00:00","article_modified_time":"2026-01-19T10:34:18+00:00","og_image":[{"width":956,"height":637,"url":"https:\/\/gabitel.net\/wp-content\/uploads\/2026\/01\/meridiam.jpg","type":"image\/jpeg"}],"author":"Marta Alc\u00e1ntara","twitter_card":"summary_large_image","twitter_misc":{"Verfasst von":"Marta Alc\u00e1ntara","Gesch\u00e4tzte Lesezeit":"1\u00a0Minute"},"schema":{"@context":"https:\/\/schema.org","@graph":[{"@type":["Article","BlogPosting"],"@id":"https:\/\/gabitel.net\/de\/gabitel-kooperiert-mit-meridiam-glasfaser-beim-glasfaserausbau-in-deutschland\/#article","isPartOf":{"@id":"https:\/\/gabitel.net\/de\/gabitel-kooperiert-mit-meridiam-glasfaser-beim-glasfaserausbau-in-deutschland\/"},"author":{"name":"Marta Alc\u00e1ntara","@id":"https:\/\/gabitel.net\/de\/#\/schema\/person\/3f24dbfd54ab9f8ab1831217d5d17091"},"headline":"Gabitel kooperiert mit Meridiam Glasfaser beim Glasfaserausbau in Deutschland","datePublished":"2026-01-19T09:27:33+00:00","dateModified":"2026-01-19T10:34:18+00:00","mainEntityOfPage":{"@id":"https:\/\/gabitel.net\/de\/gabitel-kooperiert-mit-meridiam-glasfaser-beim-glasfaserausbau-in-deutschland\/"},"wordCount":201,"publisher":{"@id":"https:\/\/gabitel.net\/de\/#organization"},"image":{"@id":"https:\/\/gabitel.net\/de\/gabitel-kooperiert-mit-meridiam-glasfaser-beim-glasfaserausbau-in-deutschland\/#primaryimage"},"thumbnailUrl":"https:\/\/gabitel.net\/wp-content\/uploads\/2026\/01\/meridiam.jpg","articleSection":["Blog","News","Nicht kategorisiert"],"inLanguage":"de"},{"@type":"WebPage","@id":"https:\/\/gabitel.net\/de\/gabitel-kooperiert-mit-meridiam-glasfaser-beim-glasfaserausbau-in-deutschland\/","url":"https:\/\/gabitel.net\/de\/gabitel-kooperiert-mit-meridiam-glasfaser-beim-glasfaserausbau-in-deutschland\/","name":"Gabitel kooperiert mit Meridiam Glasfaser beim Glasfaserausbau in Deutschland - Gabitel","isPartOf":{"@id":"https:\/\/gabitel.net\/de\/#website"},"primaryImageOfPage":{"@id":"https:\/\/gabitel.net\/de\/gabitel-kooperiert-mit-meridiam-glasfaser-beim-glasfaserausbau-in-deutschland\/#primaryimage"},"image":{"@id":"https:\/\/gabitel.net\/de\/gabitel-kooperiert-mit-meridiam-glasfaser-beim-glasfaserausbau-in-deutschland\/#primaryimage"},"thumbnailUrl":"https:\/\/gabitel.net\/wp-content\/uploads\/2026\/01\/meridiam.jpg","datePublished":"2026-01-19T09:27:33+00:00","dateModified":"2026-01-19T10:34:18+00:00","breadcrumb":{"@id":"https:\/\/gabitel.net\/de\/gabitel-kooperiert-mit-meridiam-glasfaser-beim-glasfaserausbau-in-deutschland\/#breadcrumb"},"inLanguage":"de","potentialAction":[{"@type":"ReadAction","target":["https:\/\/gabitel.net\/de\/gabitel-kooperiert-mit-meridiam-glasfaser-beim-glasfaserausbau-in-deutschland\/"]}]},{"@type":"ImageObject","inLanguage":"de","@id":"https:\/\/gabitel.net\/de\/gabitel-kooperiert-mit-meridiam-glasfaser-beim-glasfaserausbau-in-deutschland\/#primaryimage","url":"https:\/\/gabitel.net\/wp-content\/uploads\/2026\/01\/meridiam.jpg","contentUrl":"https:\/\/gabitel.net\/wp-content\/uploads\/2026\/01\/meridiam.jpg","width":956,"height":637},{"@type":"BreadcrumbList","@id":"https:\/\/gabitel.net\/de\/gabitel-kooperiert-mit-meridiam-glasfaser-beim-glasfaserausbau-in-deutschland\/#breadcrumb","itemListElement":[{"@type":"ListItem","position":1,"name":"Portada","item":"https:\/\/gabitel.net\/de\/"},{"@type":"ListItem","position":2,"name":"Gabitel kooperiert mit Meridiam Glasfaser beim Glasfaserausbau in Deutschland"}]},{"@type":"WebSite","@id":"https:\/\/gabitel.net\/de\/#website","url":"https:\/\/gabitel.net\/de\/","name":"Gabitel","description":"","publisher":{"@id":"https:\/\/gabitel.net\/de\/#organization"},"potentialAction":[{"@type":"SearchAction","target":{"@type":"EntryPoint","urlTemplate":"https:\/\/gabitel.net\/de\/?s={search_term_string}"},"query-input":{"@type":"PropertyValueSpecification","valueRequired":true,"valueName":"search_term_string"}}],"inLanguage":"de"},{"@type":"Organization","@id":"https:\/\/gabitel.net\/de\/#organization","name":"Gabitel","url":"https:\/\/gabitel.net\/de\/","logo":{"@type":"ImageObject","inLanguage":"de","@id":"https:\/\/gabitel.net\/de\/#\/schema\/logo\/image\/","url":"https:\/\/gabitel.net\/wp-content\/uploads\/2025\/05\/logo_gabitel.jpg","contentUrl":"https:\/\/gabitel.net\/wp-content\/uploads\/2025\/05\/logo_gabitel.jpg","width":2560,"height":1330,"caption":"Gabitel"},"image":{"@id":"https:\/\/gabitel.net\/de\/#\/schema\/logo\/image\/"},"sameAs":["https:\/\/www.facebook.com\/gabitelingenieros\/","https:\/\/es.linkedin.com\/company\/gabitel-ingenieros"]},{"@type":"Person","@id":"https:\/\/gabitel.net\/de\/#\/schema\/person\/3f24dbfd54ab9f8ab1831217d5d17091","name":"Marta Alc\u00e1ntara","url":"https:\/\/gabitel.net\/de\/author\/marta-alcantara\/"}]}},"_links":{"self":[{"href":"https:\/\/gabitel.net\/de\/wp-json\/wp\/v2\/posts\/36273","targetHints":{"allow":["GET"]}}],"collection":[{"href":"https:\/\/gabitel.net\/de\/wp-json\/wp\/v2\/posts"}],"about":[{"href":"https:\/\/gabitel.net\/de\/wp-json\/wp\/v2\/types\/post"}],"author":[{"embeddable":true,"href":"https:\/\/gabitel.net\/de\/wp-json\/wp\/v2\/users\/7"}],"replies":[{"embeddable":true,"href":"https:\/\/gabitel.net\/de\/wp-json\/wp\/v2\/comments?post=36273"}],"version-history":[{"count":5,"href":"https:\/\/gabitel.net\/de\/wp-json\/wp\/v2\/posts\/36273\/revisions"}],"predecessor-version":[{"id":36305,"href":"https:\/\/gabitel.net\/de\/wp-json\/wp\/v2\/posts\/36273\/revisions\/36305"}],"wp:featuredmedia":[{"embeddable":true,"href":"https:\/\/gabitel.net\/de\/wp-json\/wp\/v2\/media\/36272"}],"wp:attachment":[{"href":"https:\/\/gabitel.net\/de\/wp-json\/wp\/v2\/media?parent=36273"}],"wp:term":[{"taxonomy":"category","embeddable":true,"href":"https:\/\/gabitel.net\/de\/wp-json\/wp\/v2\/categories?post=36273"},{"taxonomy":"post_tag","embeddable":true,"href":"https:\/\/gabitel.net\/de\/wp-json\/wp\/v2\/tags?post=36273"}],"curies":[{"name":"wp","href":"https:\/\/api.w.org\/{rel}","templated":true}]}}