{"id":36319,"date":"2026-01-28T08:43:39","date_gmt":"2026-01-28T07:43:39","guid":{"rendered":"https:\/\/gabitel.net\/?p=36319"},"modified":"2026-01-28T11:24:50","modified_gmt":"2026-01-28T10:24:50","slug":"gabitel-wird-mitglied-im-branchenverband-breko","status":"publish","type":"post","link":"https:\/\/gabitel.net\/de\/gabitel-wird-mitglied-im-branchenverband-breko\/","title":{"rendered":"Gabitel wird Mitglied im Branchenverband BREKO"},"content":{"rendered":"\t\t<div data-elementor-type=\"wp-post\" data-elementor-id=\"36319\" class=\"elementor elementor-36319 elementor-36308\" data-elementor-post-type=\"post\">\n\t\t\t\t<div class=\"elementor-element elementor-element-6280c1a e-flex e-con-boxed e-con e-parent\" data-id=\"6280c1a\" data-element_type=\"container\" data-e-type=\"container\">\n\t\t\t\t\t<div class=\"e-con-inner\">\n\t\t\t\t\t<\/div>\n\t\t\t\t<\/div>\n\t\t<div class=\"elementor-element elementor-element-ce31cc5 e-flex e-con-boxed e-con e-parent\" data-id=\"ce31cc5\" data-element_type=\"container\" data-e-type=\"container\">\n\t\t\t\t\t<div class=\"e-con-inner\">\n\t\t\t\t<div class=\"elementor-element elementor-element-9d6ceaf elementor-widget elementor-widget-text-editor\" data-id=\"9d6ceaf\" data-element_type=\"widget\" data-e-type=\"widget\" data-widget_type=\"text-editor.default\">\n\t\t\t\t<div class=\"elementor-widget-container\">\n\t\t\t\t\t\t\t\t\t<p>Gabitel vertieft seine Integration in das deutsche Telekommunikations-\u00d6kosystem und gibt seinen Beitritt zum Bundesverband Breitbandkommunikation e.V. (BREKO) bekannt. Dieser Schritt ist ein zentraler Bestandteil der Unternehmensstrategie, die auf technischer St\u00e4rke, sektoraler Zusammenarbeit und einem langfristigen Engagement f\u00fcr den digitalen Standort Deutschland basiert.<br \/><br \/><\/p><p style=\"margin: 6.0pt 0cm 6.0pt 0cm;\"><b><span lang=\"DE\">\u00dcber den <a href=\"https:\/\/brekoverband.de\/\">BREKO<\/a>: Gemeinsam f\u00fcr den Glasfaserausbau<\/span><\/b><\/p><p><span lang=\"DE\">Der BREKO repr\u00e4sentiert als f\u00fchrender Branchenverband den Gro\u00dfteil der deutschen Festnetz-Wettbewerber. Seine zentralen Ziele sind der fl\u00e4chendeckende Ausbau von Glasfasernetzen (FTTH) und die F\u00f6rderung eines fairen Wettbewerbs. Der Verband fungiert als Plattform f\u00fcr den technischen Dialog, setzt Standards und vertritt die Interessen seiner Mitglieder gegen\u00fcber Politik und Regulierung. <br \/>Die Zusammenarbeit innerhalb des Verbandes schafft wertvolle Synergien: Mitglieder profitieren vom Wissensaustausch und entwickeln gemeinsam nachhaltige L\u00f6sungen f\u00fcr die digitale Infrastruktur.<br \/><br \/><\/span><\/p><p style=\"margin-bottom: 6.0pt;\"><a href=\"https:\/\/gabitel.net\/de\/telekommunikationstechnik\/\"><b><span lang=\"DE\">Gabitel<\/span><\/b><\/a><b><span lang=\"DE\"> als erfahrener Partner im Netzwerk<\/span><\/b><\/p><p><span lang=\"DE\">Innerhalb dieses Netzwerks m\u00f6chte Gabitel den fachlichen Austausch f\u00f6rdern und seine weitreichende Expertise einbringen. Als international erfahrener Engineering-Partner verf\u00fcgt Gabitel \u00fcber eine beeindruckende Erfolgsbilanz: Seit 2013 wurde <b>weltweit<\/b> die Netzplanung von <b>mehr als 11 Millionen \u201eHomes Passed\u201c <\/b>geplant. Diese tiefgreifende Erfahrung dient als solider Bef\u00e4higer, um komplexe FTTH-Projekte in Deutschland &#8211; von der <b>Vorstudie<\/b> \u00fcber das <b>HLD\/ LLD-Design<\/b> bis hin zu <b>Genehmigungsverfahren<\/b> und der abschlie\u00dfenden <b>Bestandsdokumentation<\/b> &#8211; partnerschaftlich und effizient voranzutreiben.<\/span><\/p><p><span lang=\"DE\">\u201eDie Mitgliedschaft bei BREKO st\u00e4rkt unsere F\u00e4higkeit, Netzbetreiber und \u00f6ffentliche Einrichtungen mit einer fundierten Perspektive zu begleiten\u201c, informiert Alfons Geueke, Leiter Netze &amp; Gesch\u00e4ftsentwicklung DACH, Benelux, Nordeuropa. <\/span><\/p><p>Gabitel freut sich darauf, die Herausforderungen des deutschen Glasfaserausbaus gemeinsam mit den Partnern im Verband zu meistern.<\/p>\t\t\t\t\t\t\t\t<\/div>\n\t\t\t\t<\/div>\n\t\t\t\t\t<\/div>\n\t\t\t\t<\/div>\n\t\t\t\t<\/div>\n\t\t","protected":false},"excerpt":{"rendered":"<p>Gabitel st\u00e4rkt seine Pr\u00e4senz in Deutschland durch den Beitritt zum BREKO \u2013 ein wichtiger Schritt in seiner Strategie der branchenweiten Zusammenarbeit und des langfristigen Engagements f\u00fcr die Digitalisierung. Mit mehr als 11 Millionen weltweit seit 2013 geplanten \u201eHomes Passed\u201c bringt das Unternehmen seine internationale Erfahrung ein, um FTTH-Projekte effizient voranzutreiben und dabei die hohen Standards des deutschen Marktes zu erf\u00fcllen.<\/p>\n","protected":false},"author":7,"featured_media":36318,"comment_status":"closed","ping_status":"closed","sticky":false,"template":"","format":"standard","meta":{"content-type":"","footnotes":""},"categories":[120,413,412,397],"tags":[],"class_list":["post-36319","post","type-post","status-publish","format-standard","has-post-thumbnail","hentry","category-blog","category-blog-de","category-news-de","category-nicht-kategorisiert"],"yoast_head":"<!-- This site is optimized with the Yoast SEO plugin v27.5 - https:\/\/yoast.com\/product\/yoast-seo-wordpress\/ -->\n<title>Gabitel wird Mitglied im Branchenverband BREKO - Gabitel<\/title>\n<meta name=\"robots\" content=\"index, follow, max-snippet:-1, max-image-preview:large, max-video-preview:-1\" \/>\n<link rel=\"canonical\" href=\"https:\/\/gabitel.net\/de\/gabitel-wird-mitglied-im-branchenverband-breko\/\" \/>\n<meta property=\"og:locale\" content=\"de_DE\" \/>\n<meta property=\"og:type\" content=\"article\" \/>\n<meta property=\"og:title\" content=\"Gabitel wird Mitglied im Branchenverband BREKO - Gabitel\" \/>\n<meta property=\"og:description\" content=\"Gabitel st\u00e4rkt seine Pr\u00e4senz in Deutschland durch den Beitritt zum BREKO \u2013 ein wichtiger Schritt in seiner Strategie der branchenweiten Zusammenarbeit und des langfristigen Engagements f\u00fcr die Digitalisierung. Mit mehr als 11 Millionen weltweit seit 2013 geplanten \u201eHomes Passed\u201c bringt das Unternehmen seine internationale Erfahrung ein, um FTTH-Projekte effizient voranzutreiben und dabei die hohen Standards des deutschen Marktes zu erf\u00fcllen.\" \/>\n<meta property=\"og:url\" content=\"https:\/\/gabitel.net\/de\/gabitel-wird-mitglied-im-branchenverband-breko\/\" \/>\n<meta property=\"og:site_name\" content=\"Gabitel\" \/>\n<meta property=\"article:publisher\" content=\"https:\/\/www.facebook.com\/gabitelingenieros\/\" \/>\n<meta property=\"article:published_time\" content=\"2026-01-28T07:43:39+00:00\" \/>\n<meta property=\"article:modified_time\" content=\"2026-01-28T10:24:50+00:00\" \/>\n<meta property=\"og:image\" content=\"https:\/\/gabitel.net\/wp-content\/uploads\/2026\/01\/Breko.jpg\" \/>\n\t<meta property=\"og:image:width\" content=\"1269\" \/>\n\t<meta property=\"og:image:height\" content=\"555\" \/>\n\t<meta property=\"og:image:type\" content=\"image\/jpeg\" \/>\n<meta name=\"author\" content=\"Marta Alc\u00e1ntara\" \/>\n<meta name=\"twitter:card\" content=\"summary_large_image\" \/>\n<meta name=\"twitter:label1\" content=\"Verfasst von\" \/>\n\t<meta name=\"twitter:data1\" content=\"Marta Alc\u00e1ntara\" \/>\n\t<meta name=\"twitter:label2\" content=\"Gesch\u00e4tzte Lesezeit\" \/>\n\t<meta name=\"twitter:data2\" content=\"2\u00a0Minuten\" \/>\n<script type=\"application\/ld+json\" class=\"yoast-schema-graph\">{\"@context\":\"https:\\\/\\\/schema.org\",\"@graph\":[{\"@type\":[\"Article\",\"BlogPosting\"],\"@id\":\"https:\\\/\\\/gabitel.net\\\/de\\\/gabitel-wird-mitglied-im-branchenverband-breko\\\/#article\",\"isPartOf\":{\"@id\":\"https:\\\/\\\/gabitel.net\\\/de\\\/gabitel-wird-mitglied-im-branchenverband-breko\\\/\"},\"author\":{\"name\":\"Marta Alc\u00e1ntara\",\"@id\":\"https:\\\/\\\/gabitel.net\\\/de\\\/#\\\/schema\\\/person\\\/3f24dbfd54ab9f8ab1831217d5d17091\"},\"headline\":\"Gabitel wird Mitglied im Branchenverband BREKO\",\"datePublished\":\"2026-01-28T07:43:39+00:00\",\"dateModified\":\"2026-01-28T10:24:50+00:00\",\"mainEntityOfPage\":{\"@id\":\"https:\\\/\\\/gabitel.net\\\/de\\\/gabitel-wird-mitglied-im-branchenverband-breko\\\/\"},\"wordCount\":265,\"publisher\":{\"@id\":\"https:\\\/\\\/gabitel.net\\\/de\\\/#organization\"},\"image\":{\"@id\":\"https:\\\/\\\/gabitel.net\\\/de\\\/gabitel-wird-mitglied-im-branchenverband-breko\\\/#primaryimage\"},\"thumbnailUrl\":\"https:\\\/\\\/gabitel.net\\\/wp-content\\\/uploads\\\/2026\\\/01\\\/Breko.jpg\",\"articleSection\":[\"Blog\",\"Blog\",\"News\",\"Nicht kategorisiert\"],\"inLanguage\":\"de\"},{\"@type\":\"WebPage\",\"@id\":\"https:\\\/\\\/gabitel.net\\\/de\\\/gabitel-wird-mitglied-im-branchenverband-breko\\\/\",\"url\":\"https:\\\/\\\/gabitel.net\\\/de\\\/gabitel-wird-mitglied-im-branchenverband-breko\\\/\",\"name\":\"Gabitel wird Mitglied im Branchenverband BREKO - Gabitel\",\"isPartOf\":{\"@id\":\"https:\\\/\\\/gabitel.net\\\/de\\\/#website\"},\"primaryImageOfPage\":{\"@id\":\"https:\\\/\\\/gabitel.net\\\/de\\\/gabitel-wird-mitglied-im-branchenverband-breko\\\/#primaryimage\"},\"image\":{\"@id\":\"https:\\\/\\\/gabitel.net\\\/de\\\/gabitel-wird-mitglied-im-branchenverband-breko\\\/#primaryimage\"},\"thumbnailUrl\":\"https:\\\/\\\/gabitel.net\\\/wp-content\\\/uploads\\\/2026\\\/01\\\/Breko.jpg\",\"datePublished\":\"2026-01-28T07:43:39+00:00\",\"dateModified\":\"2026-01-28T10:24:50+00:00\",\"breadcrumb\":{\"@id\":\"https:\\\/\\\/gabitel.net\\\/de\\\/gabitel-wird-mitglied-im-branchenverband-breko\\\/#breadcrumb\"},\"inLanguage\":\"de\",\"potentialAction\":[{\"@type\":\"ReadAction\",\"target\":[\"https:\\\/\\\/gabitel.net\\\/de\\\/gabitel-wird-mitglied-im-branchenverband-breko\\\/\"]}]},{\"@type\":\"ImageObject\",\"inLanguage\":\"de\",\"@id\":\"https:\\\/\\\/gabitel.net\\\/de\\\/gabitel-wird-mitglied-im-branchenverband-breko\\\/#primaryimage\",\"url\":\"https:\\\/\\\/gabitel.net\\\/wp-content\\\/uploads\\\/2026\\\/01\\\/Breko.jpg\",\"contentUrl\":\"https:\\\/\\\/gabitel.net\\\/wp-content\\\/uploads\\\/2026\\\/01\\\/Breko.jpg\",\"width\":1269,\"height\":555},{\"@type\":\"BreadcrumbList\",\"@id\":\"https:\\\/\\\/gabitel.net\\\/de\\\/gabitel-wird-mitglied-im-branchenverband-breko\\\/#breadcrumb\",\"itemListElement\":[{\"@type\":\"ListItem\",\"position\":1,\"name\":\"Portada\",\"item\":\"https:\\\/\\\/gabitel.net\\\/de\\\/\"},{\"@type\":\"ListItem\",\"position\":2,\"name\":\"Gabitel wird Mitglied im Branchenverband BREKO\"}]},{\"@type\":\"WebSite\",\"@id\":\"https:\\\/\\\/gabitel.net\\\/de\\\/#website\",\"url\":\"https:\\\/\\\/gabitel.net\\\/de\\\/\",\"name\":\"Gabitel\",\"description\":\"\",\"publisher\":{\"@id\":\"https:\\\/\\\/gabitel.net\\\/de\\\/#organization\"},\"potentialAction\":[{\"@type\":\"SearchAction\",\"target\":{\"@type\":\"EntryPoint\",\"urlTemplate\":\"https:\\\/\\\/gabitel.net\\\/de\\\/?s={search_term_string}\"},\"query-input\":{\"@type\":\"PropertyValueSpecification\",\"valueRequired\":true,\"valueName\":\"search_term_string\"}}],\"inLanguage\":\"de\"},{\"@type\":\"Organization\",\"@id\":\"https:\\\/\\\/gabitel.net\\\/de\\\/#organization\",\"name\":\"Gabitel\",\"url\":\"https:\\\/\\\/gabitel.net\\\/de\\\/\",\"logo\":{\"@type\":\"ImageObject\",\"inLanguage\":\"de\",\"@id\":\"https:\\\/\\\/gabitel.net\\\/de\\\/#\\\/schema\\\/logo\\\/image\\\/\",\"url\":\"https:\\\/\\\/gabitel.net\\\/wp-content\\\/uploads\\\/2025\\\/05\\\/logo_gabitel.jpg\",\"contentUrl\":\"https:\\\/\\\/gabitel.net\\\/wp-content\\\/uploads\\\/2025\\\/05\\\/logo_gabitel.jpg\",\"width\":2560,\"height\":1330,\"caption\":\"Gabitel\"},\"image\":{\"@id\":\"https:\\\/\\\/gabitel.net\\\/de\\\/#\\\/schema\\\/logo\\\/image\\\/\"},\"sameAs\":[\"https:\\\/\\\/www.facebook.com\\\/gabitelingenieros\\\/\",\"https:\\\/\\\/es.linkedin.com\\\/company\\\/gabitel-ingenieros\"]},{\"@type\":\"Person\",\"@id\":\"https:\\\/\\\/gabitel.net\\\/de\\\/#\\\/schema\\\/person\\\/3f24dbfd54ab9f8ab1831217d5d17091\",\"name\":\"Marta Alc\u00e1ntara\",\"url\":\"https:\\\/\\\/gabitel.net\\\/de\\\/author\\\/marta-alcantara\\\/\"}]}<\/script>\n<!-- \/ Yoast SEO plugin. -->","yoast_head_json":{"title":"Gabitel wird Mitglied im Branchenverband BREKO - Gabitel","robots":{"index":"index","follow":"follow","max-snippet":"max-snippet:-1","max-image-preview":"max-image-preview:large","max-video-preview":"max-video-preview:-1"},"canonical":"https:\/\/gabitel.net\/de\/gabitel-wird-mitglied-im-branchenverband-breko\/","og_locale":"de_DE","og_type":"article","og_title":"Gabitel wird Mitglied im Branchenverband BREKO - Gabitel","og_description":"Gabitel st\u00e4rkt seine Pr\u00e4senz in Deutschland durch den Beitritt zum BREKO \u2013 ein wichtiger Schritt in seiner Strategie der branchenweiten Zusammenarbeit und des langfristigen Engagements f\u00fcr die Digitalisierung. Mit mehr als 11 Millionen weltweit seit 2013 geplanten \u201eHomes Passed\u201c bringt das Unternehmen seine internationale Erfahrung ein, um FTTH-Projekte effizient voranzutreiben und dabei die hohen Standards des deutschen Marktes zu erf\u00fcllen.","og_url":"https:\/\/gabitel.net\/de\/gabitel-wird-mitglied-im-branchenverband-breko\/","og_site_name":"Gabitel","article_publisher":"https:\/\/www.facebook.com\/gabitelingenieros\/","article_published_time":"2026-01-28T07:43:39+00:00","article_modified_time":"2026-01-28T10:24:50+00:00","og_image":[{"width":1269,"height":555,"url":"https:\/\/gabitel.net\/wp-content\/uploads\/2026\/01\/Breko.jpg","type":"image\/jpeg"}],"author":"Marta Alc\u00e1ntara","twitter_card":"summary_large_image","twitter_misc":{"Verfasst von":"Marta Alc\u00e1ntara","Gesch\u00e4tzte Lesezeit":"2\u00a0Minuten"},"schema":{"@context":"https:\/\/schema.org","@graph":[{"@type":["Article","BlogPosting"],"@id":"https:\/\/gabitel.net\/de\/gabitel-wird-mitglied-im-branchenverband-breko\/#article","isPartOf":{"@id":"https:\/\/gabitel.net\/de\/gabitel-wird-mitglied-im-branchenverband-breko\/"},"author":{"name":"Marta Alc\u00e1ntara","@id":"https:\/\/gabitel.net\/de\/#\/schema\/person\/3f24dbfd54ab9f8ab1831217d5d17091"},"headline":"Gabitel wird Mitglied im Branchenverband BREKO","datePublished":"2026-01-28T07:43:39+00:00","dateModified":"2026-01-28T10:24:50+00:00","mainEntityOfPage":{"@id":"https:\/\/gabitel.net\/de\/gabitel-wird-mitglied-im-branchenverband-breko\/"},"wordCount":265,"publisher":{"@id":"https:\/\/gabitel.net\/de\/#organization"},"image":{"@id":"https:\/\/gabitel.net\/de\/gabitel-wird-mitglied-im-branchenverband-breko\/#primaryimage"},"thumbnailUrl":"https:\/\/gabitel.net\/wp-content\/uploads\/2026\/01\/Breko.jpg","articleSection":["Blog","Blog","News","Nicht kategorisiert"],"inLanguage":"de"},{"@type":"WebPage","@id":"https:\/\/gabitel.net\/de\/gabitel-wird-mitglied-im-branchenverband-breko\/","url":"https:\/\/gabitel.net\/de\/gabitel-wird-mitglied-im-branchenverband-breko\/","name":"Gabitel wird Mitglied im Branchenverband BREKO - Gabitel","isPartOf":{"@id":"https:\/\/gabitel.net\/de\/#website"},"primaryImageOfPage":{"@id":"https:\/\/gabitel.net\/de\/gabitel-wird-mitglied-im-branchenverband-breko\/#primaryimage"},"image":{"@id":"https:\/\/gabitel.net\/de\/gabitel-wird-mitglied-im-branchenverband-breko\/#primaryimage"},"thumbnailUrl":"https:\/\/gabitel.net\/wp-content\/uploads\/2026\/01\/Breko.jpg","datePublished":"2026-01-28T07:43:39+00:00","dateModified":"2026-01-28T10:24:50+00:00","breadcrumb":{"@id":"https:\/\/gabitel.net\/de\/gabitel-wird-mitglied-im-branchenverband-breko\/#breadcrumb"},"inLanguage":"de","potentialAction":[{"@type":"ReadAction","target":["https:\/\/gabitel.net\/de\/gabitel-wird-mitglied-im-branchenverband-breko\/"]}]},{"@type":"ImageObject","inLanguage":"de","@id":"https:\/\/gabitel.net\/de\/gabitel-wird-mitglied-im-branchenverband-breko\/#primaryimage","url":"https:\/\/gabitel.net\/wp-content\/uploads\/2026\/01\/Breko.jpg","contentUrl":"https:\/\/gabitel.net\/wp-content\/uploads\/2026\/01\/Breko.jpg","width":1269,"height":555},{"@type":"BreadcrumbList","@id":"https:\/\/gabitel.net\/de\/gabitel-wird-mitglied-im-branchenverband-breko\/#breadcrumb","itemListElement":[{"@type":"ListItem","position":1,"name":"Portada","item":"https:\/\/gabitel.net\/de\/"},{"@type":"ListItem","position":2,"name":"Gabitel wird Mitglied im Branchenverband BREKO"}]},{"@type":"WebSite","@id":"https:\/\/gabitel.net\/de\/#website","url":"https:\/\/gabitel.net\/de\/","name":"Gabitel","description":"","publisher":{"@id":"https:\/\/gabitel.net\/de\/#organization"},"potentialAction":[{"@type":"SearchAction","target":{"@type":"EntryPoint","urlTemplate":"https:\/\/gabitel.net\/de\/?s={search_term_string}"},"query-input":{"@type":"PropertyValueSpecification","valueRequired":true,"valueName":"search_term_string"}}],"inLanguage":"de"},{"@type":"Organization","@id":"https:\/\/gabitel.net\/de\/#organization","name":"Gabitel","url":"https:\/\/gabitel.net\/de\/","logo":{"@type":"ImageObject","inLanguage":"de","@id":"https:\/\/gabitel.net\/de\/#\/schema\/logo\/image\/","url":"https:\/\/gabitel.net\/wp-content\/uploads\/2025\/05\/logo_gabitel.jpg","contentUrl":"https:\/\/gabitel.net\/wp-content\/uploads\/2025\/05\/logo_gabitel.jpg","width":2560,"height":1330,"caption":"Gabitel"},"image":{"@id":"https:\/\/gabitel.net\/de\/#\/schema\/logo\/image\/"},"sameAs":["https:\/\/www.facebook.com\/gabitelingenieros\/","https:\/\/es.linkedin.com\/company\/gabitel-ingenieros"]},{"@type":"Person","@id":"https:\/\/gabitel.net\/de\/#\/schema\/person\/3f24dbfd54ab9f8ab1831217d5d17091","name":"Marta Alc\u00e1ntara","url":"https:\/\/gabitel.net\/de\/author\/marta-alcantara\/"}]}},"_links":{"self":[{"href":"https:\/\/gabitel.net\/de\/wp-json\/wp\/v2\/posts\/36319","targetHints":{"allow":["GET"]}}],"collection":[{"href":"https:\/\/gabitel.net\/de\/wp-json\/wp\/v2\/posts"}],"about":[{"href":"https:\/\/gabitel.net\/de\/wp-json\/wp\/v2\/types\/post"}],"author":[{"embeddable":true,"href":"https:\/\/gabitel.net\/de\/wp-json\/wp\/v2\/users\/7"}],"replies":[{"embeddable":true,"href":"https:\/\/gabitel.net\/de\/wp-json\/wp\/v2\/comments?post=36319"}],"version-history":[{"count":5,"href":"https:\/\/gabitel.net\/de\/wp-json\/wp\/v2\/posts\/36319\/revisions"}],"predecessor-version":[{"id":36326,"href":"https:\/\/gabitel.net\/de\/wp-json\/wp\/v2\/posts\/36319\/revisions\/36326"}],"wp:featuredmedia":[{"embeddable":true,"href":"https:\/\/gabitel.net\/de\/wp-json\/wp\/v2\/media\/36318"}],"wp:attachment":[{"href":"https:\/\/gabitel.net\/de\/wp-json\/wp\/v2\/media?parent=36319"}],"wp:term":[{"taxonomy":"category","embeddable":true,"href":"https:\/\/gabitel.net\/de\/wp-json\/wp\/v2\/categories?post=36319"},{"taxonomy":"post_tag","embeddable":true,"href":"https:\/\/gabitel.net\/de\/wp-json\/wp\/v2\/tags?post=36319"}],"curies":[{"name":"wp","href":"https:\/\/api.w.org\/{rel}","templated":true}]}}