{"id":31549,"date":"2025-05-19T13:55:12","date_gmt":"2025-05-19T11:55:12","guid":{"rendered":"https:\/\/gabitel.net\/foe-assembly-highlights-entrepreneurship-as-a-driver-of-economic-and-social-development\/"},"modified":"2025-05-19T13:55:12","modified_gmt":"2025-05-19T11:55:12","slug":"foe-assembly-highlights-entrepreneurship-as-a-driver-of-economic-and-social-development","status":"publish","type":"post","link":"https:\/\/gabitel.net\/en\/foe-assembly-highlights-entrepreneurship-as-a-driver-of-economic-and-social-development\/","title":{"rendered":"The FOE Assembly highlights the role of entrepreneurs as a driving force for economic and social development"},"content":{"rendered":"<p>Last Friday, we attended the <strong>General Assembly of the Huelva Federation of Entrepreneurs (FOE)<\/strong>, where the province\u2019s main economic stakeholders agreed on the importance of business associations as an essential tool for dialogue and cohesion within the productive sector, as well as on the crucial role of entrepreneurs as a driving force for economic and social development.<!--more--><\/p>\n<p>During the session, the 2024 Activity Report was approved, and the traditional President\u2019s Report was presented by Jos\u00e9 Luis Garc\u00eda-Palacios \u00c1lvarez, who expressed his gratitude for the continued commitment of member companies, stating that \u201cwithout them, the very existence of the FOE would have no meaning.\u201d He also delved into the role of entrepreneurs, who face challenges such as legal uncertainty and tax pressure, and emphasized the value of businesses and the people behind them. <\/p>\n<p>He also highlighted the work carried out by the FOE as a space for unity and dialogue, and called for urgent investments in key infrastructure such as the high-speed rail connection between Seville, Huelva, and Faro, the creation of an airport for the province, and essential water and electricity projects to ensure economic growth and attract new industrial initiatives.<\/p>\n<p>In his address, he also highlighted Huelva\u2019s role as a hub for the European energy transition, driven by green hydrogen and initiatives such as the National Green Hydrogen Congress, emphasizing that \u201cthe planned investments will represent a new industrial revolution for our province.\u201d<\/p>\n<p>During the Assembly, the FOE Gold Badges were awarded to individuals who have made outstanding contributions to the business and economic development of the province. F\u00e1tima B\u00e1\u00f1ez, president of the CEOE Foundation, was recognized for her work in dignifying the image of entrepreneurs and advocating for an inclusive and competitive economic model; Carlos Ortiz, for a professional career committed to driving the region\u2019s economy; and Juan Antonio Garc\u00eda Villadeamigo, for his tireless defense of local commerce and his dedication to business associations, making him a key figure in Huelva\u2019s entrepreneurial community. <\/p>\n<p>One of the most emotional moments of the event was the tribute paid by the FOE\u2019s governing bodies\u2014represented by its vice president, Antonio Gemio\u2014to president Jos\u00e9 Luis Garc\u00eda-Palacios \u00c1lvarez on the occasion of his tenth anniversary at the helm of the organization. The Assembly concluded with a speech by the president of the Confederation of Employers of Andalusia (CEA), Javier Gonz\u00e1lez de Lara, who emphasized the essential role of the FOE in the economic cohesion of the province and expressed his support for Garc\u00eda-Palacios\u2019 leadership as he marks a decade leading the organization. <\/p>\n<p>In this context of collaboration among members to establish synergies, it is worth highlighting the recent agreement signed between Gabitel and the Huelva Federation of Entrepreneurs (FOE). Thanks to this partnership, member companies can access specialized technical services under preferential conditions to enhance their competitiveness\u2014ranging from energy projects to digital solutions\u2014with advantageous terms and personalized support.<\/p>\n<p>Photo: FOE<\/p>\n","protected":false},"excerpt":{"rendered":"<p>Last Friday, we attended the General Assembly of the Huelva Federation of Entrepreneurs (FOE), where the province\u2019s main economic stakeholders agreed on the importance of business associations as an essential tool for dialogue and cohesion within the productive sector, as well as on the crucial role of entrepreneurs as a driving force for economic and [&hellip;]<\/p>\n","protected":false},"author":3,"featured_media":29773,"comment_status":"closed","ping_status":"closed","sticky":false,"template":"","format":"standard","meta":{"content-type":"","footnotes":""},"categories":[324,323,325],"tags":[391,393,392,379,289,395,394],"class_list":["post-31549","post","type-post","status-publish","format-standard","has-post-thumbnail","hentry","category-blog-en","category-news","category-newsletter","tag-assembly","tag-business-community","tag-economy","tag-foe-en","tag-gabitel-en-2","tag-partners-en","tag-social"],"yoast_head":"<!-- This site is optimized with the Yoast SEO plugin v27.4 - https:\/\/yoast.com\/product\/yoast-seo-wordpress\/ -->\n<title>The FOE Assembly highlights the role of entrepreneurs as a driving force for economic and social development - Gabitel<\/title>\n<meta name=\"description\" content=\"The province\u2019s main economic stakeholders agreed on the importance of business associations as an essential tool for dialogue and cohesion within the productive fabric, and on the decisive contribution of the business community as a driving force for economic and social development.\" \/>\n<meta name=\"robots\" content=\"index, follow, max-snippet:-1, max-image-preview:large, max-video-preview:-1\" \/>\n<link rel=\"canonical\" href=\"https:\/\/gabitel.net\/en\/foe-assembly-highlights-entrepreneurship-as-a-driver-of-economic-and-social-development\/\" \/>\n<meta property=\"og:locale\" content=\"en_US\" \/>\n<meta property=\"og:type\" content=\"article\" \/>\n<meta property=\"og:title\" content=\"The FOE Assembly highlights the role of entrepreneurs as a driving force for economic and social development - Gabitel\" \/>\n<meta property=\"og:description\" content=\"The province\u2019s main economic stakeholders agreed on the importance of business associations as an essential tool for dialogue and cohesion within the productive fabric, and on the decisive contribution of the business community as a driving force for economic and social development.\" \/>\n<meta property=\"og:url\" content=\"https:\/\/gabitel.net\/en\/foe-assembly-highlights-entrepreneurship-as-a-driver-of-economic-and-social-development\/\" \/>\n<meta property=\"og:site_name\" content=\"Gabitel\" \/>\n<meta property=\"article:publisher\" content=\"https:\/\/www.facebook.com\/gabitelingenieros\/\" \/>\n<meta property=\"article:published_time\" content=\"2025-05-19T11:55:12+00:00\" \/>\n<meta property=\"og:image\" content=\"https:\/\/gabitel.net\/wp-content\/uploads\/2025\/05\/Captura-de-pantalla-2025-05-19-a-las-10.22.11.png\" \/>\n\t<meta property=\"og:image:width\" content=\"937\" \/>\n\t<meta property=\"og:image:height\" content=\"589\" \/>\n\t<meta property=\"og:image:type\" content=\"image\/png\" \/>\n<meta name=\"author\" content=\"user.autor\" \/>\n<meta name=\"twitter:card\" content=\"summary_large_image\" \/>\n<meta name=\"twitter:label1\" content=\"Written by\" \/>\n\t<meta name=\"twitter:data1\" content=\"user.autor\" \/>\n\t<meta name=\"twitter:label2\" content=\"Est. reading time\" \/>\n\t<meta name=\"twitter:data2\" content=\"2 minutes\" \/>\n<script type=\"application\/ld+json\" class=\"yoast-schema-graph\">{\"@context\":\"https:\\\/\\\/schema.org\",\"@graph\":[{\"@type\":[\"Article\",\"BlogPosting\"],\"@id\":\"https:\\\/\\\/gabitel.net\\\/en\\\/foe-assembly-highlights-entrepreneurship-as-a-driver-of-economic-and-social-development\\\/#article\",\"isPartOf\":{\"@id\":\"https:\\\/\\\/gabitel.net\\\/en\\\/foe-assembly-highlights-entrepreneurship-as-a-driver-of-economic-and-social-development\\\/\"},\"author\":{\"name\":\"user.autor\",\"@id\":\"https:\\\/\\\/gabitel.net\\\/en\\\/#\\\/schema\\\/person\\\/37ba53714c3fedb9c7d22f4bc781465c\"},\"headline\":\"The FOE Assembly highlights the role of entrepreneurs as a driving force for economic and social development\",\"datePublished\":\"2025-05-19T11:55:12+00:00\",\"mainEntityOfPage\":{\"@id\":\"https:\\\/\\\/gabitel.net\\\/en\\\/foe-assembly-highlights-entrepreneurship-as-a-driver-of-economic-and-social-development\\\/\"},\"wordCount\":509,\"publisher\":{\"@id\":\"https:\\\/\\\/gabitel.net\\\/en\\\/#organization\"},\"image\":{\"@id\":\"https:\\\/\\\/gabitel.net\\\/en\\\/foe-assembly-highlights-entrepreneurship-as-a-driver-of-economic-and-social-development\\\/#primaryimage\"},\"thumbnailUrl\":\"https:\\\/\\\/gabitel.net\\\/wp-content\\\/uploads\\\/2025\\\/05\\\/Captura-de-pantalla-2025-05-19-a-las-10.22.11.png\",\"keywords\":[\"Assembly\",\"Business community\",\"economy\",\"FOE\",\"Gabitel\",\"partners\",\"social\"],\"articleSection\":[\"Blog\",\"News\",\"Newsletter\"],\"inLanguage\":\"en-US\"},{\"@type\":\"WebPage\",\"@id\":\"https:\\\/\\\/gabitel.net\\\/en\\\/foe-assembly-highlights-entrepreneurship-as-a-driver-of-economic-and-social-development\\\/\",\"url\":\"https:\\\/\\\/gabitel.net\\\/en\\\/foe-assembly-highlights-entrepreneurship-as-a-driver-of-economic-and-social-development\\\/\",\"name\":\"The FOE Assembly highlights the role of entrepreneurs as a driving force for economic and social development - Gabitel\",\"isPartOf\":{\"@id\":\"https:\\\/\\\/gabitel.net\\\/en\\\/#website\"},\"primaryImageOfPage\":{\"@id\":\"https:\\\/\\\/gabitel.net\\\/en\\\/foe-assembly-highlights-entrepreneurship-as-a-driver-of-economic-and-social-development\\\/#primaryimage\"},\"image\":{\"@id\":\"https:\\\/\\\/gabitel.net\\\/en\\\/foe-assembly-highlights-entrepreneurship-as-a-driver-of-economic-and-social-development\\\/#primaryimage\"},\"thumbnailUrl\":\"https:\\\/\\\/gabitel.net\\\/wp-content\\\/uploads\\\/2025\\\/05\\\/Captura-de-pantalla-2025-05-19-a-las-10.22.11.png\",\"datePublished\":\"2025-05-19T11:55:12+00:00\",\"description\":\"The province\u2019s main economic stakeholders agreed on the importance of business associations as an essential tool for dialogue and cohesion within the productive fabric, and on the decisive contribution of the business community as a driving force for economic and social development.\",\"breadcrumb\":{\"@id\":\"https:\\\/\\\/gabitel.net\\\/en\\\/foe-assembly-highlights-entrepreneurship-as-a-driver-of-economic-and-social-development\\\/#breadcrumb\"},\"inLanguage\":\"en-US\",\"potentialAction\":[{\"@type\":\"ReadAction\",\"target\":[\"https:\\\/\\\/gabitel.net\\\/en\\\/foe-assembly-highlights-entrepreneurship-as-a-driver-of-economic-and-social-development\\\/\"]}]},{\"@type\":\"ImageObject\",\"inLanguage\":\"en-US\",\"@id\":\"https:\\\/\\\/gabitel.net\\\/en\\\/foe-assembly-highlights-entrepreneurship-as-a-driver-of-economic-and-social-development\\\/#primaryimage\",\"url\":\"https:\\\/\\\/gabitel.net\\\/wp-content\\\/uploads\\\/2025\\\/05\\\/Captura-de-pantalla-2025-05-19-a-las-10.22.11.png\",\"contentUrl\":\"https:\\\/\\\/gabitel.net\\\/wp-content\\\/uploads\\\/2025\\\/05\\\/Captura-de-pantalla-2025-05-19-a-las-10.22.11.png\",\"width\":937,\"height\":589,\"caption\":\"La Asamblea de la FOE pone en valor el empresariado como motor de desarrollo econ\u00f3mico y social\"},{\"@type\":\"BreadcrumbList\",\"@id\":\"https:\\\/\\\/gabitel.net\\\/en\\\/foe-assembly-highlights-entrepreneurship-as-a-driver-of-economic-and-social-development\\\/#breadcrumb\",\"itemListElement\":[{\"@type\":\"ListItem\",\"position\":1,\"name\":\"Portada\",\"item\":\"https:\\\/\\\/gabitel.net\\\/en\\\/\"},{\"@type\":\"ListItem\",\"position\":2,\"name\":\"The FOE Assembly highlights the role of entrepreneurs as a driving force for economic and social development\"}]},{\"@type\":\"WebSite\",\"@id\":\"https:\\\/\\\/gabitel.net\\\/en\\\/#website\",\"url\":\"https:\\\/\\\/gabitel.net\\\/en\\\/\",\"name\":\"Gabitel\",\"description\":\"\",\"publisher\":{\"@id\":\"https:\\\/\\\/gabitel.net\\\/en\\\/#organization\"},\"potentialAction\":[{\"@type\":\"SearchAction\",\"target\":{\"@type\":\"EntryPoint\",\"urlTemplate\":\"https:\\\/\\\/gabitel.net\\\/en\\\/?s={search_term_string}\"},\"query-input\":{\"@type\":\"PropertyValueSpecification\",\"valueRequired\":true,\"valueName\":\"search_term_string\"}}],\"inLanguage\":\"en-US\"},{\"@type\":\"Organization\",\"@id\":\"https:\\\/\\\/gabitel.net\\\/en\\\/#organization\",\"name\":\"Gabitel\",\"url\":\"https:\\\/\\\/gabitel.net\\\/en\\\/\",\"logo\":{\"@type\":\"ImageObject\",\"inLanguage\":\"en-US\",\"@id\":\"https:\\\/\\\/gabitel.net\\\/en\\\/#\\\/schema\\\/logo\\\/image\\\/\",\"url\":\"https:\\\/\\\/gabitel.net\\\/wp-content\\\/uploads\\\/2025\\\/05\\\/logo_gabitel.jpg\",\"contentUrl\":\"https:\\\/\\\/gabitel.net\\\/wp-content\\\/uploads\\\/2025\\\/05\\\/logo_gabitel.jpg\",\"width\":2560,\"height\":1330,\"caption\":\"Gabitel\"},\"image\":{\"@id\":\"https:\\\/\\\/gabitel.net\\\/en\\\/#\\\/schema\\\/logo\\\/image\\\/\"},\"sameAs\":[\"https:\\\/\\\/www.facebook.com\\\/gabitelingenieros\\\/\",\"https:\\\/\\\/es.linkedin.com\\\/company\\\/gabitel-ingenieros\"]},{\"@type\":\"Person\",\"@id\":\"https:\\\/\\\/gabitel.net\\\/en\\\/#\\\/schema\\\/person\\\/37ba53714c3fedb9c7d22f4bc781465c\",\"name\":\"user.autor\",\"url\":\"https:\\\/\\\/gabitel.net\\\/en\\\/author\\\/user-autor\\\/\"}]}<\/script>\n<!-- \/ Yoast SEO plugin. -->","yoast_head_json":{"title":"The FOE Assembly highlights the role of entrepreneurs as a driving force for economic and social development - Gabitel","description":"The province\u2019s main economic stakeholders agreed on the importance of business associations as an essential tool for dialogue and cohesion within the productive fabric, and on the decisive contribution of the business community as a driving force for economic and social development.","robots":{"index":"index","follow":"follow","max-snippet":"max-snippet:-1","max-image-preview":"max-image-preview:large","max-video-preview":"max-video-preview:-1"},"canonical":"https:\/\/gabitel.net\/en\/foe-assembly-highlights-entrepreneurship-as-a-driver-of-economic-and-social-development\/","og_locale":"en_US","og_type":"article","og_title":"The FOE Assembly highlights the role of entrepreneurs as a driving force for economic and social development - Gabitel","og_description":"The province\u2019s main economic stakeholders agreed on the importance of business associations as an essential tool for dialogue and cohesion within the productive fabric, and on the decisive contribution of the business community as a driving force for economic and social development.","og_url":"https:\/\/gabitel.net\/en\/foe-assembly-highlights-entrepreneurship-as-a-driver-of-economic-and-social-development\/","og_site_name":"Gabitel","article_publisher":"https:\/\/www.facebook.com\/gabitelingenieros\/","article_published_time":"2025-05-19T11:55:12+00:00","og_image":[{"width":937,"height":589,"url":"https:\/\/gabitel.net\/wp-content\/uploads\/2025\/05\/Captura-de-pantalla-2025-05-19-a-las-10.22.11.png","type":"image\/png"}],"author":"user.autor","twitter_card":"summary_large_image","twitter_misc":{"Written by":"user.autor","Est. reading time":"2 minutes"},"schema":{"@context":"https:\/\/schema.org","@graph":[{"@type":["Article","BlogPosting"],"@id":"https:\/\/gabitel.net\/en\/foe-assembly-highlights-entrepreneurship-as-a-driver-of-economic-and-social-development\/#article","isPartOf":{"@id":"https:\/\/gabitel.net\/en\/foe-assembly-highlights-entrepreneurship-as-a-driver-of-economic-and-social-development\/"},"author":{"name":"user.autor","@id":"https:\/\/gabitel.net\/en\/#\/schema\/person\/37ba53714c3fedb9c7d22f4bc781465c"},"headline":"The FOE Assembly highlights the role of entrepreneurs as a driving force for economic and social development","datePublished":"2025-05-19T11:55:12+00:00","mainEntityOfPage":{"@id":"https:\/\/gabitel.net\/en\/foe-assembly-highlights-entrepreneurship-as-a-driver-of-economic-and-social-development\/"},"wordCount":509,"publisher":{"@id":"https:\/\/gabitel.net\/en\/#organization"},"image":{"@id":"https:\/\/gabitel.net\/en\/foe-assembly-highlights-entrepreneurship-as-a-driver-of-economic-and-social-development\/#primaryimage"},"thumbnailUrl":"https:\/\/gabitel.net\/wp-content\/uploads\/2025\/05\/Captura-de-pantalla-2025-05-19-a-las-10.22.11.png","keywords":["Assembly","Business community","economy","FOE","Gabitel","partners","social"],"articleSection":["Blog","News","Newsletter"],"inLanguage":"en-US"},{"@type":"WebPage","@id":"https:\/\/gabitel.net\/en\/foe-assembly-highlights-entrepreneurship-as-a-driver-of-economic-and-social-development\/","url":"https:\/\/gabitel.net\/en\/foe-assembly-highlights-entrepreneurship-as-a-driver-of-economic-and-social-development\/","name":"The FOE Assembly highlights the role of entrepreneurs as a driving force for economic and social development - Gabitel","isPartOf":{"@id":"https:\/\/gabitel.net\/en\/#website"},"primaryImageOfPage":{"@id":"https:\/\/gabitel.net\/en\/foe-assembly-highlights-entrepreneurship-as-a-driver-of-economic-and-social-development\/#primaryimage"},"image":{"@id":"https:\/\/gabitel.net\/en\/foe-assembly-highlights-entrepreneurship-as-a-driver-of-economic-and-social-development\/#primaryimage"},"thumbnailUrl":"https:\/\/gabitel.net\/wp-content\/uploads\/2025\/05\/Captura-de-pantalla-2025-05-19-a-las-10.22.11.png","datePublished":"2025-05-19T11:55:12+00:00","description":"The province\u2019s main economic stakeholders agreed on the importance of business associations as an essential tool for dialogue and cohesion within the productive fabric, and on the decisive contribution of the business community as a driving force for economic and social development.","breadcrumb":{"@id":"https:\/\/gabitel.net\/en\/foe-assembly-highlights-entrepreneurship-as-a-driver-of-economic-and-social-development\/#breadcrumb"},"inLanguage":"en-US","potentialAction":[{"@type":"ReadAction","target":["https:\/\/gabitel.net\/en\/foe-assembly-highlights-entrepreneurship-as-a-driver-of-economic-and-social-development\/"]}]},{"@type":"ImageObject","inLanguage":"en-US","@id":"https:\/\/gabitel.net\/en\/foe-assembly-highlights-entrepreneurship-as-a-driver-of-economic-and-social-development\/#primaryimage","url":"https:\/\/gabitel.net\/wp-content\/uploads\/2025\/05\/Captura-de-pantalla-2025-05-19-a-las-10.22.11.png","contentUrl":"https:\/\/gabitel.net\/wp-content\/uploads\/2025\/05\/Captura-de-pantalla-2025-05-19-a-las-10.22.11.png","width":937,"height":589,"caption":"La Asamblea de la FOE pone en valor el empresariado como motor de desarrollo econ\u00f3mico y social"},{"@type":"BreadcrumbList","@id":"https:\/\/gabitel.net\/en\/foe-assembly-highlights-entrepreneurship-as-a-driver-of-economic-and-social-development\/#breadcrumb","itemListElement":[{"@type":"ListItem","position":1,"name":"Portada","item":"https:\/\/gabitel.net\/en\/"},{"@type":"ListItem","position":2,"name":"The FOE Assembly highlights the role of entrepreneurs as a driving force for economic and social development"}]},{"@type":"WebSite","@id":"https:\/\/gabitel.net\/en\/#website","url":"https:\/\/gabitel.net\/en\/","name":"Gabitel","description":"","publisher":{"@id":"https:\/\/gabitel.net\/en\/#organization"},"potentialAction":[{"@type":"SearchAction","target":{"@type":"EntryPoint","urlTemplate":"https:\/\/gabitel.net\/en\/?s={search_term_string}"},"query-input":{"@type":"PropertyValueSpecification","valueRequired":true,"valueName":"search_term_string"}}],"inLanguage":"en-US"},{"@type":"Organization","@id":"https:\/\/gabitel.net\/en\/#organization","name":"Gabitel","url":"https:\/\/gabitel.net\/en\/","logo":{"@type":"ImageObject","inLanguage":"en-US","@id":"https:\/\/gabitel.net\/en\/#\/schema\/logo\/image\/","url":"https:\/\/gabitel.net\/wp-content\/uploads\/2025\/05\/logo_gabitel.jpg","contentUrl":"https:\/\/gabitel.net\/wp-content\/uploads\/2025\/05\/logo_gabitel.jpg","width":2560,"height":1330,"caption":"Gabitel"},"image":{"@id":"https:\/\/gabitel.net\/en\/#\/schema\/logo\/image\/"},"sameAs":["https:\/\/www.facebook.com\/gabitelingenieros\/","https:\/\/es.linkedin.com\/company\/gabitel-ingenieros"]},{"@type":"Person","@id":"https:\/\/gabitel.net\/en\/#\/schema\/person\/37ba53714c3fedb9c7d22f4bc781465c","name":"user.autor","url":"https:\/\/gabitel.net\/en\/author\/user-autor\/"}]}},"_links":{"self":[{"href":"https:\/\/gabitel.net\/en\/wp-json\/wp\/v2\/posts\/31549","targetHints":{"allow":["GET"]}}],"collection":[{"href":"https:\/\/gabitel.net\/en\/wp-json\/wp\/v2\/posts"}],"about":[{"href":"https:\/\/gabitel.net\/en\/wp-json\/wp\/v2\/types\/post"}],"author":[{"embeddable":true,"href":"https:\/\/gabitel.net\/en\/wp-json\/wp\/v2\/users\/3"}],"replies":[{"embeddable":true,"href":"https:\/\/gabitel.net\/en\/wp-json\/wp\/v2\/comments?post=31549"}],"version-history":[{"count":0,"href":"https:\/\/gabitel.net\/en\/wp-json\/wp\/v2\/posts\/31549\/revisions"}],"wp:featuredmedia":[{"embeddable":true,"href":"https:\/\/gabitel.net\/en\/wp-json\/wp\/v2\/media\/29773"}],"wp:attachment":[{"href":"https:\/\/gabitel.net\/en\/wp-json\/wp\/v2\/media?parent=31549"}],"wp:term":[{"taxonomy":"category","embeddable":true,"href":"https:\/\/gabitel.net\/en\/wp-json\/wp\/v2\/categories?post=31549"},{"taxonomy":"post_tag","embeddable":true,"href":"https:\/\/gabitel.net\/en\/wp-json\/wp\/v2\/tags?post=31549"}],"curies":[{"name":"wp","href":"https:\/\/api.w.org\/{rel}","templated":true}]}}