{"id":32126,"date":"2025-06-25T11:42:03","date_gmt":"2025-06-25T09:42:03","guid":{"rendered":"https:\/\/gabitel.net\/la-industria-de-huelva-sera-protagonista-en-la-feria-nise-sevilla-2025\/"},"modified":"2025-07-02T11:08:24","modified_gmt":"2025-07-02T09:08:24","slug":"la-industria-de-huelva-sera-protagonista-en-la-feria-nise-sevilla-2025","status":"publish","type":"post","link":"https:\/\/gabitel.net\/en\/la-industria-de-huelva-sera-protagonista-en-la-feria-nise-sevilla-2025\/","title":{"rendered":"Huelva\u2019s industry will be a key player at the NISE Sevilla 2025 fair"},"content":{"rendered":"<p>The province of Huelva will play a leading role in the International New Industry of Southern Europe Fair (NISE Sevilla 2025), promoted by the Ministry of Industry, Energy and Mines of the Andalusian Government and the Andalusian Employers&#8217; Confederation (<strong>CEA<\/strong>). The event was presented yesterday in Huelva and will take place on December 2 and 3, 2025, at the Fibes Conference and Exhibition Center in Seville.<\/p>\n<p>Strategic sectors of Huelva\u2019s economic fabric, such as industry, energy, mining, and agri-food, will be present at a hybrid fair that aspires to become a benchmark for the industry of southern Europe.<\/p>\n<p><a href=\"https:\/\/gabitel.net\/wp-content\/uploads\/2025\/06\/1750670165207-1024x576.jpg\"><img fetchpriority=\"high\" decoding=\"async\" src=\"https:\/\/gabitel.net\/wp-content\/uploads\/2025\/06\/1750670165207-1024x576.jpg\" alt=\"Huelva\u2019s industry will be a key player at the NISE Sevilla 2025 fair\" width=\"1024\" height=\"576\" \/><\/a><\/p>\n<p>The congress will bring together leading companies, industrial SMEs, investors, sector entities, professionals, public institutions, and technology centers to foster strategic alliances and highlight Andalusian industrial excellence. It is focused on all productive sectors and will address the main challenges and opportunities to advance towards a more competitive, sustainable, and innovative industry.<\/p>\n<p>The presentation included speeches from Luc\u00eda N\u00fa\u00f1ez, Delegate of Economy, Finance and European Funds and of Industry, Energy and Mines of the Andalusian Government in Huelva; David Toscano, President of the Provincial Council; Daniel Caldentey, Secretary General of the FOE; and Carlos Jacinto, Managing Director of the Metal Employers Federation, who agreed on the excellent opportunity this congress represents for promoting Huelva\u2019s industry \u2014 the province with the highest industrial weight in Andalusia and one of its main investment attraction hubs.<\/p>\n<p>The benchmark fair for the <strong>new ecological and digital industry<\/strong> will offer a unique platform for interaction, innovation, and growth, featuring an exhibition area, a B2B business meeting zone, and a conference program on the latest sector developments in key industries such as aerospace, automotive, technology, and clean energy.<\/p>\n","protected":false},"excerpt":{"rendered":"<p>The province of Huelva will play a leading role in the International New Industry of Southern Europe Fair (NISE Sevilla 2025), promoted by the Ministry of Industry, Energy and Mines of the Andalusian Government and the Andalusian Employers&#8217; Confederation (CEA). The event was presented yesterday in Huelva and will take place on December 2 and [&hellip;]<\/p>\n","protected":false},"author":4,"featured_media":32173,"comment_status":"closed","ping_status":"closed","sticky":false,"template":"","format":"standard","meta":{"content-type":"","footnotes":""},"categories":[324,323,325],"tags":[326,289,328,670,387],"class_list":["post-32126","post","type-post","status-publish","format-standard","has-post-thumbnail","hentry","category-blog-en","category-news","category-newsletter","tag-energy","tag-gabitel-en-2","tag-industry","tag-nise-en","tag-sevilla-en"],"yoast_head":"<!-- This site is optimized with the Yoast SEO plugin v27.4 - https:\/\/yoast.com\/product\/yoast-seo-wordpress\/ -->\n<title>Gabitel industria NISE Sevilla<\/title>\n<meta name=\"description\" content=\"Huelva tendr\u00e1 un rol protagonista en la Feria Nueva Industria del Sur de Europa NISE Sevilla 2025, promovida por la Junta y\u00a0la CEA.\" \/>\n<meta name=\"robots\" content=\"index, follow, max-snippet:-1, max-image-preview:large, max-video-preview:-1\" \/>\n<link rel=\"canonical\" href=\"https:\/\/gabitel.net\/en\/la-industria-de-huelva-sera-protagonista-en-la-feria-nise-sevilla-2025\/\" \/>\n<meta property=\"og:locale\" content=\"en_US\" \/>\n<meta property=\"og:type\" content=\"article\" \/>\n<meta property=\"og:title\" content=\"Gabitel industria NISE Sevilla\" \/>\n<meta property=\"og:description\" content=\"Huelva tendr\u00e1 un rol protagonista en la Feria Nueva Industria del Sur de Europa NISE Sevilla 2025, promovida por la Junta y\u00a0la CEA.\" \/>\n<meta property=\"og:url\" content=\"https:\/\/gabitel.net\/en\/la-industria-de-huelva-sera-protagonista-en-la-feria-nise-sevilla-2025\/\" \/>\n<meta property=\"og:site_name\" content=\"Gabitel\" \/>\n<meta property=\"article:publisher\" content=\"https:\/\/www.facebook.com\/gabitelingenieros\/\" \/>\n<meta property=\"article:published_time\" content=\"2025-06-25T09:42:03+00:00\" \/>\n<meta property=\"article:modified_time\" content=\"2025-07-02T09:08:24+00:00\" \/>\n<meta property=\"og:image\" content=\"https:\/\/gabitel.net\/wp-content\/uploads\/2025\/06\/Gabitel_feria_NISE_2025.jpg\" \/>\n\t<meta property=\"og:image:width\" content=\"1600\" \/>\n\t<meta property=\"og:image:height\" content=\"896\" \/>\n\t<meta property=\"og:image:type\" content=\"image\/jpeg\" \/>\n<meta name=\"author\" content=\"RRSS\" \/>\n<meta name=\"twitter:card\" content=\"summary_large_image\" \/>\n<meta name=\"twitter:label1\" content=\"Written by\" \/>\n\t<meta name=\"twitter:data1\" content=\"RRSS\" \/>\n\t<meta name=\"twitter:label2\" content=\"Est. reading time\" \/>\n\t<meta name=\"twitter:data2\" content=\"2 minutes\" \/>\n<script type=\"application\/ld+json\" class=\"yoast-schema-graph\">{\"@context\":\"https:\\\/\\\/schema.org\",\"@graph\":[{\"@type\":[\"Article\",\"BlogPosting\"],\"@id\":\"https:\\\/\\\/gabitel.net\\\/en\\\/la-industria-de-huelva-sera-protagonista-en-la-feria-nise-sevilla-2025\\\/#article\",\"isPartOf\":{\"@id\":\"https:\\\/\\\/gabitel.net\\\/en\\\/la-industria-de-huelva-sera-protagonista-en-la-feria-nise-sevilla-2025\\\/\"},\"author\":{\"name\":\"RRSS\",\"@id\":\"https:\\\/\\\/gabitel.net\\\/en\\\/#\\\/schema\\\/person\\\/ce019f62678e1de8617e97873813dc44\"},\"headline\":\"Huelva\u2019s industry will be a key player at the NISE Sevilla 2025 fair\",\"datePublished\":\"2025-06-25T09:42:03+00:00\",\"dateModified\":\"2025-07-02T09:08:24+00:00\",\"mainEntityOfPage\":{\"@id\":\"https:\\\/\\\/gabitel.net\\\/en\\\/la-industria-de-huelva-sera-protagonista-en-la-feria-nise-sevilla-2025\\\/\"},\"wordCount\":293,\"publisher\":{\"@id\":\"https:\\\/\\\/gabitel.net\\\/en\\\/#organization\"},\"image\":{\"@id\":\"https:\\\/\\\/gabitel.net\\\/en\\\/la-industria-de-huelva-sera-protagonista-en-la-feria-nise-sevilla-2025\\\/#primaryimage\"},\"thumbnailUrl\":\"https:\\\/\\\/gabitel.net\\\/wp-content\\\/uploads\\\/2025\\\/06\\\/Gabitel_feria_NISE_2025.jpg\",\"keywords\":[\"energy\",\"Gabitel\",\"Industry\",\"NISE\",\"Sevilla\"],\"articleSection\":[\"Blog\",\"News\",\"Newsletter\"],\"inLanguage\":\"en-US\"},{\"@type\":\"WebPage\",\"@id\":\"https:\\\/\\\/gabitel.net\\\/en\\\/la-industria-de-huelva-sera-protagonista-en-la-feria-nise-sevilla-2025\\\/\",\"url\":\"https:\\\/\\\/gabitel.net\\\/en\\\/la-industria-de-huelva-sera-protagonista-en-la-feria-nise-sevilla-2025\\\/\",\"name\":\"Gabitel industria NISE Sevilla\",\"isPartOf\":{\"@id\":\"https:\\\/\\\/gabitel.net\\\/en\\\/#website\"},\"primaryImageOfPage\":{\"@id\":\"https:\\\/\\\/gabitel.net\\\/en\\\/la-industria-de-huelva-sera-protagonista-en-la-feria-nise-sevilla-2025\\\/#primaryimage\"},\"image\":{\"@id\":\"https:\\\/\\\/gabitel.net\\\/en\\\/la-industria-de-huelva-sera-protagonista-en-la-feria-nise-sevilla-2025\\\/#primaryimage\"},\"thumbnailUrl\":\"https:\\\/\\\/gabitel.net\\\/wp-content\\\/uploads\\\/2025\\\/06\\\/Gabitel_feria_NISE_2025.jpg\",\"datePublished\":\"2025-06-25T09:42:03+00:00\",\"dateModified\":\"2025-07-02T09:08:24+00:00\",\"description\":\"Huelva tendr\u00e1 un rol protagonista en la Feria Nueva Industria del Sur de Europa NISE Sevilla 2025, promovida por la Junta y\u00a0la CEA.\",\"breadcrumb\":{\"@id\":\"https:\\\/\\\/gabitel.net\\\/en\\\/la-industria-de-huelva-sera-protagonista-en-la-feria-nise-sevilla-2025\\\/#breadcrumb\"},\"inLanguage\":\"en-US\",\"potentialAction\":[{\"@type\":\"ReadAction\",\"target\":[\"https:\\\/\\\/gabitel.net\\\/en\\\/la-industria-de-huelva-sera-protagonista-en-la-feria-nise-sevilla-2025\\\/\"]}]},{\"@type\":\"ImageObject\",\"inLanguage\":\"en-US\",\"@id\":\"https:\\\/\\\/gabitel.net\\\/en\\\/la-industria-de-huelva-sera-protagonista-en-la-feria-nise-sevilla-2025\\\/#primaryimage\",\"url\":\"https:\\\/\\\/gabitel.net\\\/wp-content\\\/uploads\\\/2025\\\/06\\\/Gabitel_feria_NISE_2025.jpg\",\"contentUrl\":\"https:\\\/\\\/gabitel.net\\\/wp-content\\\/uploads\\\/2025\\\/06\\\/Gabitel_feria_NISE_2025.jpg\",\"width\":1600,\"height\":896,\"caption\":\"Gabitel_feria_NISE_2025\"},{\"@type\":\"BreadcrumbList\",\"@id\":\"https:\\\/\\\/gabitel.net\\\/en\\\/la-industria-de-huelva-sera-protagonista-en-la-feria-nise-sevilla-2025\\\/#breadcrumb\",\"itemListElement\":[{\"@type\":\"ListItem\",\"position\":1,\"name\":\"Portada\",\"item\":\"https:\\\/\\\/gabitel.net\\\/en\\\/\"},{\"@type\":\"ListItem\",\"position\":2,\"name\":\"Huelva\u2019s industry will be a key player at the NISE Sevilla 2025 fair\"}]},{\"@type\":\"WebSite\",\"@id\":\"https:\\\/\\\/gabitel.net\\\/en\\\/#website\",\"url\":\"https:\\\/\\\/gabitel.net\\\/en\\\/\",\"name\":\"Gabitel\",\"description\":\"\",\"publisher\":{\"@id\":\"https:\\\/\\\/gabitel.net\\\/en\\\/#organization\"},\"potentialAction\":[{\"@type\":\"SearchAction\",\"target\":{\"@type\":\"EntryPoint\",\"urlTemplate\":\"https:\\\/\\\/gabitel.net\\\/en\\\/?s={search_term_string}\"},\"query-input\":{\"@type\":\"PropertyValueSpecification\",\"valueRequired\":true,\"valueName\":\"search_term_string\"}}],\"inLanguage\":\"en-US\"},{\"@type\":\"Organization\",\"@id\":\"https:\\\/\\\/gabitel.net\\\/en\\\/#organization\",\"name\":\"Gabitel\",\"url\":\"https:\\\/\\\/gabitel.net\\\/en\\\/\",\"logo\":{\"@type\":\"ImageObject\",\"inLanguage\":\"en-US\",\"@id\":\"https:\\\/\\\/gabitel.net\\\/en\\\/#\\\/schema\\\/logo\\\/image\\\/\",\"url\":\"https:\\\/\\\/gabitel.net\\\/wp-content\\\/uploads\\\/2025\\\/05\\\/logo_gabitel.jpg\",\"contentUrl\":\"https:\\\/\\\/gabitel.net\\\/wp-content\\\/uploads\\\/2025\\\/05\\\/logo_gabitel.jpg\",\"width\":2560,\"height\":1330,\"caption\":\"Gabitel\"},\"image\":{\"@id\":\"https:\\\/\\\/gabitel.net\\\/en\\\/#\\\/schema\\\/logo\\\/image\\\/\"},\"sameAs\":[\"https:\\\/\\\/www.facebook.com\\\/gabitelingenieros\\\/\",\"https:\\\/\\\/es.linkedin.com\\\/company\\\/gabitel-ingenieros\"]},{\"@type\":\"Person\",\"@id\":\"https:\\\/\\\/gabitel.net\\\/en\\\/#\\\/schema\\\/person\\\/ce019f62678e1de8617e97873813dc44\",\"name\":\"RRSS\",\"url\":\"https:\\\/\\\/gabitel.net\\\/en\\\/author\\\/rrss\\\/\"}]}<\/script>\n<!-- \/ Yoast SEO plugin. -->","yoast_head_json":{"title":"Gabitel industria NISE Sevilla","description":"Huelva tendr\u00e1 un rol protagonista en la Feria Nueva Industria del Sur de Europa NISE Sevilla 2025, promovida por la Junta y\u00a0la CEA.","robots":{"index":"index","follow":"follow","max-snippet":"max-snippet:-1","max-image-preview":"max-image-preview:large","max-video-preview":"max-video-preview:-1"},"canonical":"https:\/\/gabitel.net\/en\/la-industria-de-huelva-sera-protagonista-en-la-feria-nise-sevilla-2025\/","og_locale":"en_US","og_type":"article","og_title":"Gabitel industria NISE Sevilla","og_description":"Huelva tendr\u00e1 un rol protagonista en la Feria Nueva Industria del Sur de Europa NISE Sevilla 2025, promovida por la Junta y\u00a0la CEA.","og_url":"https:\/\/gabitel.net\/en\/la-industria-de-huelva-sera-protagonista-en-la-feria-nise-sevilla-2025\/","og_site_name":"Gabitel","article_publisher":"https:\/\/www.facebook.com\/gabitelingenieros\/","article_published_time":"2025-06-25T09:42:03+00:00","article_modified_time":"2025-07-02T09:08:24+00:00","og_image":[{"width":1600,"height":896,"url":"https:\/\/gabitel.net\/wp-content\/uploads\/2025\/06\/Gabitel_feria_NISE_2025.jpg","type":"image\/jpeg"}],"author":"RRSS","twitter_card":"summary_large_image","twitter_misc":{"Written by":"RRSS","Est. reading time":"2 minutes"},"schema":{"@context":"https:\/\/schema.org","@graph":[{"@type":["Article","BlogPosting"],"@id":"https:\/\/gabitel.net\/en\/la-industria-de-huelva-sera-protagonista-en-la-feria-nise-sevilla-2025\/#article","isPartOf":{"@id":"https:\/\/gabitel.net\/en\/la-industria-de-huelva-sera-protagonista-en-la-feria-nise-sevilla-2025\/"},"author":{"name":"RRSS","@id":"https:\/\/gabitel.net\/en\/#\/schema\/person\/ce019f62678e1de8617e97873813dc44"},"headline":"Huelva\u2019s industry will be a key player at the NISE Sevilla 2025 fair","datePublished":"2025-06-25T09:42:03+00:00","dateModified":"2025-07-02T09:08:24+00:00","mainEntityOfPage":{"@id":"https:\/\/gabitel.net\/en\/la-industria-de-huelva-sera-protagonista-en-la-feria-nise-sevilla-2025\/"},"wordCount":293,"publisher":{"@id":"https:\/\/gabitel.net\/en\/#organization"},"image":{"@id":"https:\/\/gabitel.net\/en\/la-industria-de-huelva-sera-protagonista-en-la-feria-nise-sevilla-2025\/#primaryimage"},"thumbnailUrl":"https:\/\/gabitel.net\/wp-content\/uploads\/2025\/06\/Gabitel_feria_NISE_2025.jpg","keywords":["energy","Gabitel","Industry","NISE","Sevilla"],"articleSection":["Blog","News","Newsletter"],"inLanguage":"en-US"},{"@type":"WebPage","@id":"https:\/\/gabitel.net\/en\/la-industria-de-huelva-sera-protagonista-en-la-feria-nise-sevilla-2025\/","url":"https:\/\/gabitel.net\/en\/la-industria-de-huelva-sera-protagonista-en-la-feria-nise-sevilla-2025\/","name":"Gabitel industria NISE Sevilla","isPartOf":{"@id":"https:\/\/gabitel.net\/en\/#website"},"primaryImageOfPage":{"@id":"https:\/\/gabitel.net\/en\/la-industria-de-huelva-sera-protagonista-en-la-feria-nise-sevilla-2025\/#primaryimage"},"image":{"@id":"https:\/\/gabitel.net\/en\/la-industria-de-huelva-sera-protagonista-en-la-feria-nise-sevilla-2025\/#primaryimage"},"thumbnailUrl":"https:\/\/gabitel.net\/wp-content\/uploads\/2025\/06\/Gabitel_feria_NISE_2025.jpg","datePublished":"2025-06-25T09:42:03+00:00","dateModified":"2025-07-02T09:08:24+00:00","description":"Huelva tendr\u00e1 un rol protagonista en la Feria Nueva Industria del Sur de Europa NISE Sevilla 2025, promovida por la Junta y\u00a0la CEA.","breadcrumb":{"@id":"https:\/\/gabitel.net\/en\/la-industria-de-huelva-sera-protagonista-en-la-feria-nise-sevilla-2025\/#breadcrumb"},"inLanguage":"en-US","potentialAction":[{"@type":"ReadAction","target":["https:\/\/gabitel.net\/en\/la-industria-de-huelva-sera-protagonista-en-la-feria-nise-sevilla-2025\/"]}]},{"@type":"ImageObject","inLanguage":"en-US","@id":"https:\/\/gabitel.net\/en\/la-industria-de-huelva-sera-protagonista-en-la-feria-nise-sevilla-2025\/#primaryimage","url":"https:\/\/gabitel.net\/wp-content\/uploads\/2025\/06\/Gabitel_feria_NISE_2025.jpg","contentUrl":"https:\/\/gabitel.net\/wp-content\/uploads\/2025\/06\/Gabitel_feria_NISE_2025.jpg","width":1600,"height":896,"caption":"Gabitel_feria_NISE_2025"},{"@type":"BreadcrumbList","@id":"https:\/\/gabitel.net\/en\/la-industria-de-huelva-sera-protagonista-en-la-feria-nise-sevilla-2025\/#breadcrumb","itemListElement":[{"@type":"ListItem","position":1,"name":"Portada","item":"https:\/\/gabitel.net\/en\/"},{"@type":"ListItem","position":2,"name":"Huelva\u2019s industry will be a key player at the NISE Sevilla 2025 fair"}]},{"@type":"WebSite","@id":"https:\/\/gabitel.net\/en\/#website","url":"https:\/\/gabitel.net\/en\/","name":"Gabitel","description":"","publisher":{"@id":"https:\/\/gabitel.net\/en\/#organization"},"potentialAction":[{"@type":"SearchAction","target":{"@type":"EntryPoint","urlTemplate":"https:\/\/gabitel.net\/en\/?s={search_term_string}"},"query-input":{"@type":"PropertyValueSpecification","valueRequired":true,"valueName":"search_term_string"}}],"inLanguage":"en-US"},{"@type":"Organization","@id":"https:\/\/gabitel.net\/en\/#organization","name":"Gabitel","url":"https:\/\/gabitel.net\/en\/","logo":{"@type":"ImageObject","inLanguage":"en-US","@id":"https:\/\/gabitel.net\/en\/#\/schema\/logo\/image\/","url":"https:\/\/gabitel.net\/wp-content\/uploads\/2025\/05\/logo_gabitel.jpg","contentUrl":"https:\/\/gabitel.net\/wp-content\/uploads\/2025\/05\/logo_gabitel.jpg","width":2560,"height":1330,"caption":"Gabitel"},"image":{"@id":"https:\/\/gabitel.net\/en\/#\/schema\/logo\/image\/"},"sameAs":["https:\/\/www.facebook.com\/gabitelingenieros\/","https:\/\/es.linkedin.com\/company\/gabitel-ingenieros"]},{"@type":"Person","@id":"https:\/\/gabitel.net\/en\/#\/schema\/person\/ce019f62678e1de8617e97873813dc44","name":"RRSS","url":"https:\/\/gabitel.net\/en\/author\/rrss\/"}]}},"_links":{"self":[{"href":"https:\/\/gabitel.net\/en\/wp-json\/wp\/v2\/posts\/32126","targetHints":{"allow":["GET"]}}],"collection":[{"href":"https:\/\/gabitel.net\/en\/wp-json\/wp\/v2\/posts"}],"about":[{"href":"https:\/\/gabitel.net\/en\/wp-json\/wp\/v2\/types\/post"}],"author":[{"embeddable":true,"href":"https:\/\/gabitel.net\/en\/wp-json\/wp\/v2\/users\/4"}],"replies":[{"embeddable":true,"href":"https:\/\/gabitel.net\/en\/wp-json\/wp\/v2\/comments?post=32126"}],"version-history":[{"count":3,"href":"https:\/\/gabitel.net\/en\/wp-json\/wp\/v2\/posts\/32126\/revisions"}],"predecessor-version":[{"id":32137,"href":"https:\/\/gabitel.net\/en\/wp-json\/wp\/v2\/posts\/32126\/revisions\/32137"}],"wp:featuredmedia":[{"embeddable":true,"href":"https:\/\/gabitel.net\/en\/wp-json\/wp\/v2\/media\/32173"}],"wp:attachment":[{"href":"https:\/\/gabitel.net\/en\/wp-json\/wp\/v2\/media?parent=32126"}],"wp:term":[{"taxonomy":"category","embeddable":true,"href":"https:\/\/gabitel.net\/en\/wp-json\/wp\/v2\/categories?post=32126"},{"taxonomy":"post_tag","embeddable":true,"href":"https:\/\/gabitel.net\/en\/wp-json\/wp\/v2\/tags?post=32126"}],"curies":[{"name":"wp","href":"https:\/\/api.w.org\/{rel}","templated":true}]}}