{"id":32130,"date":"2025-06-27T14:02:22","date_gmt":"2025-06-27T12:02:22","guid":{"rendered":"https:\/\/gabitel.net\/feliz-dia-internacional-de-las-pymes\/"},"modified":"2025-07-02T11:09:16","modified_gmt":"2025-07-02T09:09:16","slug":"feliz-dia-internacional-de-las-pymes","status":"publish","type":"post","link":"https:\/\/gabitel.net\/en\/feliz-dia-internacional-de-las-pymes\/","title":{"rendered":"Happy International SME Day!"},"content":{"rendered":"\t\t<div data-elementor-type=\"wp-post\" data-elementor-id=\"32130\" class=\"elementor elementor-32130 elementor-30000\" data-elementor-post-type=\"post\">\n\t\t\t\t<div class=\"elementor-element elementor-element-23245ded e-flex e-con-boxed e-con e-parent\" data-id=\"23245ded\" data-element_type=\"container\" data-e-type=\"container\">\n\t\t\t\t\t<div class=\"e-con-inner\">\n\t\t\t\t<div class=\"elementor-element elementor-element-2793a90e elementor-widget elementor-widget-text-editor\" data-id=\"2793a90e\" data-element_type=\"widget\" data-e-type=\"widget\" data-widget_type=\"text-editor.default\">\n\t\t\t\t<div class=\"elementor-widget-container\">\n\t\t\t\t\t\t\t\t\t<p>Today, June 27, we celebrate International SME Day, recognizing the vital role that small and medium-sized enterprises play in Spain\u2019s socio-economic and sustainable development. They represent more than 99% of the business fabric, generate over 66% of total employment (seven out of every ten jobs), and contribute 65% of the national GDP.<\/p>\n\n<p>A driving force of economic dynamism, a source of employment, innovation, and local development, SMEs invite us to reflect on the importance of all those small and medium businesses that strive every day with a sense of responsibility towards the progress and well-being of our environment, which makes them great.<\/p>\n\n<p>Happy International SME Day!<\/p>\n\n<a href=\"https:\/\/gabitel.net\/wp-content\/uploads\/2025\/06\/Post-04_POST-copia-1.png\"><img fetchpriority=\"high\" decoding=\"async\" class=\"alignnone wp-image-30003 size-large\" src=\"https:\/\/gabitel.net\/wp-content\/uploads\/2025\/06\/Post-04_POST-copia-1-1024x1024.png\" alt=\"\" width=\"1024\" height=\"1024\" srcset=\"https:\/\/gabitel.net\/wp-content\/uploads\/2025\/06\/Post-04_POST-copia-1-1024x1024.png 1024w, https:\/\/gabitel.net\/wp-content\/uploads\/2025\/06\/Post-04_POST-copia-1-300x300.png 300w, https:\/\/gabitel.net\/wp-content\/uploads\/2025\/06\/Post-04_POST-copia-1-150x150.png 150w, https:\/\/gabitel.net\/wp-content\/uploads\/2025\/06\/Post-04_POST-copia-1-768x768.png 768w, https:\/\/gabitel.net\/wp-content\/uploads\/2025\/06\/Post-04_POST-copia-1.png 1080w\" sizes=\"(max-width: 1024px) 100vw, 1024px\" \/><\/a>\n\t\t\t\t\t\t\t\t<\/div>\n\t\t\t\t<\/div>\n\t\t\t\t\t<\/div>\n\t\t\t\t<\/div>\n\t\t\t\t<\/div>\n\t\t","protected":false},"excerpt":{"rendered":"<p>Today, June 27, we celebrate International SME Day, recognizing the vital role that small and medium-sized enterprises play in Spain\u2019s socio-economic and sustainable development. They represent more than 99% of the business fabric, generate over 66% of total employment (seven out of every ten jobs), and contribute 65% of the national GDP. A driving force [&hellip;]<\/p>\n","protected":false},"author":4,"featured_media":32179,"comment_status":"closed","ping_status":"closed","sticky":false,"template":"","format":"standard","meta":{"content-type":"","footnotes":""},"categories":[324,323,325],"tags":[330,676,289,677],"class_list":["post-32130","post","type-post","status-publish","format-standard","has-post-thumbnail","hentry","category-blog-en","category-news","category-newsletter","tag-companies","tag-dia-mundial-de-las-pymes-en","tag-gabitel-en-2","tag-pymes-en"],"yoast_head":"<!-- This site is optimized with the Yoast SEO plugin v27.4 - https:\/\/yoast.com\/product\/yoast-seo-wordpress\/ -->\n<title>Happy International SME Day! - Gabitel<\/title>\n<meta name=\"description\" content=\"Hoy celebramos el D\u00eda Internacional de las pymes, que juegan un papel vital en el desarrollo sociecon\u00f3mico y sostenible de Espa\u00f1a.\" \/>\n<meta name=\"robots\" content=\"index, follow, max-snippet:-1, max-image-preview:large, max-video-preview:-1\" \/>\n<link rel=\"canonical\" href=\"https:\/\/gabitel.net\/en\/feliz-dia-internacional-de-las-pymes\/\" \/>\n<meta property=\"og:locale\" content=\"en_US\" \/>\n<meta property=\"og:type\" content=\"article\" \/>\n<meta property=\"og:title\" content=\"Happy International SME Day! - Gabitel\" \/>\n<meta property=\"og:description\" content=\"Hoy celebramos el D\u00eda Internacional de las pymes, que juegan un papel vital en el desarrollo sociecon\u00f3mico y sostenible de Espa\u00f1a.\" \/>\n<meta property=\"og:url\" content=\"https:\/\/gabitel.net\/en\/feliz-dia-internacional-de-las-pymes\/\" \/>\n<meta property=\"og:site_name\" content=\"Gabitel\" \/>\n<meta property=\"article:publisher\" content=\"https:\/\/www.facebook.com\/gabitelingenieros\/\" \/>\n<meta property=\"article:published_time\" content=\"2025-06-27T12:02:22+00:00\" \/>\n<meta property=\"article:modified_time\" content=\"2025-07-02T09:09:16+00:00\" \/>\n<meta property=\"og:image\" content=\"https:\/\/gabitel.net\/wp-content\/uploads\/2025\/06\/Dia_Mundial_PYMES_2025.jpg\" \/>\n\t<meta property=\"og:image:width\" content=\"1080\" \/>\n\t<meta property=\"og:image:height\" content=\"720\" \/>\n\t<meta property=\"og:image:type\" content=\"image\/jpeg\" \/>\n<meta name=\"author\" content=\"RRSS\" \/>\n<meta name=\"twitter:card\" content=\"summary_large_image\" \/>\n<meta name=\"twitter:label1\" content=\"Written by\" \/>\n\t<meta name=\"twitter:data1\" content=\"RRSS\" \/>\n\t<meta name=\"twitter:label2\" content=\"Est. reading time\" \/>\n\t<meta name=\"twitter:data2\" content=\"1 minute\" \/>\n<script type=\"application\/ld+json\" class=\"yoast-schema-graph\">{\"@context\":\"https:\\\/\\\/schema.org\",\"@graph\":[{\"@type\":[\"Article\",\"BlogPosting\"],\"@id\":\"https:\\\/\\\/gabitel.net\\\/en\\\/feliz-dia-internacional-de-las-pymes\\\/#article\",\"isPartOf\":{\"@id\":\"https:\\\/\\\/gabitel.net\\\/en\\\/feliz-dia-internacional-de-las-pymes\\\/\"},\"author\":{\"name\":\"RRSS\",\"@id\":\"https:\\\/\\\/gabitel.net\\\/en\\\/#\\\/schema\\\/person\\\/ce019f62678e1de8617e97873813dc44\"},\"headline\":\"Happy International SME Day!\",\"datePublished\":\"2025-06-27T12:02:22+00:00\",\"dateModified\":\"2025-07-02T09:09:16+00:00\",\"mainEntityOfPage\":{\"@id\":\"https:\\\/\\\/gabitel.net\\\/en\\\/feliz-dia-internacional-de-las-pymes\\\/\"},\"wordCount\":107,\"publisher\":{\"@id\":\"https:\\\/\\\/gabitel.net\\\/en\\\/#organization\"},\"image\":{\"@id\":\"https:\\\/\\\/gabitel.net\\\/en\\\/feliz-dia-internacional-de-las-pymes\\\/#primaryimage\"},\"thumbnailUrl\":\"https:\\\/\\\/gabitel.net\\\/wp-content\\\/uploads\\\/2025\\\/06\\\/Dia_Mundial_PYMES_2025.jpg\",\"keywords\":[\"companies\",\"D\u00eda Mundial de las pymes\",\"Gabitel\",\"pymes\"],\"articleSection\":[\"Blog\",\"News\",\"Newsletter\"],\"inLanguage\":\"en-US\"},{\"@type\":\"WebPage\",\"@id\":\"https:\\\/\\\/gabitel.net\\\/en\\\/feliz-dia-internacional-de-las-pymes\\\/\",\"url\":\"https:\\\/\\\/gabitel.net\\\/en\\\/feliz-dia-internacional-de-las-pymes\\\/\",\"name\":\"Happy International SME Day! - Gabitel\",\"isPartOf\":{\"@id\":\"https:\\\/\\\/gabitel.net\\\/en\\\/#website\"},\"primaryImageOfPage\":{\"@id\":\"https:\\\/\\\/gabitel.net\\\/en\\\/feliz-dia-internacional-de-las-pymes\\\/#primaryimage\"},\"image\":{\"@id\":\"https:\\\/\\\/gabitel.net\\\/en\\\/feliz-dia-internacional-de-las-pymes\\\/#primaryimage\"},\"thumbnailUrl\":\"https:\\\/\\\/gabitel.net\\\/wp-content\\\/uploads\\\/2025\\\/06\\\/Dia_Mundial_PYMES_2025.jpg\",\"datePublished\":\"2025-06-27T12:02:22+00:00\",\"dateModified\":\"2025-07-02T09:09:16+00:00\",\"description\":\"Hoy celebramos el D\u00eda Internacional de las pymes, que juegan un papel vital en el desarrollo sociecon\u00f3mico y sostenible de Espa\u00f1a.\",\"breadcrumb\":{\"@id\":\"https:\\\/\\\/gabitel.net\\\/en\\\/feliz-dia-internacional-de-las-pymes\\\/#breadcrumb\"},\"inLanguage\":\"en-US\",\"potentialAction\":[{\"@type\":\"ReadAction\",\"target\":[\"https:\\\/\\\/gabitel.net\\\/en\\\/feliz-dia-internacional-de-las-pymes\\\/\"]}]},{\"@type\":\"ImageObject\",\"inLanguage\":\"en-US\",\"@id\":\"https:\\\/\\\/gabitel.net\\\/en\\\/feliz-dia-internacional-de-las-pymes\\\/#primaryimage\",\"url\":\"https:\\\/\\\/gabitel.net\\\/wp-content\\\/uploads\\\/2025\\\/06\\\/Dia_Mundial_PYMES_2025.jpg\",\"contentUrl\":\"https:\\\/\\\/gabitel.net\\\/wp-content\\\/uploads\\\/2025\\\/06\\\/Dia_Mundial_PYMES_2025.jpg\",\"width\":1080,\"height\":720,\"caption\":\"Dia_Mundial_PYMES_2025\"},{\"@type\":\"BreadcrumbList\",\"@id\":\"https:\\\/\\\/gabitel.net\\\/en\\\/feliz-dia-internacional-de-las-pymes\\\/#breadcrumb\",\"itemListElement\":[{\"@type\":\"ListItem\",\"position\":1,\"name\":\"Portada\",\"item\":\"https:\\\/\\\/gabitel.net\\\/en\\\/\"},{\"@type\":\"ListItem\",\"position\":2,\"name\":\"Happy International SME Day!\"}]},{\"@type\":\"WebSite\",\"@id\":\"https:\\\/\\\/gabitel.net\\\/en\\\/#website\",\"url\":\"https:\\\/\\\/gabitel.net\\\/en\\\/\",\"name\":\"Gabitel\",\"description\":\"\",\"publisher\":{\"@id\":\"https:\\\/\\\/gabitel.net\\\/en\\\/#organization\"},\"potentialAction\":[{\"@type\":\"SearchAction\",\"target\":{\"@type\":\"EntryPoint\",\"urlTemplate\":\"https:\\\/\\\/gabitel.net\\\/en\\\/?s={search_term_string}\"},\"query-input\":{\"@type\":\"PropertyValueSpecification\",\"valueRequired\":true,\"valueName\":\"search_term_string\"}}],\"inLanguage\":\"en-US\"},{\"@type\":\"Organization\",\"@id\":\"https:\\\/\\\/gabitel.net\\\/en\\\/#organization\",\"name\":\"Gabitel\",\"url\":\"https:\\\/\\\/gabitel.net\\\/en\\\/\",\"logo\":{\"@type\":\"ImageObject\",\"inLanguage\":\"en-US\",\"@id\":\"https:\\\/\\\/gabitel.net\\\/en\\\/#\\\/schema\\\/logo\\\/image\\\/\",\"url\":\"https:\\\/\\\/gabitel.net\\\/wp-content\\\/uploads\\\/2025\\\/05\\\/logo_gabitel.jpg\",\"contentUrl\":\"https:\\\/\\\/gabitel.net\\\/wp-content\\\/uploads\\\/2025\\\/05\\\/logo_gabitel.jpg\",\"width\":2560,\"height\":1330,\"caption\":\"Gabitel\"},\"image\":{\"@id\":\"https:\\\/\\\/gabitel.net\\\/en\\\/#\\\/schema\\\/logo\\\/image\\\/\"},\"sameAs\":[\"https:\\\/\\\/www.facebook.com\\\/gabitelingenieros\\\/\",\"https:\\\/\\\/es.linkedin.com\\\/company\\\/gabitel-ingenieros\"]},{\"@type\":\"Person\",\"@id\":\"https:\\\/\\\/gabitel.net\\\/en\\\/#\\\/schema\\\/person\\\/ce019f62678e1de8617e97873813dc44\",\"name\":\"RRSS\",\"url\":\"https:\\\/\\\/gabitel.net\\\/en\\\/author\\\/rrss\\\/\"}]}<\/script>\n<!-- \/ Yoast SEO plugin. -->","yoast_head_json":{"title":"Happy International SME Day! - Gabitel","description":"Hoy celebramos el D\u00eda Internacional de las pymes, que juegan un papel vital en el desarrollo sociecon\u00f3mico y sostenible de Espa\u00f1a.","robots":{"index":"index","follow":"follow","max-snippet":"max-snippet:-1","max-image-preview":"max-image-preview:large","max-video-preview":"max-video-preview:-1"},"canonical":"https:\/\/gabitel.net\/en\/feliz-dia-internacional-de-las-pymes\/","og_locale":"en_US","og_type":"article","og_title":"Happy International SME Day! - Gabitel","og_description":"Hoy celebramos el D\u00eda Internacional de las pymes, que juegan un papel vital en el desarrollo sociecon\u00f3mico y sostenible de Espa\u00f1a.","og_url":"https:\/\/gabitel.net\/en\/feliz-dia-internacional-de-las-pymes\/","og_site_name":"Gabitel","article_publisher":"https:\/\/www.facebook.com\/gabitelingenieros\/","article_published_time":"2025-06-27T12:02:22+00:00","article_modified_time":"2025-07-02T09:09:16+00:00","og_image":[{"width":1080,"height":720,"url":"https:\/\/gabitel.net\/wp-content\/uploads\/2025\/06\/Dia_Mundial_PYMES_2025.jpg","type":"image\/jpeg"}],"author":"RRSS","twitter_card":"summary_large_image","twitter_misc":{"Written by":"RRSS","Est. reading time":"1 minute"},"schema":{"@context":"https:\/\/schema.org","@graph":[{"@type":["Article","BlogPosting"],"@id":"https:\/\/gabitel.net\/en\/feliz-dia-internacional-de-las-pymes\/#article","isPartOf":{"@id":"https:\/\/gabitel.net\/en\/feliz-dia-internacional-de-las-pymes\/"},"author":{"name":"RRSS","@id":"https:\/\/gabitel.net\/en\/#\/schema\/person\/ce019f62678e1de8617e97873813dc44"},"headline":"Happy International SME Day!","datePublished":"2025-06-27T12:02:22+00:00","dateModified":"2025-07-02T09:09:16+00:00","mainEntityOfPage":{"@id":"https:\/\/gabitel.net\/en\/feliz-dia-internacional-de-las-pymes\/"},"wordCount":107,"publisher":{"@id":"https:\/\/gabitel.net\/en\/#organization"},"image":{"@id":"https:\/\/gabitel.net\/en\/feliz-dia-internacional-de-las-pymes\/#primaryimage"},"thumbnailUrl":"https:\/\/gabitel.net\/wp-content\/uploads\/2025\/06\/Dia_Mundial_PYMES_2025.jpg","keywords":["companies","D\u00eda Mundial de las pymes","Gabitel","pymes"],"articleSection":["Blog","News","Newsletter"],"inLanguage":"en-US"},{"@type":"WebPage","@id":"https:\/\/gabitel.net\/en\/feliz-dia-internacional-de-las-pymes\/","url":"https:\/\/gabitel.net\/en\/feliz-dia-internacional-de-las-pymes\/","name":"Happy International SME Day! - Gabitel","isPartOf":{"@id":"https:\/\/gabitel.net\/en\/#website"},"primaryImageOfPage":{"@id":"https:\/\/gabitel.net\/en\/feliz-dia-internacional-de-las-pymes\/#primaryimage"},"image":{"@id":"https:\/\/gabitel.net\/en\/feliz-dia-internacional-de-las-pymes\/#primaryimage"},"thumbnailUrl":"https:\/\/gabitel.net\/wp-content\/uploads\/2025\/06\/Dia_Mundial_PYMES_2025.jpg","datePublished":"2025-06-27T12:02:22+00:00","dateModified":"2025-07-02T09:09:16+00:00","description":"Hoy celebramos el D\u00eda Internacional de las pymes, que juegan un papel vital en el desarrollo sociecon\u00f3mico y sostenible de Espa\u00f1a.","breadcrumb":{"@id":"https:\/\/gabitel.net\/en\/feliz-dia-internacional-de-las-pymes\/#breadcrumb"},"inLanguage":"en-US","potentialAction":[{"@type":"ReadAction","target":["https:\/\/gabitel.net\/en\/feliz-dia-internacional-de-las-pymes\/"]}]},{"@type":"ImageObject","inLanguage":"en-US","@id":"https:\/\/gabitel.net\/en\/feliz-dia-internacional-de-las-pymes\/#primaryimage","url":"https:\/\/gabitel.net\/wp-content\/uploads\/2025\/06\/Dia_Mundial_PYMES_2025.jpg","contentUrl":"https:\/\/gabitel.net\/wp-content\/uploads\/2025\/06\/Dia_Mundial_PYMES_2025.jpg","width":1080,"height":720,"caption":"Dia_Mundial_PYMES_2025"},{"@type":"BreadcrumbList","@id":"https:\/\/gabitel.net\/en\/feliz-dia-internacional-de-las-pymes\/#breadcrumb","itemListElement":[{"@type":"ListItem","position":1,"name":"Portada","item":"https:\/\/gabitel.net\/en\/"},{"@type":"ListItem","position":2,"name":"Happy International SME Day!"}]},{"@type":"WebSite","@id":"https:\/\/gabitel.net\/en\/#website","url":"https:\/\/gabitel.net\/en\/","name":"Gabitel","description":"","publisher":{"@id":"https:\/\/gabitel.net\/en\/#organization"},"potentialAction":[{"@type":"SearchAction","target":{"@type":"EntryPoint","urlTemplate":"https:\/\/gabitel.net\/en\/?s={search_term_string}"},"query-input":{"@type":"PropertyValueSpecification","valueRequired":true,"valueName":"search_term_string"}}],"inLanguage":"en-US"},{"@type":"Organization","@id":"https:\/\/gabitel.net\/en\/#organization","name":"Gabitel","url":"https:\/\/gabitel.net\/en\/","logo":{"@type":"ImageObject","inLanguage":"en-US","@id":"https:\/\/gabitel.net\/en\/#\/schema\/logo\/image\/","url":"https:\/\/gabitel.net\/wp-content\/uploads\/2025\/05\/logo_gabitel.jpg","contentUrl":"https:\/\/gabitel.net\/wp-content\/uploads\/2025\/05\/logo_gabitel.jpg","width":2560,"height":1330,"caption":"Gabitel"},"image":{"@id":"https:\/\/gabitel.net\/en\/#\/schema\/logo\/image\/"},"sameAs":["https:\/\/www.facebook.com\/gabitelingenieros\/","https:\/\/es.linkedin.com\/company\/gabitel-ingenieros"]},{"@type":"Person","@id":"https:\/\/gabitel.net\/en\/#\/schema\/person\/ce019f62678e1de8617e97873813dc44","name":"RRSS","url":"https:\/\/gabitel.net\/en\/author\/rrss\/"}]}},"_links":{"self":[{"href":"https:\/\/gabitel.net\/en\/wp-json\/wp\/v2\/posts\/32130","targetHints":{"allow":["GET"]}}],"collection":[{"href":"https:\/\/gabitel.net\/en\/wp-json\/wp\/v2\/posts"}],"about":[{"href":"https:\/\/gabitel.net\/en\/wp-json\/wp\/v2\/types\/post"}],"author":[{"embeddable":true,"href":"https:\/\/gabitel.net\/en\/wp-json\/wp\/v2\/users\/4"}],"replies":[{"embeddable":true,"href":"https:\/\/gabitel.net\/en\/wp-json\/wp\/v2\/comments?post=32130"}],"version-history":[{"count":3,"href":"https:\/\/gabitel.net\/en\/wp-json\/wp\/v2\/posts\/32130\/revisions"}],"predecessor-version":[{"id":32143,"href":"https:\/\/gabitel.net\/en\/wp-json\/wp\/v2\/posts\/32130\/revisions\/32143"}],"wp:featuredmedia":[{"embeddable":true,"href":"https:\/\/gabitel.net\/en\/wp-json\/wp\/v2\/media\/32179"}],"wp:attachment":[{"href":"https:\/\/gabitel.net\/en\/wp-json\/wp\/v2\/media?parent=32130"}],"wp:term":[{"taxonomy":"category","embeddable":true,"href":"https:\/\/gabitel.net\/en\/wp-json\/wp\/v2\/categories?post=32130"},{"taxonomy":"post_tag","embeddable":true,"href":"https:\/\/gabitel.net\/en\/wp-json\/wp\/v2\/tags?post=32130"}],"curies":[{"name":"wp","href":"https:\/\/api.w.org\/{rel}","templated":true}]}}