{"id":32577,"date":"2024-03-04T13:30:38","date_gmt":"2024-03-04T12:30:38","guid":{"rendered":"https:\/\/gabitel.net\/un-paso-mas-en-compromiso-con-la-formacion-de-nuevos-talentos-gabitel-nueva-colaboradora-con-la-fp-dual\/"},"modified":"2025-07-18T11:36:07","modified_gmt":"2025-07-18T09:36:07","slug":"un-paso-mas-en-compromiso-con-la-formacion-de-nuevos-talentos-gabitel-nueva-colaboradora-con-la-fp-dual","status":"publish","type":"post","link":"https:\/\/gabitel.net\/en\/un-paso-mas-en-compromiso-con-la-formacion-de-nuevos-talentos-gabitel-nueva-colaboradora-con-la-fp-dual\/","title":{"rendered":"Another step in our commitment to training new talent: Gabitel partners with Dual Vocational Training."},"content":{"rendered":"<p>Dual Vocational Training is one of the teaching modalities that in recent years has experienced significant growth among both young and not-so-young students. This option within vocational education has become one of the most in-demand due to the advantages it offers, particularly in the specialization of new professional profiles and the involvement of companies as a fundamental part of the training pathway.<\/p>\n<p>Dual Vocational Training is a model of education in which both the educational center and the company take responsibility and commit to the students\u2019 training. This creates an alternating learning process between the more theoretical component at the educational center and the practical component within the company itself, combining theory and practice from virtually the outset, as well as providing curricular value during the training process.<\/p>\n<p>Gabitel takes a further step by joining this alliance with Dual Vocational Training, with the objective of contributing to improving the employability of our young talents through the development of their training as a collaborating company.<\/p>\n<p>During the previous year, after several meetings and encounters with some of these educational centers, we signed various agreements that have already materialized in 2024. In February of this year, two students from the Higher Level Qualification in Building and Civil Works (CFGS de Edificaci\u00f3n y Obra Civil) of I.E.S. Alonso S\u00e1nchez de Huelva and one student from the Higher Level Qualification in Renewable Energies (CFGS de Energ\u00edas Renovables) of I.E.S. Antonio Muriel de Lepe joined us. These new team members will be with us until May and will continue to complete their training in 2025. Welcome, and we hope this initiative contributes to the start of a promising professional career.<\/p>\n","protected":false},"excerpt":{"rendered":"<p>The Gabitel Chair on Hydrogen has reinforced its role as a promoter of renewable hydrogen use during the celebration of the 1st National Green Hydrogen Congress, held from February 7 to 9 at Casa Col\u00f3n in Huelva, where it actively participated by showcasing its pioneering commitment to this clean and transformative technology, cementing Huelva as the green capital of Southern Europe and a leader in the energy transformation toward a more sustainable world.<\/p>\n","protected":false},"author":3,"featured_media":29602,"comment_status":"closed","ping_status":"closed","sticky":false,"template":"","format":"standard","meta":{"content-type":"","footnotes":""},"categories":[324,682,323,325],"tags":[629,634,326,289,351,337,331,532,290,377],"class_list":["post-32577","post","type-post","status-publish","format-standard","has-post-thumbnail","hentry","category-blog-en","category-gabitel-chair","category-news","category-newsletter","tag-biogas-en","tag-congress","tag-energy","tag-gabitel-en-2","tag-gabitel-chair","tag-green-hydrogen","tag-huelva-en","tag-industrial-engineering","tag-ingenieria-en-2","tag-renewable"],"yoast_head":"<!-- This site is optimized with the Yoast SEO plugin v27.5 - https:\/\/yoast.com\/product\/yoast-seo-wordpress\/ -->\n<title>Another step in our commitment to training new talent: Gabitel partners with Dual Vocational Training. - Gabitel<\/title>\n<meta name=\"robots\" content=\"index, follow, max-snippet:-1, max-image-preview:large, max-video-preview:-1\" \/>\n<link rel=\"canonical\" href=\"https:\/\/gabitel.net\/en\/un-paso-mas-en-compromiso-con-la-formacion-de-nuevos-talentos-gabitel-nueva-colaboradora-con-la-fp-dual\/\" \/>\n<meta property=\"og:locale\" content=\"en_US\" \/>\n<meta property=\"og:type\" content=\"article\" \/>\n<meta property=\"og:title\" content=\"Another step in our commitment to training new talent: Gabitel partners with Dual Vocational Training. - Gabitel\" \/>\n<meta property=\"og:description\" content=\"The Gabitel Chair on Hydrogen has reinforced its role as a promoter of renewable hydrogen use during the celebration of the 1st National Green Hydrogen Congress, held from February 7 to 9 at Casa Col\u00f3n in Huelva, where it actively participated by showcasing its pioneering commitment to this clean and transformative technology, cementing Huelva as the green capital of Southern Europe and a leader in the energy transformation toward a more sustainable world.\" \/>\n<meta property=\"og:url\" content=\"https:\/\/gabitel.net\/en\/un-paso-mas-en-compromiso-con-la-formacion-de-nuevos-talentos-gabitel-nueva-colaboradora-con-la-fp-dual\/\" \/>\n<meta property=\"og:site_name\" content=\"Gabitel\" \/>\n<meta property=\"article:publisher\" content=\"https:\/\/www.facebook.com\/gabitelingenieros\/\" \/>\n<meta property=\"article:published_time\" content=\"2024-03-04T12:30:38+00:00\" \/>\n<meta property=\"article:modified_time\" content=\"2025-07-18T09:36:07+00:00\" \/>\n<meta property=\"og:image\" content=\"https:\/\/gabitel.net\/wp-content\/uploads\/2024\/03\/N1.4-FOTO-DE-PORTADA-min.jpg\" \/>\n\t<meta property=\"og:image:width\" content=\"788\" \/>\n\t<meta property=\"og:image:height\" content=\"421\" \/>\n\t<meta property=\"og:image:type\" content=\"image\/jpeg\" \/>\n<meta name=\"author\" content=\"user.autor\" \/>\n<meta name=\"twitter:card\" content=\"summary_large_image\" \/>\n<meta name=\"twitter:label1\" content=\"Written by\" \/>\n\t<meta name=\"twitter:data1\" content=\"user.autor\" \/>\n\t<meta name=\"twitter:label2\" content=\"Est. reading time\" \/>\n\t<meta name=\"twitter:data2\" content=\"2 minutes\" \/>\n<script type=\"application\/ld+json\" class=\"yoast-schema-graph\">{\"@context\":\"https:\\\/\\\/schema.org\",\"@graph\":[{\"@type\":[\"Article\",\"BlogPosting\"],\"@id\":\"https:\\\/\\\/gabitel.net\\\/en\\\/un-paso-mas-en-compromiso-con-la-formacion-de-nuevos-talentos-gabitel-nueva-colaboradora-con-la-fp-dual\\\/#article\",\"isPartOf\":{\"@id\":\"https:\\\/\\\/gabitel.net\\\/en\\\/un-paso-mas-en-compromiso-con-la-formacion-de-nuevos-talentos-gabitel-nueva-colaboradora-con-la-fp-dual\\\/\"},\"author\":{\"name\":\"user.autor\",\"@id\":\"https:\\\/\\\/gabitel.net\\\/en\\\/#\\\/schema\\\/person\\\/37ba53714c3fedb9c7d22f4bc781465c\"},\"headline\":\"Another step in our commitment to training new talent: Gabitel partners with Dual Vocational Training.\",\"datePublished\":\"2024-03-04T12:30:38+00:00\",\"dateModified\":\"2025-07-18T09:36:07+00:00\",\"mainEntityOfPage\":{\"@id\":\"https:\\\/\\\/gabitel.net\\\/en\\\/un-paso-mas-en-compromiso-con-la-formacion-de-nuevos-talentos-gabitel-nueva-colaboradora-con-la-fp-dual\\\/\"},\"wordCount\":295,\"publisher\":{\"@id\":\"https:\\\/\\\/gabitel.net\\\/en\\\/#organization\"},\"image\":{\"@id\":\"https:\\\/\\\/gabitel.net\\\/en\\\/un-paso-mas-en-compromiso-con-la-formacion-de-nuevos-talentos-gabitel-nueva-colaboradora-con-la-fp-dual\\\/#primaryimage\"},\"thumbnailUrl\":\"https:\\\/\\\/gabitel.net\\\/wp-content\\\/uploads\\\/2024\\\/03\\\/N1.4-FOTO-DE-PORTADA-min.jpg\",\"keywords\":[\"biogas\",\"Congress\",\"energy\",\"Gabitel\",\"Gabitel Chair\",\"green hydrogen\",\"Huelva\",\"Industrial Engineering\",\"ingenier\u00eda\",\"Renewable\"],\"articleSection\":[\"Blog\",\"gabitel-chair\",\"News\",\"Newsletter\"],\"inLanguage\":\"en-US\"},{\"@type\":\"WebPage\",\"@id\":\"https:\\\/\\\/gabitel.net\\\/en\\\/un-paso-mas-en-compromiso-con-la-formacion-de-nuevos-talentos-gabitel-nueva-colaboradora-con-la-fp-dual\\\/\",\"url\":\"https:\\\/\\\/gabitel.net\\\/en\\\/un-paso-mas-en-compromiso-con-la-formacion-de-nuevos-talentos-gabitel-nueva-colaboradora-con-la-fp-dual\\\/\",\"name\":\"Another step in our commitment to training new talent: Gabitel partners with Dual Vocational Training. - Gabitel\",\"isPartOf\":{\"@id\":\"https:\\\/\\\/gabitel.net\\\/en\\\/#website\"},\"primaryImageOfPage\":{\"@id\":\"https:\\\/\\\/gabitel.net\\\/en\\\/un-paso-mas-en-compromiso-con-la-formacion-de-nuevos-talentos-gabitel-nueva-colaboradora-con-la-fp-dual\\\/#primaryimage\"},\"image\":{\"@id\":\"https:\\\/\\\/gabitel.net\\\/en\\\/un-paso-mas-en-compromiso-con-la-formacion-de-nuevos-talentos-gabitel-nueva-colaboradora-con-la-fp-dual\\\/#primaryimage\"},\"thumbnailUrl\":\"https:\\\/\\\/gabitel.net\\\/wp-content\\\/uploads\\\/2024\\\/03\\\/N1.4-FOTO-DE-PORTADA-min.jpg\",\"datePublished\":\"2024-03-04T12:30:38+00:00\",\"dateModified\":\"2025-07-18T09:36:07+00:00\",\"breadcrumb\":{\"@id\":\"https:\\\/\\\/gabitel.net\\\/en\\\/un-paso-mas-en-compromiso-con-la-formacion-de-nuevos-talentos-gabitel-nueva-colaboradora-con-la-fp-dual\\\/#breadcrumb\"},\"inLanguage\":\"en-US\",\"potentialAction\":[{\"@type\":\"ReadAction\",\"target\":[\"https:\\\/\\\/gabitel.net\\\/en\\\/un-paso-mas-en-compromiso-con-la-formacion-de-nuevos-talentos-gabitel-nueva-colaboradora-con-la-fp-dual\\\/\"]}]},{\"@type\":\"ImageObject\",\"inLanguage\":\"en-US\",\"@id\":\"https:\\\/\\\/gabitel.net\\\/en\\\/un-paso-mas-en-compromiso-con-la-formacion-de-nuevos-talentos-gabitel-nueva-colaboradora-con-la-fp-dual\\\/#primaryimage\",\"url\":\"https:\\\/\\\/gabitel.net\\\/wp-content\\\/uploads\\\/2024\\\/03\\\/N1.4-FOTO-DE-PORTADA-min.jpg\",\"contentUrl\":\"https:\\\/\\\/gabitel.net\\\/wp-content\\\/uploads\\\/2024\\\/03\\\/N1.4-FOTO-DE-PORTADA-min.jpg\",\"width\":788,\"height\":421},{\"@type\":\"BreadcrumbList\",\"@id\":\"https:\\\/\\\/gabitel.net\\\/en\\\/un-paso-mas-en-compromiso-con-la-formacion-de-nuevos-talentos-gabitel-nueva-colaboradora-con-la-fp-dual\\\/#breadcrumb\",\"itemListElement\":[{\"@type\":\"ListItem\",\"position\":1,\"name\":\"Portada\",\"item\":\"https:\\\/\\\/gabitel.net\\\/en\\\/\"},{\"@type\":\"ListItem\",\"position\":2,\"name\":\"Another step in our commitment to training new talent: Gabitel partners with Dual Vocational Training.\"}]},{\"@type\":\"WebSite\",\"@id\":\"https:\\\/\\\/gabitel.net\\\/en\\\/#website\",\"url\":\"https:\\\/\\\/gabitel.net\\\/en\\\/\",\"name\":\"Gabitel\",\"description\":\"\",\"publisher\":{\"@id\":\"https:\\\/\\\/gabitel.net\\\/en\\\/#organization\"},\"potentialAction\":[{\"@type\":\"SearchAction\",\"target\":{\"@type\":\"EntryPoint\",\"urlTemplate\":\"https:\\\/\\\/gabitel.net\\\/en\\\/?s={search_term_string}\"},\"query-input\":{\"@type\":\"PropertyValueSpecification\",\"valueRequired\":true,\"valueName\":\"search_term_string\"}}],\"inLanguage\":\"en-US\"},{\"@type\":\"Organization\",\"@id\":\"https:\\\/\\\/gabitel.net\\\/en\\\/#organization\",\"name\":\"Gabitel\",\"url\":\"https:\\\/\\\/gabitel.net\\\/en\\\/\",\"logo\":{\"@type\":\"ImageObject\",\"inLanguage\":\"en-US\",\"@id\":\"https:\\\/\\\/gabitel.net\\\/en\\\/#\\\/schema\\\/logo\\\/image\\\/\",\"url\":\"https:\\\/\\\/gabitel.net\\\/wp-content\\\/uploads\\\/2025\\\/05\\\/logo_gabitel.jpg\",\"contentUrl\":\"https:\\\/\\\/gabitel.net\\\/wp-content\\\/uploads\\\/2025\\\/05\\\/logo_gabitel.jpg\",\"width\":2560,\"height\":1330,\"caption\":\"Gabitel\"},\"image\":{\"@id\":\"https:\\\/\\\/gabitel.net\\\/en\\\/#\\\/schema\\\/logo\\\/image\\\/\"},\"sameAs\":[\"https:\\\/\\\/www.facebook.com\\\/gabitelingenieros\\\/\",\"https:\\\/\\\/es.linkedin.com\\\/company\\\/gabitel-ingenieros\"]},{\"@type\":\"Person\",\"@id\":\"https:\\\/\\\/gabitel.net\\\/en\\\/#\\\/schema\\\/person\\\/37ba53714c3fedb9c7d22f4bc781465c\",\"name\":\"user.autor\",\"url\":\"https:\\\/\\\/gabitel.net\\\/en\\\/author\\\/user-autor\\\/\"}]}<\/script>\n<!-- \/ Yoast SEO plugin. -->","yoast_head_json":{"title":"Another step in our commitment to training new talent: Gabitel partners with Dual Vocational Training. - Gabitel","robots":{"index":"index","follow":"follow","max-snippet":"max-snippet:-1","max-image-preview":"max-image-preview:large","max-video-preview":"max-video-preview:-1"},"canonical":"https:\/\/gabitel.net\/en\/un-paso-mas-en-compromiso-con-la-formacion-de-nuevos-talentos-gabitel-nueva-colaboradora-con-la-fp-dual\/","og_locale":"en_US","og_type":"article","og_title":"Another step in our commitment to training new talent: Gabitel partners with Dual Vocational Training. - Gabitel","og_description":"The Gabitel Chair on Hydrogen has reinforced its role as a promoter of renewable hydrogen use during the celebration of the 1st National Green Hydrogen Congress, held from February 7 to 9 at Casa Col\u00f3n in Huelva, where it actively participated by showcasing its pioneering commitment to this clean and transformative technology, cementing Huelva as the green capital of Southern Europe and a leader in the energy transformation toward a more sustainable world.","og_url":"https:\/\/gabitel.net\/en\/un-paso-mas-en-compromiso-con-la-formacion-de-nuevos-talentos-gabitel-nueva-colaboradora-con-la-fp-dual\/","og_site_name":"Gabitel","article_publisher":"https:\/\/www.facebook.com\/gabitelingenieros\/","article_published_time":"2024-03-04T12:30:38+00:00","article_modified_time":"2025-07-18T09:36:07+00:00","og_image":[{"width":788,"height":421,"url":"https:\/\/gabitel.net\/wp-content\/uploads\/2024\/03\/N1.4-FOTO-DE-PORTADA-min.jpg","type":"image\/jpeg"}],"author":"user.autor","twitter_card":"summary_large_image","twitter_misc":{"Written by":"user.autor","Est. reading time":"2 minutes"},"schema":{"@context":"https:\/\/schema.org","@graph":[{"@type":["Article","BlogPosting"],"@id":"https:\/\/gabitel.net\/en\/un-paso-mas-en-compromiso-con-la-formacion-de-nuevos-talentos-gabitel-nueva-colaboradora-con-la-fp-dual\/#article","isPartOf":{"@id":"https:\/\/gabitel.net\/en\/un-paso-mas-en-compromiso-con-la-formacion-de-nuevos-talentos-gabitel-nueva-colaboradora-con-la-fp-dual\/"},"author":{"name":"user.autor","@id":"https:\/\/gabitel.net\/en\/#\/schema\/person\/37ba53714c3fedb9c7d22f4bc781465c"},"headline":"Another step in our commitment to training new talent: Gabitel partners with Dual Vocational Training.","datePublished":"2024-03-04T12:30:38+00:00","dateModified":"2025-07-18T09:36:07+00:00","mainEntityOfPage":{"@id":"https:\/\/gabitel.net\/en\/un-paso-mas-en-compromiso-con-la-formacion-de-nuevos-talentos-gabitel-nueva-colaboradora-con-la-fp-dual\/"},"wordCount":295,"publisher":{"@id":"https:\/\/gabitel.net\/en\/#organization"},"image":{"@id":"https:\/\/gabitel.net\/en\/un-paso-mas-en-compromiso-con-la-formacion-de-nuevos-talentos-gabitel-nueva-colaboradora-con-la-fp-dual\/#primaryimage"},"thumbnailUrl":"https:\/\/gabitel.net\/wp-content\/uploads\/2024\/03\/N1.4-FOTO-DE-PORTADA-min.jpg","keywords":["biogas","Congress","energy","Gabitel","Gabitel Chair","green hydrogen","Huelva","Industrial Engineering","ingenier\u00eda","Renewable"],"articleSection":["Blog","gabitel-chair","News","Newsletter"],"inLanguage":"en-US"},{"@type":"WebPage","@id":"https:\/\/gabitel.net\/en\/un-paso-mas-en-compromiso-con-la-formacion-de-nuevos-talentos-gabitel-nueva-colaboradora-con-la-fp-dual\/","url":"https:\/\/gabitel.net\/en\/un-paso-mas-en-compromiso-con-la-formacion-de-nuevos-talentos-gabitel-nueva-colaboradora-con-la-fp-dual\/","name":"Another step in our commitment to training new talent: Gabitel partners with Dual Vocational Training. - Gabitel","isPartOf":{"@id":"https:\/\/gabitel.net\/en\/#website"},"primaryImageOfPage":{"@id":"https:\/\/gabitel.net\/en\/un-paso-mas-en-compromiso-con-la-formacion-de-nuevos-talentos-gabitel-nueva-colaboradora-con-la-fp-dual\/#primaryimage"},"image":{"@id":"https:\/\/gabitel.net\/en\/un-paso-mas-en-compromiso-con-la-formacion-de-nuevos-talentos-gabitel-nueva-colaboradora-con-la-fp-dual\/#primaryimage"},"thumbnailUrl":"https:\/\/gabitel.net\/wp-content\/uploads\/2024\/03\/N1.4-FOTO-DE-PORTADA-min.jpg","datePublished":"2024-03-04T12:30:38+00:00","dateModified":"2025-07-18T09:36:07+00:00","breadcrumb":{"@id":"https:\/\/gabitel.net\/en\/un-paso-mas-en-compromiso-con-la-formacion-de-nuevos-talentos-gabitel-nueva-colaboradora-con-la-fp-dual\/#breadcrumb"},"inLanguage":"en-US","potentialAction":[{"@type":"ReadAction","target":["https:\/\/gabitel.net\/en\/un-paso-mas-en-compromiso-con-la-formacion-de-nuevos-talentos-gabitel-nueva-colaboradora-con-la-fp-dual\/"]}]},{"@type":"ImageObject","inLanguage":"en-US","@id":"https:\/\/gabitel.net\/en\/un-paso-mas-en-compromiso-con-la-formacion-de-nuevos-talentos-gabitel-nueva-colaboradora-con-la-fp-dual\/#primaryimage","url":"https:\/\/gabitel.net\/wp-content\/uploads\/2024\/03\/N1.4-FOTO-DE-PORTADA-min.jpg","contentUrl":"https:\/\/gabitel.net\/wp-content\/uploads\/2024\/03\/N1.4-FOTO-DE-PORTADA-min.jpg","width":788,"height":421},{"@type":"BreadcrumbList","@id":"https:\/\/gabitel.net\/en\/un-paso-mas-en-compromiso-con-la-formacion-de-nuevos-talentos-gabitel-nueva-colaboradora-con-la-fp-dual\/#breadcrumb","itemListElement":[{"@type":"ListItem","position":1,"name":"Portada","item":"https:\/\/gabitel.net\/en\/"},{"@type":"ListItem","position":2,"name":"Another step in our commitment to training new talent: Gabitel partners with Dual Vocational Training."}]},{"@type":"WebSite","@id":"https:\/\/gabitel.net\/en\/#website","url":"https:\/\/gabitel.net\/en\/","name":"Gabitel","description":"","publisher":{"@id":"https:\/\/gabitel.net\/en\/#organization"},"potentialAction":[{"@type":"SearchAction","target":{"@type":"EntryPoint","urlTemplate":"https:\/\/gabitel.net\/en\/?s={search_term_string}"},"query-input":{"@type":"PropertyValueSpecification","valueRequired":true,"valueName":"search_term_string"}}],"inLanguage":"en-US"},{"@type":"Organization","@id":"https:\/\/gabitel.net\/en\/#organization","name":"Gabitel","url":"https:\/\/gabitel.net\/en\/","logo":{"@type":"ImageObject","inLanguage":"en-US","@id":"https:\/\/gabitel.net\/en\/#\/schema\/logo\/image\/","url":"https:\/\/gabitel.net\/wp-content\/uploads\/2025\/05\/logo_gabitel.jpg","contentUrl":"https:\/\/gabitel.net\/wp-content\/uploads\/2025\/05\/logo_gabitel.jpg","width":2560,"height":1330,"caption":"Gabitel"},"image":{"@id":"https:\/\/gabitel.net\/en\/#\/schema\/logo\/image\/"},"sameAs":["https:\/\/www.facebook.com\/gabitelingenieros\/","https:\/\/es.linkedin.com\/company\/gabitel-ingenieros"]},{"@type":"Person","@id":"https:\/\/gabitel.net\/en\/#\/schema\/person\/37ba53714c3fedb9c7d22f4bc781465c","name":"user.autor","url":"https:\/\/gabitel.net\/en\/author\/user-autor\/"}]}},"_links":{"self":[{"href":"https:\/\/gabitel.net\/en\/wp-json\/wp\/v2\/posts\/32577","targetHints":{"allow":["GET"]}}],"collection":[{"href":"https:\/\/gabitel.net\/en\/wp-json\/wp\/v2\/posts"}],"about":[{"href":"https:\/\/gabitel.net\/en\/wp-json\/wp\/v2\/types\/post"}],"author":[{"embeddable":true,"href":"https:\/\/gabitel.net\/en\/wp-json\/wp\/v2\/users\/3"}],"replies":[{"embeddable":true,"href":"https:\/\/gabitel.net\/en\/wp-json\/wp\/v2\/comments?post=32577"}],"version-history":[{"count":3,"href":"https:\/\/gabitel.net\/en\/wp-json\/wp\/v2\/posts\/32577\/revisions"}],"predecessor-version":[{"id":32629,"href":"https:\/\/gabitel.net\/en\/wp-json\/wp\/v2\/posts\/32577\/revisions\/32629"}],"wp:featuredmedia":[{"embeddable":true,"href":"https:\/\/gabitel.net\/en\/wp-json\/wp\/v2\/media\/29602"}],"wp:attachment":[{"href":"https:\/\/gabitel.net\/en\/wp-json\/wp\/v2\/media?parent=32577"}],"wp:term":[{"taxonomy":"category","embeddable":true,"href":"https:\/\/gabitel.net\/en\/wp-json\/wp\/v2\/categories?post=32577"},{"taxonomy":"post_tag","embeddable":true,"href":"https:\/\/gabitel.net\/en\/wp-json\/wp\/v2\/tags?post=32577"}],"curies":[{"name":"wp","href":"https:\/\/api.w.org\/{rel}","templated":true}]}}