{"id":32712,"date":"2024-12-19T10:45:38","date_gmt":"2024-12-19T09:45:38","guid":{"rendered":"https:\/\/gabitel.net\/comida_navidad_2024\/"},"modified":"2026-04-17T08:50:19","modified_gmt":"2026-04-17T06:50:19","slug":"comida_navidad_2024","status":"publish","type":"post","link":"https:\/\/gabitel.net\/en\/comida_navidad_2024\/","title":{"rendered":"Gabitel celebra su tradicional comida de Navidad"},"content":{"rendered":"<p>El pasado 20 de diciembre, el equipo de Gabitel Ingenieros se reuni\u00f3 para celebrar nuestra tradicional <strong>comida de Navidad<\/strong>, un evento muy especial que simboliza la uni\u00f3n, el esfuerzo conjunto y los valores que nos caracterizan como empresa.<\/p>\n<p>En Gabitel, creemos firmemente en la importancia de fortalecer los lazos entre los compa\u00f1eros de trabajo y consideramos que estos encuentros son fundamentales para recordar que el <strong>trabajo en equipo<\/strong> no solo impulsa nuestro crecimiento profesional, sino tambi\u00e9n el personal.<\/p>\n<p>Como siempre, la jornada estuvo repleta de momentos divertidos y llenos de alegr\u00eda, que esperamos poder seguir compartiendo durante muchos a\u00f1os, y en ella pudimos disfrutar una vez m\u00e1s de una deliciosa comida servida por <strong>El Cortijo &#8211; Celebraciones y Eventos<\/strong>, a quien tambi\u00e9n nos gustar\u00eda dar las gracias por el trato recibido.<\/p>\n<p>Adem\u00e1s durante el evento, tuvimos el honor de rendir homenaje a aquellos compa\u00f1eros que llevan <strong>m\u00e1s de 10 a\u00f1os<\/strong> formando parte de la familia Gabitel, y que en esta ocasi\u00f3n fueron: Fran Hueso, \u00c1ngel Franco, Isabel Reina, \u00c1ngel Blanco, Pepe Rodr\u00edguez, Lola del Pozo, \u00d3scar Exojo, Bel\u00e9n S\u00e1nchez, Paco Vega, Manolo Romero, Miguel Bravo, \u00c1ngela Collado y David Blanco. Como ya se\u00f1al\u00f3 nuestro director general, <strong>Juan Andr\u00e9s Reales<\/strong>, sus a\u00f1os de <strong>dedicaci\u00f3n, compromiso y profesionalidad<\/strong> son el reflejo de la esencia de nuestra empresa, y nos sentimos profundamente agradecidos por su esfuerzo constante, record\u00e1ndonos que el \u00e9xito de Gabitel se construye d\u00eda a d\u00eda gracias a las personas que la conforman.<\/p>\n<p>&nbsp;<\/p>\n<p>&nbsp;<\/p>\n<p>&nbsp;<\/p>\n","protected":false},"excerpt":{"rendered":"<p>Gabitel celebra su tradicional comida de Navidad y reconoce a los compa\u00f1eros con m\u00e1s de 10 a\u00f1os de dedicaci\u00f3n.<\/p>\n","protected":false},"author":3,"featured_media":35450,"comment_status":"closed","ping_status":"closed","sticky":false,"template":"","format":"standard","meta":{"content-type":"","footnotes":""},"categories":[601],"tags":[],"class_list":["post-32712","post","type-post","status-publish","format-standard","has-post-thumbnail","hentry","category-off-topic-en"],"yoast_head":"<!-- This site is optimized with the Yoast SEO plugin v27.5 - https:\/\/yoast.com\/product\/yoast-seo-wordpress\/ -->\n<title>Gabitel celebra su tradicional comida de Navidad - Gabitel<\/title>\n<meta name=\"robots\" content=\"noindex, nofollow\" \/>\n<meta property=\"og:locale\" content=\"en_US\" \/>\n<meta property=\"og:type\" content=\"article\" \/>\n<meta property=\"og:title\" content=\"Gabitel celebra su tradicional comida de Navidad - Gabitel\" \/>\n<meta property=\"og:description\" content=\"Gabitel celebra su tradicional comida de Navidad y reconoce a los compa\u00f1eros con m\u00e1s de 10 a\u00f1os de dedicaci\u00f3n.\" \/>\n<meta property=\"og:url\" content=\"https:\/\/gabitel.net\/en\/comida_navidad_2024\/\" \/>\n<meta property=\"og:site_name\" content=\"Gabitel\" \/>\n<meta property=\"article:publisher\" content=\"https:\/\/www.facebook.com\/gabitelingenieros\/\" \/>\n<meta property=\"article:published_time\" content=\"2024-12-19T09:45:38+00:00\" \/>\n<meta property=\"article:modified_time\" content=\"2026-04-17T06:50:19+00:00\" \/>\n<meta property=\"og:image\" content=\"https:\/\/gabitel.net\/wp-content\/uploads\/2024\/12\/WhatsApp-Image-2024-12-26-at-10.21.02.jpeg\" \/>\n\t<meta property=\"og:image:width\" content=\"1600\" \/>\n\t<meta property=\"og:image:height\" content=\"747\" \/>\n\t<meta property=\"og:image:type\" content=\"image\/jpeg\" \/>\n<meta name=\"author\" content=\"user.autor\" \/>\n<meta name=\"twitter:card\" content=\"summary_large_image\" \/>\n<meta name=\"twitter:label1\" content=\"Written by\" \/>\n\t<meta name=\"twitter:data1\" content=\"user.autor\" \/>\n\t<meta name=\"twitter:label2\" content=\"Est. reading time\" \/>\n\t<meta name=\"twitter:data2\" content=\"1 minute\" \/>\n<script type=\"application\/ld+json\" class=\"yoast-schema-graph\">{\"@context\":\"https:\\\/\\\/schema.org\",\"@graph\":[{\"@type\":[\"Article\",\"BlogPosting\"],\"@id\":\"https:\\\/\\\/gabitel.net\\\/en\\\/comida_navidad_2024\\\/#article\",\"isPartOf\":{\"@id\":\"https:\\\/\\\/gabitel.net\\\/en\\\/comida_navidad_2024\\\/\"},\"author\":{\"name\":\"user.autor\",\"@id\":\"https:\\\/\\\/gabitel.net\\\/en\\\/#\\\/schema\\\/person\\\/37ba53714c3fedb9c7d22f4bc781465c\"},\"headline\":\"Gabitel celebra su tradicional comida de Navidad\",\"datePublished\":\"2024-12-19T09:45:38+00:00\",\"dateModified\":\"2026-04-17T06:50:19+00:00\",\"mainEntityOfPage\":{\"@id\":\"https:\\\/\\\/gabitel.net\\\/en\\\/comida_navidad_2024\\\/\"},\"wordCount\":273,\"publisher\":{\"@id\":\"https:\\\/\\\/gabitel.net\\\/en\\\/#organization\"},\"image\":{\"@id\":\"https:\\\/\\\/gabitel.net\\\/en\\\/comida_navidad_2024\\\/#primaryimage\"},\"thumbnailUrl\":\"https:\\\/\\\/gabitel.net\\\/wp-content\\\/uploads\\\/2024\\\/12\\\/WhatsApp-Image-2024-12-26-at-10.21.02.jpeg\",\"articleSection\":[\"Off-topic\"],\"inLanguage\":\"en-US\"},{\"@type\":\"WebPage\",\"@id\":\"https:\\\/\\\/gabitel.net\\\/en\\\/comida_navidad_2024\\\/\",\"url\":\"https:\\\/\\\/gabitel.net\\\/en\\\/comida_navidad_2024\\\/\",\"name\":\"Gabitel celebra su tradicional comida de Navidad - Gabitel\",\"isPartOf\":{\"@id\":\"https:\\\/\\\/gabitel.net\\\/en\\\/#website\"},\"primaryImageOfPage\":{\"@id\":\"https:\\\/\\\/gabitel.net\\\/en\\\/comida_navidad_2024\\\/#primaryimage\"},\"image\":{\"@id\":\"https:\\\/\\\/gabitel.net\\\/en\\\/comida_navidad_2024\\\/#primaryimage\"},\"thumbnailUrl\":\"https:\\\/\\\/gabitel.net\\\/wp-content\\\/uploads\\\/2024\\\/12\\\/WhatsApp-Image-2024-12-26-at-10.21.02.jpeg\",\"datePublished\":\"2024-12-19T09:45:38+00:00\",\"dateModified\":\"2026-04-17T06:50:19+00:00\",\"breadcrumb\":{\"@id\":\"https:\\\/\\\/gabitel.net\\\/en\\\/comida_navidad_2024\\\/#breadcrumb\"},\"inLanguage\":\"en-US\",\"potentialAction\":[{\"@type\":\"ReadAction\",\"target\":[\"https:\\\/\\\/gabitel.net\\\/en\\\/comida_navidad_2024\\\/\"]}]},{\"@type\":\"ImageObject\",\"inLanguage\":\"en-US\",\"@id\":\"https:\\\/\\\/gabitel.net\\\/en\\\/comida_navidad_2024\\\/#primaryimage\",\"url\":\"https:\\\/\\\/gabitel.net\\\/wp-content\\\/uploads\\\/2024\\\/12\\\/WhatsApp-Image-2024-12-26-at-10.21.02.jpeg\",\"contentUrl\":\"https:\\\/\\\/gabitel.net\\\/wp-content\\\/uploads\\\/2024\\\/12\\\/WhatsApp-Image-2024-12-26-at-10.21.02.jpeg\",\"width\":1600,\"height\":747},{\"@type\":\"BreadcrumbList\",\"@id\":\"https:\\\/\\\/gabitel.net\\\/en\\\/comida_navidad_2024\\\/#breadcrumb\",\"itemListElement\":[{\"@type\":\"ListItem\",\"position\":1,\"name\":\"Portada\",\"item\":\"https:\\\/\\\/gabitel.net\\\/en\\\/\"},{\"@type\":\"ListItem\",\"position\":2,\"name\":\"Gabitel celebra su tradicional comida de Navidad\"}]},{\"@type\":\"WebSite\",\"@id\":\"https:\\\/\\\/gabitel.net\\\/en\\\/#website\",\"url\":\"https:\\\/\\\/gabitel.net\\\/en\\\/\",\"name\":\"Gabitel\",\"description\":\"\",\"publisher\":{\"@id\":\"https:\\\/\\\/gabitel.net\\\/en\\\/#organization\"},\"potentialAction\":[{\"@type\":\"SearchAction\",\"target\":{\"@type\":\"EntryPoint\",\"urlTemplate\":\"https:\\\/\\\/gabitel.net\\\/en\\\/?s={search_term_string}\"},\"query-input\":{\"@type\":\"PropertyValueSpecification\",\"valueRequired\":true,\"valueName\":\"search_term_string\"}}],\"inLanguage\":\"en-US\"},{\"@type\":\"Organization\",\"@id\":\"https:\\\/\\\/gabitel.net\\\/en\\\/#organization\",\"name\":\"Gabitel\",\"url\":\"https:\\\/\\\/gabitel.net\\\/en\\\/\",\"logo\":{\"@type\":\"ImageObject\",\"inLanguage\":\"en-US\",\"@id\":\"https:\\\/\\\/gabitel.net\\\/en\\\/#\\\/schema\\\/logo\\\/image\\\/\",\"url\":\"https:\\\/\\\/gabitel.net\\\/wp-content\\\/uploads\\\/2025\\\/05\\\/logo_gabitel.jpg\",\"contentUrl\":\"https:\\\/\\\/gabitel.net\\\/wp-content\\\/uploads\\\/2025\\\/05\\\/logo_gabitel.jpg\",\"width\":2560,\"height\":1330,\"caption\":\"Gabitel\"},\"image\":{\"@id\":\"https:\\\/\\\/gabitel.net\\\/en\\\/#\\\/schema\\\/logo\\\/image\\\/\"},\"sameAs\":[\"https:\\\/\\\/www.facebook.com\\\/gabitelingenieros\\\/\",\"https:\\\/\\\/es.linkedin.com\\\/company\\\/gabitel-ingenieros\"]},{\"@type\":\"Person\",\"@id\":\"https:\\\/\\\/gabitel.net\\\/en\\\/#\\\/schema\\\/person\\\/37ba53714c3fedb9c7d22f4bc781465c\",\"name\":\"user.autor\",\"url\":\"https:\\\/\\\/gabitel.net\\\/en\\\/author\\\/user-autor\\\/\"}]}<\/script>\n<!-- \/ Yoast SEO plugin. -->","yoast_head_json":{"title":"Gabitel celebra su tradicional comida de Navidad - Gabitel","robots":{"index":"noindex","follow":"nofollow"},"og_locale":"en_US","og_type":"article","og_title":"Gabitel celebra su tradicional comida de Navidad - Gabitel","og_description":"Gabitel celebra su tradicional comida de Navidad y reconoce a los compa\u00f1eros con m\u00e1s de 10 a\u00f1os de dedicaci\u00f3n.","og_url":"https:\/\/gabitel.net\/en\/comida_navidad_2024\/","og_site_name":"Gabitel","article_publisher":"https:\/\/www.facebook.com\/gabitelingenieros\/","article_published_time":"2024-12-19T09:45:38+00:00","article_modified_time":"2026-04-17T06:50:19+00:00","og_image":[{"width":1600,"height":747,"url":"https:\/\/gabitel.net\/wp-content\/uploads\/2024\/12\/WhatsApp-Image-2024-12-26-at-10.21.02.jpeg","type":"image\/jpeg"}],"author":"user.autor","twitter_card":"summary_large_image","twitter_misc":{"Written by":"user.autor","Est. reading time":"1 minute"},"schema":{"@context":"https:\/\/schema.org","@graph":[{"@type":["Article","BlogPosting"],"@id":"https:\/\/gabitel.net\/en\/comida_navidad_2024\/#article","isPartOf":{"@id":"https:\/\/gabitel.net\/en\/comida_navidad_2024\/"},"author":{"name":"user.autor","@id":"https:\/\/gabitel.net\/en\/#\/schema\/person\/37ba53714c3fedb9c7d22f4bc781465c"},"headline":"Gabitel celebra su tradicional comida de Navidad","datePublished":"2024-12-19T09:45:38+00:00","dateModified":"2026-04-17T06:50:19+00:00","mainEntityOfPage":{"@id":"https:\/\/gabitel.net\/en\/comida_navidad_2024\/"},"wordCount":273,"publisher":{"@id":"https:\/\/gabitel.net\/en\/#organization"},"image":{"@id":"https:\/\/gabitel.net\/en\/comida_navidad_2024\/#primaryimage"},"thumbnailUrl":"https:\/\/gabitel.net\/wp-content\/uploads\/2024\/12\/WhatsApp-Image-2024-12-26-at-10.21.02.jpeg","articleSection":["Off-topic"],"inLanguage":"en-US"},{"@type":"WebPage","@id":"https:\/\/gabitel.net\/en\/comida_navidad_2024\/","url":"https:\/\/gabitel.net\/en\/comida_navidad_2024\/","name":"Gabitel celebra su tradicional comida de Navidad - Gabitel","isPartOf":{"@id":"https:\/\/gabitel.net\/en\/#website"},"primaryImageOfPage":{"@id":"https:\/\/gabitel.net\/en\/comida_navidad_2024\/#primaryimage"},"image":{"@id":"https:\/\/gabitel.net\/en\/comida_navidad_2024\/#primaryimage"},"thumbnailUrl":"https:\/\/gabitel.net\/wp-content\/uploads\/2024\/12\/WhatsApp-Image-2024-12-26-at-10.21.02.jpeg","datePublished":"2024-12-19T09:45:38+00:00","dateModified":"2026-04-17T06:50:19+00:00","breadcrumb":{"@id":"https:\/\/gabitel.net\/en\/comida_navidad_2024\/#breadcrumb"},"inLanguage":"en-US","potentialAction":[{"@type":"ReadAction","target":["https:\/\/gabitel.net\/en\/comida_navidad_2024\/"]}]},{"@type":"ImageObject","inLanguage":"en-US","@id":"https:\/\/gabitel.net\/en\/comida_navidad_2024\/#primaryimage","url":"https:\/\/gabitel.net\/wp-content\/uploads\/2024\/12\/WhatsApp-Image-2024-12-26-at-10.21.02.jpeg","contentUrl":"https:\/\/gabitel.net\/wp-content\/uploads\/2024\/12\/WhatsApp-Image-2024-12-26-at-10.21.02.jpeg","width":1600,"height":747},{"@type":"BreadcrumbList","@id":"https:\/\/gabitel.net\/en\/comida_navidad_2024\/#breadcrumb","itemListElement":[{"@type":"ListItem","position":1,"name":"Portada","item":"https:\/\/gabitel.net\/en\/"},{"@type":"ListItem","position":2,"name":"Gabitel celebra su tradicional comida de Navidad"}]},{"@type":"WebSite","@id":"https:\/\/gabitel.net\/en\/#website","url":"https:\/\/gabitel.net\/en\/","name":"Gabitel","description":"","publisher":{"@id":"https:\/\/gabitel.net\/en\/#organization"},"potentialAction":[{"@type":"SearchAction","target":{"@type":"EntryPoint","urlTemplate":"https:\/\/gabitel.net\/en\/?s={search_term_string}"},"query-input":{"@type":"PropertyValueSpecification","valueRequired":true,"valueName":"search_term_string"}}],"inLanguage":"en-US"},{"@type":"Organization","@id":"https:\/\/gabitel.net\/en\/#organization","name":"Gabitel","url":"https:\/\/gabitel.net\/en\/","logo":{"@type":"ImageObject","inLanguage":"en-US","@id":"https:\/\/gabitel.net\/en\/#\/schema\/logo\/image\/","url":"https:\/\/gabitel.net\/wp-content\/uploads\/2025\/05\/logo_gabitel.jpg","contentUrl":"https:\/\/gabitel.net\/wp-content\/uploads\/2025\/05\/logo_gabitel.jpg","width":2560,"height":1330,"caption":"Gabitel"},"image":{"@id":"https:\/\/gabitel.net\/en\/#\/schema\/logo\/image\/"},"sameAs":["https:\/\/www.facebook.com\/gabitelingenieros\/","https:\/\/es.linkedin.com\/company\/gabitel-ingenieros"]},{"@type":"Person","@id":"https:\/\/gabitel.net\/en\/#\/schema\/person\/37ba53714c3fedb9c7d22f4bc781465c","name":"user.autor","url":"https:\/\/gabitel.net\/en\/author\/user-autor\/"}]}},"_links":{"self":[{"href":"https:\/\/gabitel.net\/en\/wp-json\/wp\/v2\/posts\/32712","targetHints":{"allow":["GET"]}}],"collection":[{"href":"https:\/\/gabitel.net\/en\/wp-json\/wp\/v2\/posts"}],"about":[{"href":"https:\/\/gabitel.net\/en\/wp-json\/wp\/v2\/types\/post"}],"author":[{"embeddable":true,"href":"https:\/\/gabitel.net\/en\/wp-json\/wp\/v2\/users\/3"}],"replies":[{"embeddable":true,"href":"https:\/\/gabitel.net\/en\/wp-json\/wp\/v2\/comments?post=32712"}],"version-history":[{"count":1,"href":"https:\/\/gabitel.net\/en\/wp-json\/wp\/v2\/posts\/32712\/revisions"}],"predecessor-version":[{"id":33251,"href":"https:\/\/gabitel.net\/en\/wp-json\/wp\/v2\/posts\/32712\/revisions\/33251"}],"wp:featuredmedia":[{"embeddable":true,"href":"https:\/\/gabitel.net\/en\/wp-json\/wp\/v2\/media\/35450"}],"wp:attachment":[{"href":"https:\/\/gabitel.net\/en\/wp-json\/wp\/v2\/media?parent=32712"}],"wp:term":[{"taxonomy":"category","embeddable":true,"href":"https:\/\/gabitel.net\/en\/wp-json\/wp\/v2\/categories?post=32712"},{"taxonomy":"post_tag","embeddable":true,"href":"https:\/\/gabitel.net\/en\/wp-json\/wp\/v2\/tags?post=32712"}],"curies":[{"name":"wp","href":"https:\/\/api.w.org\/{rel}","templated":true}]}}