{"id":32752,"date":"2024-04-24T13:30:02","date_gmt":"2024-04-24T11:30:02","guid":{"rendered":"https:\/\/gabitel.net\/entrevista-gretchen-silveiro\/"},"modified":"2026-04-17T08:50:45","modified_gmt":"2026-04-17T06:50:45","slug":"entrevista-gretchen-silveiro","status":"publish","type":"post","link":"https:\/\/gabitel.net\/en\/entrevista-gretchen-silveiro\/","title":{"rendered":"Entrevista: Gretchen Silveiro"},"content":{"rendered":"<ol>\n<li>\n<p><strong>Tus inicios en Gabitel fueron a trav\u00e9s de las pr\u00e1cticas de tu M\u00e1ster de Medio Ambiente, \u00bfnos podr\u00edas contar cu\u00e1les eran tus expectativas de cara a tus pr\u00e1cticas en Gabitel?<\/strong><\/p>\n<\/li>\n<\/ol>\n<p>Desde mi llegad a Espa\u00f1a, mi vida supuso un gran reto, el m\u00e1s importante era lograr la adaptaci\u00f3n y la inserci\u00f3n en el mundo laboral. Al recibir la noticia que me aceptaban la realizaci\u00f3n de las pr\u00e1cticas en la empresa, mi alegr\u00eda fue inmensa, pues mis expectativas eran principalmente adquirir experiencia pr\u00e1ctica en el campo medioambiental y aprender sobre el proceso de mejora continua. Tambi\u00e9n esperaba poder aplicar los conocimientos te\u00f3ricos adquiridos en mi m\u00e1ster en un entorno laboral real y contribuir de forma significativa al equipo de trabajo de Gabitel. Adem\u00e1s, ten\u00eda la esperanza de poder establecer contactos profesionales y ampliar mi red en el sector empresarial. En definitiva, deseaba que mis pr\u00e1cticas fueran enriquecedoras y me permitieran crecer profesionalmente en el campo de la ingenier\u00eda ambiental.<\/p>\n<p>&nbsp;<\/p>\n<ol start=\"2\">\n<li>\n<p><strong>Al finalizar tus pr\u00e1cticas, se te propuso para continuar con nosotros en el departamento de Redes de Distribuci\u00f3n en la parte de Tramitaciones \u00bfQu\u00e9 supuso ese momento para ti?<\/strong><\/p>\n<\/li>\n<\/ol>\n<p>Ese momento supuso una gran oportunidad para seguir creciendo profesionalmente dentro de la empresa. Sent\u00ed que mi trabajo durante las pr\u00e1cticas hab\u00eda sido valorado y reconocido, lo cual me motiv\u00f3 a seguir esforz\u00e1ndome, demostrando mi capacidad para seguir desarroll\u00e1ndome. Signific\u00f3 que hab\u00eda adquirido habilidades y conocimientos que eran \u00fatiles y necesarios para el departamento, lo cual me hizo sentirme orgulloso de mi trabajo y desempe\u00f1o durante las pr\u00e1cticas, agradeciendo en todo momento la vital ayuda brindaba por mis compa\u00f1eros del departamento, en mi formaci\u00f3n.<\/p>\n<p>&nbsp;<\/p>\n<ol start=\"3\">\n<li>\n<p><strong>Despu\u00e9s de algo m\u00e1s de un a\u00f1o, has tenido la oportunidad de optar a un cambio de departamento que se adaptaba m\u00e1s a tu formaci\u00f3n y te va a permitir desarrollar las competencias y habilidades t\u00e9cnicas que has adquirido, \u00bfcu\u00e1les son tus objetivos en esta nueva etapa en Gabitel?<\/strong><\/p>\n<\/li>\n<\/ol>\n<p>En esta nueva etapa en Gabitel, mis principales objetivos son utilizar mis habilidades t\u00e9cnicas y conocimientos adquiridos para contribuir de manera significativa al departamento y a la empresa en general. Desarrollar nuevas competencias y capacidades que me permitan crecer profesionalmente y asumir mayores responsabilidades en el futuro. Colaborar de manera activa en los proyectos y equipos de trabajo, aportando ideas innovadoras y soluciones creativas. Mantener una actitud proactiva y de aprendizaje continuo, buscando siempre mejorar en mi desempe\u00f1o y contribuir al \u00e9xito de la empresa, establecer relaciones s\u00f3lidas y colaborativas con mis compa\u00f1eros de equipo y contribuir al crecimiento y desarrollo de Gabitel, aportando mi granito de arena para que la empresa siga creciendo y alcanzando sus metas y objetivos.<\/p>\n<p>&nbsp;<\/p>\n<ol start=\"4\">\n<li>\n<p><strong>\u00bfQu\u00e9 es aquello que tiene para ti m\u00e1s valor dentro de la empresa?<\/strong><\/p>\n<\/li>\n<\/ol>\n<p>Para m\u00ed, lo que tiene m\u00e1s valor dentro de la empresa es el trabajo en equipo y la colaboraci\u00f3n entre los diferentes departamentos. Creo que cuando todos trabajamos juntos hacia un objetivo com\u00fan, podemos lograr grandes cosas y alcanzar el \u00e9xito de manera m\u00e1s efectiva. Adem\u00e1s, el apoyo y la camarader\u00eda entre colegas hacen que el ambiente laboral sea m\u00e1s positivo y motivador.<\/p>\n<p>&nbsp;<\/p>\n<ol start=\"5\">\n<li>\n<p><strong>Para conocerte mejor, \u00bfqu\u00e9 fue lo que te impuls\u00f3 venirte a Espa\u00f1a y qu\u00e9 cosas echas de menos de tu pa\u00eds?<\/strong><\/p>\n<\/li>\n<\/ol>\n<p>Lo que me impuls\u00f3 a venirme a Espa\u00f1a fue la oportunidad de estudiar en una universidad reconocida internacionalmente, mejorar profesionalmente y poder vivir una experiencia en un pa\u00eds diferente al m\u00edo. Adem\u00e1s, siempre me ha atra\u00eddo la cultura espa\u00f1ola y el estilo de vida que se lleva aqu\u00ed. Sin embargo, echo de menos muchas cosas de mi pa\u00eds, como la comida t\u00edpica de mi regi\u00f3n y algunas tradiciones que aqu\u00ed no se celebran. Tambi\u00e9n extra\u00f1o el clima c\u00e1lido y las playas que son muy diferentes a las de Espa\u00f1a, la m\u00fasica, y, sobre todo, la cercan\u00eda de mi familia y amigos. Aunque estoy disfrutando de esta experiencia, siempre habr\u00e1 una parte de m\u00ed que extra\u00f1e mi Cubita bella.<\/p>\n<p>&nbsp;<\/p>\n<ol start=\"6\">\n<li>\n<p><strong>Ah\u00ed va la pregunta de nuestro compa\u00f1ero Marta Flores, entrevistada en el bolet\u00edn anterior: \u00bfCu\u00e1l es la forma de mantenerte activo\/a durante tu jornada laboral, cuando llevas bastantes horas realizando un trabajo o tarea que exige mucha concentraci\u00f3n?<\/strong><\/p>\n<\/li>\n<\/ol>\n<p>Considero que es importante encontrar un equilibrio entre el trabajo y el descanso para poder mantenerse activo y concentrado durante la jornada laboral. Algunas estrategias durante largas jornadas de trabajo, que requieren mucha concentraci\u00f3n podr\u00edan ser tomar descansos cortos y frecuentes, levantarse, estirarse, caminar un poco y mirar hacia afuera por unos minutos puede ayudar a recargar energ\u00edas y mantener la concentraci\u00f3n. Realizar ejercicios de estiramiento y mantenerse hidratado para evitar el cansancio y la falta de concentraci\u00f3n. Tambi\u00e9n, escuchar m\u00fasica motivadora animado puede ayudar a mantener la energ\u00eda y la concentraci\u00f3n durante largas jornadas de trabajo.<\/p>\n<p>&nbsp;<\/p>\n<ol start=\"7\">\n<li>\n<p><strong>Env\u00edale una pregunta para el pr\u00f3ximo compa\u00f1ero que ser\u00e1 entrevistado<\/strong><\/p>\n<\/li>\n<\/ol>\n<p>\u00bfCu\u00e1l consideras que ha sido tu mayor logro profesional hasta el momento y c\u00f3mo crees que has contribuido al crecimiento de la empresa?<\/p>\n","protected":false},"excerpt":{"rendered":"<p>Tus inicios en Gabitel fueron a trav\u00e9s de las pr\u00e1cticas de tu M\u00e1ster de Medio Ambiente, \u00bfnos podr\u00edas contar cu\u00e1les eran tus expectativas de cara a tus pr\u00e1cticas en Gabitel? Desde mi llegad a Espa\u00f1a, mi vida supuso un gran reto, el m\u00e1s importante era lograr la adaptaci\u00f3n y la inserci\u00f3n en el mundo laboral. [&hellip;]<\/p>\n","protected":false},"author":3,"featured_media":35290,"comment_status":"closed","ping_status":"closed","sticky":false,"template":"","format":"standard","meta":{"content-type":"","footnotes":""},"categories":[601],"tags":[],"class_list":["post-32752","post","type-post","status-publish","format-standard","has-post-thumbnail","hentry","category-off-topic-en"],"yoast_head":"<!-- This site is optimized with the Yoast SEO plugin v27.5 - https:\/\/yoast.com\/product\/yoast-seo-wordpress\/ -->\n<title>Entrevista: Gretchen Silveiro - Gabitel<\/title>\n<meta name=\"robots\" content=\"noindex, nofollow\" \/>\n<meta property=\"og:locale\" content=\"en_US\" \/>\n<meta property=\"og:type\" content=\"article\" \/>\n<meta property=\"og:title\" content=\"Entrevista: Gretchen Silveiro - Gabitel\" \/>\n<meta property=\"og:description\" content=\"Tus inicios en Gabitel fueron a trav\u00e9s de las pr\u00e1cticas de tu M\u00e1ster de Medio Ambiente, \u00bfnos podr\u00edas contar cu\u00e1les eran tus expectativas de cara a tus pr\u00e1cticas en Gabitel? Desde mi llegad a Espa\u00f1a, mi vida supuso un gran reto, el m\u00e1s importante era lograr la adaptaci\u00f3n y la inserci\u00f3n en el mundo laboral. [&hellip;]\" \/>\n<meta property=\"og:url\" content=\"https:\/\/gabitel.net\/en\/entrevista-gretchen-silveiro\/\" \/>\n<meta property=\"og:site_name\" content=\"Gabitel\" \/>\n<meta property=\"article:publisher\" content=\"https:\/\/www.facebook.com\/gabitelingenieros\/\" \/>\n<meta property=\"article:published_time\" content=\"2024-04-24T11:30:02+00:00\" \/>\n<meta property=\"article:modified_time\" content=\"2026-04-17T06:50:45+00:00\" \/>\n<meta property=\"og:image\" content=\"https:\/\/gabitel.net\/wp-content\/uploads\/2023\/12\/N6-FOTO-DE-PORTADA-min.jpg\" \/>\n\t<meta property=\"og:image:width\" content=\"522\" \/>\n\t<meta property=\"og:image:height\" content=\"640\" \/>\n\t<meta property=\"og:image:type\" content=\"image\/jpeg\" \/>\n<meta name=\"author\" content=\"user.autor\" \/>\n<meta name=\"twitter:card\" content=\"summary_large_image\" \/>\n<meta name=\"twitter:label1\" content=\"Written by\" \/>\n\t<meta name=\"twitter:data1\" content=\"user.autor\" \/>\n\t<meta name=\"twitter:label2\" content=\"Est. reading time\" \/>\n\t<meta name=\"twitter:data2\" content=\"5 minutes\" \/>\n<script type=\"application\/ld+json\" class=\"yoast-schema-graph\">{\"@context\":\"https:\\\/\\\/schema.org\",\"@graph\":[{\"@type\":[\"Article\",\"BlogPosting\"],\"@id\":\"https:\\\/\\\/gabitel.net\\\/en\\\/entrevista-gretchen-silveiro\\\/#article\",\"isPartOf\":{\"@id\":\"https:\\\/\\\/gabitel.net\\\/en\\\/entrevista-gretchen-silveiro\\\/\"},\"author\":{\"name\":\"user.autor\",\"@id\":\"https:\\\/\\\/gabitel.net\\\/en\\\/#\\\/schema\\\/person\\\/37ba53714c3fedb9c7d22f4bc781465c\"},\"headline\":\"Entrevista: Gretchen Silveiro\",\"datePublished\":\"2024-04-24T11:30:02+00:00\",\"dateModified\":\"2026-04-17T06:50:45+00:00\",\"mainEntityOfPage\":{\"@id\":\"https:\\\/\\\/gabitel.net\\\/en\\\/entrevista-gretchen-silveiro\\\/\"},\"wordCount\":920,\"publisher\":{\"@id\":\"https:\\\/\\\/gabitel.net\\\/en\\\/#organization\"},\"image\":{\"@id\":\"https:\\\/\\\/gabitel.net\\\/en\\\/entrevista-gretchen-silveiro\\\/#primaryimage\"},\"thumbnailUrl\":\"https:\\\/\\\/gabitel.net\\\/wp-content\\\/uploads\\\/2023\\\/12\\\/N6-FOTO-DE-PORTADA-min.jpg\",\"articleSection\":[\"Off-topic\"],\"inLanguage\":\"en-US\"},{\"@type\":\"WebPage\",\"@id\":\"https:\\\/\\\/gabitel.net\\\/en\\\/entrevista-gretchen-silveiro\\\/\",\"url\":\"https:\\\/\\\/gabitel.net\\\/en\\\/entrevista-gretchen-silveiro\\\/\",\"name\":\"Entrevista: Gretchen Silveiro - Gabitel\",\"isPartOf\":{\"@id\":\"https:\\\/\\\/gabitel.net\\\/en\\\/#website\"},\"primaryImageOfPage\":{\"@id\":\"https:\\\/\\\/gabitel.net\\\/en\\\/entrevista-gretchen-silveiro\\\/#primaryimage\"},\"image\":{\"@id\":\"https:\\\/\\\/gabitel.net\\\/en\\\/entrevista-gretchen-silveiro\\\/#primaryimage\"},\"thumbnailUrl\":\"https:\\\/\\\/gabitel.net\\\/wp-content\\\/uploads\\\/2023\\\/12\\\/N6-FOTO-DE-PORTADA-min.jpg\",\"datePublished\":\"2024-04-24T11:30:02+00:00\",\"dateModified\":\"2026-04-17T06:50:45+00:00\",\"breadcrumb\":{\"@id\":\"https:\\\/\\\/gabitel.net\\\/en\\\/entrevista-gretchen-silveiro\\\/#breadcrumb\"},\"inLanguage\":\"en-US\",\"potentialAction\":[{\"@type\":\"ReadAction\",\"target\":[\"https:\\\/\\\/gabitel.net\\\/en\\\/entrevista-gretchen-silveiro\\\/\"]}]},{\"@type\":\"ImageObject\",\"inLanguage\":\"en-US\",\"@id\":\"https:\\\/\\\/gabitel.net\\\/en\\\/entrevista-gretchen-silveiro\\\/#primaryimage\",\"url\":\"https:\\\/\\\/gabitel.net\\\/wp-content\\\/uploads\\\/2023\\\/12\\\/N6-FOTO-DE-PORTADA-min.jpg\",\"contentUrl\":\"https:\\\/\\\/gabitel.net\\\/wp-content\\\/uploads\\\/2023\\\/12\\\/N6-FOTO-DE-PORTADA-min.jpg\",\"width\":522,\"height\":640},{\"@type\":\"BreadcrumbList\",\"@id\":\"https:\\\/\\\/gabitel.net\\\/en\\\/entrevista-gretchen-silveiro\\\/#breadcrumb\",\"itemListElement\":[{\"@type\":\"ListItem\",\"position\":1,\"name\":\"Portada\",\"item\":\"https:\\\/\\\/gabitel.net\\\/en\\\/\"},{\"@type\":\"ListItem\",\"position\":2,\"name\":\"Entrevista: Gretchen Silveiro\"}]},{\"@type\":\"WebSite\",\"@id\":\"https:\\\/\\\/gabitel.net\\\/en\\\/#website\",\"url\":\"https:\\\/\\\/gabitel.net\\\/en\\\/\",\"name\":\"Gabitel\",\"description\":\"\",\"publisher\":{\"@id\":\"https:\\\/\\\/gabitel.net\\\/en\\\/#organization\"},\"potentialAction\":[{\"@type\":\"SearchAction\",\"target\":{\"@type\":\"EntryPoint\",\"urlTemplate\":\"https:\\\/\\\/gabitel.net\\\/en\\\/?s={search_term_string}\"},\"query-input\":{\"@type\":\"PropertyValueSpecification\",\"valueRequired\":true,\"valueName\":\"search_term_string\"}}],\"inLanguage\":\"en-US\"},{\"@type\":\"Organization\",\"@id\":\"https:\\\/\\\/gabitel.net\\\/en\\\/#organization\",\"name\":\"Gabitel\",\"url\":\"https:\\\/\\\/gabitel.net\\\/en\\\/\",\"logo\":{\"@type\":\"ImageObject\",\"inLanguage\":\"en-US\",\"@id\":\"https:\\\/\\\/gabitel.net\\\/en\\\/#\\\/schema\\\/logo\\\/image\\\/\",\"url\":\"https:\\\/\\\/gabitel.net\\\/wp-content\\\/uploads\\\/2025\\\/05\\\/logo_gabitel.jpg\",\"contentUrl\":\"https:\\\/\\\/gabitel.net\\\/wp-content\\\/uploads\\\/2025\\\/05\\\/logo_gabitel.jpg\",\"width\":2560,\"height\":1330,\"caption\":\"Gabitel\"},\"image\":{\"@id\":\"https:\\\/\\\/gabitel.net\\\/en\\\/#\\\/schema\\\/logo\\\/image\\\/\"},\"sameAs\":[\"https:\\\/\\\/www.facebook.com\\\/gabitelingenieros\\\/\",\"https:\\\/\\\/es.linkedin.com\\\/company\\\/gabitel-ingenieros\"]},{\"@type\":\"Person\",\"@id\":\"https:\\\/\\\/gabitel.net\\\/en\\\/#\\\/schema\\\/person\\\/37ba53714c3fedb9c7d22f4bc781465c\",\"name\":\"user.autor\",\"url\":\"https:\\\/\\\/gabitel.net\\\/en\\\/author\\\/user-autor\\\/\"}]}<\/script>\n<!-- \/ Yoast SEO plugin. -->","yoast_head_json":{"title":"Entrevista: Gretchen Silveiro - Gabitel","robots":{"index":"noindex","follow":"nofollow"},"og_locale":"en_US","og_type":"article","og_title":"Entrevista: Gretchen Silveiro - Gabitel","og_description":"Tus inicios en Gabitel fueron a trav\u00e9s de las pr\u00e1cticas de tu M\u00e1ster de Medio Ambiente, \u00bfnos podr\u00edas contar cu\u00e1les eran tus expectativas de cara a tus pr\u00e1cticas en Gabitel? Desde mi llegad a Espa\u00f1a, mi vida supuso un gran reto, el m\u00e1s importante era lograr la adaptaci\u00f3n y la inserci\u00f3n en el mundo laboral. [&hellip;]","og_url":"https:\/\/gabitel.net\/en\/entrevista-gretchen-silveiro\/","og_site_name":"Gabitel","article_publisher":"https:\/\/www.facebook.com\/gabitelingenieros\/","article_published_time":"2024-04-24T11:30:02+00:00","article_modified_time":"2026-04-17T06:50:45+00:00","og_image":[{"width":522,"height":640,"url":"https:\/\/gabitel.net\/wp-content\/uploads\/2023\/12\/N6-FOTO-DE-PORTADA-min.jpg","type":"image\/jpeg"}],"author":"user.autor","twitter_card":"summary_large_image","twitter_misc":{"Written by":"user.autor","Est. reading time":"5 minutes"},"schema":{"@context":"https:\/\/schema.org","@graph":[{"@type":["Article","BlogPosting"],"@id":"https:\/\/gabitel.net\/en\/entrevista-gretchen-silveiro\/#article","isPartOf":{"@id":"https:\/\/gabitel.net\/en\/entrevista-gretchen-silveiro\/"},"author":{"name":"user.autor","@id":"https:\/\/gabitel.net\/en\/#\/schema\/person\/37ba53714c3fedb9c7d22f4bc781465c"},"headline":"Entrevista: Gretchen Silveiro","datePublished":"2024-04-24T11:30:02+00:00","dateModified":"2026-04-17T06:50:45+00:00","mainEntityOfPage":{"@id":"https:\/\/gabitel.net\/en\/entrevista-gretchen-silveiro\/"},"wordCount":920,"publisher":{"@id":"https:\/\/gabitel.net\/en\/#organization"},"image":{"@id":"https:\/\/gabitel.net\/en\/entrevista-gretchen-silveiro\/#primaryimage"},"thumbnailUrl":"https:\/\/gabitel.net\/wp-content\/uploads\/2023\/12\/N6-FOTO-DE-PORTADA-min.jpg","articleSection":["Off-topic"],"inLanguage":"en-US"},{"@type":"WebPage","@id":"https:\/\/gabitel.net\/en\/entrevista-gretchen-silveiro\/","url":"https:\/\/gabitel.net\/en\/entrevista-gretchen-silveiro\/","name":"Entrevista: Gretchen Silveiro - Gabitel","isPartOf":{"@id":"https:\/\/gabitel.net\/en\/#website"},"primaryImageOfPage":{"@id":"https:\/\/gabitel.net\/en\/entrevista-gretchen-silveiro\/#primaryimage"},"image":{"@id":"https:\/\/gabitel.net\/en\/entrevista-gretchen-silveiro\/#primaryimage"},"thumbnailUrl":"https:\/\/gabitel.net\/wp-content\/uploads\/2023\/12\/N6-FOTO-DE-PORTADA-min.jpg","datePublished":"2024-04-24T11:30:02+00:00","dateModified":"2026-04-17T06:50:45+00:00","breadcrumb":{"@id":"https:\/\/gabitel.net\/en\/entrevista-gretchen-silveiro\/#breadcrumb"},"inLanguage":"en-US","potentialAction":[{"@type":"ReadAction","target":["https:\/\/gabitel.net\/en\/entrevista-gretchen-silveiro\/"]}]},{"@type":"ImageObject","inLanguage":"en-US","@id":"https:\/\/gabitel.net\/en\/entrevista-gretchen-silveiro\/#primaryimage","url":"https:\/\/gabitel.net\/wp-content\/uploads\/2023\/12\/N6-FOTO-DE-PORTADA-min.jpg","contentUrl":"https:\/\/gabitel.net\/wp-content\/uploads\/2023\/12\/N6-FOTO-DE-PORTADA-min.jpg","width":522,"height":640},{"@type":"BreadcrumbList","@id":"https:\/\/gabitel.net\/en\/entrevista-gretchen-silveiro\/#breadcrumb","itemListElement":[{"@type":"ListItem","position":1,"name":"Portada","item":"https:\/\/gabitel.net\/en\/"},{"@type":"ListItem","position":2,"name":"Entrevista: Gretchen Silveiro"}]},{"@type":"WebSite","@id":"https:\/\/gabitel.net\/en\/#website","url":"https:\/\/gabitel.net\/en\/","name":"Gabitel","description":"","publisher":{"@id":"https:\/\/gabitel.net\/en\/#organization"},"potentialAction":[{"@type":"SearchAction","target":{"@type":"EntryPoint","urlTemplate":"https:\/\/gabitel.net\/en\/?s={search_term_string}"},"query-input":{"@type":"PropertyValueSpecification","valueRequired":true,"valueName":"search_term_string"}}],"inLanguage":"en-US"},{"@type":"Organization","@id":"https:\/\/gabitel.net\/en\/#organization","name":"Gabitel","url":"https:\/\/gabitel.net\/en\/","logo":{"@type":"ImageObject","inLanguage":"en-US","@id":"https:\/\/gabitel.net\/en\/#\/schema\/logo\/image\/","url":"https:\/\/gabitel.net\/wp-content\/uploads\/2025\/05\/logo_gabitel.jpg","contentUrl":"https:\/\/gabitel.net\/wp-content\/uploads\/2025\/05\/logo_gabitel.jpg","width":2560,"height":1330,"caption":"Gabitel"},"image":{"@id":"https:\/\/gabitel.net\/en\/#\/schema\/logo\/image\/"},"sameAs":["https:\/\/www.facebook.com\/gabitelingenieros\/","https:\/\/es.linkedin.com\/company\/gabitel-ingenieros"]},{"@type":"Person","@id":"https:\/\/gabitel.net\/en\/#\/schema\/person\/37ba53714c3fedb9c7d22f4bc781465c","name":"user.autor","url":"https:\/\/gabitel.net\/en\/author\/user-autor\/"}]}},"_links":{"self":[{"href":"https:\/\/gabitel.net\/en\/wp-json\/wp\/v2\/posts\/32752","targetHints":{"allow":["GET"]}}],"collection":[{"href":"https:\/\/gabitel.net\/en\/wp-json\/wp\/v2\/posts"}],"about":[{"href":"https:\/\/gabitel.net\/en\/wp-json\/wp\/v2\/types\/post"}],"author":[{"embeddable":true,"href":"https:\/\/gabitel.net\/en\/wp-json\/wp\/v2\/users\/3"}],"replies":[{"embeddable":true,"href":"https:\/\/gabitel.net\/en\/wp-json\/wp\/v2\/comments?post=32752"}],"version-history":[{"count":1,"href":"https:\/\/gabitel.net\/en\/wp-json\/wp\/v2\/posts\/32752\/revisions"}],"predecessor-version":[{"id":33291,"href":"https:\/\/gabitel.net\/en\/wp-json\/wp\/v2\/posts\/32752\/revisions\/33291"}],"wp:featuredmedia":[{"embeddable":true,"href":"https:\/\/gabitel.net\/en\/wp-json\/wp\/v2\/media\/35290"}],"wp:attachment":[{"href":"https:\/\/gabitel.net\/en\/wp-json\/wp\/v2\/media?parent=32752"}],"wp:term":[{"taxonomy":"category","embeddable":true,"href":"https:\/\/gabitel.net\/en\/wp-json\/wp\/v2\/categories?post=32752"},{"taxonomy":"post_tag","embeddable":true,"href":"https:\/\/gabitel.net\/en\/wp-json\/wp\/v2\/tags?post=32752"}],"curies":[{"name":"wp","href":"https:\/\/api.w.org\/{rel}","templated":true}]}}