{"id":32754,"date":"2024-03-08T13:30:38","date_gmt":"2024-03-08T12:30:38","guid":{"rendered":"https:\/\/gabitel.net\/gabitel-celebra-el-dia-internacional-de-la-mujer-por-ellas\/"},"modified":"2026-04-17T08:50:45","modified_gmt":"2026-04-17T06:50:45","slug":"gabitel-celebra-el-dia-internacional-de-la-mujer-por-ellas","status":"publish","type":"post","link":"https:\/\/gabitel.net\/en\/gabitel-celebra-el-dia-internacional-de-la-mujer-por-ellas\/","title":{"rendered":"Gabitel celebra el D\u00eda Internacional de la mujer. Por Ellas"},"content":{"rendered":"<p>Alicia, Luz, Mar\u00eda Jos\u00e9, Marta, Cinta, Candela, Patricia, Lola, Gretchen, Rosa, Elena, Carmen, Luc\u00eda, Cristina, Bel\u00e9n, Silvia, Nuria, Mariam, Macarena, Elena, Naira, Harriet, Inma, Kendy, Zoraida, Rachel, Teresa, Cristina, Celia\u2026 nos faltar\u00eda espacio para seguir nombrando a todas y cada una de ellas, nuestras compa\u00f1eras que forman parte de nuestro equipo en cada una de nuestras divisiones.<\/p>\n<p>Desde nuestros inicios, <strong>Gabitel<\/strong> siempre se ha esforzado en hacer valer el papel de la mujer dentro del sector de la ingenier\u00eda, con el af\u00e1n de reivindicar la presencia femenina en un sector, tradicionalmente, masculinizado. Esta brecha de g\u00e9nero ha estado muy presente, motivo por el cual, <strong>Gabitel<\/strong> adquiri\u00f3 un fuerte compromiso fomentando la integraci\u00f3n laboral de la mujer en nuestro entorno de trabajo, fruto de ello hoy en d\u00eda, el porcentaje de mujeres integrantes en nuestro equipo de trabajo asciende al 40%, rozando pr\u00e1cticamente la paridad de ambos sexos, y suponiendo un porcentaje muy superior al de muchas otras empresas vinculadas a nuestro sector.<\/p>\n<p>La misi\u00f3n de <strong>Gabitel<\/strong>, es seguir marcando la diferencia, apostando por inclusi\u00f3n de la mujer en el sector de la ingenier\u00eda, a trav\u00e9s de actuaciones que fomenten la igualdad de g\u00e9nero y la conciliaci\u00f3n de la vida personal y laboral.<\/p>\n<p>Gracias, compa\u00f1eras, que os esforz\u00e1is cada d\u00eda por contribuir con vuestro trabajo a hacernos crecer y a construir un mundo m\u00e1s equitativo. Admiramos vuestra dedicaci\u00f3n y compromiso porque es vuestra labor y val\u00eda profesional la que d\u00eda a d\u00eda nos impulsa junto a nuestros compa\u00f1eros a progresar juntos hacia un horizonte de libertad, m\u00e1s justo y con las mismas oportunidades todas y todos.<\/p>\n","protected":false},"excerpt":{"rendered":"<p>Desde nuestros inicios, Gabitel siempre se ha esforzado en hacer valer el papel de la mujer dentro del sector de la ingenier\u00eda.<\/p>\n","protected":false},"author":3,"featured_media":35275,"comment_status":"closed","ping_status":"closed","sticky":false,"template":"","format":"standard","meta":{"content-type":"","footnotes":""},"categories":[601],"tags":[],"class_list":["post-32754","post","type-post","status-publish","format-standard","has-post-thumbnail","hentry","category-off-topic-en"],"yoast_head":"<!-- This site is optimized with the Yoast SEO plugin v27.5 - https:\/\/yoast.com\/product\/yoast-seo-wordpress\/ -->\n<title>Gabitel celebra el D\u00eda Internacional de la mujer. Por Ellas - Gabitel<\/title>\n<meta name=\"robots\" content=\"noindex, nofollow\" \/>\n<meta property=\"og:locale\" content=\"en_US\" \/>\n<meta property=\"og:type\" content=\"article\" \/>\n<meta property=\"og:title\" content=\"Gabitel celebra el D\u00eda Internacional de la mujer. Por Ellas - Gabitel\" \/>\n<meta property=\"og:description\" content=\"Desde nuestros inicios, Gabitel siempre se ha esforzado en hacer valer el papel de la mujer dentro del sector de la ingenier\u00eda.\" \/>\n<meta property=\"og:url\" content=\"https:\/\/gabitel.net\/en\/gabitel-celebra-el-dia-internacional-de-la-mujer-por-ellas\/\" \/>\n<meta property=\"og:site_name\" content=\"Gabitel\" \/>\n<meta property=\"article:publisher\" content=\"https:\/\/www.facebook.com\/gabitelingenieros\/\" \/>\n<meta property=\"article:published_time\" content=\"2024-03-08T12:30:38+00:00\" \/>\n<meta property=\"article:modified_time\" content=\"2026-04-17T06:50:45+00:00\" \/>\n<meta property=\"og:image\" content=\"https:\/\/gabitel.net\/wp-content\/uploads\/2024\/04\/N1.2-FOTO-DE-PORTADA.jpeg\" \/>\n\t<meta property=\"og:image:width\" content=\"940\" \/>\n\t<meta property=\"og:image:height\" content=\"788\" \/>\n\t<meta property=\"og:image:type\" content=\"image\/jpeg\" \/>\n<meta name=\"author\" content=\"user.autor\" \/>\n<meta name=\"twitter:card\" content=\"summary_large_image\" \/>\n<meta name=\"twitter:label1\" content=\"Written by\" \/>\n\t<meta name=\"twitter:data1\" content=\"user.autor\" \/>\n\t<meta name=\"twitter:label2\" content=\"Est. reading time\" \/>\n\t<meta name=\"twitter:data2\" content=\"1 minute\" \/>\n<script type=\"application\/ld+json\" class=\"yoast-schema-graph\">{\"@context\":\"https:\\\/\\\/schema.org\",\"@graph\":[{\"@type\":[\"Article\",\"BlogPosting\"],\"@id\":\"https:\\\/\\\/gabitel.net\\\/en\\\/gabitel-celebra-el-dia-internacional-de-la-mujer-por-ellas\\\/#article\",\"isPartOf\":{\"@id\":\"https:\\\/\\\/gabitel.net\\\/en\\\/gabitel-celebra-el-dia-internacional-de-la-mujer-por-ellas\\\/\"},\"author\":{\"name\":\"user.autor\",\"@id\":\"https:\\\/\\\/gabitel.net\\\/en\\\/#\\\/schema\\\/person\\\/37ba53714c3fedb9c7d22f4bc781465c\"},\"headline\":\"Gabitel celebra el D\u00eda Internacional de la mujer. Por Ellas\",\"datePublished\":\"2024-03-08T12:30:38+00:00\",\"dateModified\":\"2026-04-17T06:50:45+00:00\",\"mainEntityOfPage\":{\"@id\":\"https:\\\/\\\/gabitel.net\\\/en\\\/gabitel-celebra-el-dia-internacional-de-la-mujer-por-ellas\\\/\"},\"wordCount\":302,\"publisher\":{\"@id\":\"https:\\\/\\\/gabitel.net\\\/en\\\/#organization\"},\"image\":{\"@id\":\"https:\\\/\\\/gabitel.net\\\/en\\\/gabitel-celebra-el-dia-internacional-de-la-mujer-por-ellas\\\/#primaryimage\"},\"thumbnailUrl\":\"https:\\\/\\\/gabitel.net\\\/wp-content\\\/uploads\\\/2024\\\/04\\\/N1.2-FOTO-DE-PORTADA.jpeg\",\"articleSection\":[\"Off-topic\"],\"inLanguage\":\"en-US\"},{\"@type\":\"WebPage\",\"@id\":\"https:\\\/\\\/gabitel.net\\\/en\\\/gabitel-celebra-el-dia-internacional-de-la-mujer-por-ellas\\\/\",\"url\":\"https:\\\/\\\/gabitel.net\\\/en\\\/gabitel-celebra-el-dia-internacional-de-la-mujer-por-ellas\\\/\",\"name\":\"Gabitel celebra el D\u00eda Internacional de la mujer. Por Ellas - Gabitel\",\"isPartOf\":{\"@id\":\"https:\\\/\\\/gabitel.net\\\/en\\\/#website\"},\"primaryImageOfPage\":{\"@id\":\"https:\\\/\\\/gabitel.net\\\/en\\\/gabitel-celebra-el-dia-internacional-de-la-mujer-por-ellas\\\/#primaryimage\"},\"image\":{\"@id\":\"https:\\\/\\\/gabitel.net\\\/en\\\/gabitel-celebra-el-dia-internacional-de-la-mujer-por-ellas\\\/#primaryimage\"},\"thumbnailUrl\":\"https:\\\/\\\/gabitel.net\\\/wp-content\\\/uploads\\\/2024\\\/04\\\/N1.2-FOTO-DE-PORTADA.jpeg\",\"datePublished\":\"2024-03-08T12:30:38+00:00\",\"dateModified\":\"2026-04-17T06:50:45+00:00\",\"breadcrumb\":{\"@id\":\"https:\\\/\\\/gabitel.net\\\/en\\\/gabitel-celebra-el-dia-internacional-de-la-mujer-por-ellas\\\/#breadcrumb\"},\"inLanguage\":\"en-US\",\"potentialAction\":[{\"@type\":\"ReadAction\",\"target\":[\"https:\\\/\\\/gabitel.net\\\/en\\\/gabitel-celebra-el-dia-internacional-de-la-mujer-por-ellas\\\/\"]}]},{\"@type\":\"ImageObject\",\"inLanguage\":\"en-US\",\"@id\":\"https:\\\/\\\/gabitel.net\\\/en\\\/gabitel-celebra-el-dia-internacional-de-la-mujer-por-ellas\\\/#primaryimage\",\"url\":\"https:\\\/\\\/gabitel.net\\\/wp-content\\\/uploads\\\/2024\\\/04\\\/N1.2-FOTO-DE-PORTADA.jpeg\",\"contentUrl\":\"https:\\\/\\\/gabitel.net\\\/wp-content\\\/uploads\\\/2024\\\/04\\\/N1.2-FOTO-DE-PORTADA.jpeg\",\"width\":940,\"height\":788},{\"@type\":\"BreadcrumbList\",\"@id\":\"https:\\\/\\\/gabitel.net\\\/en\\\/gabitel-celebra-el-dia-internacional-de-la-mujer-por-ellas\\\/#breadcrumb\",\"itemListElement\":[{\"@type\":\"ListItem\",\"position\":1,\"name\":\"Portada\",\"item\":\"https:\\\/\\\/gabitel.net\\\/en\\\/\"},{\"@type\":\"ListItem\",\"position\":2,\"name\":\"Gabitel celebra el D\u00eda Internacional de la mujer. Por Ellas\"}]},{\"@type\":\"WebSite\",\"@id\":\"https:\\\/\\\/gabitel.net\\\/en\\\/#website\",\"url\":\"https:\\\/\\\/gabitel.net\\\/en\\\/\",\"name\":\"Gabitel\",\"description\":\"\",\"publisher\":{\"@id\":\"https:\\\/\\\/gabitel.net\\\/en\\\/#organization\"},\"potentialAction\":[{\"@type\":\"SearchAction\",\"target\":{\"@type\":\"EntryPoint\",\"urlTemplate\":\"https:\\\/\\\/gabitel.net\\\/en\\\/?s={search_term_string}\"},\"query-input\":{\"@type\":\"PropertyValueSpecification\",\"valueRequired\":true,\"valueName\":\"search_term_string\"}}],\"inLanguage\":\"en-US\"},{\"@type\":\"Organization\",\"@id\":\"https:\\\/\\\/gabitel.net\\\/en\\\/#organization\",\"name\":\"Gabitel\",\"url\":\"https:\\\/\\\/gabitel.net\\\/en\\\/\",\"logo\":{\"@type\":\"ImageObject\",\"inLanguage\":\"en-US\",\"@id\":\"https:\\\/\\\/gabitel.net\\\/en\\\/#\\\/schema\\\/logo\\\/image\\\/\",\"url\":\"https:\\\/\\\/gabitel.net\\\/wp-content\\\/uploads\\\/2025\\\/05\\\/logo_gabitel.jpg\",\"contentUrl\":\"https:\\\/\\\/gabitel.net\\\/wp-content\\\/uploads\\\/2025\\\/05\\\/logo_gabitel.jpg\",\"width\":2560,\"height\":1330,\"caption\":\"Gabitel\"},\"image\":{\"@id\":\"https:\\\/\\\/gabitel.net\\\/en\\\/#\\\/schema\\\/logo\\\/image\\\/\"},\"sameAs\":[\"https:\\\/\\\/www.facebook.com\\\/gabitelingenieros\\\/\",\"https:\\\/\\\/es.linkedin.com\\\/company\\\/gabitel-ingenieros\"]},{\"@type\":\"Person\",\"@id\":\"https:\\\/\\\/gabitel.net\\\/en\\\/#\\\/schema\\\/person\\\/37ba53714c3fedb9c7d22f4bc781465c\",\"name\":\"user.autor\",\"url\":\"https:\\\/\\\/gabitel.net\\\/en\\\/author\\\/user-autor\\\/\"}]}<\/script>\n<!-- \/ Yoast SEO plugin. -->","yoast_head_json":{"title":"Gabitel celebra el D\u00eda Internacional de la mujer. Por Ellas - Gabitel","robots":{"index":"noindex","follow":"nofollow"},"og_locale":"en_US","og_type":"article","og_title":"Gabitel celebra el D\u00eda Internacional de la mujer. Por Ellas - Gabitel","og_description":"Desde nuestros inicios, Gabitel siempre se ha esforzado en hacer valer el papel de la mujer dentro del sector de la ingenier\u00eda.","og_url":"https:\/\/gabitel.net\/en\/gabitel-celebra-el-dia-internacional-de-la-mujer-por-ellas\/","og_site_name":"Gabitel","article_publisher":"https:\/\/www.facebook.com\/gabitelingenieros\/","article_published_time":"2024-03-08T12:30:38+00:00","article_modified_time":"2026-04-17T06:50:45+00:00","og_image":[{"width":940,"height":788,"url":"https:\/\/gabitel.net\/wp-content\/uploads\/2024\/04\/N1.2-FOTO-DE-PORTADA.jpeg","type":"image\/jpeg"}],"author":"user.autor","twitter_card":"summary_large_image","twitter_misc":{"Written by":"user.autor","Est. reading time":"1 minute"},"schema":{"@context":"https:\/\/schema.org","@graph":[{"@type":["Article","BlogPosting"],"@id":"https:\/\/gabitel.net\/en\/gabitel-celebra-el-dia-internacional-de-la-mujer-por-ellas\/#article","isPartOf":{"@id":"https:\/\/gabitel.net\/en\/gabitel-celebra-el-dia-internacional-de-la-mujer-por-ellas\/"},"author":{"name":"user.autor","@id":"https:\/\/gabitel.net\/en\/#\/schema\/person\/37ba53714c3fedb9c7d22f4bc781465c"},"headline":"Gabitel celebra el D\u00eda Internacional de la mujer. Por Ellas","datePublished":"2024-03-08T12:30:38+00:00","dateModified":"2026-04-17T06:50:45+00:00","mainEntityOfPage":{"@id":"https:\/\/gabitel.net\/en\/gabitel-celebra-el-dia-internacional-de-la-mujer-por-ellas\/"},"wordCount":302,"publisher":{"@id":"https:\/\/gabitel.net\/en\/#organization"},"image":{"@id":"https:\/\/gabitel.net\/en\/gabitel-celebra-el-dia-internacional-de-la-mujer-por-ellas\/#primaryimage"},"thumbnailUrl":"https:\/\/gabitel.net\/wp-content\/uploads\/2024\/04\/N1.2-FOTO-DE-PORTADA.jpeg","articleSection":["Off-topic"],"inLanguage":"en-US"},{"@type":"WebPage","@id":"https:\/\/gabitel.net\/en\/gabitel-celebra-el-dia-internacional-de-la-mujer-por-ellas\/","url":"https:\/\/gabitel.net\/en\/gabitel-celebra-el-dia-internacional-de-la-mujer-por-ellas\/","name":"Gabitel celebra el D\u00eda Internacional de la mujer. Por Ellas - Gabitel","isPartOf":{"@id":"https:\/\/gabitel.net\/en\/#website"},"primaryImageOfPage":{"@id":"https:\/\/gabitel.net\/en\/gabitel-celebra-el-dia-internacional-de-la-mujer-por-ellas\/#primaryimage"},"image":{"@id":"https:\/\/gabitel.net\/en\/gabitel-celebra-el-dia-internacional-de-la-mujer-por-ellas\/#primaryimage"},"thumbnailUrl":"https:\/\/gabitel.net\/wp-content\/uploads\/2024\/04\/N1.2-FOTO-DE-PORTADA.jpeg","datePublished":"2024-03-08T12:30:38+00:00","dateModified":"2026-04-17T06:50:45+00:00","breadcrumb":{"@id":"https:\/\/gabitel.net\/en\/gabitel-celebra-el-dia-internacional-de-la-mujer-por-ellas\/#breadcrumb"},"inLanguage":"en-US","potentialAction":[{"@type":"ReadAction","target":["https:\/\/gabitel.net\/en\/gabitel-celebra-el-dia-internacional-de-la-mujer-por-ellas\/"]}]},{"@type":"ImageObject","inLanguage":"en-US","@id":"https:\/\/gabitel.net\/en\/gabitel-celebra-el-dia-internacional-de-la-mujer-por-ellas\/#primaryimage","url":"https:\/\/gabitel.net\/wp-content\/uploads\/2024\/04\/N1.2-FOTO-DE-PORTADA.jpeg","contentUrl":"https:\/\/gabitel.net\/wp-content\/uploads\/2024\/04\/N1.2-FOTO-DE-PORTADA.jpeg","width":940,"height":788},{"@type":"BreadcrumbList","@id":"https:\/\/gabitel.net\/en\/gabitel-celebra-el-dia-internacional-de-la-mujer-por-ellas\/#breadcrumb","itemListElement":[{"@type":"ListItem","position":1,"name":"Portada","item":"https:\/\/gabitel.net\/en\/"},{"@type":"ListItem","position":2,"name":"Gabitel celebra el D\u00eda Internacional de la mujer. Por Ellas"}]},{"@type":"WebSite","@id":"https:\/\/gabitel.net\/en\/#website","url":"https:\/\/gabitel.net\/en\/","name":"Gabitel","description":"","publisher":{"@id":"https:\/\/gabitel.net\/en\/#organization"},"potentialAction":[{"@type":"SearchAction","target":{"@type":"EntryPoint","urlTemplate":"https:\/\/gabitel.net\/en\/?s={search_term_string}"},"query-input":{"@type":"PropertyValueSpecification","valueRequired":true,"valueName":"search_term_string"}}],"inLanguage":"en-US"},{"@type":"Organization","@id":"https:\/\/gabitel.net\/en\/#organization","name":"Gabitel","url":"https:\/\/gabitel.net\/en\/","logo":{"@type":"ImageObject","inLanguage":"en-US","@id":"https:\/\/gabitel.net\/en\/#\/schema\/logo\/image\/","url":"https:\/\/gabitel.net\/wp-content\/uploads\/2025\/05\/logo_gabitel.jpg","contentUrl":"https:\/\/gabitel.net\/wp-content\/uploads\/2025\/05\/logo_gabitel.jpg","width":2560,"height":1330,"caption":"Gabitel"},"image":{"@id":"https:\/\/gabitel.net\/en\/#\/schema\/logo\/image\/"},"sameAs":["https:\/\/www.facebook.com\/gabitelingenieros\/","https:\/\/es.linkedin.com\/company\/gabitel-ingenieros"]},{"@type":"Person","@id":"https:\/\/gabitel.net\/en\/#\/schema\/person\/37ba53714c3fedb9c7d22f4bc781465c","name":"user.autor","url":"https:\/\/gabitel.net\/en\/author\/user-autor\/"}]}},"_links":{"self":[{"href":"https:\/\/gabitel.net\/en\/wp-json\/wp\/v2\/posts\/32754","targetHints":{"allow":["GET"]}}],"collection":[{"href":"https:\/\/gabitel.net\/en\/wp-json\/wp\/v2\/posts"}],"about":[{"href":"https:\/\/gabitel.net\/en\/wp-json\/wp\/v2\/types\/post"}],"author":[{"embeddable":true,"href":"https:\/\/gabitel.net\/en\/wp-json\/wp\/v2\/users\/3"}],"replies":[{"embeddable":true,"href":"https:\/\/gabitel.net\/en\/wp-json\/wp\/v2\/comments?post=32754"}],"version-history":[{"count":1,"href":"https:\/\/gabitel.net\/en\/wp-json\/wp\/v2\/posts\/32754\/revisions"}],"predecessor-version":[{"id":33293,"href":"https:\/\/gabitel.net\/en\/wp-json\/wp\/v2\/posts\/32754\/revisions\/33293"}],"wp:featuredmedia":[{"embeddable":true,"href":"https:\/\/gabitel.net\/en\/wp-json\/wp\/v2\/media\/35275"}],"wp:attachment":[{"href":"https:\/\/gabitel.net\/en\/wp-json\/wp\/v2\/media?parent=32754"}],"wp:term":[{"taxonomy":"category","embeddable":true,"href":"https:\/\/gabitel.net\/en\/wp-json\/wp\/v2\/categories?post=32754"},{"taxonomy":"post_tag","embeddable":true,"href":"https:\/\/gabitel.net\/en\/wp-json\/wp\/v2\/tags?post=32754"}],"curies":[{"name":"wp","href":"https:\/\/api.w.org\/{rel}","templated":true}]}}