{"id":32768,"date":"2023-12-27T13:25:02","date_gmt":"2023-12-27T12:25:02","guid":{"rendered":"https:\/\/gabitel.net\/entrevista-rosa-leal\/"},"modified":"2026-04-17T08:50:48","modified_gmt":"2026-04-17T06:50:48","slug":"entrevista-rosa-leal","status":"publish","type":"post","link":"https:\/\/gabitel.net\/en\/entrevista-rosa-leal\/","title":{"rendered":"Entrevista: Rosa Leal"},"content":{"rendered":"<ol>\n<li><strong>Tus inicios en Gabitel fueron a trav\u00e9s de las pr\u00e1cticas del ciclo formativo que realizaste, \u00bfnos podr\u00edas contar cu\u00e1les eran tus expectativas de cara a tus pr\u00e1cticas en Gabitel?<\/strong><\/li>\n<\/ol>\n<p>Mi \u00faltimo pensamiento era que me ofrecieran la posibilidad de quedarme en Gabitel trabajando, el d\u00eda que me lo dijeron no me lo cre\u00eda, y mucho menos me hacia la idea de que me ofrecieran quedarme en el departamento de Endesa. A ra\u00edz de ah\u00ed, mis expectativas fueron creciendo, y mis ganas de aprender cada d\u00eda eran m\u00e1s.<\/p>\n<p>&nbsp;<\/p>\n<ol start=\"2\">\n<li><strong>Iniciaste tu actividad en el Departamento de Telecomunicaciones, y de ah\u00ed p\u00e1sate a Redes de Distribuci\u00f3n \u00bfqu\u00e9 supuso este cambio para ti profesionalmente?<\/strong><\/li>\n<\/ol>\n<p>Supuso un cambio bastante grande para m\u00ed, ya que nunca hab\u00eda estado en el mundo de Redes de Distribuci\u00f3n, pero he de decir, que no puedo estar mas contenta con el cambio, gracias a ello, he desarrollado habilidades y trabajos, los cuales desconoc\u00eda.<\/p>\n<p>&nbsp;<\/p>\n<ol start=\"3\">\n<li><strong>De todo este tiempo en Gabitel, \u00bfqu\u00e9 ha sido lo m\u00e1s significativo para ti?<\/strong><\/li>\n<\/ol>\n<p>El momento m\u00e1s significativo para m\u00ed, fue el d\u00eda en el que cambie de departamento, iba con miedo, pero a d\u00eda de hoy, creo que ha sido de los mejores cambios de mi vida, no puedo estar m\u00e1s contenta.<\/p>\n<p>&nbsp;<\/p>\n<ol start=\"4\">\n<li><strong>\u00bfQu\u00e9 es aquello que tiene para ti m\u00e1s valor dentro de la empresa?<\/strong><\/li>\n<\/ol>\n<p>Sin duda mis compa\u00f1eros, son un foco fundamental desde que entre en la empresa, para m\u00ed, el cari\u00f1o y el apoyo que he recibido y recibo de ell@s en muchas ocasiones, es inigualable.<\/p>\n<p>&nbsp;<\/p>\n<ol start=\"5\">\n<li><strong>Para conocerte mejor, \u00bfnos podr\u00edas contar cu\u00e1les son tus aficiones o aquello que te gusta hacer en tu tiempo libre?.<\/strong><\/li>\n<\/ol>\n<p>En mi tiempo libre me gusta montar a caballo, es una afici\u00f3n que me han inculcado desde peque\u00f1a y me hace disfrutar y despejarme.<\/p>\n<p>&nbsp;<\/p>\n<ol start=\"6\">\n<li><strong>Ah\u00ed va la pregunta de nuestro compa\u00f1ero Manuel Bravo, entrevistado en el bolet\u00edn anterior: Si pudieses tomar un caf\u00e9 y mantener una conversaci\u00f3n con alg\u00fan personaje hist\u00f3rico (vivo o muerto), \u00bfqui\u00e9n ser\u00eda?<\/strong><\/li>\n<\/ol>\n<p>Pues me tomar\u00eda un caf\u00e9 con Miguel de Cervantes, ya que en mi pueblo \u201cCastilblanco de los Arroyos\u201d tanto una calle, como el colegio de primaria se llama \u201cCEIP MIGUEL DE CERVANTES\u201d, era un gran artista literario, y \u201cEL QUIJOTE\u201d es un libro que todos conocemos y muchos admiran.<\/p>\n<p>&nbsp;<\/p>\n<ol start=\"7\">\n<li><strong>Env\u00edale una pregunta para el pr\u00f3ximo compa\u00f1ero que ser\u00e1 entrevistado.<\/strong><\/li>\n<\/ol>\n<p>\u00bfQu\u00e9 te ha parecido la comida de empresa de Gabitel de este a\u00f1o 2023?<\/p>\n","protected":false},"excerpt":{"rendered":"<p>Tus inicios en Gabitel fueron a trav\u00e9s de las pr\u00e1cticas del ciclo formativo que realizaste, \u00bfnos podr\u00edas contar cu\u00e1les eran tus expectativas de cara a tus pr\u00e1cticas en Gabitel? Mi \u00faltimo pensamiento era que me ofrecieran la posibilidad de quedarme en Gabitel trabajando, el d\u00eda que me lo dijeron no me lo cre\u00eda, y mucho [&hellip;]<\/p>\n","protected":false},"author":3,"featured_media":35174,"comment_status":"closed","ping_status":"closed","sticky":false,"template":"","format":"standard","meta":{"content-type":"","footnotes":""},"categories":[601],"tags":[],"class_list":["post-32768","post","type-post","status-publish","format-standard","has-post-thumbnail","hentry","category-off-topic-en"],"yoast_head":"<!-- This site is optimized with the Yoast SEO plugin v27.5 - https:\/\/yoast.com\/product\/yoast-seo-wordpress\/ -->\n<title>Entrevista: Rosa Leal - Gabitel<\/title>\n<meta name=\"robots\" content=\"noindex, nofollow\" \/>\n<meta property=\"og:locale\" content=\"en_US\" \/>\n<meta property=\"og:type\" content=\"article\" \/>\n<meta property=\"og:title\" content=\"Entrevista: Rosa Leal - Gabitel\" \/>\n<meta property=\"og:description\" content=\"Tus inicios en Gabitel fueron a trav\u00e9s de las pr\u00e1cticas del ciclo formativo que realizaste, \u00bfnos podr\u00edas contar cu\u00e1les eran tus expectativas de cara a tus pr\u00e1cticas en Gabitel? Mi \u00faltimo pensamiento era que me ofrecieran la posibilidad de quedarme en Gabitel trabajando, el d\u00eda que me lo dijeron no me lo cre\u00eda, y mucho [&hellip;]\" \/>\n<meta property=\"og:url\" content=\"https:\/\/gabitel.net\/en\/entrevista-rosa-leal\/\" \/>\n<meta property=\"og:site_name\" content=\"Gabitel\" \/>\n<meta property=\"article:publisher\" content=\"https:\/\/www.facebook.com\/gabitelingenieros\/\" \/>\n<meta property=\"article:published_time\" content=\"2023-12-27T12:25:02+00:00\" \/>\n<meta property=\"article:modified_time\" content=\"2026-04-17T06:50:48+00:00\" \/>\n<meta property=\"og:image\" content=\"https:\/\/gabitel.net\/wp-content\/uploads\/2023\/12\/N4-FOTO-CABECERA-ENTREVISTA-ROSA-LEAL-min.jpg\" \/>\n\t<meta property=\"og:image:width\" content=\"658\" \/>\n\t<meta property=\"og:image:height\" content=\"717\" \/>\n\t<meta property=\"og:image:type\" content=\"image\/jpeg\" \/>\n<meta name=\"author\" content=\"user.autor\" \/>\n<meta name=\"twitter:card\" content=\"summary_large_image\" \/>\n<meta name=\"twitter:label1\" content=\"Written by\" \/>\n\t<meta name=\"twitter:data1\" content=\"user.autor\" \/>\n\t<meta name=\"twitter:label2\" content=\"Est. reading time\" \/>\n\t<meta name=\"twitter:data2\" content=\"2 minutes\" \/>\n<script type=\"application\/ld+json\" class=\"yoast-schema-graph\">{\"@context\":\"https:\\\/\\\/schema.org\",\"@graph\":[{\"@type\":[\"Article\",\"BlogPosting\"],\"@id\":\"https:\\\/\\\/gabitel.net\\\/en\\\/entrevista-rosa-leal\\\/#article\",\"isPartOf\":{\"@id\":\"https:\\\/\\\/gabitel.net\\\/en\\\/entrevista-rosa-leal\\\/\"},\"author\":{\"name\":\"user.autor\",\"@id\":\"https:\\\/\\\/gabitel.net\\\/en\\\/#\\\/schema\\\/person\\\/37ba53714c3fedb9c7d22f4bc781465c\"},\"headline\":\"Entrevista: Rosa Leal\",\"datePublished\":\"2023-12-27T12:25:02+00:00\",\"dateModified\":\"2026-04-17T06:50:48+00:00\",\"mainEntityOfPage\":{\"@id\":\"https:\\\/\\\/gabitel.net\\\/en\\\/entrevista-rosa-leal\\\/\"},\"wordCount\":449,\"publisher\":{\"@id\":\"https:\\\/\\\/gabitel.net\\\/en\\\/#organization\"},\"image\":{\"@id\":\"https:\\\/\\\/gabitel.net\\\/en\\\/entrevista-rosa-leal\\\/#primaryimage\"},\"thumbnailUrl\":\"https:\\\/\\\/gabitel.net\\\/wp-content\\\/uploads\\\/2023\\\/12\\\/N4-FOTO-CABECERA-ENTREVISTA-ROSA-LEAL-min.jpg\",\"articleSection\":[\"Off-topic\"],\"inLanguage\":\"en-US\"},{\"@type\":\"WebPage\",\"@id\":\"https:\\\/\\\/gabitel.net\\\/en\\\/entrevista-rosa-leal\\\/\",\"url\":\"https:\\\/\\\/gabitel.net\\\/en\\\/entrevista-rosa-leal\\\/\",\"name\":\"Entrevista: Rosa Leal - Gabitel\",\"isPartOf\":{\"@id\":\"https:\\\/\\\/gabitel.net\\\/en\\\/#website\"},\"primaryImageOfPage\":{\"@id\":\"https:\\\/\\\/gabitel.net\\\/en\\\/entrevista-rosa-leal\\\/#primaryimage\"},\"image\":{\"@id\":\"https:\\\/\\\/gabitel.net\\\/en\\\/entrevista-rosa-leal\\\/#primaryimage\"},\"thumbnailUrl\":\"https:\\\/\\\/gabitel.net\\\/wp-content\\\/uploads\\\/2023\\\/12\\\/N4-FOTO-CABECERA-ENTREVISTA-ROSA-LEAL-min.jpg\",\"datePublished\":\"2023-12-27T12:25:02+00:00\",\"dateModified\":\"2026-04-17T06:50:48+00:00\",\"breadcrumb\":{\"@id\":\"https:\\\/\\\/gabitel.net\\\/en\\\/entrevista-rosa-leal\\\/#breadcrumb\"},\"inLanguage\":\"en-US\",\"potentialAction\":[{\"@type\":\"ReadAction\",\"target\":[\"https:\\\/\\\/gabitel.net\\\/en\\\/entrevista-rosa-leal\\\/\"]}]},{\"@type\":\"ImageObject\",\"inLanguage\":\"en-US\",\"@id\":\"https:\\\/\\\/gabitel.net\\\/en\\\/entrevista-rosa-leal\\\/#primaryimage\",\"url\":\"https:\\\/\\\/gabitel.net\\\/wp-content\\\/uploads\\\/2023\\\/12\\\/N4-FOTO-CABECERA-ENTREVISTA-ROSA-LEAL-min.jpg\",\"contentUrl\":\"https:\\\/\\\/gabitel.net\\\/wp-content\\\/uploads\\\/2023\\\/12\\\/N4-FOTO-CABECERA-ENTREVISTA-ROSA-LEAL-min.jpg\",\"width\":658,\"height\":717,\"caption\":\"??????????\"},{\"@type\":\"BreadcrumbList\",\"@id\":\"https:\\\/\\\/gabitel.net\\\/en\\\/entrevista-rosa-leal\\\/#breadcrumb\",\"itemListElement\":[{\"@type\":\"ListItem\",\"position\":1,\"name\":\"Portada\",\"item\":\"https:\\\/\\\/gabitel.net\\\/en\\\/\"},{\"@type\":\"ListItem\",\"position\":2,\"name\":\"Entrevista: Rosa Leal\"}]},{\"@type\":\"WebSite\",\"@id\":\"https:\\\/\\\/gabitel.net\\\/en\\\/#website\",\"url\":\"https:\\\/\\\/gabitel.net\\\/en\\\/\",\"name\":\"Gabitel\",\"description\":\"\",\"publisher\":{\"@id\":\"https:\\\/\\\/gabitel.net\\\/en\\\/#organization\"},\"potentialAction\":[{\"@type\":\"SearchAction\",\"target\":{\"@type\":\"EntryPoint\",\"urlTemplate\":\"https:\\\/\\\/gabitel.net\\\/en\\\/?s={search_term_string}\"},\"query-input\":{\"@type\":\"PropertyValueSpecification\",\"valueRequired\":true,\"valueName\":\"search_term_string\"}}],\"inLanguage\":\"en-US\"},{\"@type\":\"Organization\",\"@id\":\"https:\\\/\\\/gabitel.net\\\/en\\\/#organization\",\"name\":\"Gabitel\",\"url\":\"https:\\\/\\\/gabitel.net\\\/en\\\/\",\"logo\":{\"@type\":\"ImageObject\",\"inLanguage\":\"en-US\",\"@id\":\"https:\\\/\\\/gabitel.net\\\/en\\\/#\\\/schema\\\/logo\\\/image\\\/\",\"url\":\"https:\\\/\\\/gabitel.net\\\/wp-content\\\/uploads\\\/2025\\\/05\\\/logo_gabitel.jpg\",\"contentUrl\":\"https:\\\/\\\/gabitel.net\\\/wp-content\\\/uploads\\\/2025\\\/05\\\/logo_gabitel.jpg\",\"width\":2560,\"height\":1330,\"caption\":\"Gabitel\"},\"image\":{\"@id\":\"https:\\\/\\\/gabitel.net\\\/en\\\/#\\\/schema\\\/logo\\\/image\\\/\"},\"sameAs\":[\"https:\\\/\\\/www.facebook.com\\\/gabitelingenieros\\\/\",\"https:\\\/\\\/es.linkedin.com\\\/company\\\/gabitel-ingenieros\"]},{\"@type\":\"Person\",\"@id\":\"https:\\\/\\\/gabitel.net\\\/en\\\/#\\\/schema\\\/person\\\/37ba53714c3fedb9c7d22f4bc781465c\",\"name\":\"user.autor\",\"url\":\"https:\\\/\\\/gabitel.net\\\/en\\\/author\\\/user-autor\\\/\"}]}<\/script>\n<!-- \/ Yoast SEO plugin. -->","yoast_head_json":{"title":"Entrevista: Rosa Leal - Gabitel","robots":{"index":"noindex","follow":"nofollow"},"og_locale":"en_US","og_type":"article","og_title":"Entrevista: Rosa Leal - Gabitel","og_description":"Tus inicios en Gabitel fueron a trav\u00e9s de las pr\u00e1cticas del ciclo formativo que realizaste, \u00bfnos podr\u00edas contar cu\u00e1les eran tus expectativas de cara a tus pr\u00e1cticas en Gabitel? Mi \u00faltimo pensamiento era que me ofrecieran la posibilidad de quedarme en Gabitel trabajando, el d\u00eda que me lo dijeron no me lo cre\u00eda, y mucho [&hellip;]","og_url":"https:\/\/gabitel.net\/en\/entrevista-rosa-leal\/","og_site_name":"Gabitel","article_publisher":"https:\/\/www.facebook.com\/gabitelingenieros\/","article_published_time":"2023-12-27T12:25:02+00:00","article_modified_time":"2026-04-17T06:50:48+00:00","og_image":[{"width":658,"height":717,"url":"https:\/\/gabitel.net\/wp-content\/uploads\/2023\/12\/N4-FOTO-CABECERA-ENTREVISTA-ROSA-LEAL-min.jpg","type":"image\/jpeg"}],"author":"user.autor","twitter_card":"summary_large_image","twitter_misc":{"Written by":"user.autor","Est. reading time":"2 minutes"},"schema":{"@context":"https:\/\/schema.org","@graph":[{"@type":["Article","BlogPosting"],"@id":"https:\/\/gabitel.net\/en\/entrevista-rosa-leal\/#article","isPartOf":{"@id":"https:\/\/gabitel.net\/en\/entrevista-rosa-leal\/"},"author":{"name":"user.autor","@id":"https:\/\/gabitel.net\/en\/#\/schema\/person\/37ba53714c3fedb9c7d22f4bc781465c"},"headline":"Entrevista: Rosa Leal","datePublished":"2023-12-27T12:25:02+00:00","dateModified":"2026-04-17T06:50:48+00:00","mainEntityOfPage":{"@id":"https:\/\/gabitel.net\/en\/entrevista-rosa-leal\/"},"wordCount":449,"publisher":{"@id":"https:\/\/gabitel.net\/en\/#organization"},"image":{"@id":"https:\/\/gabitel.net\/en\/entrevista-rosa-leal\/#primaryimage"},"thumbnailUrl":"https:\/\/gabitel.net\/wp-content\/uploads\/2023\/12\/N4-FOTO-CABECERA-ENTREVISTA-ROSA-LEAL-min.jpg","articleSection":["Off-topic"],"inLanguage":"en-US"},{"@type":"WebPage","@id":"https:\/\/gabitel.net\/en\/entrevista-rosa-leal\/","url":"https:\/\/gabitel.net\/en\/entrevista-rosa-leal\/","name":"Entrevista: Rosa Leal - Gabitel","isPartOf":{"@id":"https:\/\/gabitel.net\/en\/#website"},"primaryImageOfPage":{"@id":"https:\/\/gabitel.net\/en\/entrevista-rosa-leal\/#primaryimage"},"image":{"@id":"https:\/\/gabitel.net\/en\/entrevista-rosa-leal\/#primaryimage"},"thumbnailUrl":"https:\/\/gabitel.net\/wp-content\/uploads\/2023\/12\/N4-FOTO-CABECERA-ENTREVISTA-ROSA-LEAL-min.jpg","datePublished":"2023-12-27T12:25:02+00:00","dateModified":"2026-04-17T06:50:48+00:00","breadcrumb":{"@id":"https:\/\/gabitel.net\/en\/entrevista-rosa-leal\/#breadcrumb"},"inLanguage":"en-US","potentialAction":[{"@type":"ReadAction","target":["https:\/\/gabitel.net\/en\/entrevista-rosa-leal\/"]}]},{"@type":"ImageObject","inLanguage":"en-US","@id":"https:\/\/gabitel.net\/en\/entrevista-rosa-leal\/#primaryimage","url":"https:\/\/gabitel.net\/wp-content\/uploads\/2023\/12\/N4-FOTO-CABECERA-ENTREVISTA-ROSA-LEAL-min.jpg","contentUrl":"https:\/\/gabitel.net\/wp-content\/uploads\/2023\/12\/N4-FOTO-CABECERA-ENTREVISTA-ROSA-LEAL-min.jpg","width":658,"height":717,"caption":"??????????"},{"@type":"BreadcrumbList","@id":"https:\/\/gabitel.net\/en\/entrevista-rosa-leal\/#breadcrumb","itemListElement":[{"@type":"ListItem","position":1,"name":"Portada","item":"https:\/\/gabitel.net\/en\/"},{"@type":"ListItem","position":2,"name":"Entrevista: Rosa Leal"}]},{"@type":"WebSite","@id":"https:\/\/gabitel.net\/en\/#website","url":"https:\/\/gabitel.net\/en\/","name":"Gabitel","description":"","publisher":{"@id":"https:\/\/gabitel.net\/en\/#organization"},"potentialAction":[{"@type":"SearchAction","target":{"@type":"EntryPoint","urlTemplate":"https:\/\/gabitel.net\/en\/?s={search_term_string}"},"query-input":{"@type":"PropertyValueSpecification","valueRequired":true,"valueName":"search_term_string"}}],"inLanguage":"en-US"},{"@type":"Organization","@id":"https:\/\/gabitel.net\/en\/#organization","name":"Gabitel","url":"https:\/\/gabitel.net\/en\/","logo":{"@type":"ImageObject","inLanguage":"en-US","@id":"https:\/\/gabitel.net\/en\/#\/schema\/logo\/image\/","url":"https:\/\/gabitel.net\/wp-content\/uploads\/2025\/05\/logo_gabitel.jpg","contentUrl":"https:\/\/gabitel.net\/wp-content\/uploads\/2025\/05\/logo_gabitel.jpg","width":2560,"height":1330,"caption":"Gabitel"},"image":{"@id":"https:\/\/gabitel.net\/en\/#\/schema\/logo\/image\/"},"sameAs":["https:\/\/www.facebook.com\/gabitelingenieros\/","https:\/\/es.linkedin.com\/company\/gabitel-ingenieros"]},{"@type":"Person","@id":"https:\/\/gabitel.net\/en\/#\/schema\/person\/37ba53714c3fedb9c7d22f4bc781465c","name":"user.autor","url":"https:\/\/gabitel.net\/en\/author\/user-autor\/"}]}},"_links":{"self":[{"href":"https:\/\/gabitel.net\/en\/wp-json\/wp\/v2\/posts\/32768","targetHints":{"allow":["GET"]}}],"collection":[{"href":"https:\/\/gabitel.net\/en\/wp-json\/wp\/v2\/posts"}],"about":[{"href":"https:\/\/gabitel.net\/en\/wp-json\/wp\/v2\/types\/post"}],"author":[{"embeddable":true,"href":"https:\/\/gabitel.net\/en\/wp-json\/wp\/v2\/users\/3"}],"replies":[{"embeddable":true,"href":"https:\/\/gabitel.net\/en\/wp-json\/wp\/v2\/comments?post=32768"}],"version-history":[{"count":1,"href":"https:\/\/gabitel.net\/en\/wp-json\/wp\/v2\/posts\/32768\/revisions"}],"predecessor-version":[{"id":37443,"href":"https:\/\/gabitel.net\/en\/wp-json\/wp\/v2\/posts\/32768\/revisions\/37443"}],"wp:featuredmedia":[{"embeddable":true,"href":"https:\/\/gabitel.net\/en\/wp-json\/wp\/v2\/media\/35174"}],"wp:attachment":[{"href":"https:\/\/gabitel.net\/en\/wp-json\/wp\/v2\/media?parent=32768"}],"wp:term":[{"taxonomy":"category","embeddable":true,"href":"https:\/\/gabitel.net\/en\/wp-json\/wp\/v2\/categories?post=32768"},{"taxonomy":"post_tag","embeddable":true,"href":"https:\/\/gabitel.net\/en\/wp-json\/wp\/v2\/tags?post=32768"}],"curies":[{"name":"wp","href":"https:\/\/api.w.org\/{rel}","templated":true}]}}