{"id":32786,"date":"2023-10-20T13:25:02","date_gmt":"2023-10-20T11:25:02","guid":{"rendered":"https:\/\/gabitel.net\/proyecto-gotel-y-acl\/"},"modified":"2026-04-17T08:51:05","modified_gmt":"2026-04-17T06:51:05","slug":"proyecto-gotel-y-acl","status":"publish","type":"post","link":"https:\/\/gabitel.net\/en\/proyecto-gotel-y-acl\/","title":{"rendered":"Proyecto G\u00d6TEL y ACL"},"content":{"rendered":"<p>Continuando con la l\u00ednea de internacionalizaci\u00f3n que desde Gabitel Ingenieros se viene desarrollando desde hace algunos a\u00f1os y, apostando por abrirnos paso en el mercado alem\u00e1n, nuestra empresa contin\u00faa firmando contratos con nuevos clientes en el pa\u00eds germano.<\/p>\n<p>Desde este verano se est\u00e1 trabajando con la constructora espa\u00f1ola ACL Projekt para el dise\u00f1o de la red de fibra \u00f3ptica de G\u00f6tel, empresa con tres sedes en G\u00f6ttingen, Kassel y Reiskirchen, comenzando su andadura en el a\u00f1o 1986 con la fundaci\u00f3n de OR Network (ORN) y que inicia la expansi\u00f3n de FTTH en zonas rurales que se encontraban desatendidas.<\/p>\n<p>G\u00f6tel es responsable del despliegue y explotaci\u00f3n de una red de fibra \u00f3ptica hasta el hogar de acceso abierto en zonas rurales de Alemania. Con m\u00e1s de 200 empleados dedicados a la fibra \u00f3ptica en Baja Sajonia y Hesse, m\u00e1s de 4.000 kil\u00f3metros de fibra \u00f3ptica en los municipios, m\u00e1s de 40.000 clientes en los \u00faltimos a\u00f1os y con una financiaci\u00f3n garantizada, pues cuenta con aproximadamente 1.000 millones de euros de volumen financiero para la expansi\u00f3n de la fibra \u00f3ptica hasta 2025, G\u00f6tel es una de las apuestas de Gabitel Ingenieros.<\/p>\n<p>Durante estos \u00faltimos meses, desde nuestra empresa se ha venido desarrollando el dise\u00f1o de m\u00e1s de 9.000 viviendas, en las zonas de Schotten, Kirtorf y Homberg, pertenecientes al Estado Federado de Hessen. Varios de los proyectos se encuentran actualmente ya en su fase de construcci\u00f3n; pronto ser\u00e1n muchos m\u00e1s.<\/p>\n","protected":false},"excerpt":{"rendered":"<p>Continuando con la l\u00ednea de internacionalizaci\u00f3n que desde Gabitel Ingenieros se viene desarrollando desde hace algunos a\u00f1os y, apostando por abrirnos paso en el mercado alem\u00e1n, nuestra empresa contin\u00faa firmando contratos con nuevos clientes en el pa\u00eds germano. Desde este verano se est\u00e1 trabajando con la constructora espa\u00f1ola ACL Projekt para el dise\u00f1o de la [&hellip;]<\/p>\n","protected":false},"author":3,"featured_media":35135,"comment_status":"closed","ping_status":"closed","sticky":false,"template":"","format":"standard","meta":{"content-type":"","footnotes":""},"categories":[601],"tags":[],"class_list":["post-32786","post","type-post","status-publish","format-standard","has-post-thumbnail","hentry","category-off-topic-en"],"yoast_head":"<!-- This site is optimized with the Yoast SEO plugin v27.5 - https:\/\/yoast.com\/product\/yoast-seo-wordpress\/ -->\n<title>Proyecto G\u00d6TEL y ACL - Gabitel<\/title>\n<meta name=\"robots\" content=\"noindex, nofollow\" \/>\n<meta property=\"og:locale\" content=\"en_US\" \/>\n<meta property=\"og:type\" content=\"article\" \/>\n<meta property=\"og:title\" content=\"Proyecto G\u00d6TEL y ACL - Gabitel\" \/>\n<meta property=\"og:description\" content=\"Continuando con la l\u00ednea de internacionalizaci\u00f3n que desde Gabitel Ingenieros se viene desarrollando desde hace algunos a\u00f1os y, apostando por abrirnos paso en el mercado alem\u00e1n, nuestra empresa contin\u00faa firmando contratos con nuevos clientes en el pa\u00eds germano. Desde este verano se est\u00e1 trabajando con la constructora espa\u00f1ola ACL Projekt para el dise\u00f1o de la [&hellip;]\" \/>\n<meta property=\"og:url\" content=\"https:\/\/gabitel.net\/en\/proyecto-gotel-y-acl\/\" \/>\n<meta property=\"og:site_name\" content=\"Gabitel\" \/>\n<meta property=\"article:publisher\" content=\"https:\/\/www.facebook.com\/gabitelingenieros\/\" \/>\n<meta property=\"article:published_time\" content=\"2023-10-20T11:25:02+00:00\" \/>\n<meta property=\"article:modified_time\" content=\"2026-04-17T06:51:05+00:00\" \/>\n<meta property=\"og:image\" content=\"https:\/\/gabitel.net\/wp-content\/uploads\/2023\/10\/P2-FOTO-DE-PORTADA.jpg\" \/>\n\t<meta property=\"og:image:width\" content=\"800\" \/>\n\t<meta property=\"og:image:height\" content=\"500\" \/>\n\t<meta property=\"og:image:type\" content=\"image\/jpeg\" \/>\n<meta name=\"author\" content=\"user.autor\" \/>\n<meta name=\"twitter:card\" content=\"summary_large_image\" \/>\n<meta name=\"twitter:label1\" content=\"Written by\" \/>\n\t<meta name=\"twitter:data1\" content=\"user.autor\" \/>\n\t<meta name=\"twitter:label2\" content=\"Est. reading time\" \/>\n\t<meta name=\"twitter:data2\" content=\"1 minute\" \/>\n<script type=\"application\/ld+json\" class=\"yoast-schema-graph\">{\"@context\":\"https:\\\/\\\/schema.org\",\"@graph\":[{\"@type\":[\"Article\",\"BlogPosting\"],\"@id\":\"https:\\\/\\\/gabitel.net\\\/en\\\/proyecto-gotel-y-acl\\\/#article\",\"isPartOf\":{\"@id\":\"https:\\\/\\\/gabitel.net\\\/en\\\/proyecto-gotel-y-acl\\\/\"},\"author\":{\"name\":\"user.autor\",\"@id\":\"https:\\\/\\\/gabitel.net\\\/en\\\/#\\\/schema\\\/person\\\/37ba53714c3fedb9c7d22f4bc781465c\"},\"headline\":\"Proyecto G\u00d6TEL y ACL\",\"datePublished\":\"2023-10-20T11:25:02+00:00\",\"dateModified\":\"2026-04-17T06:51:05+00:00\",\"mainEntityOfPage\":{\"@id\":\"https:\\\/\\\/gabitel.net\\\/en\\\/proyecto-gotel-y-acl\\\/\"},\"wordCount\":264,\"publisher\":{\"@id\":\"https:\\\/\\\/gabitel.net\\\/en\\\/#organization\"},\"image\":{\"@id\":\"https:\\\/\\\/gabitel.net\\\/en\\\/proyecto-gotel-y-acl\\\/#primaryimage\"},\"thumbnailUrl\":\"https:\\\/\\\/gabitel.net\\\/wp-content\\\/uploads\\\/2023\\\/10\\\/P2-FOTO-DE-PORTADA.jpg\",\"articleSection\":[\"Off-topic\"],\"inLanguage\":\"en-US\"},{\"@type\":\"WebPage\",\"@id\":\"https:\\\/\\\/gabitel.net\\\/en\\\/proyecto-gotel-y-acl\\\/\",\"url\":\"https:\\\/\\\/gabitel.net\\\/en\\\/proyecto-gotel-y-acl\\\/\",\"name\":\"Proyecto G\u00d6TEL y ACL - Gabitel\",\"isPartOf\":{\"@id\":\"https:\\\/\\\/gabitel.net\\\/en\\\/#website\"},\"primaryImageOfPage\":{\"@id\":\"https:\\\/\\\/gabitel.net\\\/en\\\/proyecto-gotel-y-acl\\\/#primaryimage\"},\"image\":{\"@id\":\"https:\\\/\\\/gabitel.net\\\/en\\\/proyecto-gotel-y-acl\\\/#primaryimage\"},\"thumbnailUrl\":\"https:\\\/\\\/gabitel.net\\\/wp-content\\\/uploads\\\/2023\\\/10\\\/P2-FOTO-DE-PORTADA.jpg\",\"datePublished\":\"2023-10-20T11:25:02+00:00\",\"dateModified\":\"2026-04-17T06:51:05+00:00\",\"breadcrumb\":{\"@id\":\"https:\\\/\\\/gabitel.net\\\/en\\\/proyecto-gotel-y-acl\\\/#breadcrumb\"},\"inLanguage\":\"en-US\",\"potentialAction\":[{\"@type\":\"ReadAction\",\"target\":[\"https:\\\/\\\/gabitel.net\\\/en\\\/proyecto-gotel-y-acl\\\/\"]}]},{\"@type\":\"ImageObject\",\"inLanguage\":\"en-US\",\"@id\":\"https:\\\/\\\/gabitel.net\\\/en\\\/proyecto-gotel-y-acl\\\/#primaryimage\",\"url\":\"https:\\\/\\\/gabitel.net\\\/wp-content\\\/uploads\\\/2023\\\/10\\\/P2-FOTO-DE-PORTADA.jpg\",\"contentUrl\":\"https:\\\/\\\/gabitel.net\\\/wp-content\\\/uploads\\\/2023\\\/10\\\/P2-FOTO-DE-PORTADA.jpg\",\"width\":800,\"height\":500},{\"@type\":\"BreadcrumbList\",\"@id\":\"https:\\\/\\\/gabitel.net\\\/en\\\/proyecto-gotel-y-acl\\\/#breadcrumb\",\"itemListElement\":[{\"@type\":\"ListItem\",\"position\":1,\"name\":\"Portada\",\"item\":\"https:\\\/\\\/gabitel.net\\\/en\\\/\"},{\"@type\":\"ListItem\",\"position\":2,\"name\":\"Proyecto G\u00d6TEL y ACL\"}]},{\"@type\":\"WebSite\",\"@id\":\"https:\\\/\\\/gabitel.net\\\/en\\\/#website\",\"url\":\"https:\\\/\\\/gabitel.net\\\/en\\\/\",\"name\":\"Gabitel\",\"description\":\"\",\"publisher\":{\"@id\":\"https:\\\/\\\/gabitel.net\\\/en\\\/#organization\"},\"potentialAction\":[{\"@type\":\"SearchAction\",\"target\":{\"@type\":\"EntryPoint\",\"urlTemplate\":\"https:\\\/\\\/gabitel.net\\\/en\\\/?s={search_term_string}\"},\"query-input\":{\"@type\":\"PropertyValueSpecification\",\"valueRequired\":true,\"valueName\":\"search_term_string\"}}],\"inLanguage\":\"en-US\"},{\"@type\":\"Organization\",\"@id\":\"https:\\\/\\\/gabitel.net\\\/en\\\/#organization\",\"name\":\"Gabitel\",\"url\":\"https:\\\/\\\/gabitel.net\\\/en\\\/\",\"logo\":{\"@type\":\"ImageObject\",\"inLanguage\":\"en-US\",\"@id\":\"https:\\\/\\\/gabitel.net\\\/en\\\/#\\\/schema\\\/logo\\\/image\\\/\",\"url\":\"https:\\\/\\\/gabitel.net\\\/wp-content\\\/uploads\\\/2025\\\/05\\\/logo_gabitel.jpg\",\"contentUrl\":\"https:\\\/\\\/gabitel.net\\\/wp-content\\\/uploads\\\/2025\\\/05\\\/logo_gabitel.jpg\",\"width\":2560,\"height\":1330,\"caption\":\"Gabitel\"},\"image\":{\"@id\":\"https:\\\/\\\/gabitel.net\\\/en\\\/#\\\/schema\\\/logo\\\/image\\\/\"},\"sameAs\":[\"https:\\\/\\\/www.facebook.com\\\/gabitelingenieros\\\/\",\"https:\\\/\\\/es.linkedin.com\\\/company\\\/gabitel-ingenieros\"]},{\"@type\":\"Person\",\"@id\":\"https:\\\/\\\/gabitel.net\\\/en\\\/#\\\/schema\\\/person\\\/37ba53714c3fedb9c7d22f4bc781465c\",\"name\":\"user.autor\",\"url\":\"https:\\\/\\\/gabitel.net\\\/en\\\/author\\\/user-autor\\\/\"}]}<\/script>\n<!-- \/ Yoast SEO plugin. -->","yoast_head_json":{"title":"Proyecto G\u00d6TEL y ACL - Gabitel","robots":{"index":"noindex","follow":"nofollow"},"og_locale":"en_US","og_type":"article","og_title":"Proyecto G\u00d6TEL y ACL - Gabitel","og_description":"Continuando con la l\u00ednea de internacionalizaci\u00f3n que desde Gabitel Ingenieros se viene desarrollando desde hace algunos a\u00f1os y, apostando por abrirnos paso en el mercado alem\u00e1n, nuestra empresa contin\u00faa firmando contratos con nuevos clientes en el pa\u00eds germano. Desde este verano se est\u00e1 trabajando con la constructora espa\u00f1ola ACL Projekt para el dise\u00f1o de la [&hellip;]","og_url":"https:\/\/gabitel.net\/en\/proyecto-gotel-y-acl\/","og_site_name":"Gabitel","article_publisher":"https:\/\/www.facebook.com\/gabitelingenieros\/","article_published_time":"2023-10-20T11:25:02+00:00","article_modified_time":"2026-04-17T06:51:05+00:00","og_image":[{"width":800,"height":500,"url":"https:\/\/gabitel.net\/wp-content\/uploads\/2023\/10\/P2-FOTO-DE-PORTADA.jpg","type":"image\/jpeg"}],"author":"user.autor","twitter_card":"summary_large_image","twitter_misc":{"Written by":"user.autor","Est. reading time":"1 minute"},"schema":{"@context":"https:\/\/schema.org","@graph":[{"@type":["Article","BlogPosting"],"@id":"https:\/\/gabitel.net\/en\/proyecto-gotel-y-acl\/#article","isPartOf":{"@id":"https:\/\/gabitel.net\/en\/proyecto-gotel-y-acl\/"},"author":{"name":"user.autor","@id":"https:\/\/gabitel.net\/en\/#\/schema\/person\/37ba53714c3fedb9c7d22f4bc781465c"},"headline":"Proyecto G\u00d6TEL y ACL","datePublished":"2023-10-20T11:25:02+00:00","dateModified":"2026-04-17T06:51:05+00:00","mainEntityOfPage":{"@id":"https:\/\/gabitel.net\/en\/proyecto-gotel-y-acl\/"},"wordCount":264,"publisher":{"@id":"https:\/\/gabitel.net\/en\/#organization"},"image":{"@id":"https:\/\/gabitel.net\/en\/proyecto-gotel-y-acl\/#primaryimage"},"thumbnailUrl":"https:\/\/gabitel.net\/wp-content\/uploads\/2023\/10\/P2-FOTO-DE-PORTADA.jpg","articleSection":["Off-topic"],"inLanguage":"en-US"},{"@type":"WebPage","@id":"https:\/\/gabitel.net\/en\/proyecto-gotel-y-acl\/","url":"https:\/\/gabitel.net\/en\/proyecto-gotel-y-acl\/","name":"Proyecto G\u00d6TEL y ACL - Gabitel","isPartOf":{"@id":"https:\/\/gabitel.net\/en\/#website"},"primaryImageOfPage":{"@id":"https:\/\/gabitel.net\/en\/proyecto-gotel-y-acl\/#primaryimage"},"image":{"@id":"https:\/\/gabitel.net\/en\/proyecto-gotel-y-acl\/#primaryimage"},"thumbnailUrl":"https:\/\/gabitel.net\/wp-content\/uploads\/2023\/10\/P2-FOTO-DE-PORTADA.jpg","datePublished":"2023-10-20T11:25:02+00:00","dateModified":"2026-04-17T06:51:05+00:00","breadcrumb":{"@id":"https:\/\/gabitel.net\/en\/proyecto-gotel-y-acl\/#breadcrumb"},"inLanguage":"en-US","potentialAction":[{"@type":"ReadAction","target":["https:\/\/gabitel.net\/en\/proyecto-gotel-y-acl\/"]}]},{"@type":"ImageObject","inLanguage":"en-US","@id":"https:\/\/gabitel.net\/en\/proyecto-gotel-y-acl\/#primaryimage","url":"https:\/\/gabitel.net\/wp-content\/uploads\/2023\/10\/P2-FOTO-DE-PORTADA.jpg","contentUrl":"https:\/\/gabitel.net\/wp-content\/uploads\/2023\/10\/P2-FOTO-DE-PORTADA.jpg","width":800,"height":500},{"@type":"BreadcrumbList","@id":"https:\/\/gabitel.net\/en\/proyecto-gotel-y-acl\/#breadcrumb","itemListElement":[{"@type":"ListItem","position":1,"name":"Portada","item":"https:\/\/gabitel.net\/en\/"},{"@type":"ListItem","position":2,"name":"Proyecto G\u00d6TEL y ACL"}]},{"@type":"WebSite","@id":"https:\/\/gabitel.net\/en\/#website","url":"https:\/\/gabitel.net\/en\/","name":"Gabitel","description":"","publisher":{"@id":"https:\/\/gabitel.net\/en\/#organization"},"potentialAction":[{"@type":"SearchAction","target":{"@type":"EntryPoint","urlTemplate":"https:\/\/gabitel.net\/en\/?s={search_term_string}"},"query-input":{"@type":"PropertyValueSpecification","valueRequired":true,"valueName":"search_term_string"}}],"inLanguage":"en-US"},{"@type":"Organization","@id":"https:\/\/gabitel.net\/en\/#organization","name":"Gabitel","url":"https:\/\/gabitel.net\/en\/","logo":{"@type":"ImageObject","inLanguage":"en-US","@id":"https:\/\/gabitel.net\/en\/#\/schema\/logo\/image\/","url":"https:\/\/gabitel.net\/wp-content\/uploads\/2025\/05\/logo_gabitel.jpg","contentUrl":"https:\/\/gabitel.net\/wp-content\/uploads\/2025\/05\/logo_gabitel.jpg","width":2560,"height":1330,"caption":"Gabitel"},"image":{"@id":"https:\/\/gabitel.net\/en\/#\/schema\/logo\/image\/"},"sameAs":["https:\/\/www.facebook.com\/gabitelingenieros\/","https:\/\/es.linkedin.com\/company\/gabitel-ingenieros"]},{"@type":"Person","@id":"https:\/\/gabitel.net\/en\/#\/schema\/person\/37ba53714c3fedb9c7d22f4bc781465c","name":"user.autor","url":"https:\/\/gabitel.net\/en\/author\/user-autor\/"}]}},"_links":{"self":[{"href":"https:\/\/gabitel.net\/en\/wp-json\/wp\/v2\/posts\/32786","targetHints":{"allow":["GET"]}}],"collection":[{"href":"https:\/\/gabitel.net\/en\/wp-json\/wp\/v2\/posts"}],"about":[{"href":"https:\/\/gabitel.net\/en\/wp-json\/wp\/v2\/types\/post"}],"author":[{"embeddable":true,"href":"https:\/\/gabitel.net\/en\/wp-json\/wp\/v2\/users\/3"}],"replies":[{"embeddable":true,"href":"https:\/\/gabitel.net\/en\/wp-json\/wp\/v2\/comments?post=32786"}],"version-history":[{"count":1,"href":"https:\/\/gabitel.net\/en\/wp-json\/wp\/v2\/posts\/32786\/revisions"}],"predecessor-version":[{"id":37405,"href":"https:\/\/gabitel.net\/en\/wp-json\/wp\/v2\/posts\/32786\/revisions\/37405"}],"wp:featuredmedia":[{"embeddable":true,"href":"https:\/\/gabitel.net\/en\/wp-json\/wp\/v2\/media\/35135"}],"wp:attachment":[{"href":"https:\/\/gabitel.net\/en\/wp-json\/wp\/v2\/media?parent=32786"}],"wp:term":[{"taxonomy":"category","embeddable":true,"href":"https:\/\/gabitel.net\/en\/wp-json\/wp\/v2\/categories?post=32786"},{"taxonomy":"post_tag","embeddable":true,"href":"https:\/\/gabitel.net\/en\/wp-json\/wp\/v2\/tags?post=32786"}],"curies":[{"name":"wp","href":"https:\/\/api.w.org\/{rel}","templated":true}]}}