{"id":32790,"date":"2023-10-20T13:00:07","date_gmt":"2023-10-20T11:00:07","guid":{"rendered":"https:\/\/gabitel.net\/tu-salud-es-lo-primero-cancer-de-mama-prevencion-factores-de-riesgo-y-deteccion-precoz\/"},"modified":"2026-04-17T08:51:06","modified_gmt":"2026-04-17T06:51:06","slug":"tu-salud-es-lo-primero-cancer-de-mama-prevencion-factores-de-riesgo-y-deteccion-precoz","status":"publish","type":"post","link":"https:\/\/gabitel.net\/en\/tu-salud-es-lo-primero-cancer-de-mama-prevencion-factores-de-riesgo-y-deteccion-precoz\/","title":{"rendered":"Tu salud es lo primero: C\u00e1ncer de mama: prevenci\u00f3n, factores de riesgo y detecci\u00f3n precoz"},"content":{"rendered":"<p>En Espa\u00f1a se diagnosticaron alrededor de 34.740 nuevos c\u00e1nceres de mama en el a\u00f1o 2022, seg\u00fan las estimaciones del Observatorio del C\u00e1ncer de la Asociaci\u00f3n Espa\u00f1ola Contra el C\u00e1ncer, lo que representa casi el 30% de los c\u00e1nceres diagnosticados en mujeres.<\/p>\n<p>La mayor parte de los tumores de mama tienen un origen espor\u00e1dico, es decir, en su origen interviene en gran medida el azar, pero entre el 10-15% de los casos tendr\u00e1n un origen hereditario.<\/p>\n<p>Sin embargo, hay determinados factores que pueden hacer que la probabilidad de tener la enfermedad sea mayor. \u00c9stos son los denominados factores de riesgo. Tener un factor de riesgo no es una condici\u00f3n suficiente para padecer la enfermedad.<\/p>\n<p>Se han identificado una serie de factores que pueden aumentar el riesgo de desarrollar c\u00e1ncer de mama a lo largo de la vida. Clasificamos a los factores de riesgo en dos grupos: modificables y no modificables.<\/p>\n<p>La incidencia de c\u00e1ncer de mama se ha incrementado en los \u00faltimos a\u00f1os, probablemente en relaci\u00f3n con el aumento poblacional, el envejecimiento de la poblaci\u00f3n (la edad es un factor de riesgo fundamental en el desarrollo del c\u00e1ncer), el cambio de los h\u00e1bitos reproductivos de las mujeres, la exposici\u00f3n a factores de riesgo, el sedentarismo; y la globalizaci\u00f3n del cribado poblacional.<\/p>\n<p>La mortalidad por el contrario est\u00e1 en descenso gracias a los programas de screening que permiten realizar una detecci\u00f3n precoz y a las mejoras en los tratamientos de la enfermedad.<\/p>\n<p><strong><em>\u00bfC\u00f3mo detectar y prevenir el c\u00e1ncer de mama?<\/em><\/strong><\/p>\n<p>El c\u00e1ncer de mama es una enfermedad habitualmente multifactorial, es decir, en \u00e9l intervienen varias causas al mismo tiempo. Por tanto, hablar de prevenci\u00f3n es hablar de c\u00f3mo disminuir el riesgo teniendo en consideraci\u00f3n los factores de riesgo modificables de la enfermedad.<\/p>\n<p>En este sentido, hoy en d\u00eda sabemos que evitar el sobrepeso\/obesidad y sedentarismo disminuyen el riesgo de c\u00e1ncer de mama en mujeres postmenop\u00e1usicas. Un amplio estudio observacional detect\u00f3 que una reducci\u00f3n de un 5% del peso en la etapa pre- y postmenop\u00e1usica pod\u00eda reducir la incidencia de c\u00e1ncer de mama en un 25-40% en comparaci\u00f3n con las mujeres que no perd\u00edan peso. Esto es consistente con lo observado en otros estudios similares.<\/p>\n<p>Tambi\u00e9n se ha observado que un patr\u00f3n de dieta mediterr\u00e1nea, rica en fruta, vegetales y pescado; disminuye el riesgo de c\u00e1ncer de mama. Alg\u00fan estudio ha se\u00f1alado que las mujeres que consumen cereales de grano entero frente a los refinados tienen menos riesgo de c\u00e1ncer de mama. As\u00ed mismo, es aconsejable tambi\u00e9n tener una ingesta reducida de alcohol en tanto que su consumo incrementa el riesgo de la enfermedad.<\/p>\n<p>Con respecto a la actividad f\u00edsica, es conocido que m\u00e1s de la mitad de la poblaci\u00f3n no cumple las recomendaciones de ejercicio de la OMS. El ejercicio f\u00edsico moderado o vigoroso es capaz de reducir el riesgo de c\u00e1ncer de mama en un 25% tanto en mujeres pre- y postmenop\u00e1usica.<\/p>\n<p>Os facilitamos este enlace, de la AECC con algunas recomendaciones de c\u00f3mo detectar los primeros s\u00edntomas del c\u00e1ncer de mama:<\/p>\n<p>&nbsp;<\/p>\n<p><a href=\"https:\/\/www.youtube.com\/watch?v=piSRrkJkZdM\">https:\/\/www.youtube.com\/watch?v=piSRrkJkZdM<\/a><\/p>\n","protected":false},"excerpt":{"rendered":"<p>En Espa\u00f1a se diagnosticaron alrededor de 34.740 nuevos c\u00e1nceres de mama en el a\u00f1o 2022, seg\u00fan las estimaciones del Observatorio del C\u00e1ncer de la Asociaci\u00f3n Espa\u00f1ola Contra el C\u00e1ncer, lo que representa casi el 30% de los c\u00e1nceres diagnosticados en mujeres. La mayor parte de los tumores de mama tienen un origen espor\u00e1dico, es decir, [&hellip;]<\/p>\n","protected":false},"author":3,"featured_media":29573,"comment_status":"closed","ping_status":"closed","sticky":false,"template":"","format":"standard","meta":{"content-type":"","footnotes":""},"categories":[601],"tags":[],"class_list":["post-32790","post","type-post","status-publish","format-standard","has-post-thumbnail","hentry","category-off-topic-en"],"yoast_head":"<!-- This site is optimized with the Yoast SEO plugin v27.5 - https:\/\/yoast.com\/product\/yoast-seo-wordpress\/ -->\n<title>Tu salud es lo primero: C\u00e1ncer de mama: prevenci\u00f3n, factores de riesgo y detecci\u00f3n precoz - Gabitel<\/title>\n<meta name=\"robots\" content=\"noindex, nofollow\" \/>\n<meta property=\"og:locale\" content=\"en_US\" \/>\n<meta property=\"og:type\" content=\"article\" \/>\n<meta property=\"og:title\" content=\"Tu salud es lo primero: C\u00e1ncer de mama: prevenci\u00f3n, factores de riesgo y detecci\u00f3n precoz - Gabitel\" \/>\n<meta property=\"og:description\" content=\"En Espa\u00f1a se diagnosticaron alrededor de 34.740 nuevos c\u00e1nceres de mama en el a\u00f1o 2022, seg\u00fan las estimaciones del Observatorio del C\u00e1ncer de la Asociaci\u00f3n Espa\u00f1ola Contra el C\u00e1ncer, lo que representa casi el 30% de los c\u00e1nceres diagnosticados en mujeres. La mayor parte de los tumores de mama tienen un origen espor\u00e1dico, es decir, [&hellip;]\" \/>\n<meta property=\"og:url\" content=\"https:\/\/gabitel.net\/en\/tu-salud-es-lo-primero-cancer-de-mama-prevencion-factores-de-riesgo-y-deteccion-precoz\/\" \/>\n<meta property=\"og:site_name\" content=\"Gabitel\" \/>\n<meta property=\"article:publisher\" content=\"https:\/\/www.facebook.com\/gabitelingenieros\/\" \/>\n<meta property=\"article:published_time\" content=\"2023-10-20T11:00:07+00:00\" \/>\n<meta property=\"article:modified_time\" content=\"2026-04-17T06:51:06+00:00\" \/>\n<meta property=\"og:image\" content=\"https:\/\/gabitel.net\/wp-content\/uploads\/2023\/07\/N2-FOTO-DE-PORTADA-min.jpg\" \/>\n\t<meta property=\"og:image:width\" content=\"1018\" \/>\n\t<meta property=\"og:image:height\" content=\"680\" \/>\n\t<meta property=\"og:image:type\" content=\"image\/jpeg\" \/>\n<meta name=\"author\" content=\"user.autor\" \/>\n<meta name=\"twitter:card\" content=\"summary_large_image\" \/>\n<meta name=\"twitter:label1\" content=\"Written by\" \/>\n\t<meta name=\"twitter:data1\" content=\"user.autor\" \/>\n\t<meta name=\"twitter:label2\" content=\"Est. reading time\" \/>\n\t<meta name=\"twitter:data2\" content=\"3 minutes\" \/>\n<script type=\"application\/ld+json\" class=\"yoast-schema-graph\">{\"@context\":\"https:\\\/\\\/schema.org\",\"@graph\":[{\"@type\":[\"Article\",\"BlogPosting\"],\"@id\":\"https:\\\/\\\/gabitel.net\\\/en\\\/tu-salud-es-lo-primero-cancer-de-mama-prevencion-factores-de-riesgo-y-deteccion-precoz\\\/#article\",\"isPartOf\":{\"@id\":\"https:\\\/\\\/gabitel.net\\\/en\\\/tu-salud-es-lo-primero-cancer-de-mama-prevencion-factores-de-riesgo-y-deteccion-precoz\\\/\"},\"author\":{\"name\":\"user.autor\",\"@id\":\"https:\\\/\\\/gabitel.net\\\/en\\\/#\\\/schema\\\/person\\\/37ba53714c3fedb9c7d22f4bc781465c\"},\"headline\":\"Tu salud es lo primero: C\u00e1ncer de mama: prevenci\u00f3n, factores de riesgo y detecci\u00f3n precoz\",\"datePublished\":\"2023-10-20T11:00:07+00:00\",\"dateModified\":\"2026-04-17T06:51:06+00:00\",\"mainEntityOfPage\":{\"@id\":\"https:\\\/\\\/gabitel.net\\\/en\\\/tu-salud-es-lo-primero-cancer-de-mama-prevencion-factores-de-riesgo-y-deteccion-precoz\\\/\"},\"wordCount\":577,\"publisher\":{\"@id\":\"https:\\\/\\\/gabitel.net\\\/en\\\/#organization\"},\"image\":{\"@id\":\"https:\\\/\\\/gabitel.net\\\/en\\\/tu-salud-es-lo-primero-cancer-de-mama-prevencion-factores-de-riesgo-y-deteccion-precoz\\\/#primaryimage\"},\"thumbnailUrl\":\"https:\\\/\\\/gabitel.net\\\/wp-content\\\/uploads\\\/2023\\\/07\\\/N2-FOTO-DE-PORTADA-min.jpg\",\"articleSection\":[\"Off-topic\"],\"inLanguage\":\"en-US\"},{\"@type\":\"WebPage\",\"@id\":\"https:\\\/\\\/gabitel.net\\\/en\\\/tu-salud-es-lo-primero-cancer-de-mama-prevencion-factores-de-riesgo-y-deteccion-precoz\\\/\",\"url\":\"https:\\\/\\\/gabitel.net\\\/en\\\/tu-salud-es-lo-primero-cancer-de-mama-prevencion-factores-de-riesgo-y-deteccion-precoz\\\/\",\"name\":\"Tu salud es lo primero: C\u00e1ncer de mama: prevenci\u00f3n, factores de riesgo y detecci\u00f3n precoz - Gabitel\",\"isPartOf\":{\"@id\":\"https:\\\/\\\/gabitel.net\\\/en\\\/#website\"},\"primaryImageOfPage\":{\"@id\":\"https:\\\/\\\/gabitel.net\\\/en\\\/tu-salud-es-lo-primero-cancer-de-mama-prevencion-factores-de-riesgo-y-deteccion-precoz\\\/#primaryimage\"},\"image\":{\"@id\":\"https:\\\/\\\/gabitel.net\\\/en\\\/tu-salud-es-lo-primero-cancer-de-mama-prevencion-factores-de-riesgo-y-deteccion-precoz\\\/#primaryimage\"},\"thumbnailUrl\":\"https:\\\/\\\/gabitel.net\\\/wp-content\\\/uploads\\\/2023\\\/07\\\/N2-FOTO-DE-PORTADA-min.jpg\",\"datePublished\":\"2023-10-20T11:00:07+00:00\",\"dateModified\":\"2026-04-17T06:51:06+00:00\",\"breadcrumb\":{\"@id\":\"https:\\\/\\\/gabitel.net\\\/en\\\/tu-salud-es-lo-primero-cancer-de-mama-prevencion-factores-de-riesgo-y-deteccion-precoz\\\/#breadcrumb\"},\"inLanguage\":\"en-US\",\"potentialAction\":[{\"@type\":\"ReadAction\",\"target\":[\"https:\\\/\\\/gabitel.net\\\/en\\\/tu-salud-es-lo-primero-cancer-de-mama-prevencion-factores-de-riesgo-y-deteccion-precoz\\\/\"]}]},{\"@type\":\"ImageObject\",\"inLanguage\":\"en-US\",\"@id\":\"https:\\\/\\\/gabitel.net\\\/en\\\/tu-salud-es-lo-primero-cancer-de-mama-prevencion-factores-de-riesgo-y-deteccion-precoz\\\/#primaryimage\",\"url\":\"https:\\\/\\\/gabitel.net\\\/wp-content\\\/uploads\\\/2023\\\/07\\\/N2-FOTO-DE-PORTADA-min.jpg\",\"contentUrl\":\"https:\\\/\\\/gabitel.net\\\/wp-content\\\/uploads\\\/2023\\\/07\\\/N2-FOTO-DE-PORTADA-min.jpg\",\"width\":1018,\"height\":680},{\"@type\":\"BreadcrumbList\",\"@id\":\"https:\\\/\\\/gabitel.net\\\/en\\\/tu-salud-es-lo-primero-cancer-de-mama-prevencion-factores-de-riesgo-y-deteccion-precoz\\\/#breadcrumb\",\"itemListElement\":[{\"@type\":\"ListItem\",\"position\":1,\"name\":\"Portada\",\"item\":\"https:\\\/\\\/gabitel.net\\\/en\\\/\"},{\"@type\":\"ListItem\",\"position\":2,\"name\":\"Tu salud es lo primero: C\u00e1ncer de mama: prevenci\u00f3n, factores de riesgo y detecci\u00f3n precoz\"}]},{\"@type\":\"WebSite\",\"@id\":\"https:\\\/\\\/gabitel.net\\\/en\\\/#website\",\"url\":\"https:\\\/\\\/gabitel.net\\\/en\\\/\",\"name\":\"Gabitel\",\"description\":\"\",\"publisher\":{\"@id\":\"https:\\\/\\\/gabitel.net\\\/en\\\/#organization\"},\"potentialAction\":[{\"@type\":\"SearchAction\",\"target\":{\"@type\":\"EntryPoint\",\"urlTemplate\":\"https:\\\/\\\/gabitel.net\\\/en\\\/?s={search_term_string}\"},\"query-input\":{\"@type\":\"PropertyValueSpecification\",\"valueRequired\":true,\"valueName\":\"search_term_string\"}}],\"inLanguage\":\"en-US\"},{\"@type\":\"Organization\",\"@id\":\"https:\\\/\\\/gabitel.net\\\/en\\\/#organization\",\"name\":\"Gabitel\",\"url\":\"https:\\\/\\\/gabitel.net\\\/en\\\/\",\"logo\":{\"@type\":\"ImageObject\",\"inLanguage\":\"en-US\",\"@id\":\"https:\\\/\\\/gabitel.net\\\/en\\\/#\\\/schema\\\/logo\\\/image\\\/\",\"url\":\"https:\\\/\\\/gabitel.net\\\/wp-content\\\/uploads\\\/2025\\\/05\\\/logo_gabitel.jpg\",\"contentUrl\":\"https:\\\/\\\/gabitel.net\\\/wp-content\\\/uploads\\\/2025\\\/05\\\/logo_gabitel.jpg\",\"width\":2560,\"height\":1330,\"caption\":\"Gabitel\"},\"image\":{\"@id\":\"https:\\\/\\\/gabitel.net\\\/en\\\/#\\\/schema\\\/logo\\\/image\\\/\"},\"sameAs\":[\"https:\\\/\\\/www.facebook.com\\\/gabitelingenieros\\\/\",\"https:\\\/\\\/es.linkedin.com\\\/company\\\/gabitel-ingenieros\"]},{\"@type\":\"Person\",\"@id\":\"https:\\\/\\\/gabitel.net\\\/en\\\/#\\\/schema\\\/person\\\/37ba53714c3fedb9c7d22f4bc781465c\",\"name\":\"user.autor\",\"url\":\"https:\\\/\\\/gabitel.net\\\/en\\\/author\\\/user-autor\\\/\"}]}<\/script>\n<!-- \/ Yoast SEO plugin. -->","yoast_head_json":{"title":"Tu salud es lo primero: C\u00e1ncer de mama: prevenci\u00f3n, factores de riesgo y detecci\u00f3n precoz - Gabitel","robots":{"index":"noindex","follow":"nofollow"},"og_locale":"en_US","og_type":"article","og_title":"Tu salud es lo primero: C\u00e1ncer de mama: prevenci\u00f3n, factores de riesgo y detecci\u00f3n precoz - Gabitel","og_description":"En Espa\u00f1a se diagnosticaron alrededor de 34.740 nuevos c\u00e1nceres de mama en el a\u00f1o 2022, seg\u00fan las estimaciones del Observatorio del C\u00e1ncer de la Asociaci\u00f3n Espa\u00f1ola Contra el C\u00e1ncer, lo que representa casi el 30% de los c\u00e1nceres diagnosticados en mujeres. La mayor parte de los tumores de mama tienen un origen espor\u00e1dico, es decir, [&hellip;]","og_url":"https:\/\/gabitel.net\/en\/tu-salud-es-lo-primero-cancer-de-mama-prevencion-factores-de-riesgo-y-deteccion-precoz\/","og_site_name":"Gabitel","article_publisher":"https:\/\/www.facebook.com\/gabitelingenieros\/","article_published_time":"2023-10-20T11:00:07+00:00","article_modified_time":"2026-04-17T06:51:06+00:00","og_image":[{"width":1018,"height":680,"url":"https:\/\/gabitel.net\/wp-content\/uploads\/2023\/07\/N2-FOTO-DE-PORTADA-min.jpg","type":"image\/jpeg"}],"author":"user.autor","twitter_card":"summary_large_image","twitter_misc":{"Written by":"user.autor","Est. reading time":"3 minutes"},"schema":{"@context":"https:\/\/schema.org","@graph":[{"@type":["Article","BlogPosting"],"@id":"https:\/\/gabitel.net\/en\/tu-salud-es-lo-primero-cancer-de-mama-prevencion-factores-de-riesgo-y-deteccion-precoz\/#article","isPartOf":{"@id":"https:\/\/gabitel.net\/en\/tu-salud-es-lo-primero-cancer-de-mama-prevencion-factores-de-riesgo-y-deteccion-precoz\/"},"author":{"name":"user.autor","@id":"https:\/\/gabitel.net\/en\/#\/schema\/person\/37ba53714c3fedb9c7d22f4bc781465c"},"headline":"Tu salud es lo primero: C\u00e1ncer de mama: prevenci\u00f3n, factores de riesgo y detecci\u00f3n precoz","datePublished":"2023-10-20T11:00:07+00:00","dateModified":"2026-04-17T06:51:06+00:00","mainEntityOfPage":{"@id":"https:\/\/gabitel.net\/en\/tu-salud-es-lo-primero-cancer-de-mama-prevencion-factores-de-riesgo-y-deteccion-precoz\/"},"wordCount":577,"publisher":{"@id":"https:\/\/gabitel.net\/en\/#organization"},"image":{"@id":"https:\/\/gabitel.net\/en\/tu-salud-es-lo-primero-cancer-de-mama-prevencion-factores-de-riesgo-y-deteccion-precoz\/#primaryimage"},"thumbnailUrl":"https:\/\/gabitel.net\/wp-content\/uploads\/2023\/07\/N2-FOTO-DE-PORTADA-min.jpg","articleSection":["Off-topic"],"inLanguage":"en-US"},{"@type":"WebPage","@id":"https:\/\/gabitel.net\/en\/tu-salud-es-lo-primero-cancer-de-mama-prevencion-factores-de-riesgo-y-deteccion-precoz\/","url":"https:\/\/gabitel.net\/en\/tu-salud-es-lo-primero-cancer-de-mama-prevencion-factores-de-riesgo-y-deteccion-precoz\/","name":"Tu salud es lo primero: C\u00e1ncer de mama: prevenci\u00f3n, factores de riesgo y detecci\u00f3n precoz - Gabitel","isPartOf":{"@id":"https:\/\/gabitel.net\/en\/#website"},"primaryImageOfPage":{"@id":"https:\/\/gabitel.net\/en\/tu-salud-es-lo-primero-cancer-de-mama-prevencion-factores-de-riesgo-y-deteccion-precoz\/#primaryimage"},"image":{"@id":"https:\/\/gabitel.net\/en\/tu-salud-es-lo-primero-cancer-de-mama-prevencion-factores-de-riesgo-y-deteccion-precoz\/#primaryimage"},"thumbnailUrl":"https:\/\/gabitel.net\/wp-content\/uploads\/2023\/07\/N2-FOTO-DE-PORTADA-min.jpg","datePublished":"2023-10-20T11:00:07+00:00","dateModified":"2026-04-17T06:51:06+00:00","breadcrumb":{"@id":"https:\/\/gabitel.net\/en\/tu-salud-es-lo-primero-cancer-de-mama-prevencion-factores-de-riesgo-y-deteccion-precoz\/#breadcrumb"},"inLanguage":"en-US","potentialAction":[{"@type":"ReadAction","target":["https:\/\/gabitel.net\/en\/tu-salud-es-lo-primero-cancer-de-mama-prevencion-factores-de-riesgo-y-deteccion-precoz\/"]}]},{"@type":"ImageObject","inLanguage":"en-US","@id":"https:\/\/gabitel.net\/en\/tu-salud-es-lo-primero-cancer-de-mama-prevencion-factores-de-riesgo-y-deteccion-precoz\/#primaryimage","url":"https:\/\/gabitel.net\/wp-content\/uploads\/2023\/07\/N2-FOTO-DE-PORTADA-min.jpg","contentUrl":"https:\/\/gabitel.net\/wp-content\/uploads\/2023\/07\/N2-FOTO-DE-PORTADA-min.jpg","width":1018,"height":680},{"@type":"BreadcrumbList","@id":"https:\/\/gabitel.net\/en\/tu-salud-es-lo-primero-cancer-de-mama-prevencion-factores-de-riesgo-y-deteccion-precoz\/#breadcrumb","itemListElement":[{"@type":"ListItem","position":1,"name":"Portada","item":"https:\/\/gabitel.net\/en\/"},{"@type":"ListItem","position":2,"name":"Tu salud es lo primero: C\u00e1ncer de mama: prevenci\u00f3n, factores de riesgo y detecci\u00f3n precoz"}]},{"@type":"WebSite","@id":"https:\/\/gabitel.net\/en\/#website","url":"https:\/\/gabitel.net\/en\/","name":"Gabitel","description":"","publisher":{"@id":"https:\/\/gabitel.net\/en\/#organization"},"potentialAction":[{"@type":"SearchAction","target":{"@type":"EntryPoint","urlTemplate":"https:\/\/gabitel.net\/en\/?s={search_term_string}"},"query-input":{"@type":"PropertyValueSpecification","valueRequired":true,"valueName":"search_term_string"}}],"inLanguage":"en-US"},{"@type":"Organization","@id":"https:\/\/gabitel.net\/en\/#organization","name":"Gabitel","url":"https:\/\/gabitel.net\/en\/","logo":{"@type":"ImageObject","inLanguage":"en-US","@id":"https:\/\/gabitel.net\/en\/#\/schema\/logo\/image\/","url":"https:\/\/gabitel.net\/wp-content\/uploads\/2025\/05\/logo_gabitel.jpg","contentUrl":"https:\/\/gabitel.net\/wp-content\/uploads\/2025\/05\/logo_gabitel.jpg","width":2560,"height":1330,"caption":"Gabitel"},"image":{"@id":"https:\/\/gabitel.net\/en\/#\/schema\/logo\/image\/"},"sameAs":["https:\/\/www.facebook.com\/gabitelingenieros\/","https:\/\/es.linkedin.com\/company\/gabitel-ingenieros"]},{"@type":"Person","@id":"https:\/\/gabitel.net\/en\/#\/schema\/person\/37ba53714c3fedb9c7d22f4bc781465c","name":"user.autor","url":"https:\/\/gabitel.net\/en\/author\/user-autor\/"}]}},"_links":{"self":[{"href":"https:\/\/gabitel.net\/en\/wp-json\/wp\/v2\/posts\/32790","targetHints":{"allow":["GET"]}}],"collection":[{"href":"https:\/\/gabitel.net\/en\/wp-json\/wp\/v2\/posts"}],"about":[{"href":"https:\/\/gabitel.net\/en\/wp-json\/wp\/v2\/types\/post"}],"author":[{"embeddable":true,"href":"https:\/\/gabitel.net\/en\/wp-json\/wp\/v2\/users\/3"}],"replies":[{"embeddable":true,"href":"https:\/\/gabitel.net\/en\/wp-json\/wp\/v2\/comments?post=32790"}],"version-history":[{"count":1,"href":"https:\/\/gabitel.net\/en\/wp-json\/wp\/v2\/posts\/32790\/revisions"}],"predecessor-version":[{"id":37414,"href":"https:\/\/gabitel.net\/en\/wp-json\/wp\/v2\/posts\/32790\/revisions\/37414"}],"wp:featuredmedia":[{"embeddable":true,"href":"https:\/\/gabitel.net\/en\/wp-json\/wp\/v2\/media\/29573"}],"wp:attachment":[{"href":"https:\/\/gabitel.net\/en\/wp-json\/wp\/v2\/media?parent=32790"}],"wp:term":[{"taxonomy":"category","embeddable":true,"href":"https:\/\/gabitel.net\/en\/wp-json\/wp\/v2\/categories?post=32790"},{"taxonomy":"post_tag","embeddable":true,"href":"https:\/\/gabitel.net\/en\/wp-json\/wp\/v2\/tags?post=32790"}],"curies":[{"name":"wp","href":"https:\/\/api.w.org\/{rel}","templated":true}]}}