{"id":32797,"date":"2023-07-28T13:25:02","date_gmt":"2023-07-28T11:25:02","guid":{"rendered":"https:\/\/gabitel.net\/entrevista-juan-reales\/"},"modified":"2026-04-17T08:51:07","modified_gmt":"2026-04-17T06:51:07","slug":"entrevista-juan-reales","status":"publish","type":"post","link":"https:\/\/gabitel.net\/en\/entrevista-juan-reales\/","title":{"rendered":"Entrevista: Juan Andr\u00e9s Reales"},"content":{"rendered":"<ol>\n<li><strong>\u00bfC\u00f3mo fueron tus inicios profesionalmente hablando, qu\u00e9 recuerdas de ellos?<\/strong><\/li>\n<\/ol>\n<p>Bueno, la verdad es que empec\u00e9 con la constituci\u00f3n de mi primera empresa antes de finalizar la carrera de Ingeniero Agr\u00f3nomo en la Universidad de C\u00f3rdoba.<\/p>\n<p>Creamos una empresa para dar servicio de proyectos multimedia, CD\u2019s interactivos, p\u00e1ginas web, y otras herramientas de difusi\u00f3n de las actividades de los grupos de desarrollo rural, vinculados en aquel momento a ayudas comunitarias de los programas Leader y Proder&#8230; Era otra \u00e9poca. Estuvimos incluso vendiendo ordenadores, software y otro equipamiento inform\u00e1tico.<\/p>\n<p>Esa empresa la vend\u00ed porque ten\u00eda que acabar la carrera, y no me dejaba tiempo para ello.<\/p>\n<p>Despu\u00e9s, como curiosidad, env\u00ede mi equipaje a Asturias un mi\u00e9rcoles con la intenci\u00f3n de irme el fin de semana para all\u00e1 a montar una empresa de servicios de ingenier\u00eda con un compa\u00f1ero de all\u00ed, totalmente convencido. Pero una cena con un buen amigo me hizo cambiar de idea.<\/p>\n<p>Finalmente, recuerdo especialmente mi primer trabajo despu\u00e9s de obtener el t\u00edtulo de Ingeniero Agr\u00f3nomo en 1998, en el departamento de I+D de la empresa Tragsa, en Madrid. Era un magn\u00edfico proyecto para el desarrollo de sistemas de telegesti\u00f3n de Comunidades de Regantes y control de regad\u00edos, con muchas expectativas, pero Madrid no acab\u00f3 atrap\u00e1ndome, y me vine r\u00e1pidamente a Huelva: mitad de salario, doble nivel y calidad de vida.<\/p>\n<p>Aqu\u00ed r\u00e1pidamente comenc\u00e9 con un contrato laboral en la Diputaci\u00f3n Provincial de Huelva, en Desarrollo Local con un proyecto Life de gesti\u00f3n medioambiental de la Uni\u00f3n Europea, y posteriormente en la creaci\u00f3n de la Agencia Provincial de la Energ\u00eda de Huelva.<\/p>\n<p>En paralelo, en el a\u00f1o 2002, creamos REALZA Ingenieros.<\/p>\n<p>&nbsp;<\/p>\n<ol start=\"2\">\n<li><strong>\u00bfCu\u00e1ndo surge Realza Ingenieros y cu\u00e1les son los principales proyectos en los que se ha ido trabajado?<\/strong><\/li>\n<\/ol>\n<p>Como os dec\u00eda, Realza se constituy\u00f3 oficialmente ante notario en el a\u00f1o 2002.<\/p>\n<p>En los primeros a\u00f1os, los proyectos fueron principalmente de grandes desarrollos en las Comunidades de Regantes y nuevas zonas regables en la provincia de Huelva. Quiz\u00e1 los primeros y m\u00e1s relevantes, fueron la Comunidad de Regantes And\u00e9valo Pedro Arco en Villanueva de los Castillejos, y todo el Plan general de transformaci\u00f3n del And\u00e9valo, para m\u00e1s de 10.000 ha.<\/p>\n<p>En paralelo, ten\u00edamos otros proyectos de riego de fincas para particulares, y posteriormente comenzamos a trabajar tambi\u00e9n para las cooperativas de sector de los frutos rojos. Fue una \u00e9poca muy interesante, en la que entre muy pocas personas desarroll\u00e1bamos todo el trabajo de la empresa.<\/p>\n<p>&nbsp;<\/p>\n<ol start=\"3\">\n<li><strong>\u00bfEn qu\u00e9 momento Realza Ingenieros y Gabitel deciden fusionarse y cu\u00e1l fue el motivo de ello?<\/strong><\/li>\n<\/ol>\n<p>Desde el primer momento de la creaci\u00f3n de Realza, en paralelo, mi primo Gonzalo ya hab\u00eda creado tambi\u00e9n GABITEL Ingenieros, y trabajaba en sectores muy diferentes a los nuestros. Ya desde el principio hab\u00edamos tenido una importante colaboraci\u00f3n en muchos proyectos, y nos ayudamos mutuamente a resolver los problemas y las peripecias de mantener y hacer crecer una empresa.<\/p>\n<p>R\u00e1pidamente, Gabitel tuvo un desarrollo mucho m\u00e1s amplio del que llev\u00e1bamos nosotros en Realza, y fue en el a\u00f1o 2016 cuando Gonzalo tom\u00f3 la decisi\u00f3n estrat\u00e9gica de diversificar sus dos grandes l\u00edneas de negocio, e incorporar a la misma otras actividades. El principal motivo fue la diversificaci\u00f3n de esta actividad, para minorar posibles riesgos al tener casi el 90 % de la facturaci\u00f3n en dos grandes proyectos, Endesa y FTTH. Desde entonces, se incorporaron a Gabitel la ingenier\u00eda agro alimentaria, la ingenier\u00eda civil, la arquitectura, el desarrollo de software,\u2026 y se crearon nuevos departamentos en energ\u00edas renovables, desarrollo industrial, consultor\u00eda, etc..<\/p>\n<p aria-hidden=\"true\"><strong>\u00a0<\/strong><\/p>\n<ol start=\"4\">\n<li><strong>\u00bfCu\u00e1les son los principales objetivos que te has marcado como nuevo Director General de Gabitel?<\/strong><\/li>\n<\/ol>\n<p>Es muy reciente mi incorporaci\u00f3n como director general de la empresa, aunque por supuesto, desde un principio he tenido en mente y he estado colaborando todo lo posible en las tareas de gesti\u00f3n de la misma.<\/p>\n<p>Quiz\u00e1 el principal objetivo es mantener todos los puestos de trabajo, el volumen de actividad, y siendo un poco m\u00e1s ambiciosos, mejorar la calidad del trabajo que desarrollamos, y como dir\u00eda Gonzalo, hacer m\u00e1s felices a nuestros clientes y a nuestros trabajadores\u2026 hacer de Gabitel una empresa donde todos deseen trabajar, donde los reci\u00e9n egresados de la universidad o cualquier ingeniero, arquitecto, \u2026 est\u00e9 deseando entrar.<\/p>\n<p>Me gustar\u00eda, y lo estoy intentando, involucrar a muchas m\u00e1s personas en las tareas de gesti\u00f3n y desarrollo de negocio, para conseguir que seamos muchos m\u00e1s los que tiremos del carro.<\/p>\n<p>&nbsp;<\/p>\n<ol start=\"5\">\n<li><strong>A nivel personal, \u00bfnos puedes contar algunas de tus aficiones para conocerte mejor?<\/strong><\/li>\n<\/ol>\n<p>Muchos, ya me conocen en la empresa, soy \u201cUn hombre tranquilo\u201d y con devoci\u00f3n por mi familia, que vivo desde hace tiempo en El Rompido, lo cual me permite ejercer una de mis grandes aficiones, la pesca. Tengo un peque\u00f1o barquito con el que suelo disfrutar much\u00edsimo con familiares y amigos durante casi todo el a\u00f1o.<\/p>\n<p>Durante el oto\u00f1o y el invierno me gusta mucho salir al campo, pasear, coger setas, \u2026 y tambi\u00e9n practico otra de mis grandes aficiones que es la caza.<\/p>\n<p>He jugado al rugby\u2026 me gusta comer\u2026 y no falto jam\u00e1s a El Roc\u00edo.<\/p>\n<p>En casa, junto a la lectura, practico la jardiner\u00eda, en parte por obligaci\u00f3n, y despu\u00e9s por devoci\u00f3n, \u2026 tengo innumerables plantitas\u2026<\/p>\n<p>&nbsp;<\/p>\n<ol start=\"6\">\n<li><strong>Ah\u00ed va la pregunta que dej\u00f3 para ti, nuestro compa\u00f1ero Riccardo Weber: Si pudiera<\/strong> <strong>viajar en el tiempo 10 a\u00f1os hacia adelante, \u00bfc\u00f3mo ser\u00e1 Gabitel en 2033?<\/strong><\/li>\n<\/ol>\n<p>Respecto a c\u00f3mo ser\u00e1 Gabitel, realmente no lo s\u00e9, vivimos tiempos convulsos\u2026 Quiz\u00e1 s\u00ed podr\u00eda decir c\u00f3mo me gustar\u00eda que fuese, o como creo que acabar\u00e1 siendo.<\/p>\n<p>Siempre he pensado que en el futuro seremos una empresa con no muchos m\u00e1s trabajadores, pero con un mayor volumen de ventas, con proyectos m\u00e1s especializados y de mayor valor a\u00f1adido, que permitan mejorar la remuneraci\u00f3n de los trabajadores y el beneficio en la empresa. Me gustar\u00eda en 10 a\u00f1os seguir viendo las mismas caras a mi alrededor, sonriendo.<\/p>\n<p>&nbsp;<\/p>\n<ol start=\"7\">\n<li><strong>Env\u00edale una pregunta para el pr\u00f3ximo compa\u00f1ero que ser\u00e1 entrevistado.<\/strong><\/li>\n<\/ol>\n<p>Vamos a ser directos: \u00bfQu\u00e9 esperas de Gabitel en el corto plazo? \u00bfQu\u00e9 le pedir\u00edas a la direcci\u00f3n de la empresa?<\/p>\n","protected":false},"excerpt":{"rendered":"<p>\u00bfC\u00f3mo fueron tus inicios profesionalmente hablando, qu\u00e9 recuerdas de ellos? Bueno, la verdad es que empec\u00e9 con la constituci\u00f3n de mi primera empresa antes de finalizar la carrera de Ingeniero Agr\u00f3nomo en la Universidad de C\u00f3rdoba. Creamos una empresa para dar servicio de proyectos multimedia, CD\u2019s interactivos, p\u00e1ginas web, y otras herramientas de difusi\u00f3n de [&hellip;]<\/p>\n","protected":false},"author":3,"featured_media":29516,"comment_status":"closed","ping_status":"closed","sticky":false,"template":"","format":"standard","meta":{"content-type":"","footnotes":""},"categories":[601],"tags":[],"class_list":["post-32797","post","type-post","status-publish","format-standard","has-post-thumbnail","hentry","category-off-topic-en"],"yoast_head":"<!-- This site is optimized with the Yoast SEO plugin v27.5 - https:\/\/yoast.com\/product\/yoast-seo-wordpress\/ -->\n<title>Entrevista: Juan Andr\u00e9s Reales - Gabitel<\/title>\n<meta name=\"robots\" content=\"noindex, nofollow\" \/>\n<meta property=\"og:locale\" content=\"en_US\" \/>\n<meta property=\"og:type\" content=\"article\" \/>\n<meta property=\"og:title\" content=\"Entrevista: Juan Andr\u00e9s Reales - Gabitel\" \/>\n<meta property=\"og:description\" content=\"\u00bfC\u00f3mo fueron tus inicios profesionalmente hablando, qu\u00e9 recuerdas de ellos? Bueno, la verdad es que empec\u00e9 con la constituci\u00f3n de mi primera empresa antes de finalizar la carrera de Ingeniero Agr\u00f3nomo en la Universidad de C\u00f3rdoba. Creamos una empresa para dar servicio de proyectos multimedia, CD\u2019s interactivos, p\u00e1ginas web, y otras herramientas de difusi\u00f3n de [&hellip;]\" \/>\n<meta property=\"og:url\" content=\"https:\/\/gabitel.net\/en\/entrevista-juan-reales\/\" \/>\n<meta property=\"og:site_name\" content=\"Gabitel\" \/>\n<meta property=\"article:publisher\" content=\"https:\/\/www.facebook.com\/gabitelingenieros\/\" \/>\n<meta property=\"article:published_time\" content=\"2023-07-28T11:25:02+00:00\" \/>\n<meta property=\"article:modified_time\" content=\"2026-04-17T06:51:07+00:00\" \/>\n<meta property=\"og:image\" content=\"https:\/\/gabitel.net\/wp-content\/uploads\/2023\/03\/Juan-Andres-Reales-y-Claudia-Orozco-min.jpg\" \/>\n\t<meta property=\"og:image:width\" content=\"880\" \/>\n\t<meta property=\"og:image:height\" content=\"450\" \/>\n\t<meta property=\"og:image:type\" content=\"image\/jpeg\" \/>\n<meta name=\"author\" content=\"user.autor\" \/>\n<meta name=\"twitter:card\" content=\"summary_large_image\" \/>\n<meta name=\"twitter:label1\" content=\"Written by\" \/>\n\t<meta name=\"twitter:data1\" content=\"user.autor\" \/>\n\t<meta name=\"twitter:label2\" content=\"Est. reading time\" \/>\n\t<meta name=\"twitter:data2\" content=\"6 minutes\" \/>\n<script type=\"application\/ld+json\" class=\"yoast-schema-graph\">{\"@context\":\"https:\\\/\\\/schema.org\",\"@graph\":[{\"@type\":[\"Article\",\"BlogPosting\"],\"@id\":\"https:\\\/\\\/gabitel.net\\\/en\\\/entrevista-juan-reales\\\/#article\",\"isPartOf\":{\"@id\":\"https:\\\/\\\/gabitel.net\\\/en\\\/entrevista-juan-reales\\\/\"},\"author\":{\"name\":\"user.autor\",\"@id\":\"https:\\\/\\\/gabitel.net\\\/en\\\/#\\\/schema\\\/person\\\/37ba53714c3fedb9c7d22f4bc781465c\"},\"headline\":\"Entrevista: Juan Andr\u00e9s Reales\",\"datePublished\":\"2023-07-28T11:25:02+00:00\",\"dateModified\":\"2026-04-17T06:51:07+00:00\",\"mainEntityOfPage\":{\"@id\":\"https:\\\/\\\/gabitel.net\\\/en\\\/entrevista-juan-reales\\\/\"},\"wordCount\":1106,\"publisher\":{\"@id\":\"https:\\\/\\\/gabitel.net\\\/en\\\/#organization\"},\"image\":{\"@id\":\"https:\\\/\\\/gabitel.net\\\/en\\\/entrevista-juan-reales\\\/#primaryimage\"},\"thumbnailUrl\":\"https:\\\/\\\/gabitel.net\\\/wp-content\\\/uploads\\\/2023\\\/03\\\/Juan-Andres-Reales-y-Claudia-Orozco-min.jpg\",\"articleSection\":[\"Off-topic\"],\"inLanguage\":\"en-US\"},{\"@type\":\"WebPage\",\"@id\":\"https:\\\/\\\/gabitel.net\\\/en\\\/entrevista-juan-reales\\\/\",\"url\":\"https:\\\/\\\/gabitel.net\\\/en\\\/entrevista-juan-reales\\\/\",\"name\":\"Entrevista: Juan Andr\u00e9s Reales - Gabitel\",\"isPartOf\":{\"@id\":\"https:\\\/\\\/gabitel.net\\\/en\\\/#website\"},\"primaryImageOfPage\":{\"@id\":\"https:\\\/\\\/gabitel.net\\\/en\\\/entrevista-juan-reales\\\/#primaryimage\"},\"image\":{\"@id\":\"https:\\\/\\\/gabitel.net\\\/en\\\/entrevista-juan-reales\\\/#primaryimage\"},\"thumbnailUrl\":\"https:\\\/\\\/gabitel.net\\\/wp-content\\\/uploads\\\/2023\\\/03\\\/Juan-Andres-Reales-y-Claudia-Orozco-min.jpg\",\"datePublished\":\"2023-07-28T11:25:02+00:00\",\"dateModified\":\"2026-04-17T06:51:07+00:00\",\"breadcrumb\":{\"@id\":\"https:\\\/\\\/gabitel.net\\\/en\\\/entrevista-juan-reales\\\/#breadcrumb\"},\"inLanguage\":\"en-US\",\"potentialAction\":[{\"@type\":\"ReadAction\",\"target\":[\"https:\\\/\\\/gabitel.net\\\/en\\\/entrevista-juan-reales\\\/\"]}]},{\"@type\":\"ImageObject\",\"inLanguage\":\"en-US\",\"@id\":\"https:\\\/\\\/gabitel.net\\\/en\\\/entrevista-juan-reales\\\/#primaryimage\",\"url\":\"https:\\\/\\\/gabitel.net\\\/wp-content\\\/uploads\\\/2023\\\/03\\\/Juan-Andres-Reales-y-Claudia-Orozco-min.jpg\",\"contentUrl\":\"https:\\\/\\\/gabitel.net\\\/wp-content\\\/uploads\\\/2023\\\/03\\\/Juan-Andres-Reales-y-Claudia-Orozco-min.jpg\",\"width\":880,\"height\":450},{\"@type\":\"BreadcrumbList\",\"@id\":\"https:\\\/\\\/gabitel.net\\\/en\\\/entrevista-juan-reales\\\/#breadcrumb\",\"itemListElement\":[{\"@type\":\"ListItem\",\"position\":1,\"name\":\"Portada\",\"item\":\"https:\\\/\\\/gabitel.net\\\/en\\\/\"},{\"@type\":\"ListItem\",\"position\":2,\"name\":\"Entrevista: Juan Andr\u00e9s Reales\"}]},{\"@type\":\"WebSite\",\"@id\":\"https:\\\/\\\/gabitel.net\\\/en\\\/#website\",\"url\":\"https:\\\/\\\/gabitel.net\\\/en\\\/\",\"name\":\"Gabitel\",\"description\":\"\",\"publisher\":{\"@id\":\"https:\\\/\\\/gabitel.net\\\/en\\\/#organization\"},\"potentialAction\":[{\"@type\":\"SearchAction\",\"target\":{\"@type\":\"EntryPoint\",\"urlTemplate\":\"https:\\\/\\\/gabitel.net\\\/en\\\/?s={search_term_string}\"},\"query-input\":{\"@type\":\"PropertyValueSpecification\",\"valueRequired\":true,\"valueName\":\"search_term_string\"}}],\"inLanguage\":\"en-US\"},{\"@type\":\"Organization\",\"@id\":\"https:\\\/\\\/gabitel.net\\\/en\\\/#organization\",\"name\":\"Gabitel\",\"url\":\"https:\\\/\\\/gabitel.net\\\/en\\\/\",\"logo\":{\"@type\":\"ImageObject\",\"inLanguage\":\"en-US\",\"@id\":\"https:\\\/\\\/gabitel.net\\\/en\\\/#\\\/schema\\\/logo\\\/image\\\/\",\"url\":\"https:\\\/\\\/gabitel.net\\\/wp-content\\\/uploads\\\/2025\\\/05\\\/logo_gabitel.jpg\",\"contentUrl\":\"https:\\\/\\\/gabitel.net\\\/wp-content\\\/uploads\\\/2025\\\/05\\\/logo_gabitel.jpg\",\"width\":2560,\"height\":1330,\"caption\":\"Gabitel\"},\"image\":{\"@id\":\"https:\\\/\\\/gabitel.net\\\/en\\\/#\\\/schema\\\/logo\\\/image\\\/\"},\"sameAs\":[\"https:\\\/\\\/www.facebook.com\\\/gabitelingenieros\\\/\",\"https:\\\/\\\/es.linkedin.com\\\/company\\\/gabitel-ingenieros\"]},{\"@type\":\"Person\",\"@id\":\"https:\\\/\\\/gabitel.net\\\/en\\\/#\\\/schema\\\/person\\\/37ba53714c3fedb9c7d22f4bc781465c\",\"name\":\"user.autor\",\"url\":\"https:\\\/\\\/gabitel.net\\\/en\\\/author\\\/user-autor\\\/\"}]}<\/script>\n<!-- \/ Yoast SEO plugin. -->","yoast_head_json":{"title":"Entrevista: Juan Andr\u00e9s Reales - Gabitel","robots":{"index":"noindex","follow":"nofollow"},"og_locale":"en_US","og_type":"article","og_title":"Entrevista: Juan Andr\u00e9s Reales - Gabitel","og_description":"\u00bfC\u00f3mo fueron tus inicios profesionalmente hablando, qu\u00e9 recuerdas de ellos? Bueno, la verdad es que empec\u00e9 con la constituci\u00f3n de mi primera empresa antes de finalizar la carrera de Ingeniero Agr\u00f3nomo en la Universidad de C\u00f3rdoba. Creamos una empresa para dar servicio de proyectos multimedia, CD\u2019s interactivos, p\u00e1ginas web, y otras herramientas de difusi\u00f3n de [&hellip;]","og_url":"https:\/\/gabitel.net\/en\/entrevista-juan-reales\/","og_site_name":"Gabitel","article_publisher":"https:\/\/www.facebook.com\/gabitelingenieros\/","article_published_time":"2023-07-28T11:25:02+00:00","article_modified_time":"2026-04-17T06:51:07+00:00","og_image":[{"width":880,"height":450,"url":"https:\/\/gabitel.net\/wp-content\/uploads\/2023\/03\/Juan-Andres-Reales-y-Claudia-Orozco-min.jpg","type":"image\/jpeg"}],"author":"user.autor","twitter_card":"summary_large_image","twitter_misc":{"Written by":"user.autor","Est. reading time":"6 minutes"},"schema":{"@context":"https:\/\/schema.org","@graph":[{"@type":["Article","BlogPosting"],"@id":"https:\/\/gabitel.net\/en\/entrevista-juan-reales\/#article","isPartOf":{"@id":"https:\/\/gabitel.net\/en\/entrevista-juan-reales\/"},"author":{"name":"user.autor","@id":"https:\/\/gabitel.net\/en\/#\/schema\/person\/37ba53714c3fedb9c7d22f4bc781465c"},"headline":"Entrevista: Juan Andr\u00e9s Reales","datePublished":"2023-07-28T11:25:02+00:00","dateModified":"2026-04-17T06:51:07+00:00","mainEntityOfPage":{"@id":"https:\/\/gabitel.net\/en\/entrevista-juan-reales\/"},"wordCount":1106,"publisher":{"@id":"https:\/\/gabitel.net\/en\/#organization"},"image":{"@id":"https:\/\/gabitel.net\/en\/entrevista-juan-reales\/#primaryimage"},"thumbnailUrl":"https:\/\/gabitel.net\/wp-content\/uploads\/2023\/03\/Juan-Andres-Reales-y-Claudia-Orozco-min.jpg","articleSection":["Off-topic"],"inLanguage":"en-US"},{"@type":"WebPage","@id":"https:\/\/gabitel.net\/en\/entrevista-juan-reales\/","url":"https:\/\/gabitel.net\/en\/entrevista-juan-reales\/","name":"Entrevista: Juan Andr\u00e9s Reales - Gabitel","isPartOf":{"@id":"https:\/\/gabitel.net\/en\/#website"},"primaryImageOfPage":{"@id":"https:\/\/gabitel.net\/en\/entrevista-juan-reales\/#primaryimage"},"image":{"@id":"https:\/\/gabitel.net\/en\/entrevista-juan-reales\/#primaryimage"},"thumbnailUrl":"https:\/\/gabitel.net\/wp-content\/uploads\/2023\/03\/Juan-Andres-Reales-y-Claudia-Orozco-min.jpg","datePublished":"2023-07-28T11:25:02+00:00","dateModified":"2026-04-17T06:51:07+00:00","breadcrumb":{"@id":"https:\/\/gabitel.net\/en\/entrevista-juan-reales\/#breadcrumb"},"inLanguage":"en-US","potentialAction":[{"@type":"ReadAction","target":["https:\/\/gabitel.net\/en\/entrevista-juan-reales\/"]}]},{"@type":"ImageObject","inLanguage":"en-US","@id":"https:\/\/gabitel.net\/en\/entrevista-juan-reales\/#primaryimage","url":"https:\/\/gabitel.net\/wp-content\/uploads\/2023\/03\/Juan-Andres-Reales-y-Claudia-Orozco-min.jpg","contentUrl":"https:\/\/gabitel.net\/wp-content\/uploads\/2023\/03\/Juan-Andres-Reales-y-Claudia-Orozco-min.jpg","width":880,"height":450},{"@type":"BreadcrumbList","@id":"https:\/\/gabitel.net\/en\/entrevista-juan-reales\/#breadcrumb","itemListElement":[{"@type":"ListItem","position":1,"name":"Portada","item":"https:\/\/gabitel.net\/en\/"},{"@type":"ListItem","position":2,"name":"Entrevista: Juan Andr\u00e9s Reales"}]},{"@type":"WebSite","@id":"https:\/\/gabitel.net\/en\/#website","url":"https:\/\/gabitel.net\/en\/","name":"Gabitel","description":"","publisher":{"@id":"https:\/\/gabitel.net\/en\/#organization"},"potentialAction":[{"@type":"SearchAction","target":{"@type":"EntryPoint","urlTemplate":"https:\/\/gabitel.net\/en\/?s={search_term_string}"},"query-input":{"@type":"PropertyValueSpecification","valueRequired":true,"valueName":"search_term_string"}}],"inLanguage":"en-US"},{"@type":"Organization","@id":"https:\/\/gabitel.net\/en\/#organization","name":"Gabitel","url":"https:\/\/gabitel.net\/en\/","logo":{"@type":"ImageObject","inLanguage":"en-US","@id":"https:\/\/gabitel.net\/en\/#\/schema\/logo\/image\/","url":"https:\/\/gabitel.net\/wp-content\/uploads\/2025\/05\/logo_gabitel.jpg","contentUrl":"https:\/\/gabitel.net\/wp-content\/uploads\/2025\/05\/logo_gabitel.jpg","width":2560,"height":1330,"caption":"Gabitel"},"image":{"@id":"https:\/\/gabitel.net\/en\/#\/schema\/logo\/image\/"},"sameAs":["https:\/\/www.facebook.com\/gabitelingenieros\/","https:\/\/es.linkedin.com\/company\/gabitel-ingenieros"]},{"@type":"Person","@id":"https:\/\/gabitel.net\/en\/#\/schema\/person\/37ba53714c3fedb9c7d22f4bc781465c","name":"user.autor","url":"https:\/\/gabitel.net\/en\/author\/user-autor\/"}]}},"_links":{"self":[{"href":"https:\/\/gabitel.net\/en\/wp-json\/wp\/v2\/posts\/32797","targetHints":{"allow":["GET"]}}],"collection":[{"href":"https:\/\/gabitel.net\/en\/wp-json\/wp\/v2\/posts"}],"about":[{"href":"https:\/\/gabitel.net\/en\/wp-json\/wp\/v2\/types\/post"}],"author":[{"embeddable":true,"href":"https:\/\/gabitel.net\/en\/wp-json\/wp\/v2\/users\/3"}],"replies":[{"embeddable":true,"href":"https:\/\/gabitel.net\/en\/wp-json\/wp\/v2\/comments?post=32797"}],"version-history":[{"count":1,"href":"https:\/\/gabitel.net\/en\/wp-json\/wp\/v2\/posts\/32797\/revisions"}],"predecessor-version":[{"id":37431,"href":"https:\/\/gabitel.net\/en\/wp-json\/wp\/v2\/posts\/32797\/revisions\/37431"}],"wp:featuredmedia":[{"embeddable":true,"href":"https:\/\/gabitel.net\/en\/wp-json\/wp\/v2\/media\/29516"}],"wp:attachment":[{"href":"https:\/\/gabitel.net\/en\/wp-json\/wp\/v2\/media?parent=32797"}],"wp:term":[{"taxonomy":"category","embeddable":true,"href":"https:\/\/gabitel.net\/en\/wp-json\/wp\/v2\/categories?post=32797"},{"taxonomy":"post_tag","embeddable":true,"href":"https:\/\/gabitel.net\/en\/wp-json\/wp\/v2\/tags?post=32797"}],"curies":[{"name":"wp","href":"https:\/\/api.w.org\/{rel}","templated":true}]}}