{"id":32814,"date":"2023-03-17T15:30:45","date_gmt":"2023-03-17T14:30:45","guid":{"rendered":"https:\/\/gabitel.net\/cumpleanos-de-los-mes-de-febrero-y-marzo-de-2023\/"},"modified":"2026-04-17T08:51:09","modified_gmt":"2026-04-17T06:51:09","slug":"cumpleanos-de-los-mes-de-febrero-y-marzo-de-2023","status":"publish","type":"post","link":"https:\/\/gabitel.net\/en\/cumpleanos-de-los-mes-de-febrero-y-marzo-de-2023\/","title":{"rendered":"Cumplea\u00f1os de los meses de Febrero y de Marzo de 2023"},"content":{"rendered":"<p style=\"text-align: center;\"><strong>\u00a1FELIZ CUMPLEA\u00d1OS, COMPA\u00d1ER@S<\/strong><\/p>\n<p>&nbsp;<\/p>\n<p style=\"text-align: center;\"><strong>FEBRERO<\/strong><\/p>\n<p><img decoding=\"async\" src=\"https:\/\/gabitelingenieros.com\/wp-content\/uploads\/2023\/01\/Rosa-Leal.jpg\" alt=\"Cumplea\u00f1os de los | Gabitel Ingenieros\" \/><\/p>\n<p style=\"text-align: center;\">Rosa Leal<\/p>\n<p style=\"text-align: center;\"><strong>4 de febrero<\/strong><\/p>\n<p><img decoding=\"async\" src=\"https:\/\/gabitelingenieros.com\/wp-content\/uploads\/2023\/01\/Jaime-Mayol.jpg\" alt=\"Cumplea\u00f1os de los | Gabitel Ingenieros\" \/><\/p>\n<p style=\"text-align: center;\">Jaime Mayol<\/p>\n<p style=\"text-align: center;\"><strong>5 de febrero<\/strong><\/p>\n<p><img decoding=\"async\" src=\"https:\/\/gabitelingenieros.com\/wp-content\/uploads\/2023\/01\/Javier-Alvarez.jpg\" alt=\"Cumplea\u00f1os de los | Gabitel Ingenieros\" \/><\/p>\n<p style=\"text-align: center;\">Javier \u00c1lvarez<\/p>\n<p style=\"text-align: center;\"><strong>10 de febrero<\/strong><\/p>\n<p><img decoding=\"async\" src=\"https:\/\/gabitelingenieros.com\/wp-content\/uploads\/2023\/01\/Erika-Alves.jpg\" alt=\"Cumplea\u00f1os de los | Gabitel Ingenieros\" \/><\/p>\n<p style=\"text-align: center;\">Erika Alves<\/p>\n<p style=\"text-align: center;\"><strong>10 de febrero<\/strong><\/p>\n<p><img decoding=\"async\" src=\"https:\/\/gabitelingenieros.com\/wp-content\/uploads\/2023\/01\/Rocio-Benitez.jpg\" alt=\"Cumplea\u00f1os de los | Gabitel Ingenieros\" \/><\/p>\n<p style=\"text-align: center;\">Roc\u00edo Ben\u00edtez<\/p>\n<p style=\"text-align: center;\"><strong>12 de febrero<\/strong><\/p>\n<p><img decoding=\"async\" src=\"https:\/\/gabitelingenieros.com\/wp-content\/uploads\/2023\/01\/Marta-Alcantara.jpg\" alt=\"Cumplea\u00f1os de los | Gabitel Ingenieros\" \/><\/p>\n<p style=\"text-align: center;\">Marta \u00c1lcantara<\/p>\n<p style=\"text-align: center;\"><strong>14 de febrero<\/strong><\/p>\n<p><img decoding=\"async\" src=\"https:\/\/gabitelingenieros.com\/wp-content\/uploads\/2023\/01\/Guadalupe-Rodriguez.jpg\" alt=\"Cumplea\u00f1os de los | Gabitel Ingenieros\" \/><\/p>\n<p style=\"text-align: center;\">Guadalupe Rodr\u00edguez<\/p>\n<p style=\"text-align: center;\"><strong>16 de febrero<\/strong><\/p>\n<p><img decoding=\"async\" src=\"https:\/\/gabitelingenieros.com\/wp-content\/uploads\/2023\/01\/Laura-Mintegui.jpg\" alt=\"Cumplea\u00f1os de los | Gabitel Ingenieros\" \/><\/p>\n<p style=\"text-align: center;\">Laura Mintegui<\/p>\n<p style=\"text-align: center;\"><strong>18 de febrero<\/strong><\/p>\n<p><img decoding=\"async\" src=\"https:\/\/gabitelingenieros.com\/wp-content\/uploads\/2023\/01\/Miguel-Clavijo.jpg\" alt=\"Cumplea\u00f1os de los | Gabitel Ingenieros\" \/><\/p>\n<p style=\"text-align: center;\">Miguel Clavijo<\/p>\n<p style=\"text-align: center;\"><strong>21 de febrero<\/strong><\/p>\n<p><img decoding=\"async\" src=\"https:\/\/gabitelingenieros.com\/wp-content\/uploads\/2023\/01\/Fernando-Carro.jpg\" alt=\"Cumplea\u00f1os de los | Gabitel Ingenieros\" \/><\/p>\n<p style=\"text-align: center;\">Fernando Carro<\/p>\n<p style=\"text-align: center;\"><strong>22 de febrero<\/strong><\/p>\n<p><img decoding=\"async\" src=\"https:\/\/gabitelingenieros.com\/wp-content\/uploads\/2023\/01\/Antonio-Benitez.jpg\" alt=\"Cumplea\u00f1os de los | Gabitel Ingenieros\" \/><\/p>\n<p style=\"text-align: center;\">Antonio Ben\u00edtez<\/p>\n<p style=\"text-align: center;\"><strong>25 de febrero<\/strong><\/p>\n<p><img decoding=\"async\" src=\"https:\/\/gabitelingenieros.com\/wp-content\/uploads\/2023\/01\/Lucia-Rodriguez.jpg\" alt=\"Cumplea\u00f1os de los | Gabitel Ingenieros\" \/><\/p>\n<p style=\"text-align: center;\">Luc\u00eda Rodr\u00edguez<\/p>\n<p style=\"text-align: center;\"><strong>27 de febrero<\/strong><\/p>\n<p style=\"text-align: center;\"><strong>MARZO<\/strong><\/p>\n<p><img decoding=\"async\" src=\"https:\/\/gabitelingenieros.com\/wp-content\/uploads\/2023\/01\/Marta-Colas.jpg\" alt=\"Cumplea\u00f1os de los | Gabitel Ingenieros\" \/><\/p>\n<p style=\"text-align: center;\">Marta Colas<\/p>\n<p style=\"text-align: center;\"><strong>1 de marzo<\/strong><\/p>\n<p><img decoding=\"async\" src=\"https:\/\/gabitelingenieros.com\/wp-content\/uploads\/2023\/01\/Aaron-Prieto.jpg\" alt=\"Cumplea\u00f1os de los | Gabitel Ingenieros\" \/><\/p>\n<p style=\"text-align: center;\">Aaron Prieto<\/p>\n<p style=\"text-align: center;\"><strong>7 de marzo<\/strong><\/p>\n<p><img decoding=\"async\" src=\"https:\/\/gabitelingenieros.com\/wp-content\/uploads\/2023\/01\/Nicolas-Melida.jpg\" alt=\"Cumplea\u00f1os de los | Gabitel Ingenieros\" \/><\/p>\n<p style=\"text-align: center;\">Nicol\u00e1s M\u00e9lida<\/p>\n<p style=\"text-align: center;\"><strong>9 de marzo<\/strong><\/p>\n<p><img decoding=\"async\" src=\"https:\/\/gabitelingenieros.com\/wp-content\/uploads\/2023\/01\/Marina-Bellido.jpg\" alt=\"Cumplea\u00f1os de los | Gabitel Ingenieros\" \/><\/p>\n<p style=\"text-align: center;\">Marina Bellido<\/p>\n<p style=\"text-align: center;\"><strong>14 de marzo<\/strong><\/p>\n<p><img decoding=\"async\" src=\"https:\/\/gabitelingenieros.com\/wp-content\/uploads\/2023\/01\/Isabel-Iglesias.jpg\" alt=\"Cumplea\u00f1os de los | Gabitel Ingenieros\" \/><\/p>\n<p style=\"text-align: center;\">Isabel Iglesias<\/p>\n<p style=\"text-align: center;\"><strong>16 de marzo<\/strong><\/p>\n<p><img decoding=\"async\" src=\"https:\/\/gabitelingenieros.com\/wp-content\/uploads\/2023\/01\/Cristina-Urbano.jpg\" alt=\"Cumplea\u00f1os de los | Gabitel Ingenieros\" \/><\/p>\n<p style=\"text-align: center;\">Cristina Urbano<\/p>\n<p style=\"text-align: center;\"><strong>18 de marzo<\/strong><\/p>\n<p><img decoding=\"async\" src=\"https:\/\/gabitelingenieros.com\/wp-content\/uploads\/2023\/01\/Alvaro-Martinez.jpg\" alt=\"Cumplea\u00f1os de los | Gabitel Ingenieros\" \/><\/p>\n<p style=\"text-align: center;\">\u00c1lvaro Mart\u00ednez<\/p>\n<p style=\"text-align: center;\"><strong>24 de marzo<\/strong><\/p>\n<p><img decoding=\"async\" src=\"https:\/\/gabitelingenieros.com\/wp-content\/uploads\/2023\/01\/Gloria-Perez.jpg\" alt=\"Cumplea\u00f1os de los | Gabitel Ingenieros\" \/><\/p>\n<p style=\"text-align: center;\">Gloria P\u00e9rez<\/p>\n<p style=\"text-align: center;\"><strong>24 de marzo<\/strong><\/p>\n<p><img decoding=\"async\" src=\"https:\/\/gabitelingenieros.com\/wp-content\/uploads\/2023\/01\/Joaquin-Santana.jpg\" alt=\"Cumplea\u00f1os de los | Gabitel Ingenieros\" \/><\/p>\n<p style=\"text-align: center;\">Joaqu\u00edn Santana<\/p>\n<p style=\"text-align: center;\"><strong>24 de marzo<\/strong><\/p>\n<p><img decoding=\"async\" src=\"https:\/\/gabitelingenieros.com\/wp-content\/uploads\/2023\/01\/Isabel-Reina.jpg\" alt=\"Cumplea\u00f1os de los | Gabitel Ingenieros\" \/><\/p>\n<p style=\"text-align: center;\">Isabel Reina<\/p>\n<p style=\"text-align: center;\"><strong>25 de marzo<\/strong><\/p>\n<p><img decoding=\"async\" src=\"https:\/\/gabitelingenieros.com\/wp-content\/uploads\/2023\/01\/Michely-Martinez.jpg\" alt=\"Cumplea\u00f1os de los | Gabitel Ingenieros\" \/><\/p>\n<p style=\"text-align: center;\">Michely Mart\u00ednez<\/p>\n<p style=\"text-align: center;\"><strong>26 de marzo<\/strong><\/p>\n<p><strong>Celebremos seguir compartiendo con nosotros grandes momentos de vuestras vidas y crucemos los dedos para que todos vuestros deseos puestos en este nuevo a\u00f1o que cumpl\u00eds se hagan realidad <\/strong><strong>&#x1f60a;<\/strong>.<\/p>\n","protected":false},"excerpt":{"rendered":"<p>\u00a1FELIZ CUMPLEA\u00d1OS, COMPA\u00d1ER@S &nbsp; FEBRERO Rosa Leal 4 de febrero Jaime Mayol 5 de febrero Javier \u00c1lvarez 10 de febrero Erika Alves 10 de febrero Roc\u00edo Ben\u00edtez 12 de febrero Marta \u00c1lcantara 14 de febrero Guadalupe Rodr\u00edguez 16 de febrero Laura Mintegui 18 de febrero Miguel Clavijo 21 de febrero Fernando Carro 22 de febrero [&hellip;]<\/p>\n","protected":false},"author":3,"featured_media":34897,"comment_status":"closed","ping_status":"closed","sticky":false,"template":"","format":"standard","meta":{"content-type":"","footnotes":""},"categories":[601],"tags":[],"class_list":["post-32814","post","type-post","status-publish","format-standard","has-post-thumbnail","hentry","category-off-topic-en"],"yoast_head":"<!-- This site is optimized with the Yoast SEO plugin v27.5 - https:\/\/yoast.com\/product\/yoast-seo-wordpress\/ -->\n<title>Cumplea\u00f1os de los meses de Febrero y de Marzo de 2023 - Gabitel<\/title>\n<meta name=\"robots\" content=\"noindex, nofollow\" \/>\n<meta property=\"og:locale\" content=\"en_US\" \/>\n<meta property=\"og:type\" content=\"article\" \/>\n<meta property=\"og:title\" content=\"Cumplea\u00f1os de los meses de Febrero y de Marzo de 2023 - Gabitel\" \/>\n<meta property=\"og:description\" content=\"\u00a1FELIZ CUMPLEA\u00d1OS, COMPA\u00d1ER@S &nbsp; FEBRERO Rosa Leal 4 de febrero Jaime Mayol 5 de febrero Javier \u00c1lvarez 10 de febrero Erika Alves 10 de febrero Roc\u00edo Ben\u00edtez 12 de febrero Marta \u00c1lcantara 14 de febrero Guadalupe Rodr\u00edguez 16 de febrero Laura Mintegui 18 de febrero Miguel Clavijo 21 de febrero Fernando Carro 22 de febrero [&hellip;]\" \/>\n<meta property=\"og:url\" content=\"https:\/\/gabitel.net\/en\/cumpleanos-de-los-mes-de-febrero-y-marzo-de-2023\/\" \/>\n<meta property=\"og:site_name\" content=\"Gabitel\" \/>\n<meta property=\"article:publisher\" content=\"https:\/\/www.facebook.com\/gabitelingenieros\/\" \/>\n<meta property=\"article:published_time\" content=\"2023-03-17T14:30:45+00:00\" \/>\n<meta property=\"article:modified_time\" content=\"2026-04-17T06:51:09+00:00\" \/>\n<meta property=\"og:image\" content=\"https:\/\/gabitel.net\/wp-content\/uploads\/2023\/01\/Cumpleanos-febrero-y-marzo-min.jpg\" \/>\n\t<meta property=\"og:image:width\" content=\"844\" \/>\n\t<meta property=\"og:image:height\" content=\"475\" \/>\n\t<meta property=\"og:image:type\" content=\"image\/jpeg\" \/>\n<meta name=\"author\" content=\"user.autor\" \/>\n<meta name=\"twitter:card\" content=\"summary_large_image\" \/>\n<meta name=\"twitter:label1\" content=\"Written by\" \/>\n\t<meta name=\"twitter:data1\" content=\"user.autor\" \/>\n\t<meta name=\"twitter:label2\" content=\"Est. reading time\" \/>\n\t<meta name=\"twitter:data2\" content=\"1 minute\" \/>\n<script type=\"application\/ld+json\" class=\"yoast-schema-graph\">{\"@context\":\"https:\\\/\\\/schema.org\",\"@graph\":[{\"@type\":[\"Article\",\"BlogPosting\"],\"@id\":\"https:\\\/\\\/gabitel.net\\\/en\\\/cumpleanos-de-los-mes-de-febrero-y-marzo-de-2023\\\/#article\",\"isPartOf\":{\"@id\":\"https:\\\/\\\/gabitel.net\\\/en\\\/cumpleanos-de-los-mes-de-febrero-y-marzo-de-2023\\\/\"},\"author\":{\"name\":\"user.autor\",\"@id\":\"https:\\\/\\\/gabitel.net\\\/en\\\/#\\\/schema\\\/person\\\/37ba53714c3fedb9c7d22f4bc781465c\"},\"headline\":\"Cumplea\u00f1os de los meses de Febrero y de Marzo de 2023\",\"datePublished\":\"2023-03-17T14:30:45+00:00\",\"dateModified\":\"2026-04-17T06:51:09+00:00\",\"mainEntityOfPage\":{\"@id\":\"https:\\\/\\\/gabitel.net\\\/en\\\/cumpleanos-de-los-mes-de-febrero-y-marzo-de-2023\\\/\"},\"wordCount\":158,\"publisher\":{\"@id\":\"https:\\\/\\\/gabitel.net\\\/en\\\/#organization\"},\"image\":{\"@id\":\"https:\\\/\\\/gabitel.net\\\/en\\\/cumpleanos-de-los-mes-de-febrero-y-marzo-de-2023\\\/#primaryimage\"},\"thumbnailUrl\":\"https:\\\/\\\/gabitel.net\\\/wp-content\\\/uploads\\\/2023\\\/01\\\/Cumpleanos-febrero-y-marzo-min.jpg\",\"articleSection\":[\"Off-topic\"],\"inLanguage\":\"en-US\"},{\"@type\":\"WebPage\",\"@id\":\"https:\\\/\\\/gabitel.net\\\/en\\\/cumpleanos-de-los-mes-de-febrero-y-marzo-de-2023\\\/\",\"url\":\"https:\\\/\\\/gabitel.net\\\/en\\\/cumpleanos-de-los-mes-de-febrero-y-marzo-de-2023\\\/\",\"name\":\"Cumplea\u00f1os de los meses de Febrero y de Marzo de 2023 - Gabitel\",\"isPartOf\":{\"@id\":\"https:\\\/\\\/gabitel.net\\\/en\\\/#website\"},\"primaryImageOfPage\":{\"@id\":\"https:\\\/\\\/gabitel.net\\\/en\\\/cumpleanos-de-los-mes-de-febrero-y-marzo-de-2023\\\/#primaryimage\"},\"image\":{\"@id\":\"https:\\\/\\\/gabitel.net\\\/en\\\/cumpleanos-de-los-mes-de-febrero-y-marzo-de-2023\\\/#primaryimage\"},\"thumbnailUrl\":\"https:\\\/\\\/gabitel.net\\\/wp-content\\\/uploads\\\/2023\\\/01\\\/Cumpleanos-febrero-y-marzo-min.jpg\",\"datePublished\":\"2023-03-17T14:30:45+00:00\",\"dateModified\":\"2026-04-17T06:51:09+00:00\",\"breadcrumb\":{\"@id\":\"https:\\\/\\\/gabitel.net\\\/en\\\/cumpleanos-de-los-mes-de-febrero-y-marzo-de-2023\\\/#breadcrumb\"},\"inLanguage\":\"en-US\",\"potentialAction\":[{\"@type\":\"ReadAction\",\"target\":[\"https:\\\/\\\/gabitel.net\\\/en\\\/cumpleanos-de-los-mes-de-febrero-y-marzo-de-2023\\\/\"]}]},{\"@type\":\"ImageObject\",\"inLanguage\":\"en-US\",\"@id\":\"https:\\\/\\\/gabitel.net\\\/en\\\/cumpleanos-de-los-mes-de-febrero-y-marzo-de-2023\\\/#primaryimage\",\"url\":\"https:\\\/\\\/gabitel.net\\\/wp-content\\\/uploads\\\/2023\\\/01\\\/Cumpleanos-febrero-y-marzo-min.jpg\",\"contentUrl\":\"https:\\\/\\\/gabitel.net\\\/wp-content\\\/uploads\\\/2023\\\/01\\\/Cumpleanos-febrero-y-marzo-min.jpg\",\"width\":844,\"height\":475,\"caption\":\"Cumplea\u00f1os febrero y marzo 2023\"},{\"@type\":\"BreadcrumbList\",\"@id\":\"https:\\\/\\\/gabitel.net\\\/en\\\/cumpleanos-de-los-mes-de-febrero-y-marzo-de-2023\\\/#breadcrumb\",\"itemListElement\":[{\"@type\":\"ListItem\",\"position\":1,\"name\":\"Portada\",\"item\":\"https:\\\/\\\/gabitel.net\\\/en\\\/\"},{\"@type\":\"ListItem\",\"position\":2,\"name\":\"Cumplea\u00f1os de los meses de Febrero y de Marzo de 2023\"}]},{\"@type\":\"WebSite\",\"@id\":\"https:\\\/\\\/gabitel.net\\\/en\\\/#website\",\"url\":\"https:\\\/\\\/gabitel.net\\\/en\\\/\",\"name\":\"Gabitel\",\"description\":\"\",\"publisher\":{\"@id\":\"https:\\\/\\\/gabitel.net\\\/en\\\/#organization\"},\"potentialAction\":[{\"@type\":\"SearchAction\",\"target\":{\"@type\":\"EntryPoint\",\"urlTemplate\":\"https:\\\/\\\/gabitel.net\\\/en\\\/?s={search_term_string}\"},\"query-input\":{\"@type\":\"PropertyValueSpecification\",\"valueRequired\":true,\"valueName\":\"search_term_string\"}}],\"inLanguage\":\"en-US\"},{\"@type\":\"Organization\",\"@id\":\"https:\\\/\\\/gabitel.net\\\/en\\\/#organization\",\"name\":\"Gabitel\",\"url\":\"https:\\\/\\\/gabitel.net\\\/en\\\/\",\"logo\":{\"@type\":\"ImageObject\",\"inLanguage\":\"en-US\",\"@id\":\"https:\\\/\\\/gabitel.net\\\/en\\\/#\\\/schema\\\/logo\\\/image\\\/\",\"url\":\"https:\\\/\\\/gabitel.net\\\/wp-content\\\/uploads\\\/2025\\\/05\\\/logo_gabitel.jpg\",\"contentUrl\":\"https:\\\/\\\/gabitel.net\\\/wp-content\\\/uploads\\\/2025\\\/05\\\/logo_gabitel.jpg\",\"width\":2560,\"height\":1330,\"caption\":\"Gabitel\"},\"image\":{\"@id\":\"https:\\\/\\\/gabitel.net\\\/en\\\/#\\\/schema\\\/logo\\\/image\\\/\"},\"sameAs\":[\"https:\\\/\\\/www.facebook.com\\\/gabitelingenieros\\\/\",\"https:\\\/\\\/es.linkedin.com\\\/company\\\/gabitel-ingenieros\"]},{\"@type\":\"Person\",\"@id\":\"https:\\\/\\\/gabitel.net\\\/en\\\/#\\\/schema\\\/person\\\/37ba53714c3fedb9c7d22f4bc781465c\",\"name\":\"user.autor\",\"url\":\"https:\\\/\\\/gabitel.net\\\/en\\\/author\\\/user-autor\\\/\"}]}<\/script>\n<!-- \/ Yoast SEO plugin. -->","yoast_head_json":{"title":"Cumplea\u00f1os de los meses de Febrero y de Marzo de 2023 - Gabitel","robots":{"index":"noindex","follow":"nofollow"},"og_locale":"en_US","og_type":"article","og_title":"Cumplea\u00f1os de los meses de Febrero y de Marzo de 2023 - Gabitel","og_description":"\u00a1FELIZ CUMPLEA\u00d1OS, COMPA\u00d1ER@S &nbsp; FEBRERO Rosa Leal 4 de febrero Jaime Mayol 5 de febrero Javier \u00c1lvarez 10 de febrero Erika Alves 10 de febrero Roc\u00edo Ben\u00edtez 12 de febrero Marta \u00c1lcantara 14 de febrero Guadalupe Rodr\u00edguez 16 de febrero Laura Mintegui 18 de febrero Miguel Clavijo 21 de febrero Fernando Carro 22 de febrero [&hellip;]","og_url":"https:\/\/gabitel.net\/en\/cumpleanos-de-los-mes-de-febrero-y-marzo-de-2023\/","og_site_name":"Gabitel","article_publisher":"https:\/\/www.facebook.com\/gabitelingenieros\/","article_published_time":"2023-03-17T14:30:45+00:00","article_modified_time":"2026-04-17T06:51:09+00:00","og_image":[{"width":844,"height":475,"url":"https:\/\/gabitel.net\/wp-content\/uploads\/2023\/01\/Cumpleanos-febrero-y-marzo-min.jpg","type":"image\/jpeg"}],"author":"user.autor","twitter_card":"summary_large_image","twitter_misc":{"Written by":"user.autor","Est. reading time":"1 minute"},"schema":{"@context":"https:\/\/schema.org","@graph":[{"@type":["Article","BlogPosting"],"@id":"https:\/\/gabitel.net\/en\/cumpleanos-de-los-mes-de-febrero-y-marzo-de-2023\/#article","isPartOf":{"@id":"https:\/\/gabitel.net\/en\/cumpleanos-de-los-mes-de-febrero-y-marzo-de-2023\/"},"author":{"name":"user.autor","@id":"https:\/\/gabitel.net\/en\/#\/schema\/person\/37ba53714c3fedb9c7d22f4bc781465c"},"headline":"Cumplea\u00f1os de los meses de Febrero y de Marzo de 2023","datePublished":"2023-03-17T14:30:45+00:00","dateModified":"2026-04-17T06:51:09+00:00","mainEntityOfPage":{"@id":"https:\/\/gabitel.net\/en\/cumpleanos-de-los-mes-de-febrero-y-marzo-de-2023\/"},"wordCount":158,"publisher":{"@id":"https:\/\/gabitel.net\/en\/#organization"},"image":{"@id":"https:\/\/gabitel.net\/en\/cumpleanos-de-los-mes-de-febrero-y-marzo-de-2023\/#primaryimage"},"thumbnailUrl":"https:\/\/gabitel.net\/wp-content\/uploads\/2023\/01\/Cumpleanos-febrero-y-marzo-min.jpg","articleSection":["Off-topic"],"inLanguage":"en-US"},{"@type":"WebPage","@id":"https:\/\/gabitel.net\/en\/cumpleanos-de-los-mes-de-febrero-y-marzo-de-2023\/","url":"https:\/\/gabitel.net\/en\/cumpleanos-de-los-mes-de-febrero-y-marzo-de-2023\/","name":"Cumplea\u00f1os de los meses de Febrero y de Marzo de 2023 - Gabitel","isPartOf":{"@id":"https:\/\/gabitel.net\/en\/#website"},"primaryImageOfPage":{"@id":"https:\/\/gabitel.net\/en\/cumpleanos-de-los-mes-de-febrero-y-marzo-de-2023\/#primaryimage"},"image":{"@id":"https:\/\/gabitel.net\/en\/cumpleanos-de-los-mes-de-febrero-y-marzo-de-2023\/#primaryimage"},"thumbnailUrl":"https:\/\/gabitel.net\/wp-content\/uploads\/2023\/01\/Cumpleanos-febrero-y-marzo-min.jpg","datePublished":"2023-03-17T14:30:45+00:00","dateModified":"2026-04-17T06:51:09+00:00","breadcrumb":{"@id":"https:\/\/gabitel.net\/en\/cumpleanos-de-los-mes-de-febrero-y-marzo-de-2023\/#breadcrumb"},"inLanguage":"en-US","potentialAction":[{"@type":"ReadAction","target":["https:\/\/gabitel.net\/en\/cumpleanos-de-los-mes-de-febrero-y-marzo-de-2023\/"]}]},{"@type":"ImageObject","inLanguage":"en-US","@id":"https:\/\/gabitel.net\/en\/cumpleanos-de-los-mes-de-febrero-y-marzo-de-2023\/#primaryimage","url":"https:\/\/gabitel.net\/wp-content\/uploads\/2023\/01\/Cumpleanos-febrero-y-marzo-min.jpg","contentUrl":"https:\/\/gabitel.net\/wp-content\/uploads\/2023\/01\/Cumpleanos-febrero-y-marzo-min.jpg","width":844,"height":475,"caption":"Cumplea\u00f1os febrero y marzo 2023"},{"@type":"BreadcrumbList","@id":"https:\/\/gabitel.net\/en\/cumpleanos-de-los-mes-de-febrero-y-marzo-de-2023\/#breadcrumb","itemListElement":[{"@type":"ListItem","position":1,"name":"Portada","item":"https:\/\/gabitel.net\/en\/"},{"@type":"ListItem","position":2,"name":"Cumplea\u00f1os de los meses de Febrero y de Marzo de 2023"}]},{"@type":"WebSite","@id":"https:\/\/gabitel.net\/en\/#website","url":"https:\/\/gabitel.net\/en\/","name":"Gabitel","description":"","publisher":{"@id":"https:\/\/gabitel.net\/en\/#organization"},"potentialAction":[{"@type":"SearchAction","target":{"@type":"EntryPoint","urlTemplate":"https:\/\/gabitel.net\/en\/?s={search_term_string}"},"query-input":{"@type":"PropertyValueSpecification","valueRequired":true,"valueName":"search_term_string"}}],"inLanguage":"en-US"},{"@type":"Organization","@id":"https:\/\/gabitel.net\/en\/#organization","name":"Gabitel","url":"https:\/\/gabitel.net\/en\/","logo":{"@type":"ImageObject","inLanguage":"en-US","@id":"https:\/\/gabitel.net\/en\/#\/schema\/logo\/image\/","url":"https:\/\/gabitel.net\/wp-content\/uploads\/2025\/05\/logo_gabitel.jpg","contentUrl":"https:\/\/gabitel.net\/wp-content\/uploads\/2025\/05\/logo_gabitel.jpg","width":2560,"height":1330,"caption":"Gabitel"},"image":{"@id":"https:\/\/gabitel.net\/en\/#\/schema\/logo\/image\/"},"sameAs":["https:\/\/www.facebook.com\/gabitelingenieros\/","https:\/\/es.linkedin.com\/company\/gabitel-ingenieros"]},{"@type":"Person","@id":"https:\/\/gabitel.net\/en\/#\/schema\/person\/37ba53714c3fedb9c7d22f4bc781465c","name":"user.autor","url":"https:\/\/gabitel.net\/en\/author\/user-autor\/"}]}},"_links":{"self":[{"href":"https:\/\/gabitel.net\/en\/wp-json\/wp\/v2\/posts\/32814","targetHints":{"allow":["GET"]}}],"collection":[{"href":"https:\/\/gabitel.net\/en\/wp-json\/wp\/v2\/posts"}],"about":[{"href":"https:\/\/gabitel.net\/en\/wp-json\/wp\/v2\/types\/post"}],"author":[{"embeddable":true,"href":"https:\/\/gabitel.net\/en\/wp-json\/wp\/v2\/users\/3"}],"replies":[{"embeddable":true,"href":"https:\/\/gabitel.net\/en\/wp-json\/wp\/v2\/comments?post=32814"}],"version-history":[{"count":1,"href":"https:\/\/gabitel.net\/en\/wp-json\/wp\/v2\/posts\/32814\/revisions"}],"predecessor-version":[{"id":37333,"href":"https:\/\/gabitel.net\/en\/wp-json\/wp\/v2\/posts\/32814\/revisions\/37333"}],"wp:featuredmedia":[{"embeddable":true,"href":"https:\/\/gabitel.net\/en\/wp-json\/wp\/v2\/media\/34897"}],"wp:attachment":[{"href":"https:\/\/gabitel.net\/en\/wp-json\/wp\/v2\/media?parent=32814"}],"wp:term":[{"taxonomy":"category","embeddable":true,"href":"https:\/\/gabitel.net\/en\/wp-json\/wp\/v2\/categories?post=32814"},{"taxonomy":"post_tag","embeddable":true,"href":"https:\/\/gabitel.net\/en\/wp-json\/wp\/v2\/tags?post=32814"}],"curies":[{"name":"wp","href":"https:\/\/api.w.org\/{rel}","templated":true}]}}