{"id":32820,"date":"2023-03-17T15:30:02","date_gmt":"2023-03-17T14:30:02","guid":{"rendered":"https:\/\/gabitel.net\/entrevista-teresa-vazquez\/"},"modified":"2026-04-17T08:51:11","modified_gmt":"2026-04-17T06:51:11","slug":"entrevista-teresa-vazquez","status":"publish","type":"post","link":"https:\/\/gabitel.net\/en\/entrevista-teresa-vazquez\/","title":{"rendered":"Entrevista: Teresa V\u00e1zquez"},"content":{"rendered":"<ul>\n<li>Tus inicios en Gabitel, fueron durante la realizaci\u00f3n de tus pr\u00e1cticas del M\u00e1ster de PRL, \u00bfPor qu\u00e9 tomaste la decisi\u00f3n de realizar tus pr\u00e1cticas en nuestra empresa?<\/li>\n<\/ul>\n<p>&nbsp;<\/p>\n<p><strong>Tome la decisi\u00f3n de realizar las pr\u00e1cticas en Gabitel porque era una empresa donde pod\u00eda poner en pr\u00e1ctica mis conocimientos tanto a nivel general como un sector m\u00e1s espec\u00edfico, adem\u00e1s de adquirir nuevos, esos que solo te da la experiencia. Ya conoc\u00eda la empresa de manera externa y realizar las practicas aqu\u00ed era una oportunidad de crecer profesionalmente.<\/strong><\/p>\n<p>&nbsp;<\/p>\n<ul>\n<li>\u00bfPod\u00edas resumirnos cu\u00e1l es la principal misi\u00f3n de tu puesto de trabajo como Especialista en PRL?<\/li>\n<\/ul>\n<p>&nbsp;<\/p>\n<p><strong>Mi principal misi\u00f3n en la empresa es integrar la cultura preventiva y velar por el cumplimiento de la misma. Concienciar a todos los trabajadores sobre la importancia de trabajar de forma segura y hacerles ver que nada es tan importante, ni tan urgente, que no se pueda hacer con seguridad, su salud es lo m\u00e1s importante <\/strong><\/p>\n<p><strong>\u00a0<\/strong><\/p>\n<ul>\n<li>\u00bfCu\u00e1l consideras que ha sido tu mayor reto profesional en todo este tiempo que llevas en Gabitel?<\/li>\n<\/ul>\n<p>&nbsp;<\/p>\n<p><strong>Pues mi mayor logro fue el conseguir para Gabitel la certificaci\u00f3n de la ISO 27001. Recuerdo que me delegaron conseguir la certificaci\u00f3n un mes y medio antes de la fecha en la que SGS vendr\u00eda a auditarnos, y pens\u00e9 \u201cmadre m\u00eda menudo marr\u00f3n, la 27001 de que es ahora\u2026\u201d. <\/strong><\/p>\n<p><strong>\u00a0<\/strong><\/p>\n<p><strong>Lo primero que hice fue buscar de que iba esa ISO, porque siendo sincera no ten\u00eda ni la m\u00e1s remota idea y necesitaba ubicarme un poco. Despu\u00e9s de informarme y realizar un chequeo r\u00e1pido de lo que ten\u00edamos hasta ese momento vi que tenia mucho trabajo por delante, demasiado para el poco tiempo que ten\u00eda, ya que necesitaba recopilar bastantes datos y crear desde cero alg\u00fan que otro documento para tener en orden toda la documentaci\u00f3n que requer\u00eda esta ISO.<\/strong><\/p>\n<p><strong>Primero me agobi\u00e9, un poquito de drama siempre, y despu\u00e9s pens\u00e9 \u201cbueno mejor ver todo esto como una oportunidad que como un marr\u00f3n, as\u00ed que manos a la obra\u201d<\/strong><\/p>\n<p><strong>Para no hace esta historia muy larga, decir que a d\u00eda de hoy contamos con esa certificaci\u00f3n y me siento orgullosa de ello, ya no solo por tener conseguir la certificaci\u00f3n, si no por a ver sido capaz de coger algo desde cero de lo que no ten\u00eda ning\u00fan conocimiento, organizarme y realizarlo de tal manera que, mejor o peor, sali\u00f3 adelante.<\/strong><\/p>\n<p>&nbsp;<\/p>\n<ul>\n<li>Por saber m\u00e1s de ti, \u00bfQu\u00e9 es aquello que m\u00e1s te gusta hacer en tu tiempo libre?<\/li>\n<\/ul>\n<p>&nbsp;<\/p>\n<p><strong>La mayor parte de mi tiempo libre lo invierto en ocio, en desconectar y pasar tiempo con la familia y amigos. Siempre que puedo intento escaparme a la playa o al campo, es algo que me hace evadirme, pero no voy a mentiros una noche de amigos, vino y juegos de mesa es siempre bien.<\/strong><\/p>\n<p><strong>\u00a0<\/strong><\/p>\n<ul>\n<li>Nuestra compa\u00f1era Lola, que realiz\u00f3 la entrevista en el bolet\u00edn anterior, nos dej\u00f3 esta pregunta para ti: \u00bfTe gustar\u00eda que la empresa impartiera o aplicara t\u00e9cnicas de Mindfulness?<\/li>\n<\/ul>\n<p>&nbsp;<\/p>\n<p><strong>Me parece muy buena idea, llevando esta pregunta a mi campo, la pr\u00e1ctica del Mindfulness tendr\u00eda un impacto positivo en la prevenci\u00f3n de todos aquellos riesgos psicosociales que pueden estar presentes en nuestros puestos de trabajo. La pr\u00e1ctica de estas t\u00e9cnicas ser\u00eda beneficiosa, sobre todo, en aquellos periodos del a\u00f1o en los que gran parte del equipo esta hasta arriba de trabajo y sus niveles de ansiedad y\/o estr\u00e9s aumentan.<\/strong><\/p>\n<p>&nbsp;<\/p>\n<ul>\n<li>Env\u00edale una pregunta al pr\u00f3ximo compa\u00f1ero que ser\u00e1 entrevistado.<\/li>\n<\/ul>\n<p>&nbsp;<\/p>\n<p><strong>Desde el punto de vista ergon\u00f3mico, \u00bfqu\u00e9 piensas que se deber\u00eda mejorar en la empresa?<\/strong><\/p>\n","protected":false},"excerpt":{"rendered":"<p>Tus inicios en Gabitel, fueron durante la realizaci\u00f3n de tus pr\u00e1cticas del M\u00e1ster de PRL, \u00bfPor qu\u00e9 tomaste la decisi\u00f3n de realizar tus pr\u00e1cticas en nuestra empresa? &nbsp; Tome la decisi\u00f3n de realizar las pr\u00e1cticas en Gabitel porque era una empresa donde pod\u00eda poner en pr\u00e1ctica mis conocimientos tanto a nivel general como un sector [&hellip;]<\/p>\n","protected":false},"author":3,"featured_media":34905,"comment_status":"closed","ping_status":"closed","sticky":false,"template":"","format":"standard","meta":{"content-type":"","footnotes":""},"categories":[601],"tags":[],"class_list":["post-32820","post","type-post","status-publish","format-standard","has-post-thumbnail","hentry","category-off-topic-en"],"yoast_head":"<!-- This site is optimized with the Yoast SEO plugin v27.5 - https:\/\/yoast.com\/product\/yoast-seo-wordpress\/ -->\n<title>Entrevista: Teresa V\u00e1zquez - Gabitel<\/title>\n<meta name=\"robots\" content=\"noindex, nofollow\" \/>\n<meta property=\"og:locale\" content=\"en_US\" \/>\n<meta property=\"og:type\" content=\"article\" \/>\n<meta property=\"og:title\" content=\"Entrevista: Teresa V\u00e1zquez - Gabitel\" \/>\n<meta property=\"og:description\" content=\"Tus inicios en Gabitel, fueron durante la realizaci\u00f3n de tus pr\u00e1cticas del M\u00e1ster de PRL, \u00bfPor qu\u00e9 tomaste la decisi\u00f3n de realizar tus pr\u00e1cticas en nuestra empresa? &nbsp; Tome la decisi\u00f3n de realizar las pr\u00e1cticas en Gabitel porque era una empresa donde pod\u00eda poner en pr\u00e1ctica mis conocimientos tanto a nivel general como un sector [&hellip;]\" \/>\n<meta property=\"og:url\" content=\"https:\/\/gabitel.net\/en\/entrevista-teresa-vazquez\/\" \/>\n<meta property=\"og:site_name\" content=\"Gabitel\" \/>\n<meta property=\"article:publisher\" content=\"https:\/\/www.facebook.com\/gabitelingenieros\/\" \/>\n<meta property=\"article:published_time\" content=\"2023-03-17T14:30:02+00:00\" \/>\n<meta property=\"article:modified_time\" content=\"2026-04-17T06:51:11+00:00\" \/>\n<meta property=\"og:image\" content=\"https:\/\/gabitel.net\/wp-content\/uploads\/2023\/01\/N6-FOTO-DE-TERESA-VAZQUEZ-min.jpg\" \/>\n\t<meta property=\"og:image:width\" content=\"600\" \/>\n\t<meta property=\"og:image:height\" content=\"736\" \/>\n\t<meta property=\"og:image:type\" content=\"image\/jpeg\" \/>\n<meta name=\"author\" content=\"user.autor\" \/>\n<meta name=\"twitter:card\" content=\"summary_large_image\" \/>\n<meta name=\"twitter:label1\" content=\"Written by\" \/>\n\t<meta name=\"twitter:data1\" content=\"user.autor\" \/>\n\t<meta name=\"twitter:label2\" content=\"Est. reading time\" \/>\n\t<meta name=\"twitter:data2\" content=\"3 minutes\" \/>\n<script type=\"application\/ld+json\" class=\"yoast-schema-graph\">{\"@context\":\"https:\\\/\\\/schema.org\",\"@graph\":[{\"@type\":[\"Article\",\"BlogPosting\"],\"@id\":\"https:\\\/\\\/gabitel.net\\\/en\\\/entrevista-teresa-vazquez\\\/#article\",\"isPartOf\":{\"@id\":\"https:\\\/\\\/gabitel.net\\\/en\\\/entrevista-teresa-vazquez\\\/\"},\"author\":{\"name\":\"user.autor\",\"@id\":\"https:\\\/\\\/gabitel.net\\\/en\\\/#\\\/schema\\\/person\\\/37ba53714c3fedb9c7d22f4bc781465c\"},\"headline\":\"Entrevista: Teresa V\u00e1zquez\",\"datePublished\":\"2023-03-17T14:30:02+00:00\",\"dateModified\":\"2026-04-17T06:51:11+00:00\",\"mainEntityOfPage\":{\"@id\":\"https:\\\/\\\/gabitel.net\\\/en\\\/entrevista-teresa-vazquez\\\/\"},\"wordCount\":659,\"publisher\":{\"@id\":\"https:\\\/\\\/gabitel.net\\\/en\\\/#organization\"},\"image\":{\"@id\":\"https:\\\/\\\/gabitel.net\\\/en\\\/entrevista-teresa-vazquez\\\/#primaryimage\"},\"thumbnailUrl\":\"https:\\\/\\\/gabitel.net\\\/wp-content\\\/uploads\\\/2023\\\/01\\\/N6-FOTO-DE-TERESA-VAZQUEZ-min.jpg\",\"articleSection\":[\"Off-topic\"],\"inLanguage\":\"en-US\"},{\"@type\":\"WebPage\",\"@id\":\"https:\\\/\\\/gabitel.net\\\/en\\\/entrevista-teresa-vazquez\\\/\",\"url\":\"https:\\\/\\\/gabitel.net\\\/en\\\/entrevista-teresa-vazquez\\\/\",\"name\":\"Entrevista: Teresa V\u00e1zquez - Gabitel\",\"isPartOf\":{\"@id\":\"https:\\\/\\\/gabitel.net\\\/en\\\/#website\"},\"primaryImageOfPage\":{\"@id\":\"https:\\\/\\\/gabitel.net\\\/en\\\/entrevista-teresa-vazquez\\\/#primaryimage\"},\"image\":{\"@id\":\"https:\\\/\\\/gabitel.net\\\/en\\\/entrevista-teresa-vazquez\\\/#primaryimage\"},\"thumbnailUrl\":\"https:\\\/\\\/gabitel.net\\\/wp-content\\\/uploads\\\/2023\\\/01\\\/N6-FOTO-DE-TERESA-VAZQUEZ-min.jpg\",\"datePublished\":\"2023-03-17T14:30:02+00:00\",\"dateModified\":\"2026-04-17T06:51:11+00:00\",\"breadcrumb\":{\"@id\":\"https:\\\/\\\/gabitel.net\\\/en\\\/entrevista-teresa-vazquez\\\/#breadcrumb\"},\"inLanguage\":\"en-US\",\"potentialAction\":[{\"@type\":\"ReadAction\",\"target\":[\"https:\\\/\\\/gabitel.net\\\/en\\\/entrevista-teresa-vazquez\\\/\"]}]},{\"@type\":\"ImageObject\",\"inLanguage\":\"en-US\",\"@id\":\"https:\\\/\\\/gabitel.net\\\/en\\\/entrevista-teresa-vazquez\\\/#primaryimage\",\"url\":\"https:\\\/\\\/gabitel.net\\\/wp-content\\\/uploads\\\/2023\\\/01\\\/N6-FOTO-DE-TERESA-VAZQUEZ-min.jpg\",\"contentUrl\":\"https:\\\/\\\/gabitel.net\\\/wp-content\\\/uploads\\\/2023\\\/01\\\/N6-FOTO-DE-TERESA-VAZQUEZ-min.jpg\",\"width\":600,\"height\":736,\"caption\":\"TERESA VAZQUEZ\"},{\"@type\":\"BreadcrumbList\",\"@id\":\"https:\\\/\\\/gabitel.net\\\/en\\\/entrevista-teresa-vazquez\\\/#breadcrumb\",\"itemListElement\":[{\"@type\":\"ListItem\",\"position\":1,\"name\":\"Portada\",\"item\":\"https:\\\/\\\/gabitel.net\\\/en\\\/\"},{\"@type\":\"ListItem\",\"position\":2,\"name\":\"Entrevista: Teresa V\u00e1zquez\"}]},{\"@type\":\"WebSite\",\"@id\":\"https:\\\/\\\/gabitel.net\\\/en\\\/#website\",\"url\":\"https:\\\/\\\/gabitel.net\\\/en\\\/\",\"name\":\"Gabitel\",\"description\":\"\",\"publisher\":{\"@id\":\"https:\\\/\\\/gabitel.net\\\/en\\\/#organization\"},\"potentialAction\":[{\"@type\":\"SearchAction\",\"target\":{\"@type\":\"EntryPoint\",\"urlTemplate\":\"https:\\\/\\\/gabitel.net\\\/en\\\/?s={search_term_string}\"},\"query-input\":{\"@type\":\"PropertyValueSpecification\",\"valueRequired\":true,\"valueName\":\"search_term_string\"}}],\"inLanguage\":\"en-US\"},{\"@type\":\"Organization\",\"@id\":\"https:\\\/\\\/gabitel.net\\\/en\\\/#organization\",\"name\":\"Gabitel\",\"url\":\"https:\\\/\\\/gabitel.net\\\/en\\\/\",\"logo\":{\"@type\":\"ImageObject\",\"inLanguage\":\"en-US\",\"@id\":\"https:\\\/\\\/gabitel.net\\\/en\\\/#\\\/schema\\\/logo\\\/image\\\/\",\"url\":\"https:\\\/\\\/gabitel.net\\\/wp-content\\\/uploads\\\/2025\\\/05\\\/logo_gabitel.jpg\",\"contentUrl\":\"https:\\\/\\\/gabitel.net\\\/wp-content\\\/uploads\\\/2025\\\/05\\\/logo_gabitel.jpg\",\"width\":2560,\"height\":1330,\"caption\":\"Gabitel\"},\"image\":{\"@id\":\"https:\\\/\\\/gabitel.net\\\/en\\\/#\\\/schema\\\/logo\\\/image\\\/\"},\"sameAs\":[\"https:\\\/\\\/www.facebook.com\\\/gabitelingenieros\\\/\",\"https:\\\/\\\/es.linkedin.com\\\/company\\\/gabitel-ingenieros\"]},{\"@type\":\"Person\",\"@id\":\"https:\\\/\\\/gabitel.net\\\/en\\\/#\\\/schema\\\/person\\\/37ba53714c3fedb9c7d22f4bc781465c\",\"name\":\"user.autor\",\"url\":\"https:\\\/\\\/gabitel.net\\\/en\\\/author\\\/user-autor\\\/\"}]}<\/script>\n<!-- \/ Yoast SEO plugin. -->","yoast_head_json":{"title":"Entrevista: Teresa V\u00e1zquez - Gabitel","robots":{"index":"noindex","follow":"nofollow"},"og_locale":"en_US","og_type":"article","og_title":"Entrevista: Teresa V\u00e1zquez - Gabitel","og_description":"Tus inicios en Gabitel, fueron durante la realizaci\u00f3n de tus pr\u00e1cticas del M\u00e1ster de PRL, \u00bfPor qu\u00e9 tomaste la decisi\u00f3n de realizar tus pr\u00e1cticas en nuestra empresa? &nbsp; Tome la decisi\u00f3n de realizar las pr\u00e1cticas en Gabitel porque era una empresa donde pod\u00eda poner en pr\u00e1ctica mis conocimientos tanto a nivel general como un sector [&hellip;]","og_url":"https:\/\/gabitel.net\/en\/entrevista-teresa-vazquez\/","og_site_name":"Gabitel","article_publisher":"https:\/\/www.facebook.com\/gabitelingenieros\/","article_published_time":"2023-03-17T14:30:02+00:00","article_modified_time":"2026-04-17T06:51:11+00:00","og_image":[{"width":600,"height":736,"url":"https:\/\/gabitel.net\/wp-content\/uploads\/2023\/01\/N6-FOTO-DE-TERESA-VAZQUEZ-min.jpg","type":"image\/jpeg"}],"author":"user.autor","twitter_card":"summary_large_image","twitter_misc":{"Written by":"user.autor","Est. reading time":"3 minutes"},"schema":{"@context":"https:\/\/schema.org","@graph":[{"@type":["Article","BlogPosting"],"@id":"https:\/\/gabitel.net\/en\/entrevista-teresa-vazquez\/#article","isPartOf":{"@id":"https:\/\/gabitel.net\/en\/entrevista-teresa-vazquez\/"},"author":{"name":"user.autor","@id":"https:\/\/gabitel.net\/en\/#\/schema\/person\/37ba53714c3fedb9c7d22f4bc781465c"},"headline":"Entrevista: Teresa V\u00e1zquez","datePublished":"2023-03-17T14:30:02+00:00","dateModified":"2026-04-17T06:51:11+00:00","mainEntityOfPage":{"@id":"https:\/\/gabitel.net\/en\/entrevista-teresa-vazquez\/"},"wordCount":659,"publisher":{"@id":"https:\/\/gabitel.net\/en\/#organization"},"image":{"@id":"https:\/\/gabitel.net\/en\/entrevista-teresa-vazquez\/#primaryimage"},"thumbnailUrl":"https:\/\/gabitel.net\/wp-content\/uploads\/2023\/01\/N6-FOTO-DE-TERESA-VAZQUEZ-min.jpg","articleSection":["Off-topic"],"inLanguage":"en-US"},{"@type":"WebPage","@id":"https:\/\/gabitel.net\/en\/entrevista-teresa-vazquez\/","url":"https:\/\/gabitel.net\/en\/entrevista-teresa-vazquez\/","name":"Entrevista: Teresa V\u00e1zquez - Gabitel","isPartOf":{"@id":"https:\/\/gabitel.net\/en\/#website"},"primaryImageOfPage":{"@id":"https:\/\/gabitel.net\/en\/entrevista-teresa-vazquez\/#primaryimage"},"image":{"@id":"https:\/\/gabitel.net\/en\/entrevista-teresa-vazquez\/#primaryimage"},"thumbnailUrl":"https:\/\/gabitel.net\/wp-content\/uploads\/2023\/01\/N6-FOTO-DE-TERESA-VAZQUEZ-min.jpg","datePublished":"2023-03-17T14:30:02+00:00","dateModified":"2026-04-17T06:51:11+00:00","breadcrumb":{"@id":"https:\/\/gabitel.net\/en\/entrevista-teresa-vazquez\/#breadcrumb"},"inLanguage":"en-US","potentialAction":[{"@type":"ReadAction","target":["https:\/\/gabitel.net\/en\/entrevista-teresa-vazquez\/"]}]},{"@type":"ImageObject","inLanguage":"en-US","@id":"https:\/\/gabitel.net\/en\/entrevista-teresa-vazquez\/#primaryimage","url":"https:\/\/gabitel.net\/wp-content\/uploads\/2023\/01\/N6-FOTO-DE-TERESA-VAZQUEZ-min.jpg","contentUrl":"https:\/\/gabitel.net\/wp-content\/uploads\/2023\/01\/N6-FOTO-DE-TERESA-VAZQUEZ-min.jpg","width":600,"height":736,"caption":"TERESA VAZQUEZ"},{"@type":"BreadcrumbList","@id":"https:\/\/gabitel.net\/en\/entrevista-teresa-vazquez\/#breadcrumb","itemListElement":[{"@type":"ListItem","position":1,"name":"Portada","item":"https:\/\/gabitel.net\/en\/"},{"@type":"ListItem","position":2,"name":"Entrevista: Teresa V\u00e1zquez"}]},{"@type":"WebSite","@id":"https:\/\/gabitel.net\/en\/#website","url":"https:\/\/gabitel.net\/en\/","name":"Gabitel","description":"","publisher":{"@id":"https:\/\/gabitel.net\/en\/#organization"},"potentialAction":[{"@type":"SearchAction","target":{"@type":"EntryPoint","urlTemplate":"https:\/\/gabitel.net\/en\/?s={search_term_string}"},"query-input":{"@type":"PropertyValueSpecification","valueRequired":true,"valueName":"search_term_string"}}],"inLanguage":"en-US"},{"@type":"Organization","@id":"https:\/\/gabitel.net\/en\/#organization","name":"Gabitel","url":"https:\/\/gabitel.net\/en\/","logo":{"@type":"ImageObject","inLanguage":"en-US","@id":"https:\/\/gabitel.net\/en\/#\/schema\/logo\/image\/","url":"https:\/\/gabitel.net\/wp-content\/uploads\/2025\/05\/logo_gabitel.jpg","contentUrl":"https:\/\/gabitel.net\/wp-content\/uploads\/2025\/05\/logo_gabitel.jpg","width":2560,"height":1330,"caption":"Gabitel"},"image":{"@id":"https:\/\/gabitel.net\/en\/#\/schema\/logo\/image\/"},"sameAs":["https:\/\/www.facebook.com\/gabitelingenieros\/","https:\/\/es.linkedin.com\/company\/gabitel-ingenieros"]},{"@type":"Person","@id":"https:\/\/gabitel.net\/en\/#\/schema\/person\/37ba53714c3fedb9c7d22f4bc781465c","name":"user.autor","url":"https:\/\/gabitel.net\/en\/author\/user-autor\/"}]}},"_links":{"self":[{"href":"https:\/\/gabitel.net\/en\/wp-json\/wp\/v2\/posts\/32820","targetHints":{"allow":["GET"]}}],"collection":[{"href":"https:\/\/gabitel.net\/en\/wp-json\/wp\/v2\/posts"}],"about":[{"href":"https:\/\/gabitel.net\/en\/wp-json\/wp\/v2\/types\/post"}],"author":[{"embeddable":true,"href":"https:\/\/gabitel.net\/en\/wp-json\/wp\/v2\/users\/3"}],"replies":[{"embeddable":true,"href":"https:\/\/gabitel.net\/en\/wp-json\/wp\/v2\/comments?post=32820"}],"version-history":[{"count":1,"href":"https:\/\/gabitel.net\/en\/wp-json\/wp\/v2\/posts\/32820\/revisions"}],"predecessor-version":[{"id":37347,"href":"https:\/\/gabitel.net\/en\/wp-json\/wp\/v2\/posts\/32820\/revisions\/37347"}],"wp:featuredmedia":[{"embeddable":true,"href":"https:\/\/gabitel.net\/en\/wp-json\/wp\/v2\/media\/34905"}],"wp:attachment":[{"href":"https:\/\/gabitel.net\/en\/wp-json\/wp\/v2\/media?parent=32820"}],"wp:term":[{"taxonomy":"category","embeddable":true,"href":"https:\/\/gabitel.net\/en\/wp-json\/wp\/v2\/categories?post=32820"},{"taxonomy":"post_tag","embeddable":true,"href":"https:\/\/gabitel.net\/en\/wp-json\/wp\/v2\/tags?post=32820"}],"curies":[{"name":"wp","href":"https:\/\/api.w.org\/{rel}","templated":true}]}}